{"id":207394,"date":"2026-03-14T17:35:00","date_gmt":"2026-03-14T20:35:00","guid":{"rendered":"https:\/\/www.correiobraziliense.com.br\/cbradar\/?p=207394"},"modified":"2026-03-12T10:30:12","modified_gmt":"2026-03-12T13:30:12","slug":"proverbio-biblico-do-mes-ensina-a-crianca-no-caminho-em-que-deve-andar-a-licao-sobre-educacao","status":"publish","type":"post","link":"https:\/\/www.correiobraziliense.com.br\/cbradar\/proverbio-biblico-do-mes-ensina-a-crianca-no-caminho-em-que-deve-andar-a-licao-sobre-educacao\/","title":{"rendered":"Prov\u00e9rbio b\u00edblico do m\u00eas: \u201cEnsina a crian\u00e7a no caminho em que deve andar.\u201d A li\u00e7\u00e3o sobre educa\u00e7\u00e3o"},"content":{"rendered":"\n<p>Educar uma crian\u00e7a \u00e9 uma miss\u00e3o complexa que exige paci\u00eancia, const\u00e2ncia e uma <strong>base moral s\u00f3lida<\/strong> para o futuro. A sabedoria milenar presente no prov\u00e9rbio b\u00edblico do m\u00eas que afirma para \u201cEnsina a crian\u00e7a no caminho em que deve andar\u201d ressalta o impacto de longo prazo das primeiras orienta\u00e7\u00f5es na vida adulta.<\/p>\n\n\n\n<h2 class=\"wp-block-heading\">Como o exemplo pr\u00e1tico molda o car\u00e1ter infantil?<\/h2>\n\n\n\n<p>Os pequenos observam cada a\u00e7\u00e3o realizada pelos adultos e replicam esses comportamentos em suas pr\u00f3prias intera\u00e7\u00f5es sociais di\u00e1rias. Quando os pais demonstram integridade em pequenas tarefas cotidianas, oferecem um mapa visual e pr\u00e1tico para os filhos seguirem naturalmente. Essa modelagem constante \u00e9 muito mais eficaz que instru\u00e7\u00f5es isoladas sem aplica\u00e7\u00e3o real no ambiente familiar.<\/p>\n\n\n\n<p>Manter um ambiente coerente entre o que se fala e o que se faz fortalece a confian\u00e7a interna da crian\u00e7a. H\u00e1bitos positivos estabelecidos na primeira inf\u00e2ncia funcionam como filtros emocionais protetores contra influ\u00eancias externas negativas durante toda a adolesc\u00eancia. Essa base educacional s\u00f3lida garante que o jovem desenvolva uma <strong>identidade saud\u00e1vel<\/strong> e um raro senso de responsabilidade individual.<\/p>\n\n\n\n<p>Alguns vers\u00edculos b\u00edblicos trazem orienta\u00e7\u00f5es profundas sobre educa\u00e7\u00e3o, valores e forma\u00e7\u00e3o de car\u00e1ter ao longo da vida. Refletir sobre essas mensagens ajuda a compreender melhor seu significado e aplica\u00e7\u00e3o. No conte\u00fado do <strong>Guarda a instru\u00e7\u00e3o e vive!<\/strong>, com 77,3 mil inscritos, voc\u00ea entende essa reflex\u00e3o:<\/p>\n\n\n\n<figure class=\"wp-block-embed is-type-video is-provider-youtube wp-block-embed-youtube wp-embed-aspect-16-9 wp-has-aspect-ratio\"><div class=\"wp-block-embed__wrapper\">\n<div class=\"jeg_video_container jeg_video_content\"><iframe loading=\"lazy\" title=\"Ensina a Crian\u00e7a no Caminho em Que Deve Andar  - Prov\u00e9rbios 22:6\" width=\"500\" height=\"281\" src=\"https:\/\/www.youtube.com\/embed\/_3mhpN9sPyQ?feature=oembed\" frameborder=\"0\" allow=\"accelerometer; autoplay; clipboard-write; encrypted-media; gyroscope; picture-in-picture; web-share\" referrerpolicy=\"strict-origin-when-cross-origin\" allowfullscreen><\/iframe><\/div>\n<\/div><\/figure>\n\n\n\n<h2 class=\"wp-block-heading\">Qual o papel da consist\u00eancia na disciplina positiva?<\/h2>\n\n\n\n<p>Estabelecer limites claros ajuda a crian\u00e7a a compreender as consequ\u00eancias de suas escolhas e a import\u00e2ncia do respeito m\u00fatuo. A <strong>disciplina positiva<\/strong> deve ser aplicada com amor e firmeza, focando no aprendizado do menor em vez de focar apenas na puni\u00e7\u00e3o imediata. Essa abordagem equilibrada promove um ambiente seguro onde o indiv\u00edduo sente-se apoiado para explorar sua independ\u00eancia.<\/p>\n\n\n\n<p>Repetir os valores educativos diariamente cria uma sensa\u00e7\u00e3o de previsibilidade e seguran\u00e7a que \u00e9 vital para a sa\u00fade emocional. Quando a orienta\u00e7\u00e3o \u00e9 est\u00e1vel, a crian\u00e7a desenvolve ferramentas internas para gerenciar frustra\u00e7\u00f5es e resolver conflitos futuros com maturidade. Esse treinamento cont\u00ednuo prepara o ser humano para enfrentar as complexidades da vida adulta com um <strong>guia moral forte<\/strong>.<\/p>\n\n\n\n<h2 class=\"wp-block-heading\">Quais s\u00e3o as bases para uma educa\u00e7\u00e3o integral?<\/h2>\n\n\n\n<p>Promover o crescimento intelectual, emocional e espiritual garante que o indiv\u00edduo se torne um cidad\u00e3o completo e equilibrado hoje. Incentivar a curiosidade e o pensamento cr\u00edtico permite que as crian\u00e7as desenvolvam habilidades anal\u00edticas pr\u00f3prias enquanto respeitam os valores familiares tradicionais. Essa combina\u00e7\u00e3o de conhecimento e \u00e9tica \u00e9 o segredo para construir uma gera\u00e7\u00e3o futura <strong>consciente e capaz<\/strong>.<\/p>\n\n\n\n<p>A constru\u00e7\u00e3o de uma base s\u00f3lida durante a inf\u00e2ncia exige a aten\u00e7\u00e3o cuidadosa a certos aspectos que garantem o sucesso desse processo educativo essencial:<\/p>\n\n\n\n<ul class=\"wp-block-list\">\n<li>Desenvolvimento de empatia e respeito m\u00fatuo.<\/li>\n\n\n\n<li>Est\u00edmulo \u00e0 autonomia e tomada de decis\u00e3o.<\/li>\n\n\n\n<li>Promo\u00e7\u00e3o de h\u00e1bitos saud\u00e1veis e disciplina.<\/li>\n\n\n\n<li>Valoriza\u00e7\u00e3o da honestidade e integridade pessoal.<\/li>\n<\/ul>\n\n\n\n<h2 class=\"wp-block-heading\">Por que o afeto \u00e9 essencial no aprendizado?<\/h2>\n\n\n\n<p>A seguran\u00e7a <strong><a href=\"https:\/\/www.correiobraziliense.com.br\/cbradar\/proverbio-africano-se-quer-ir-rapido-va-sozinho-se-quer-ir-longe-va-acompanhado\/\" target=\"_blank\" rel=\"noreferrer noopener\">emocional <\/a><\/strong>proporcionada por um lar amoroso \u00e9 o alicerce para qualquer desenvolvimento cognitivo escolar realmente eficaz. Quando o menor sente-se valorizado, seu c\u00e9rebro torna-se mais receptivo a novos conhecimentos e habilidades sociais complexas. O <strong>afeto<\/strong> funciona como um catalisador biol\u00f3gico que acelera o aprendizado e fortalece o v\u00ednculo entre o educador e o estudante.<\/p>\n\n\n\n<p>Celebrar pequenas conquistas motiva o filho a perseverar diante das dificuldades acad\u00eamicas ou pessoais encontradas ao longo da jornada. Um ambiente de apoio reduz o medo do fracasso, permitindo uma abordagem mais criativa e inovadora diante da vida cotidiana. Esse suporte emocional \u00e9 o que transforma uma instru\u00e7\u00e3o simples em uma li\u00e7\u00e3o profunda que ser\u00e1 praticada sempre.<\/p>\n\n\n\n<figure class=\"wp-block-image size-full\"><img decoding=\"async\" width=\"1280\" height=\"720\" src=\"https:\/\/www.correiobraziliense.com.br\/cbradar\/wp-content\/uploads\/2026\/03\/Gemini_Generated_Image_avakjyavakjyavak-1-1.png\" alt=\"Prov\u00e9rbio b\u00edblico do m\u00eas: \u201cEnsina a crian\u00e7a no caminho em que deve andar.\u201d A li\u00e7\u00e3o sobre educa\u00e7\u00e3o\" class=\"wp-image-207408\" srcset=\"https:\/\/www.correiobraziliense.com.br\/cbradar\/wp-content\/uploads\/2026\/03\/Gemini_Generated_Image_avakjyavakjyavak-1-1.png 1280w, https:\/\/www.correiobraziliense.com.br\/cbradar\/wp-content\/uploads\/2026\/03\/Gemini_Generated_Image_avakjyavakjyavak-1-1-300x169.png 300w, https:\/\/www.correiobraziliense.com.br\/cbradar\/wp-content\/uploads\/2026\/03\/Gemini_Generated_Image_avakjyavakjyavak-1-1-768x432.png 768w, https:\/\/www.correiobraziliense.com.br\/cbradar\/wp-content\/uploads\/2026\/03\/Gemini_Generated_Image_avakjyavakjyavak-1-1-750x422.png 750w, https:\/\/www.correiobraziliense.com.br\/cbradar\/wp-content\/uploads\/2026\/03\/Gemini_Generated_Image_avakjyavakjyavak-1-1-1140x641.png 1140w\" sizes=\"(max-width: 1280px) 100vw, 1280px\" \/><figcaption class=\"wp-element-caption\">Ensinar uma crian\u00e7a com exemplo e valores firmes molda car\u00e1ter escolhas e caminhos ao longo da vida<\/figcaption><\/figure>\n\n\n\n<h2 class=\"wp-block-heading\">O que os \u00f3rg\u00e3os globais recomendam sobre o tema?<\/h2>\n\n\n\n<p>Organiza\u00e7\u00f5es que monitoram o desenvolvimento infantil refor\u00e7am a import\u00e2ncia vital dos primeiros anos para a constru\u00e7\u00e3o do <strong>capital humano<\/strong> global. Investir em educa\u00e7\u00e3o precoce de qualidade reduz desigualdades sociais e promove o crescimento psicol\u00f3gico saud\u00e1vel de na\u00e7\u00f5es inteiras. As diretrizes globais sugerem que a participa\u00e7\u00e3o familiar \u00e9 o fator mais decisivo para o sucesso educacional em qualquer contexto atual.<\/p>\n\n\n\n<p>Segundo relat\u00f3rios detalhados da <strong>UNESCO<\/strong>, prover uma educa\u00e7\u00e3o de qualidade inclusiva e equitativa \u00e9 um direito humano fundamental para todos. Programas de cuidado na primeira inf\u00e2ncia s\u00e3o essenciais para garantir que cada crian\u00e7a alcance seu pleno potencial e contribua positivamente para a sociedade. Para acessar o quadro t\u00e9cnico oficial sobre pol\u00edticas educativas, visite a p\u00e1gina da <a target=\"_blank\" rel=\"noreferrer noopener\" href=\"https:\/\/www.unesco.org\/en\/education\/early-childhood\">UNESCO<\/a>.<\/p>\n","protected":false},"excerpt":{"rendered":"<p>Educar uma crian\u00e7a \u00e9 uma miss\u00e3o complexa que exige paci\u00eancia, const\u00e2ncia e uma base moral s\u00f3lida para o futuro. A sabedoria milenar presente no prov\u00e9rbio b\u00edblico do m\u00eas que afirma para \u201cEnsina a crian\u00e7a no caminho em que deve andar\u201d ressalta o impacto de longo prazo das primeiras orienta\u00e7\u00f5es na vida adulta. Como o exemplo [&hellip;]<\/p>\n","protected":false},"author":21,"featured_media":207401,"comment_status":"open","ping_status":"open","sticky":false,"template":"","format":"standard","meta":{"_yoast_wpseo_focuskw":"ensina a crian\u00e7a no caminho em que deve andar","_yoast_wpseo_title":"","_yoast_wpseo_metadesc":"Um antigo prov\u00e9rbio sobre ensinar crian\u00e7as continua influenciando debates sobre educa\u00e7\u00e3o, car\u00e1ter e escolhas que acompanham toda a vida.","jnews-multi-image_gallery":[],"jnews_single_post":{"format":"standard"},"jnews_primary_category":[],"jnews_social_meta":[],"jnews_override_counter":[],"footnotes":""},"categories":[112],"tags":[3899,149,16040],"class_list":["post-207394","post","type-post","status-publish","format-standard","has-post-thumbnail","hentry","category-curiosidades","tag-crianca","tag-educacao","tag-proverbio-biblico-do-mes"],"yoast_head":"<!-- This site is optimized with the Yoast SEO plugin v24.6 - https:\/\/yoast.com\/wordpress\/plugins\/seo\/ -->\n<title>Prov\u00e9rbio b\u00edblico do m\u00eas: \u201cEnsina a crian\u00e7a no caminho em que deve andar.\u201d A li\u00e7\u00e3o sobre educa\u00e7\u00e3o - Correio Braziliense - Radar<\/title>\n<meta name=\"description\" content=\"Um antigo prov\u00e9rbio sobre ensinar crian\u00e7as continua influenciando debates sobre educa\u00e7\u00e3o, car\u00e1ter e escolhas que acompanham toda a vida.\" \/>\n<meta name=\"robots\" content=\"index, follow, max-snippet:-1, max-image-preview:large, max-video-preview:-1\" \/>\n<link rel=\"canonical\" href=\"https:\/\/www.correiobraziliense.com.br\/cbradar\/proverbio-biblico-do-mes-ensina-a-crianca-no-caminho-em-que-deve-andar-a-licao-sobre-educacao\/\" \/>\n<meta property=\"og:locale\" content=\"pt_BR\" \/>\n<meta property=\"og:type\" content=\"article\" \/>\n<meta property=\"og:title\" content=\"Prov\u00e9rbio b\u00edblico do m\u00eas: \u201cEnsina a crian\u00e7a no caminho em que deve andar.\u201d A li\u00e7\u00e3o sobre educa\u00e7\u00e3o - Correio Braziliense - Radar\" \/>\n<meta property=\"og:description\" content=\"Um antigo prov\u00e9rbio sobre ensinar crian\u00e7as continua influenciando debates sobre educa\u00e7\u00e3o, car\u00e1ter e escolhas que acompanham toda a vida.\" \/>\n<meta property=\"og:url\" content=\"https:\/\/www.correiobraziliense.com.br\/cbradar\/proverbio-biblico-do-mes-ensina-a-crianca-no-caminho-em-que-deve-andar-a-licao-sobre-educacao\/\" \/>\n<meta property=\"og:site_name\" content=\"Correio Braziliense - Radar\" \/>\n<meta property=\"article:published_time\" content=\"2026-03-14T20:35:00+00:00\" \/>\n<meta property=\"og:image\" content=\"https:\/\/www.correiobraziliense.com.br\/cbradar\/wp-content\/uploads\/2026\/03\/Gemini_Generated_Image_7wypuh7wypuh7wyp-1-1-1.png\" \/>\n\t<meta property=\"og:image:width\" content=\"1280\" \/>\n\t<meta property=\"og:image:height\" content=\"720\" \/>\n\t<meta property=\"og:image:type\" content=\"image\/png\" \/>\n<meta name=\"author\" content=\"Patrick Silva\" \/>\n<meta name=\"twitter:card\" content=\"summary_large_image\" \/>\n<meta name=\"twitter:label1\" content=\"Escrito por\" \/>\n\t<meta name=\"twitter:data1\" content=\"Patrick Silva\" \/>\n\t<meta name=\"twitter:label2\" content=\"Est. tempo de leitura\" \/>\n\t<meta name=\"twitter:data2\" content=\"5 minutos\" \/>\n<!-- \/ Yoast SEO plugin. -->","yoast_head_json":{"title":"Prov\u00e9rbio b\u00edblico do m\u00eas: \u201cEnsina a crian\u00e7a no caminho em que deve andar.\u201d A li\u00e7\u00e3o sobre educa\u00e7\u00e3o - Correio Braziliense - Radar","description":"Um antigo prov\u00e9rbio sobre ensinar crian\u00e7as continua influenciando debates sobre educa\u00e7\u00e3o, car\u00e1ter e escolhas que acompanham toda a vida.","robots":{"index":"index","follow":"follow","max-snippet":"max-snippet:-1","max-image-preview":"max-image-preview:large","max-video-preview":"max-video-preview:-1"},"canonical":"https:\/\/www.correiobraziliense.com.br\/cbradar\/proverbio-biblico-do-mes-ensina-a-crianca-no-caminho-em-que-deve-andar-a-licao-sobre-educacao\/","og_locale":"pt_BR","og_type":"article","og_title":"Prov\u00e9rbio b\u00edblico do m\u00eas: \u201cEnsina a crian\u00e7a no caminho em que deve andar.\u201d A li\u00e7\u00e3o sobre educa\u00e7\u00e3o - Correio Braziliense - Radar","og_description":"Um antigo prov\u00e9rbio sobre ensinar crian\u00e7as continua influenciando debates sobre educa\u00e7\u00e3o, car\u00e1ter e escolhas que acompanham toda a vida.","og_url":"https:\/\/www.correiobraziliense.com.br\/cbradar\/proverbio-biblico-do-mes-ensina-a-crianca-no-caminho-em-que-deve-andar-a-licao-sobre-educacao\/","og_site_name":"Correio Braziliense - Radar","article_published_time":"2026-03-14T20:35:00+00:00","og_image":[{"width":1280,"height":720,"url":"https:\/\/www.correiobraziliense.com.br\/cbradar\/wp-content\/uploads\/2026\/03\/Gemini_Generated_Image_7wypuh7wypuh7wyp-1-1-1.png","type":"image\/png"}],"author":"Patrick Silva","twitter_card":"summary_large_image","twitter_misc":{"Escrito por":"Patrick Silva","Est. tempo de leitura":"5 minutos"},"schema":{"@context":"https:\/\/schema.org","@graph":[{"@type":"WebPage","@id":"https:\/\/www.correiobraziliense.com.br\/cbradar\/proverbio-biblico-do-mes-ensina-a-crianca-no-caminho-em-que-deve-andar-a-licao-sobre-educacao\/","url":"https:\/\/www.correiobraziliense.com.br\/cbradar\/proverbio-biblico-do-mes-ensina-a-crianca-no-caminho-em-que-deve-andar-a-licao-sobre-educacao\/","name":"Prov\u00e9rbio b\u00edblico do m\u00eas: \u201cEnsina a crian\u00e7a no caminho em que deve andar.\u201d A li\u00e7\u00e3o sobre educa\u00e7\u00e3o - Correio Braziliense - Radar","isPartOf":{"@id":"https:\/\/www.correiobraziliense.com.br\/cbradar\/#website"},"primaryImageOfPage":{"@id":"https:\/\/www.correiobraziliense.com.br\/cbradar\/proverbio-biblico-do-mes-ensina-a-crianca-no-caminho-em-que-deve-andar-a-licao-sobre-educacao\/#primaryimage"},"image":{"@id":"https:\/\/www.correiobraziliense.com.br\/cbradar\/proverbio-biblico-do-mes-ensina-a-crianca-no-caminho-em-que-deve-andar-a-licao-sobre-educacao\/#primaryimage"},"thumbnailUrl":"https:\/\/www.correiobraziliense.com.br\/cbradar\/wp-content\/uploads\/2026\/03\/Gemini_Generated_Image_7wypuh7wypuh7wyp-1-1-1.png","datePublished":"2026-03-14T20:35:00+00:00","author":{"@id":"https:\/\/www.correiobraziliense.com.br\/cbradar\/#\/schema\/person\/5440b72be9c7eb74f446c846479dc4da"},"description":"Um antigo prov\u00e9rbio sobre ensinar crian\u00e7as continua influenciando debates sobre educa\u00e7\u00e3o, car\u00e1ter e escolhas que acompanham toda a vida.","breadcrumb":{"@id":"https:\/\/www.correiobraziliense.com.br\/cbradar\/proverbio-biblico-do-mes-ensina-a-crianca-no-caminho-em-que-deve-andar-a-licao-sobre-educacao\/#breadcrumb"},"inLanguage":"pt-BR","potentialAction":[{"@type":"ReadAction","target":["https:\/\/www.correiobraziliense.com.br\/cbradar\/proverbio-biblico-do-mes-ensina-a-crianca-no-caminho-em-que-deve-andar-a-licao-sobre-educacao\/"]}]},{"@type":"ImageObject","inLanguage":"pt-BR","@id":"https:\/\/www.correiobraziliense.com.br\/cbradar\/proverbio-biblico-do-mes-ensina-a-crianca-no-caminho-em-que-deve-andar-a-licao-sobre-educacao\/#primaryimage","url":"https:\/\/www.correiobraziliense.com.br\/cbradar\/wp-content\/uploads\/2026\/03\/Gemini_Generated_Image_7wypuh7wypuh7wyp-1-1-1.png","contentUrl":"https:\/\/www.correiobraziliense.com.br\/cbradar\/wp-content\/uploads\/2026\/03\/Gemini_Generated_Image_7wypuh7wypuh7wyp-1-1-1.png","width":1280,"height":720,"caption":"Ensinar uma crian\u00e7a com exemplo e valores firmes molda car\u00e1ter escolhas e caminhos ao longo da vida"},{"@type":"BreadcrumbList","@id":"https:\/\/www.correiobraziliense.com.br\/cbradar\/proverbio-biblico-do-mes-ensina-a-crianca-no-caminho-em-que-deve-andar-a-licao-sobre-educacao\/#breadcrumb","itemListElement":[{"@type":"ListItem","position":1,"name":"In\u00edcio","item":"https:\/\/www.correiobraziliense.com.br\/cbradar\/"},{"@type":"ListItem","position":2,"name":"Prov\u00e9rbio b\u00edblico do m\u00eas: \u201cEnsina a crian\u00e7a no caminho em que deve andar.\u201d A li\u00e7\u00e3o sobre educa\u00e7\u00e3o"}]},{"@type":"WebSite","@id":"https:\/\/www.correiobraziliense.com.br\/cbradar\/#website","url":"https:\/\/www.correiobraziliense.com.br\/cbradar\/","name":"Correio Braziliense - Radar","description":"Acompanhe as \u00faltimas not\u00edcias e fique bem informado sobre tudo o que acontece no Brasil e no mundo.","potentialAction":[{"@type":"SearchAction","target":{"@type":"EntryPoint","urlTemplate":"https:\/\/www.correiobraziliense.com.br\/cbradar\/?s={search_term_string}"},"query-input":{"@type":"PropertyValueSpecification","valueRequired":true,"valueName":"search_term_string"}}],"inLanguage":"pt-BR"},{"@type":"Person","@id":"https:\/\/www.correiobraziliense.com.br\/cbradar\/#\/schema\/person\/5440b72be9c7eb74f446c846479dc4da","name":"Patrick Silva","image":{"@type":"ImageObject","inLanguage":"pt-BR","@id":"https:\/\/www.correiobraziliense.com.br\/cbradar\/#\/schema\/person\/image\/","url":"https:\/\/secure.gravatar.com\/avatar\/944109df296fc087785c9715fd5f80b2?s=96&d=mm&r=g","contentUrl":"https:\/\/secure.gravatar.com\/avatar\/944109df296fc087785c9715fd5f80b2?s=96&d=mm&r=g","caption":"Patrick Silva"},"sameAs":["https:\/\/www.correiobraziliense.com.br\/cbradar\/"],"url":"https:\/\/www.correiobraziliense.com.br\/cbradar\/author\/patrick-silva\/"}]}},"_links":{"self":[{"href":"https:\/\/www.correiobraziliense.com.br\/cbradar\/wp-json\/wp\/v2\/posts\/207394","targetHints":{"allow":["GET"]}}],"collection":[{"href":"https:\/\/www.correiobraziliense.com.br\/cbradar\/wp-json\/wp\/v2\/posts"}],"about":[{"href":"https:\/\/www.correiobraziliense.com.br\/cbradar\/wp-json\/wp\/v2\/types\/post"}],"author":[{"embeddable":true,"href":"https:\/\/www.correiobraziliense.com.br\/cbradar\/wp-json\/wp\/v2\/users\/21"}],"replies":[{"embeddable":true,"href":"https:\/\/www.correiobraziliense.com.br\/cbradar\/wp-json\/wp\/v2\/comments?post=207394"}],"version-history":[{"count":4,"href":"https:\/\/www.correiobraziliense.com.br\/cbradar\/wp-json\/wp\/v2\/posts\/207394\/revisions"}],"predecessor-version":[{"id":207409,"href":"https:\/\/www.correiobraziliense.com.br\/cbradar\/wp-json\/wp\/v2\/posts\/207394\/revisions\/207409"}],"wp:featuredmedia":[{"embeddable":true,"href":"https:\/\/www.correiobraziliense.com.br\/cbradar\/wp-json\/wp\/v2\/media\/207401"}],"wp:attachment":[{"href":"https:\/\/www.correiobraziliense.com.br\/cbradar\/wp-json\/wp\/v2\/media?parent=207394"}],"wp:term":[{"taxonomy":"category","embeddable":true,"href":"https:\/\/www.correiobraziliense.com.br\/cbradar\/wp-json\/wp\/v2\/categories?post=207394"},{"taxonomy":"post_tag","embeddable":true,"href":"https:\/\/www.correiobraziliense.com.br\/cbradar\/wp-json\/wp\/v2\/tags?post=207394"}],"curies":[{"name":"wp","href":"https:\/\/api.w.org\/{rel}","templated":true}]}}