{"id":207425,"date":"2026-03-12T11:30:13","date_gmt":"2026-03-12T14:30:13","guid":{"rendered":"https:\/\/www.correiobraziliense.com.br\/cbradar\/?p=207425"},"modified":"2026-03-12T11:30:16","modified_gmt":"2026-03-12T14:30:16","slug":"proverbio-biblico-da-semana-o-amigo-ama-em-todos-os-momentos-a-verdadeira-medida-da-amizade","status":"publish","type":"post","link":"https:\/\/www.correiobraziliense.com.br\/cbradar\/proverbio-biblico-da-semana-o-amigo-ama-em-todos-os-momentos-a-verdadeira-medida-da-amizade\/","title":{"rendered":"Prov\u00e9rbio b\u00edblico da semana: \u201cO amigo ama em todos os momentos.\u201d A verdadeira medida da amizade"},"content":{"rendered":"\n<p>Cultivar amizades verdadeiras exige lealdade constante e disposi\u00e7\u00e3o para apoiar o pr\u00f3ximo nos dias mais sombrios da jornada. A sabedoria milenar presente no prov\u00e9rbio b\u00edblico da semana que afirma que \u201cO amigo ama em todos os momentos\u201d destaca a import\u00e2ncia da fidelidade incondicional. Esse v\u00ednculo sagrado sustenta o equil\u00edbrio emocional necess\u00e1rio.<\/p>\n\n\n\n<h2 class=\"wp-block-heading\">Por que a lealdade define o car\u00e1ter de um companheiro real?<\/h2>\n\n\n\n<p>A verdadeira prova de uma amizade surge justamente quando as circunst\u00e2ncias externas tornam-se adversas e desafiadoras para todos. Indiv\u00edduos leais permanecem presentes mesmo quando n\u00e3o h\u00e1 benef\u00edcios imediatos ou vantagens claras em manter aquela conex\u00e3o social espec\u00edfica. Essa const\u00e2ncia revela uma integridade moral profunda que fortalece os la\u00e7os afetivos e garante a seguran\u00e7a emocional m\u00fatua.<\/p>\n\n\n\n<p>Manter a palavra em tempos de crise demonstra um n\u00edvel superior de maturidade psicol\u00f3gica e compromisso com o bem-estar alheio. <strong><a href=\"https:\/\/www.correiobraziliense.com.br\/cbradar\/proverbio-africano-se-quer-ir-rapido-va-sozinho-se-quer-ir-longe-va-acompanhado\/\" target=\"_blank\" rel=\"noreferrer noopener\">Amigos <\/a><\/strong>que escolhem estar ao lado nos momentos de dor comprovam que o afeto transcende a simples conveni\u00eancia moment\u00e2nea. Essa dedica\u00e7\u00e3o incans\u00e1vel \u00e9 o que transforma conhecidos em irm\u00e3os escolhidos pela alma para enfrentar todas as batalhas di\u00e1rias.<\/p>\n\n\n\n<p>Vers\u00edculos b\u00edblicos sobre amizade e companheirismo trazem reflex\u00f5es profundas sobre lealdade, apoio e presen\u00e7a nos momentos dif\u00edceis da vida. Essas mensagens ajudam a fortalecer valores espirituais e relacionamentos. No conte\u00fado do <strong>Profeta e Pastor Chico Chagas<\/strong>, com 689 mil inscritos, voc\u00ea acompanha essa reflex\u00e3o:<\/p>\n\n\n\n<figure class=\"wp-block-embed is-type-video is-provider-youtube wp-block-embed-youtube wp-embed-aspect-16-9 wp-has-aspect-ratio\"><div class=\"wp-block-embed__wrapper\">\n<div class=\"jeg_video_container jeg_video_content\"><iframe loading=\"lazy\" title=\"O CULTO NO LAR. 11.09.2024. O amigo ama em todos os momentos;  \u00e9 um irm\u00e3o na luta. Prov\u00e9rbios 17:17\" width=\"500\" height=\"281\" src=\"https:\/\/www.youtube.com\/embed\/Khok-JQU9Eg?feature=oembed\" frameborder=\"0\" allow=\"accelerometer; autoplay; clipboard-write; encrypted-media; gyroscope; picture-in-picture; web-share\" referrerpolicy=\"strict-origin-when-cross-origin\" allowfullscreen><\/iframe><\/div>\n<\/div><\/figure>\n\n\n\n<h2 class=\"wp-block-heading\">Como o suporte emocional atua em tempos de crise?<\/h2>\n\n\n\n<p>O apoio m\u00fatuo funciona como uma rede de seguran\u00e7a invis\u00edvel que amortece o impacto de traumas e decep\u00e7\u00f5es inevit\u00e1veis da vida. Quando compartilhamos nossas vulnerabilidades com algu\u00e9m de confian\u00e7a, reduzimos significativamente o peso psicol\u00f3gico carregado solitariamente no cotidiano. Essa troca genu\u00edna de afeto e compreens\u00e3o m\u00fatua promove a regenera\u00e7\u00e3o mental necess\u00e1ria para continuar seguindo em frente hoje.<\/p>\n\n\n\n<p>Ter uma pessoa disposta a ouvir sem julgamentos imediatos permite que o indiv\u00edduo processe sentimentos complexos com muito mais clareza. O suporte emocional constante valida nossa exist\u00eancia e refor\u00e7a a percep\u00e7\u00e3o de que n\u00e3o estamos sozinhos nas dificuldades enfrentadas. Essa conex\u00e3o profunda estimula a resili\u00eancia psicol\u00f3gica e garante que a esperan\u00e7a seja renovada ap\u00f3s cada desafio superado.<\/p>\n\n\n\n<h2 class=\"wp-block-heading\">Quais sinais comprovam a profundidade de um v\u00ednculo sincero?<\/h2>\n\n\n\n<p>V\u00ednculos aut\u00eanticos s\u00e3o marcados pela aceita\u00e7\u00e3o total das falhas alheias e pelo incentivo constante ao crescimento pessoal e profissional. A presen\u00e7a silenciosa em dias de luto ou a comemora\u00e7\u00e3o vibrante em momentos de vit\u00f3ria revelam a pureza do sentimento envolvido. Identificar esses gestos simples ajuda a valorizar quem realmente merece ocupar um espa\u00e7o privilegiado em nosso cora\u00e7\u00e3o.<\/p>\n\n\n\n<p>A observa\u00e7\u00e3o atenta das din\u00e2micas interpessoais revela pontos fundamentais que distinguem os amigos verdadeiros daqueles que buscam apenas interesses passageiros na conviv\u00eancia:<\/p>\n\n\n\n<figure class=\"wp-block-image size-large\"><img decoding=\"async\" width=\"1182\" height=\"720\" src=\"https:\/\/www.correiobraziliense.com.br\/cbradar\/wp-content\/uploads\/2026\/03\/convertido-35-1-1182x720.jpg\" alt=\"\" class=\"wp-image-207430\" srcset=\"https:\/\/www.correiobraziliense.com.br\/cbradar\/wp-content\/uploads\/2026\/03\/convertido-35-1-1182x720.jpg 1182w, https:\/\/www.correiobraziliense.com.br\/cbradar\/wp-content\/uploads\/2026\/03\/convertido-35-1-300x183.jpg 300w, https:\/\/www.correiobraziliense.com.br\/cbradar\/wp-content\/uploads\/2026\/03\/convertido-35-1-768x468.jpg 768w, https:\/\/www.correiobraziliense.com.br\/cbradar\/wp-content\/uploads\/2026\/03\/convertido-35-1-750x457.jpg 750w, https:\/\/www.correiobraziliense.com.br\/cbradar\/wp-content\/uploads\/2026\/03\/convertido-35-1-1140x695.jpg 1140w, https:\/\/www.correiobraziliense.com.br\/cbradar\/wp-content\/uploads\/2026\/03\/convertido-35-1.jpg 1280w\" sizes=\"(max-width: 1182px) 100vw, 1182px\" \/><\/figure>\n\n\n\n<h2 class=\"wp-block-heading\">Existe rela\u00e7\u00e3o entre amizades fortes e sa\u00fade f\u00edsica?<\/h2>\n\n\n\n<p>A ci\u00eancia comprova que conex\u00f5es sociais profundas liberam subst\u00e2ncias qu\u00edmicas que fortalecem o sistema imunol\u00f3gico e reduzem inflama\u00e7\u00f5es sist\u00eamicas graves. Pessoas que possuem amigos leais tendem a apresentar n\u00edveis mais baixos de cortisol, o horm\u00f4nio ligado ao estresse cr\u00f4nico prejudicial. Manter la\u00e7os fortes \u00e9, portanto, uma estrat\u00e9gia biol\u00f3gica essencial para garantir uma vida longa e muito saud\u00e1vel.<\/p>\n\n\n\n<p>O conv\u00edvio frequente com companheiros positivos estimula a ado\u00e7\u00e3o de h\u00e1bitos de vida melhores, como a pr\u00e1tica regular de exerc\u00edcios f\u00edsicos intensos. A motiva\u00e7\u00e3o m\u00fatua gerada por um grupo unido facilita a supera\u00e7\u00e3o de metas individuais que pareciam imposs\u00edveis anteriormente. Esse suporte social integral reflete diretamente na longevidade e na qualidade de vida de quem prioriza rela\u00e7\u00f5es afetivas sinceras hoje.<\/p>\n\n\n\n<figure class=\"wp-block-image size-full\"><img decoding=\"async\" width=\"1280\" height=\"720\" src=\"https:\/\/www.correiobraziliense.com.br\/cbradar\/wp-content\/uploads\/2026\/03\/Gemini_Generated_Image_rjlg6crjlg6crjlg-1-1.png\" alt=\"Prov\u00e9rbio b\u00edblico da semana: \u201cO amigo ama em todos os momentos.\u201d A verdadeira medida da amizade\" class=\"wp-image-207434\" srcset=\"https:\/\/www.correiobraziliense.com.br\/cbradar\/wp-content\/uploads\/2026\/03\/Gemini_Generated_Image_rjlg6crjlg6crjlg-1-1.png 1280w, https:\/\/www.correiobraziliense.com.br\/cbradar\/wp-content\/uploads\/2026\/03\/Gemini_Generated_Image_rjlg6crjlg6crjlg-1-1-300x169.png 300w, https:\/\/www.correiobraziliense.com.br\/cbradar\/wp-content\/uploads\/2026\/03\/Gemini_Generated_Image_rjlg6crjlg6crjlg-1-1-768x432.png 768w, https:\/\/www.correiobraziliense.com.br\/cbradar\/wp-content\/uploads\/2026\/03\/Gemini_Generated_Image_rjlg6crjlg6crjlg-1-1-750x422.png 750w, https:\/\/www.correiobraziliense.com.br\/cbradar\/wp-content\/uploads\/2026\/03\/Gemini_Generated_Image_rjlg6crjlg6crjlg-1-1-1140x641.png 1140w\" sizes=\"(max-width: 1280px) 100vw, 1280px\" \/><figcaption class=\"wp-element-caption\">Amizade verdadeira permanece firme nos momentos dif\u00edceis e revela lealdade que sustenta a vida<\/figcaption><\/figure>\n\n\n\n<h2 class=\"wp-block-heading\">O que as autoridades globais afirmam sobre isolamento e bem-estar?<\/h2>\n\n\n\n<p>A <strong>Organiza\u00e7\u00e3o Mundial da Sa\u00fade<\/strong> destaca que o isolamento social severo pode ser t\u00e3o prejudicial quanto o consumo excessivo de subst\u00e2ncias t\u00f3xicas. Promover conex\u00f5es humanas de alta qualidade \u00e9 uma recomenda\u00e7\u00e3o central para prevenir transtornos mentais graves em adultos contempor\u00e2neos. Garantir o acesso a redes de apoio s\u00f3lidas \u00e9 fundamental para que a sa\u00fade mental seja uma realidade.<\/p>\n\n\n\n<p>Segundo estudos detalhados conduzidos pelo <strong>Mayo Clinic<\/strong>, amizades s\u00f3lidas reduzem significativamente o risco de desenvolvimento de doen\u00e7as card\u00edacas e depress\u00e3o. Ter amigos pr\u00f3ximos aumenta a sensa\u00e7\u00e3o de prop\u00f3sito e autoestima, protegendo o c\u00e9rebro contra o decl\u00ednio cognitivo prematuro. Para saber mais sobre como cultivar essas conex\u00f5es vitais, consulte as evid\u00eancias oficiais no portal do <a target=\"_blank\" rel=\"noreferrer noopener\" href=\"https:\/\/www.mayoclinic.org\/healthy-lifestyle\/adult-health\/in-depth\/friendships\/art-20044860\">Mayo Clinic<\/a>.<\/p>\n","protected":false},"excerpt":{"rendered":"<p>Cultivar amizades verdadeiras exige lealdade constante e disposi\u00e7\u00e3o para apoiar o pr\u00f3ximo nos dias mais sombrios da jornada. A sabedoria milenar presente no prov\u00e9rbio b\u00edblico da semana que afirma que \u201cO amigo ama em todos os momentos\u201d destaca a import\u00e2ncia da fidelidade incondicional. Esse v\u00ednculo sagrado sustenta o equil\u00edbrio emocional necess\u00e1rio. Por que a lealdade [&hellip;]<\/p>\n","protected":false},"author":21,"featured_media":207433,"comment_status":"open","ping_status":"open","sticky":false,"template":"","format":"standard","meta":{"_yoast_wpseo_focuskw":"o amigo ama em todos os momentos prov\u00e9rbio","_yoast_wpseo_title":"","_yoast_wpseo_metadesc":"Um antigo prov\u00e9rbio sobre amizade revela por que a lealdade verdadeira se mostra nos momentos mais dif\u00edceis da vida.","jnews-multi-image_gallery":[],"jnews_single_post":{"format":"standard"},"jnews_primary_category":[],"jnews_social_meta":[],"jnews_override_counter":[],"footnotes":""},"categories":[112],"post_tag":[14627,1489,16010],"class_list":["post-207425","post","type-post","status-publish","format-standard","has-post-thumbnail","hentry","category-curiosidades","tag-amigo","tag-amizade","tag-proverbio-biblico"],"yoast_head":"<!-- This site is optimized with the Yoast SEO plugin v24.6 - https:\/\/yoast.com\/wordpress\/plugins\/seo\/ -->\n<title>Prov\u00e9rbio b\u00edblico da semana: \u201cO amigo ama em todos os momentos.\u201d A verdadeira medida da amizade - Correio Braziliense - Radar<\/title>\n<meta name=\"description\" content=\"Um antigo prov\u00e9rbio sobre amizade revela por que a lealdade verdadeira se mostra nos momentos mais dif\u00edceis da vida.\" \/>\n<meta name=\"robots\" content=\"index, follow, max-snippet:-1, max-image-preview:large, max-video-preview:-1\" \/>\n<link rel=\"canonical\" href=\"https:\/\/www.correiobraziliense.com.br\/cbradar\/proverbio-biblico-da-semana-o-amigo-ama-em-todos-os-momentos-a-verdadeira-medida-da-amizade\/\" \/>\n<meta property=\"og:locale\" content=\"pt_BR\" \/>\n<meta property=\"og:type\" content=\"article\" \/>\n<meta property=\"og:title\" content=\"Prov\u00e9rbio b\u00edblico da semana: \u201cO amigo ama em todos os momentos.\u201d A verdadeira medida da amizade - Correio Braziliense - Radar\" \/>\n<meta property=\"og:description\" content=\"Um antigo prov\u00e9rbio sobre amizade revela por que a lealdade verdadeira se mostra nos momentos mais dif\u00edceis da vida.\" \/>\n<meta property=\"og:url\" content=\"https:\/\/www.correiobraziliense.com.br\/cbradar\/proverbio-biblico-da-semana-o-amigo-ama-em-todos-os-momentos-a-verdadeira-medida-da-amizade\/\" \/>\n<meta property=\"og:site_name\" content=\"Correio Braziliense - Radar\" \/>\n<meta property=\"article:published_time\" content=\"2026-03-12T14:30:13+00:00\" \/>\n<meta property=\"article:modified_time\" content=\"2026-03-12T14:30:16+00:00\" \/>\n<meta property=\"og:image\" content=\"https:\/\/www.correiobraziliense.com.br\/cbradar\/wp-content\/uploads\/2026\/03\/Gemini_Generated_Image_gwbh65gwbh65gwbh-1-1.png\" \/>\n\t<meta property=\"og:image:width\" content=\"1280\" \/>\n\t<meta property=\"og:image:height\" content=\"720\" \/>\n\t<meta property=\"og:image:type\" content=\"image\/png\" \/>\n<meta name=\"author\" content=\"Patrick Silva\" \/>\n<meta name=\"twitter:card\" content=\"summary_large_image\" \/>\n<meta name=\"twitter:label1\" content=\"Escrito por\" \/>\n\t<meta name=\"twitter:data1\" content=\"Patrick Silva\" \/>\n\t<meta name=\"twitter:label2\" content=\"Est. tempo de leitura\" \/>\n\t<meta name=\"twitter:data2\" content=\"5 minutos\" \/>\n<!-- \/ Yoast SEO plugin. -->","yoast_head_json":{"title":"Prov\u00e9rbio b\u00edblico da semana: \u201cO amigo ama em todos os momentos.\u201d A verdadeira medida da amizade - Correio Braziliense - Radar","description":"Um antigo prov\u00e9rbio sobre amizade revela por que a lealdade verdadeira se mostra nos momentos mais dif\u00edceis da vida.","robots":{"index":"index","follow":"follow","max-snippet":"max-snippet:-1","max-image-preview":"max-image-preview:large","max-video-preview":"max-video-preview:-1"},"canonical":"https:\/\/www.correiobraziliense.com.br\/cbradar\/proverbio-biblico-da-semana-o-amigo-ama-em-todos-os-momentos-a-verdadeira-medida-da-amizade\/","og_locale":"pt_BR","og_type":"article","og_title":"Prov\u00e9rbio b\u00edblico da semana: \u201cO amigo ama em todos os momentos.\u201d A verdadeira medida da amizade - Correio Braziliense - Radar","og_description":"Um antigo prov\u00e9rbio sobre amizade revela por que a lealdade verdadeira se mostra nos momentos mais dif\u00edceis da vida.","og_url":"https:\/\/www.correiobraziliense.com.br\/cbradar\/proverbio-biblico-da-semana-o-amigo-ama-em-todos-os-momentos-a-verdadeira-medida-da-amizade\/","og_site_name":"Correio Braziliense - Radar","article_published_time":"2026-03-12T14:30:13+00:00","article_modified_time":"2026-03-12T14:30:16+00:00","og_image":[{"width":1280,"height":720,"url":"https:\/\/www.correiobraziliense.com.br\/cbradar\/wp-content\/uploads\/2026\/03\/Gemini_Generated_Image_gwbh65gwbh65gwbh-1-1.png","type":"image\/png"}],"author":"Patrick Silva","twitter_card":"summary_large_image","twitter_misc":{"Escrito por":"Patrick Silva","Est. tempo de leitura":"5 minutos"},"schema":{"@context":"https:\/\/schema.org","@graph":[{"@type":"WebPage","@id":"https:\/\/www.correiobraziliense.com.br\/cbradar\/proverbio-biblico-da-semana-o-amigo-ama-em-todos-os-momentos-a-verdadeira-medida-da-amizade\/","url":"https:\/\/www.correiobraziliense.com.br\/cbradar\/proverbio-biblico-da-semana-o-amigo-ama-em-todos-os-momentos-a-verdadeira-medida-da-amizade\/","name":"Prov\u00e9rbio b\u00edblico da semana: \u201cO amigo ama em todos os momentos.\u201d A verdadeira medida da amizade - Correio Braziliense - Radar","isPartOf":{"@id":"https:\/\/www.correiobraziliense.com.br\/cbradar\/#website"},"primaryImageOfPage":{"@id":"https:\/\/www.correiobraziliense.com.br\/cbradar\/proverbio-biblico-da-semana-o-amigo-ama-em-todos-os-momentos-a-verdadeira-medida-da-amizade\/#primaryimage"},"image":{"@id":"https:\/\/www.correiobraziliense.com.br\/cbradar\/proverbio-biblico-da-semana-o-amigo-ama-em-todos-os-momentos-a-verdadeira-medida-da-amizade\/#primaryimage"},"thumbnailUrl":"https:\/\/www.correiobraziliense.com.br\/cbradar\/wp-content\/uploads\/2026\/03\/Gemini_Generated_Image_gwbh65gwbh65gwbh-1-1.png","datePublished":"2026-03-12T14:30:13+00:00","dateModified":"2026-03-12T14:30:16+00:00","author":{"@id":"https:\/\/www.correiobraziliense.com.br\/cbradar\/#\/schema\/person\/5440b72be9c7eb74f446c846479dc4da"},"description":"Um antigo prov\u00e9rbio sobre amizade revela por que a lealdade verdadeira se mostra nos momentos mais dif\u00edceis da vida.","breadcrumb":{"@id":"https:\/\/www.correiobraziliense.com.br\/cbradar\/proverbio-biblico-da-semana-o-amigo-ama-em-todos-os-momentos-a-verdadeira-medida-da-amizade\/#breadcrumb"},"inLanguage":"pt-BR","potentialAction":[{"@type":"ReadAction","target":["https:\/\/www.correiobraziliense.com.br\/cbradar\/proverbio-biblico-da-semana-o-amigo-ama-em-todos-os-momentos-a-verdadeira-medida-da-amizade\/"]}]},{"@type":"ImageObject","inLanguage":"pt-BR","@id":"https:\/\/www.correiobraziliense.com.br\/cbradar\/proverbio-biblico-da-semana-o-amigo-ama-em-todos-os-momentos-a-verdadeira-medida-da-amizade\/#primaryimage","url":"https:\/\/www.correiobraziliense.com.br\/cbradar\/wp-content\/uploads\/2026\/03\/Gemini_Generated_Image_gwbh65gwbh65gwbh-1-1.png","contentUrl":"https:\/\/www.correiobraziliense.com.br\/cbradar\/wp-content\/uploads\/2026\/03\/Gemini_Generated_Image_gwbh65gwbh65gwbh-1-1.png","width":1280,"height":720,"caption":"Amizade verdadeira permanece firme nos momentos dif\u00edceis e revela lealdade que sustenta a vida"},{"@type":"BreadcrumbList","@id":"https:\/\/www.correiobraziliense.com.br\/cbradar\/proverbio-biblico-da-semana-o-amigo-ama-em-todos-os-momentos-a-verdadeira-medida-da-amizade\/#breadcrumb","itemListElement":[{"@type":"ListItem","position":1,"name":"In\u00edcio","item":"https:\/\/www.correiobraziliense.com.br\/cbradar\/"},{"@type":"ListItem","position":2,"name":"Prov\u00e9rbio b\u00edblico da semana: \u201cO amigo ama em todos os momentos.\u201d A verdadeira medida da amizade"}]},{"@type":"WebSite","@id":"https:\/\/www.correiobraziliense.com.br\/cbradar\/#website","url":"https:\/\/www.correiobraziliense.com.br\/cbradar\/","name":"Correio Braziliense - Radar","description":"Acompanhe as \u00faltimas not\u00edcias e fique bem informado sobre tudo o que acontece no Brasil e no mundo.","potentialAction":[{"@type":"SearchAction","target":{"@type":"EntryPoint","urlTemplate":"https:\/\/www.correiobraziliense.com.br\/cbradar\/?s={search_term_string}"},"query-input":{"@type":"PropertyValueSpecification","valueRequired":true,"valueName":"search_term_string"}}],"inLanguage":"pt-BR"},{"@type":"Person","@id":"https:\/\/www.correiobraziliense.com.br\/cbradar\/#\/schema\/person\/5440b72be9c7eb74f446c846479dc4da","name":"Patrick Silva","image":{"@type":"ImageObject","inLanguage":"pt-BR","@id":"https:\/\/www.correiobraziliense.com.br\/cbradar\/#\/schema\/person\/image\/","url":"https:\/\/secure.gravatar.com\/avatar\/944109df296fc087785c9715fd5f80b2?s=96&d=mm&r=g","contentUrl":"https:\/\/secure.gravatar.com\/avatar\/944109df296fc087785c9715fd5f80b2?s=96&d=mm&r=g","caption":"Patrick Silva"},"sameAs":["https:\/\/www.correiobraziliense.com.br\/cbradar\/"],"url":"https:\/\/www.correiobraziliense.com.br\/cbradar\/author\/patrick-silva\/"}]}},"_links":{"self":[{"href":"https:\/\/www.correiobraziliense.com.br\/cbradar\/wp-json\/wp\/v2\/posts\/207425","targetHints":{"allow":["GET"]}}],"collection":[{"href":"https:\/\/www.correiobraziliense.com.br\/cbradar\/wp-json\/wp\/v2\/posts"}],"about":[{"href":"https:\/\/www.correiobraziliense.com.br\/cbradar\/wp-json\/wp\/v2\/types\/post"}],"author":[{"embeddable":true,"href":"https:\/\/www.correiobraziliense.com.br\/cbradar\/wp-json\/wp\/v2\/users\/21"}],"replies":[{"embeddable":true,"href":"https:\/\/www.correiobraziliense.com.br\/cbradar\/wp-json\/wp\/v2\/comments?post=207425"}],"version-history":[{"count":6,"href":"https:\/\/www.correiobraziliense.com.br\/cbradar\/wp-json\/wp\/v2\/posts\/207425\/revisions"}],"predecessor-version":[{"id":207437,"href":"https:\/\/www.correiobraziliense.com.br\/cbradar\/wp-json\/wp\/v2\/posts\/207425\/revisions\/207437"}],"wp:featuredmedia":[{"embeddable":true,"href":"https:\/\/www.correiobraziliense.com.br\/cbradar\/wp-json\/wp\/v2\/media\/207433"}],"wp:attachment":[{"href":"https:\/\/www.correiobraziliense.com.br\/cbradar\/wp-json\/wp\/v2\/media?parent=207425"}],"wp:term":[{"taxonomy":"category","embeddable":true,"href":"https:\/\/www.correiobraziliense.com.br\/cbradar\/wp-json\/wp\/v2\/categories?post=207425"},{"taxonomy":"post_tag","embeddable":true,"href":"https:\/\/www.correiobraziliense.com.br\/cbradar\/wp-json\/wp\/v2\/post_tag?post=207425"}],"curies":[{"name":"wp","href":"https:\/\/api.w.org\/{rel}","templated":true}]}}