{"id":207438,"date":"2026-03-14T11:25:00","date_gmt":"2026-03-14T14:25:00","guid":{"rendered":"https:\/\/www.correiobraziliense.com.br\/cbradar\/?p=207438"},"modified":"2026-03-12T11:03:00","modified_gmt":"2026-03-12T14:03:00","slug":"dormir-com-travesseiro-alto-ou-baixo-qual-posicao-mantem-a-coluna-mais-alinhada-durante-a-noite","status":"publish","type":"post","link":"https:\/\/www.correiobraziliense.com.br\/cbradar\/dormir-com-travesseiro-alto-ou-baixo-qual-posicao-mantem-a-coluna-mais-alinhada-durante-a-noite\/","title":{"rendered":"Dormir com travesseiro alto ou baixo: qual posi\u00e7\u00e3o mant\u00e9m a coluna mais alinhada durante a noite"},"content":{"rendered":"\n<p>Escolher o travesseiro ideal impacta diretamente a sa\u00fade da coluna cervical e a qualidade do descanso profundo. Muitas pessoas sofrem com dores cr\u00f4nicas no pesco\u00e7o simplesmente por ignorar o alinhamento correto durante o sono. Entender a altura necess\u00e1ria para cada biotipo evita tens\u00f5es musculares desnecess\u00e1rias e promove uma longevidade f\u00edsica realmente sustent\u00e1vel.<\/p>\n\n\n\n<h2 class=\"wp-block-heading\">Como a altura do suporte influencia o pesco\u00e7o?<\/h2>\n\n\n\n<p>Dormir com um apoio excessivamente alto for\u00e7a a curvatura natural da cervical para frente, gerando uma compress\u00e3o perigosa nos discos intervertebrais. Essa inclina\u00e7\u00e3o artificial estica os m\u00fasculos posteriores do pesco\u00e7o, resultando em torcicolos frequentes e dores de cabe\u00e7a logo ao despertar. Manter a cabe\u00e7a paralela ao colch\u00e3o \u00e9 a regra b\u00e1sica para qualquer indiv\u00edduo.<\/p>\n\n\n\n<p>O suporte ideal deve preencher exatamente o espa\u00e7o entre o ombro e a orelha para quem dorme de lado. Quando o travesseiro \u00e9 baixo demais nessa posi\u00e7\u00e3o, a cabe\u00e7a tomba lateralmente, desalinhando toda a estrutura da coluna at\u00e9 a regi\u00e3o lombar. O equil\u00edbrio entre firmeza e altura garante que as v\u00e9rtebras descansem de forma neutra e segura.<\/p>\n\n\n\n<p>A posi\u00e7\u00e3o ao dormir pode influenciar diretamente na sa\u00fade da coluna e no al\u00edvio de dores no pesco\u00e7o. Pequenos ajustes no travesseiro e na postura fazem grande diferen\u00e7a no descanso. No conte\u00fado do <strong>Fisioterapeuta Amigo Consultas Fisioterapia Online<\/strong>, com 86,8 mil inscritos, voc\u00ea aprende a posi\u00e7\u00e3o ideal:<\/p>\n\n\n\n<figure class=\"wp-block-embed is-type-video is-provider-youtube wp-block-embed-youtube wp-embed-aspect-16-9 wp-has-aspect-ratio\"><div class=\"wp-block-embed__wrapper\">\n<div class=\"jeg_video_container jeg_video_content\"><iframe loading=\"lazy\" title=\"Melhor posi\u00e7\u00e3o para dormir quando se tem dores na coluna e no pesco\u00e7o - Dicas do fisioterapeuta.\" width=\"500\" height=\"281\" src=\"https:\/\/www.youtube.com\/embed\/SoSoC8sIbFk?feature=oembed\" frameborder=\"0\" allow=\"accelerometer; autoplay; clipboard-write; encrypted-media; gyroscope; picture-in-picture; web-share\" referrerpolicy=\"strict-origin-when-cross-origin\" allowfullscreen><\/iframe><\/div>\n<\/div><\/figure>\n\n\n\n<h2 class=\"wp-block-heading\">Qual o impacto de dormir sem nenhum apoio?<\/h2>\n\n\n\n<p>Muitos acreditam que <a href=\"https:\/\/www.correiobraziliense.com.br\/cbradar\/o-que-significa-dormir-sempre-com-o-cabelo-preso\/\" target=\"_blank\" rel=\"noreferrer noopener\">dormir<\/a> sem travesseiro \u00e9 a forma mais natural de manter o corpo reto durante a noite. No entanto, para quem dorme de barriga para cima, a falta de suporte pode causar uma hiperextens\u00e3o da cervical, sobrecarregando as articula\u00e7\u00f5es da face. O alinhamento exige um apoio m\u00ednimo para manter as curvas anat\u00f4micas naturais.<\/p>\n\n\n\n<p>Para quem prefere a posi\u00e7\u00e3o de bru\u00e7os, o uso de travesseiros altos \u00e9 extremamente prejudicial e deve ser evitado sempre. Nessa postura, a cabe\u00e7a j\u00e1 fica rotacionada para o lado, e um suporte volumoso aumenta a tor\u00e7\u00e3o do pesco\u00e7o de forma dr\u00e1stica. O ideal \u00e9 usar um modelo muito fino para evitar o <strong>estresse articular<\/strong> severo.<\/p>\n\n\n\n<h2 class=\"wp-block-heading\">Quais crit\u00e9rios definem a escolha do modelo ideal?<\/h2>\n\n\n\n<p>A densidade da espuma e o material interno determinam se o suporte manter\u00e1 a altura prometida ao longo das horas. Travesseiros que afundam muito r\u00e1pido perdem a fun\u00e7\u00e3o de sustenta\u00e7\u00e3o, obrigando o corpo a compensar o desalinhamento com contra\u00e7\u00f5es musculares involunt\u00e1rias. Priorizar materiais que se moldam sem perder a estrutura b\u00e1sica \u00e9 fundamental para o <strong>descanso reparador<\/strong>.<\/p>\n\n\n\n<p>A ado\u00e7\u00e3o constante de um suporte adequado revela benef\u00edcios que impactam diretamente a integridade da jornada f\u00edsica em pilares fundamentais da sa\u00fade corporal:<\/p>\n\n\n\n<ul class=\"wp-block-list\">\n<li>Relaxamento total da musculatura do trap\u00e9zio e pesco\u00e7o.<\/li>\n\n\n\n<li>Preven\u00e7\u00e3o de dores nas articula\u00e7\u00f5es temporomandibulares.<\/li>\n\n\n\n<li>Melhora significativa na respira\u00e7\u00e3o durante o sono profundo.<\/li>\n\n\n\n<li>Redu\u00e7\u00e3o de despertares noturnos por desconforto f\u00edsico constante.<\/li>\n<\/ul>\n\n\n\n<h2 class=\"wp-block-heading\">Como alinhar o restante da coluna vertebral?<\/h2>\n\n\n\n<p>O travesseiro de cabe\u00e7a \u00e9 apenas parte da equa\u00e7\u00e3o para um sono realmente restaurador e livre de dores. Quem dorme de lado deve posicionar um segundo apoio entre os joelhos para evitar que o quadril gire e sobrecarregue a base da coluna. Esse ajuste simples mant\u00e9m a bacia nivelada e protege os nervos de compress\u00f5es laterais.<\/p>\n\n\n\n<p>Para os adeptos da posi\u00e7\u00e3o de barriga para cima, colocar um suporte macio sob os joelhos ajuda a manter a curvatura lombar encostada no colch\u00e3o. Essa t\u00e9cnica reduz a press\u00e3o na parte inferior das costas, permitindo que os ligamentos relaxem completamente. O cuidado com as extremidades garante que o tronco permane\u00e7a em equil\u00edbrio absoluto e saud\u00e1vel.<\/p>\n\n\n\n<figure class=\"wp-block-image size-full\"><img decoding=\"async\" width=\"1280\" height=\"720\" src=\"https:\/\/www.correiobraziliense.com.br\/cbradar\/wp-content\/uploads\/2026\/03\/Gemini_Generated_Image_dj8v8vdj8v8vdj8v-1-1.png\" alt=\"Dormir com travesseiro alto ou baixo: qual posi\u00e7\u00e3o mant\u00e9m a coluna mais alinhada durante a noite\" class=\"wp-image-207455\" srcset=\"https:\/\/www.correiobraziliense.com.br\/cbradar\/wp-content\/uploads\/2026\/03\/Gemini_Generated_Image_dj8v8vdj8v8vdj8v-1-1.png 1280w, https:\/\/www.correiobraziliense.com.br\/cbradar\/wp-content\/uploads\/2026\/03\/Gemini_Generated_Image_dj8v8vdj8v8vdj8v-1-1-300x169.png 300w, https:\/\/www.correiobraziliense.com.br\/cbradar\/wp-content\/uploads\/2026\/03\/Gemini_Generated_Image_dj8v8vdj8v8vdj8v-1-1-768x432.png 768w, https:\/\/www.correiobraziliense.com.br\/cbradar\/wp-content\/uploads\/2026\/03\/Gemini_Generated_Image_dj8v8vdj8v8vdj8v-1-1-750x422.png 750w, https:\/\/www.correiobraziliense.com.br\/cbradar\/wp-content\/uploads\/2026\/03\/Gemini_Generated_Image_dj8v8vdj8v8vdj8v-1-1-1140x641.png 1140w\" sizes=\"(max-width: 1280px) 100vw, 1280px\" \/><figcaption class=\"wp-element-caption\">A altura correta do travesseiro mant\u00e9m o pesco\u00e7o alinhado e protegeA altura correta do travesseiro mant\u00e9m o pesco\u00e7o alinhado e protege a coluna durante o sono a coluna durante o sono<\/figcaption><\/figure>\n\n\n\n<h2 class=\"wp-block-heading\">O que recomendam os especialistas em ortopedia?<\/h2>\n\n\n\n<p>\u00d3rg\u00e3os de sa\u00fade alertam que a m\u00e1 postura noturna \u00e9 uma das principais causas de cefaleia tensional e fadiga cr\u00f4nica em adultos. A corre\u00e7\u00e3o do ambiente de sono, incluindo o colch\u00e3o e o travesseiro, \u00e9 o primeiro passo para tratamentos conservadores de coluna. Investir em ergonomia noturna previne cirurgias invasivas e garante vitalidade di\u00e1ria para o trabalho.<\/p>\n\n\n\n<p>Segundo as diretrizes detalhadas da <strong>Mayo Clinic<\/strong>, a posi\u00e7\u00e3o ideal depende totalmente da prefer\u00eancia individual, desde que o pesco\u00e7o n\u00e3o seja inclinado em nenhuma dire\u00e7\u00e3o. Manter a orelha alinhada com os ombros \u00e9 a meta para evitar les\u00f5es. Para entender as recomenda\u00e7\u00f5es t\u00e9cnicas, acesse o guia oficial no portal da <a target=\"_blank\" rel=\"noreferrer noopener\" href=\"https:\/\/www.mayoclinic.org\/diseases-conditions\/back-pain\/multimedia\/sleeping-positions\/sls-20076463\">Mayo Clinic<\/a>.<\/p>\n","protected":false},"excerpt":{"rendered":"<p>Escolher o travesseiro ideal impacta diretamente a sa\u00fade da coluna cervical e a qualidade do descanso profundo. Muitas pessoas sofrem com dores cr\u00f4nicas no pesco\u00e7o simplesmente por ignorar o alinhamento correto durante o sono. Entender a altura necess\u00e1ria para cada biotipo evita tens\u00f5es musculares desnecess\u00e1rias e promove uma longevidade f\u00edsica realmente sustent\u00e1vel. Como a altura [&hellip;]<\/p>\n","protected":false},"author":21,"featured_media":207457,"comment_status":"open","ping_status":"open","sticky":false,"template":"","format":"standard","meta":{"_yoast_wpseo_focuskw":"altura ideal do travesseiro para coluna","_yoast_wpseo_title":"","_yoast_wpseo_metadesc":"Um travesseiro inadequado pode causar dores no pesco\u00e7o e noites mal dormidas. Entender a altura correta faz diferen\u00e7a.","jnews-multi-image_gallery":[],"jnews_single_post":{"format":"standard"},"jnews_primary_category":[],"jnews_social_meta":[],"jnews_override_counter":[],"footnotes":""},"categories":[112],"tags":[1573,4701,6260],"class_list":["post-207438","post","type-post","status-publish","format-standard","has-post-thumbnail","hentry","category-curiosidades","tag-coluna","tag-pescoco","tag-travesseiro"],"yoast_head":"<!-- This site is optimized with the Yoast SEO plugin v24.6 - https:\/\/yoast.com\/wordpress\/plugins\/seo\/ -->\n<title>Dormir com travesseiro alto ou baixo: qual posi\u00e7\u00e3o mant\u00e9m a coluna mais alinhada durante a noite - Correio Braziliense - Radar<\/title>\n<meta name=\"description\" content=\"Um travesseiro inadequado pode causar dores no pesco\u00e7o e noites mal dormidas. Entender a altura correta faz diferen\u00e7a.\" \/>\n<meta name=\"robots\" content=\"index, follow, max-snippet:-1, max-image-preview:large, max-video-preview:-1\" \/>\n<link rel=\"canonical\" href=\"https:\/\/www.correiobraziliense.com.br\/cbradar\/dormir-com-travesseiro-alto-ou-baixo-qual-posicao-mantem-a-coluna-mais-alinhada-durante-a-noite\/\" \/>\n<meta property=\"og:locale\" content=\"pt_BR\" \/>\n<meta property=\"og:type\" content=\"article\" \/>\n<meta property=\"og:title\" content=\"Dormir com travesseiro alto ou baixo: qual posi\u00e7\u00e3o mant\u00e9m a coluna mais alinhada durante a noite - Correio Braziliense - Radar\" \/>\n<meta property=\"og:description\" content=\"Um travesseiro inadequado pode causar dores no pesco\u00e7o e noites mal dormidas. Entender a altura correta faz diferen\u00e7a.\" \/>\n<meta property=\"og:url\" content=\"https:\/\/www.correiobraziliense.com.br\/cbradar\/dormir-com-travesseiro-alto-ou-baixo-qual-posicao-mantem-a-coluna-mais-alinhada-durante-a-noite\/\" \/>\n<meta property=\"og:site_name\" content=\"Correio Braziliense - Radar\" \/>\n<meta property=\"article:published_time\" content=\"2026-03-14T14:25:00+00:00\" \/>\n<meta property=\"og:image\" content=\"https:\/\/www.correiobraziliense.com.br\/cbradar\/wp-content\/uploads\/2026\/03\/Gemini_Generated_Image_ewwrmewwrmewwrme-1-1.png\" \/>\n\t<meta property=\"og:image:width\" content=\"1280\" \/>\n\t<meta property=\"og:image:height\" content=\"720\" \/>\n\t<meta property=\"og:image:type\" content=\"image\/png\" \/>\n<meta name=\"author\" content=\"Patrick Silva\" \/>\n<meta name=\"twitter:card\" content=\"summary_large_image\" \/>\n<meta name=\"twitter:label1\" content=\"Escrito por\" \/>\n\t<meta name=\"twitter:data1\" content=\"Patrick Silva\" \/>\n\t<meta name=\"twitter:label2\" content=\"Est. tempo de leitura\" \/>\n\t<meta name=\"twitter:data2\" content=\"5 minutos\" \/>\n<!-- \/ Yoast SEO plugin. -->","yoast_head_json":{"title":"Dormir com travesseiro alto ou baixo: qual posi\u00e7\u00e3o mant\u00e9m a coluna mais alinhada durante a noite - Correio Braziliense - Radar","description":"Um travesseiro inadequado pode causar dores no pesco\u00e7o e noites mal dormidas. Entender a altura correta faz diferen\u00e7a.","robots":{"index":"index","follow":"follow","max-snippet":"max-snippet:-1","max-image-preview":"max-image-preview:large","max-video-preview":"max-video-preview:-1"},"canonical":"https:\/\/www.correiobraziliense.com.br\/cbradar\/dormir-com-travesseiro-alto-ou-baixo-qual-posicao-mantem-a-coluna-mais-alinhada-durante-a-noite\/","og_locale":"pt_BR","og_type":"article","og_title":"Dormir com travesseiro alto ou baixo: qual posi\u00e7\u00e3o mant\u00e9m a coluna mais alinhada durante a noite - Correio Braziliense - Radar","og_description":"Um travesseiro inadequado pode causar dores no pesco\u00e7o e noites mal dormidas. Entender a altura correta faz diferen\u00e7a.","og_url":"https:\/\/www.correiobraziliense.com.br\/cbradar\/dormir-com-travesseiro-alto-ou-baixo-qual-posicao-mantem-a-coluna-mais-alinhada-durante-a-noite\/","og_site_name":"Correio Braziliense - Radar","article_published_time":"2026-03-14T14:25:00+00:00","og_image":[{"width":1280,"height":720,"url":"https:\/\/www.correiobraziliense.com.br\/cbradar\/wp-content\/uploads\/2026\/03\/Gemini_Generated_Image_ewwrmewwrmewwrme-1-1.png","type":"image\/png"}],"author":"Patrick Silva","twitter_card":"summary_large_image","twitter_misc":{"Escrito por":"Patrick Silva","Est. tempo de leitura":"5 minutos"},"schema":{"@context":"https:\/\/schema.org","@graph":[{"@type":"WebPage","@id":"https:\/\/www.correiobraziliense.com.br\/cbradar\/dormir-com-travesseiro-alto-ou-baixo-qual-posicao-mantem-a-coluna-mais-alinhada-durante-a-noite\/","url":"https:\/\/www.correiobraziliense.com.br\/cbradar\/dormir-com-travesseiro-alto-ou-baixo-qual-posicao-mantem-a-coluna-mais-alinhada-durante-a-noite\/","name":"Dormir com travesseiro alto ou baixo: qual posi\u00e7\u00e3o mant\u00e9m a coluna mais alinhada durante a noite - Correio Braziliense - Radar","isPartOf":{"@id":"https:\/\/www.correiobraziliense.com.br\/cbradar\/#website"},"primaryImageOfPage":{"@id":"https:\/\/www.correiobraziliense.com.br\/cbradar\/dormir-com-travesseiro-alto-ou-baixo-qual-posicao-mantem-a-coluna-mais-alinhada-durante-a-noite\/#primaryimage"},"image":{"@id":"https:\/\/www.correiobraziliense.com.br\/cbradar\/dormir-com-travesseiro-alto-ou-baixo-qual-posicao-mantem-a-coluna-mais-alinhada-durante-a-noite\/#primaryimage"},"thumbnailUrl":"https:\/\/www.correiobraziliense.com.br\/cbradar\/wp-content\/uploads\/2026\/03\/Gemini_Generated_Image_ewwrmewwrmewwrme-1-1.png","datePublished":"2026-03-14T14:25:00+00:00","author":{"@id":"https:\/\/www.correiobraziliense.com.br\/cbradar\/#\/schema\/person\/5440b72be9c7eb74f446c846479dc4da"},"description":"Um travesseiro inadequado pode causar dores no pesco\u00e7o e noites mal dormidas. Entender a altura correta faz diferen\u00e7a.","breadcrumb":{"@id":"https:\/\/www.correiobraziliense.com.br\/cbradar\/dormir-com-travesseiro-alto-ou-baixo-qual-posicao-mantem-a-coluna-mais-alinhada-durante-a-noite\/#breadcrumb"},"inLanguage":"pt-BR","potentialAction":[{"@type":"ReadAction","target":["https:\/\/www.correiobraziliense.com.br\/cbradar\/dormir-com-travesseiro-alto-ou-baixo-qual-posicao-mantem-a-coluna-mais-alinhada-durante-a-noite\/"]}]},{"@type":"ImageObject","inLanguage":"pt-BR","@id":"https:\/\/www.correiobraziliense.com.br\/cbradar\/dormir-com-travesseiro-alto-ou-baixo-qual-posicao-mantem-a-coluna-mais-alinhada-durante-a-noite\/#primaryimage","url":"https:\/\/www.correiobraziliense.com.br\/cbradar\/wp-content\/uploads\/2026\/03\/Gemini_Generated_Image_ewwrmewwrmewwrme-1-1.png","contentUrl":"https:\/\/www.correiobraziliense.com.br\/cbradar\/wp-content\/uploads\/2026\/03\/Gemini_Generated_Image_ewwrmewwrmewwrme-1-1.png","width":1280,"height":720,"caption":"A altura correta do travesseiro mant\u00e9m o pesco\u00e7o alinhado e protegeA altura correta do travesseiro mant\u00e9m o pesco\u00e7o alinhado e protege a coluna durante o sono a coluna durante o sono"},{"@type":"BreadcrumbList","@id":"https:\/\/www.correiobraziliense.com.br\/cbradar\/dormir-com-travesseiro-alto-ou-baixo-qual-posicao-mantem-a-coluna-mais-alinhada-durante-a-noite\/#breadcrumb","itemListElement":[{"@type":"ListItem","position":1,"name":"In\u00edcio","item":"https:\/\/www.correiobraziliense.com.br\/cbradar\/"},{"@type":"ListItem","position":2,"name":"Dormir com travesseiro alto ou baixo: qual posi\u00e7\u00e3o mant\u00e9m a coluna mais alinhada durante a noite"}]},{"@type":"WebSite","@id":"https:\/\/www.correiobraziliense.com.br\/cbradar\/#website","url":"https:\/\/www.correiobraziliense.com.br\/cbradar\/","name":"Correio Braziliense - Radar","description":"Acompanhe as \u00faltimas not\u00edcias e fique bem informado sobre tudo o que acontece no Brasil e no mundo.","potentialAction":[{"@type":"SearchAction","target":{"@type":"EntryPoint","urlTemplate":"https:\/\/www.correiobraziliense.com.br\/cbradar\/?s={search_term_string}"},"query-input":{"@type":"PropertyValueSpecification","valueRequired":true,"valueName":"search_term_string"}}],"inLanguage":"pt-BR"},{"@type":"Person","@id":"https:\/\/www.correiobraziliense.com.br\/cbradar\/#\/schema\/person\/5440b72be9c7eb74f446c846479dc4da","name":"Patrick Silva","image":{"@type":"ImageObject","inLanguage":"pt-BR","@id":"https:\/\/www.correiobraziliense.com.br\/cbradar\/#\/schema\/person\/image\/","url":"https:\/\/secure.gravatar.com\/avatar\/944109df296fc087785c9715fd5f80b2?s=96&d=mm&r=g","contentUrl":"https:\/\/secure.gravatar.com\/avatar\/944109df296fc087785c9715fd5f80b2?s=96&d=mm&r=g","caption":"Patrick Silva"},"sameAs":["https:\/\/www.correiobraziliense.com.br\/cbradar\/"],"url":"https:\/\/www.correiobraziliense.com.br\/cbradar\/author\/patrick-silva\/"}]}},"_links":{"self":[{"href":"https:\/\/www.correiobraziliense.com.br\/cbradar\/wp-json\/wp\/v2\/posts\/207438","targetHints":{"allow":["GET"]}}],"collection":[{"href":"https:\/\/www.correiobraziliense.com.br\/cbradar\/wp-json\/wp\/v2\/posts"}],"about":[{"href":"https:\/\/www.correiobraziliense.com.br\/cbradar\/wp-json\/wp\/v2\/types\/post"}],"author":[{"embeddable":true,"href":"https:\/\/www.correiobraziliense.com.br\/cbradar\/wp-json\/wp\/v2\/users\/21"}],"replies":[{"embeddable":true,"href":"https:\/\/www.correiobraziliense.com.br\/cbradar\/wp-json\/wp\/v2\/comments?post=207438"}],"version-history":[{"count":6,"href":"https:\/\/www.correiobraziliense.com.br\/cbradar\/wp-json\/wp\/v2\/posts\/207438\/revisions"}],"predecessor-version":[{"id":207460,"href":"https:\/\/www.correiobraziliense.com.br\/cbradar\/wp-json\/wp\/v2\/posts\/207438\/revisions\/207460"}],"wp:featuredmedia":[{"embeddable":true,"href":"https:\/\/www.correiobraziliense.com.br\/cbradar\/wp-json\/wp\/v2\/media\/207457"}],"wp:attachment":[{"href":"https:\/\/www.correiobraziliense.com.br\/cbradar\/wp-json\/wp\/v2\/media?parent=207438"}],"wp:term":[{"taxonomy":"category","embeddable":true,"href":"https:\/\/www.correiobraziliense.com.br\/cbradar\/wp-json\/wp\/v2\/categories?post=207438"},{"taxonomy":"post_tag","embeddable":true,"href":"https:\/\/www.correiobraziliense.com.br\/cbradar\/wp-json\/wp\/v2\/tags?post=207438"}],"curies":[{"name":"wp","href":"https:\/\/api.w.org\/{rel}","templated":true}]}}