{"id":207442,"date":"2026-03-13T16:35:00","date_gmt":"2026-03-13T19:35:00","guid":{"rendered":"https:\/\/www.correiobraziliense.com.br\/cbradar\/?p=207442"},"modified":"2026-03-12T15:01:53","modified_gmt":"2026-03-12T18:01:53","slug":"a-semente-pequena-que-muita-gente-tem-na-cozinha-pode-ser-plantada-em-casa-e-ainda-ajudar-a-fortalecer-os-ossos","status":"publish","type":"post","link":"https:\/\/www.correiobraziliense.com.br\/cbradar\/a-semente-pequena-que-muita-gente-tem-na-cozinha-pode-ser-plantada-em-casa-e-ainda-ajudar-a-fortalecer-os-ossos\/","title":{"rendered":"A semente pequena que muita gente tem na cozinha pode ser plantada em casa e ainda ajudar a fortalecer os ossos"},"content":{"rendered":"\n<p>Voc\u00ea j\u00e1 imaginou colher suas pr\u00f3prias <b>sementes<\/b> de gergelim em casa e ainda cuidar melhor dos seus <b>ossos<\/b> no dia a dia? Mesmo em apartamentos pequenos, \u00e9 poss\u00edvel montar um vasinho produtivo e, ao mesmo tempo, entender como certos <b>minerais<\/b> presentes nos alimentos ajudam a manter a estrutura \u00f3ssea forte ao longo da vida.<\/p>\n\n\n\n<h2 class=\"wp-block-heading\">Como plantar gergelim em casa passo a passo<\/h2>\n\n\n\n<p>O primeiro passo \u00e9 escolher um local com boa luz solar direta, de 4 a 6 horas por dia, como uma janela, sacada ou \u00e1rea de servi\u00e7o bem iluminada.<\/p>\n\n\n\n<p>Vasos m\u00e9dios ou jardineiras profundas com furos de <b>drenagem<\/b> s\u00e3o suficientes para abrigar algumas plantas de gergelim. O solo ideal \u00e9 leve, bem drenado e levemente <b>f\u00e9rtil<\/b>, e uma mistura comum para uso em vasos pode ser feita com:<\/p>\n\n\n\n<ul class=\"wp-block-list\">\n<li>1 parte de <b>terra<\/b> vegetal peneirada;<\/li>\n\n\n\n<li>1 parte de <b>composto<\/b> org\u00e2nico ou h\u00famus de minhoca;<\/li>\n\n\n\n<li>1 parte de areia <b>grossa<\/b> para melhorar a drenagem.<\/li>\n<\/ul>\n\n\n<div class=\"wp-block-image\">\n<figure class=\"aligncenter size-full\"><img decoding=\"async\" width=\"1280\" height=\"720\" src=\"https:\/\/www.correiobraziliense.com.br\/cbradar\/wp-content\/uploads\/2026\/03\/Gemini_Generated_Image_4tp8i84tp8i84tp8-1.png\" alt=\"\" class=\"wp-image-207463\" srcset=\"https:\/\/www.correiobraziliense.com.br\/cbradar\/wp-content\/uploads\/2026\/03\/Gemini_Generated_Image_4tp8i84tp8i84tp8-1.png 1280w, https:\/\/www.correiobraziliense.com.br\/cbradar\/wp-content\/uploads\/2026\/03\/Gemini_Generated_Image_4tp8i84tp8i84tp8-1-300x169.png 300w, https:\/\/www.correiobraziliense.com.br\/cbradar\/wp-content\/uploads\/2026\/03\/Gemini_Generated_Image_4tp8i84tp8i84tp8-1-768x432.png 768w, https:\/\/www.correiobraziliense.com.br\/cbradar\/wp-content\/uploads\/2026\/03\/Gemini_Generated_Image_4tp8i84tp8i84tp8-1-750x422.png 750w, https:\/\/www.correiobraziliense.com.br\/cbradar\/wp-content\/uploads\/2026\/03\/Gemini_Generated_Image_4tp8i84tp8i84tp8-1-1140x641.png 1140w\" sizes=\"(max-width: 1280px) 100vw, 1280px\" \/><figcaption class=\"wp-element-caption\">Vasos m\u00e9dios ou jardineiras profundas com furos de drenagem s\u00e3o suficientes para abrigar algumas plantas de gergelim<\/figcaption><\/figure><\/div>\n\n\n<p>Leia tamb\u00e9m:&nbsp;<a href=\"https:\/\/www.correiobraziliense.com.br\/cbradar\/6-arvores-que-voce-deve-evitar-plantar-em-quintais-pequenos-segundo-paisagistas\/\" target=\"_blank\" rel=\"noopener\">6 \u00e1rvores que voc\u00ea deve evitar plantar em quintais pequenos segundo paisagistas<\/a><\/p>\n\n\n\n<h2 class=\"wp-block-heading\">Como cuidar do gergelim em casa e fazer a colheita<\/h2>\n\n\n\n<p>Para semear, distribua as <b>sementes<\/b> sobre a superf\u00edcie do substrato, fazendo pequenos sulcos de cerca de 1 cent\u00edmetro de profundidade. Depois, cubra levemente com terra e fa\u00e7a uma <b>rega<\/b> suave, sem encharcar; em boas condi\u00e7\u00f5es de temperatura, a germina\u00e7\u00e3o costuma acontecer entre 7 e 14 dias.<\/p>\n\n\n\n<p>No dia a dia, o cuidado \u00e9 simples: mantenha a rega moderada, deixando o solo \u00famido por\u00e9m nunca encharcado, e garanta <b>sol<\/b> direto para que a planta cres\u00e7a com vigor. Uma aduba\u00e7\u00e3o leve com <b>mat\u00e9ria<\/b> org\u00e2nica a cada 30 ou 40 dias ajuda no desenvolvimento, e uma inspe\u00e7\u00e3o semanal permite identificar pulg\u00f5es ou outros insetos, que podem ser manejados com <b>solu\u00e7\u00f5es<\/b> caseiras suaves.<\/p>\n\n\n\n<h2 class=\"wp-block-heading\">Quais minerais s\u00e3o importantes para fortalecer os ossos<\/h2>\n\n\n\n<p>Quando se fala em cultivar gergelim, \u00e9 natural ligar o assunto \u00e0 sa\u00fade dos <b>ossos<\/b>, j\u00e1 que essas sementes trazem alguns minerais relevantes. Nossos ossos funcionam como um \u201ccofre\u201d de <b>nutrientes<\/b> e dependem de boa alimenta\u00e7\u00e3o, horm\u00f4nios em equil\u00edbrio e movimento regular para se manterem firmes.<\/p>\n\n\n\n<p>Entre os <b>minerais<\/b> mais citados para resist\u00eancia \u00f3ssea est\u00e3o c\u00e1lcio, f\u00f3sforo, magn\u00e9sio e oligoelementos como zinco e mangan\u00eas. A <b>vitamina<\/b> D, embora n\u00e3o seja um mineral, tamb\u00e9m \u00e9 essencial, pois ajuda o corpo a aproveitar melhor o c\u00e1lcio ingerido por meio de alimentos e, em alguns casos, de suplementa\u00e7\u00e3o orientada. Separamos esse v\u00eddeo do canal <a href=\"https:\/\/www.youtube.com\/@plantandoeaprendendo90\" target=\"_blank\" rel=\"noreferrer noopener\">Plantando e Aprendendo<\/a> ensinando a plantar gergelim: <\/p>\n\n\n\n<figure class=\"wp-block-embed is-type-video is-provider-youtube wp-block-embed-youtube wp-embed-aspect-16-9 wp-has-aspect-ratio\"><div class=\"wp-block-embed__wrapper\">\n<div class=\"jeg_video_container jeg_video_content\"><iframe loading=\"lazy\" title=\"Como plantar Gergelim.\" width=\"500\" height=\"281\" src=\"https:\/\/www.youtube.com\/embed\/d-yUvOoRL04?feature=oembed\" frameborder=\"0\" allow=\"accelerometer; autoplay; clipboard-write; encrypted-media; gyroscope; picture-in-picture; web-share\" referrerpolicy=\"strict-origin-when-cross-origin\" allowfullscreen><\/iframe><\/div>\n<\/div><\/figure>\n\n\n\n<h2 class=\"wp-block-heading\">Como esses minerais atuam na sa\u00fade \u00f3ssea no dia a dia<\/h2>\n\n\n\n<p>O <b>c\u00e1lcio<\/b> \u00e9 o componente estrutural b\u00e1sico da matriz \u00f3ssea e pode ser encontrado em leites, queijos, iogurtes, vegetais verde-escuros e em sementes como o gergelim. O <b>f\u00f3sforo<\/b> atua junto com o c\u00e1lcio na forma\u00e7\u00e3o de ossos e dentes, estando presente em leguminosas, carnes, ovos e gr\u00e3os integrais.<\/p>\n\n\n\n<p>O <b>magn\u00e9sio<\/b> participa do metabolismo \u00f3sseo e ajuda na fixa\u00e7\u00e3o do c\u00e1lcio, sendo abundante em castanhas, sementes, verduras e cereais integrais. J\u00e1 o zinco e o <b>mangan\u00eas<\/b> contribuem para a remodela\u00e7\u00e3o \u00f3ssea e manuten\u00e7\u00e3o de tecidos, podendo ser obtidos em gr\u00e3os, nozes e leguminosas consumidos com frequ\u00eancia.<\/p>\n\n\n\n<h2 class=\"wp-block-heading\">Qual \u00e9 a rela\u00e7\u00e3o entre gergelim e minerais para os ossos<\/h2>\n\n\n\n<p>Ao entrar no prato diariamente, o <b>gergelim<\/b> pode ajudar a fornecer parte dos minerais ligados \u00e0 sa\u00fade esquel\u00e9tica, especialmente c\u00e1lcio e magn\u00e9sio. As <b>sementes<\/b> podem ser consumidas inteiras, levemente torradas ou em forma de pasta, como o tradicional tahine, al\u00e9m de polvilhadas em saladas, p\u00e3es, frutas e iogurtes.<\/p>\n\n\n\n<figure class=\"wp-block-embed is-type-rich is-provider-pinterest wp-block-embed-pinterest\"><div class=\"wp-block-embed__wrapper\">\n<iframe loading=\"lazy\" title=\" \" src=\"https:\/\/assets.pinterest.com\/ext\/embed.html?id=6614730697380766&#038;src=oembed\" height=\"577\" width=\"450\" frameborder=\"0\" scrolling=\"no\" ><\/iframe>\n<\/div><\/figure>\n\n\n\n<p>A sa\u00fade dos <b>ossos<\/b>, por\u00e9m, n\u00e3o depende de um \u00fanico alimento. \u00c9 importante buscar uma <b>alimenta\u00e7\u00e3o<\/b> variada, com boas fontes de c\u00e1lcio, magn\u00e9sio e f\u00f3sforo, consumo adequado de prote\u00ednas e h\u00e1bitos de vida que favore\u00e7am a absor\u00e7\u00e3o de nutrientes, como movimentar o corpo e manter uma rotina de sono equilibrada.<\/p>\n\n\n\n<h2 class=\"wp-block-heading\">Como unir o cultivo de gergelim em casa ao cuidado com os ossos<\/h2>\n\n\n\n<p>Ter um vaso de <b>gergelim<\/b> em casa pode ser, ao mesmo tempo, uma experi\u00eancia prazerosa de cultivo e um incentivo para aproximar a alimenta\u00e7\u00e3o di\u00e1ria de nutrientes importantes para a estrutura \u00f3ssea. Ver a planta crescer, <b>florescer<\/b> e formar vagens cria um v\u00ednculo maior com o que vai para o prato.<\/p>\n\n\n\n<p>Com <b>cuidados<\/b> simples no vaso e aten\u00e7\u00e3o \u00e0 variedade de alimentos consumidos, \u00e9 poss\u00edvel unir o cultivo dom\u00e9stico e o cuidado com os <b>ossos<\/b> na mesma rotina. Assim, o ato de plantar, colher e comer ganha um sentido mais completo, conectando bem-estar, autonomia e sa\u00fade ao longo do tempo.<\/p>\n","protected":false},"excerpt":{"rendered":"<p>Voc\u00ea j\u00e1 imaginou colher suas pr\u00f3prias sementes de gergelim em casa e ainda cuidar melhor dos seus ossos no dia a dia? Mesmo em apartamentos pequenos, \u00e9 poss\u00edvel montar um vasinho produtivo e, ao mesmo tempo, entender como certos minerais presentes nos alimentos ajudam a manter a estrutura \u00f3ssea forte ao longo da vida. Como [&hellip;]<\/p>\n","protected":false},"author":9,"featured_media":207578,"comment_status":"open","ping_status":"open","sticky":false,"template":"","format":"standard","meta":{"_yoast_wpseo_focuskw":"Como plantar gergelim","_yoast_wpseo_title":"","_yoast_wpseo_metadesc":"Uma pequena semente da cozinha pode ser cultivada em casa e tem chamado aten\u00e7\u00e3o pelos minerais ligados \u00e0 sa\u00fade dos ossos.","jnews-multi-image_gallery":[],"jnews_single_post":{"format":"standard"},"jnews_primary_category":[],"jnews_social_meta":[],"jnews_override_counter":[],"footnotes":""},"categories":[119,136],"tags":[16048,12085,16047],"class_list":["post-207442","post","type-post","status-publish","format-standard","has-post-thumbnail","hentry","category-bem-estar","category-jardinagem","tag-cultivo-de-gergelim","tag-gergelim","tag-plantar-gergelim"],"yoast_head":"<!-- This site is optimized with the Yoast SEO plugin v24.6 - https:\/\/yoast.com\/wordpress\/plugins\/seo\/ -->\n<title>A semente pequena que muita gente tem na cozinha pode ser plantada em casa e ainda ajudar a fortalecer os ossos - Correio Braziliense - Radar<\/title>\n<meta name=\"description\" content=\"Uma pequena semente da cozinha pode ser cultivada em casa e tem chamado aten\u00e7\u00e3o pelos minerais ligados \u00e0 sa\u00fade dos ossos.\" \/>\n<meta name=\"robots\" content=\"index, follow, max-snippet:-1, max-image-preview:large, max-video-preview:-1\" \/>\n<link rel=\"canonical\" href=\"https:\/\/www.correiobraziliense.com.br\/cbradar\/a-semente-pequena-que-muita-gente-tem-na-cozinha-pode-ser-plantada-em-casa-e-ainda-ajudar-a-fortalecer-os-ossos\/\" \/>\n<meta property=\"og:locale\" content=\"pt_BR\" \/>\n<meta property=\"og:type\" content=\"article\" \/>\n<meta property=\"og:title\" content=\"A semente pequena que muita gente tem na cozinha pode ser plantada em casa e ainda ajudar a fortalecer os ossos - Correio Braziliense - Radar\" \/>\n<meta property=\"og:description\" content=\"Uma pequena semente da cozinha pode ser cultivada em casa e tem chamado aten\u00e7\u00e3o pelos minerais ligados \u00e0 sa\u00fade dos ossos.\" \/>\n<meta property=\"og:url\" content=\"https:\/\/www.correiobraziliense.com.br\/cbradar\/a-semente-pequena-que-muita-gente-tem-na-cozinha-pode-ser-plantada-em-casa-e-ainda-ajudar-a-fortalecer-os-ossos\/\" \/>\n<meta property=\"og:site_name\" content=\"Correio Braziliense - Radar\" \/>\n<meta property=\"article:published_time\" content=\"2026-03-13T19:35:00+00:00\" \/>\n<meta property=\"og:image\" content=\"https:\/\/www.correiobraziliense.com.br\/cbradar\/wp-content\/uploads\/2026\/03\/freepik__vaso-mdio-em-varanda-ensolarada-com-planta-de-gerg__33566.jpeg\" \/>\n\t<meta property=\"og:image:width\" content=\"1280\" \/>\n\t<meta property=\"og:image:height\" content=\"720\" \/>\n\t<meta property=\"og:image:type\" content=\"image\/jpeg\" \/>\n<meta name=\"author\" content=\"Daniely Cardoso\" \/>\n<meta name=\"twitter:card\" content=\"summary_large_image\" \/>\n<meta name=\"twitter:label1\" content=\"Escrito por\" \/>\n\t<meta name=\"twitter:data1\" content=\"Daniely Cardoso\" \/>\n\t<meta name=\"twitter:label2\" content=\"Est. tempo de leitura\" \/>\n\t<meta name=\"twitter:data2\" content=\"5 minutos\" \/>\n<!-- \/ Yoast SEO plugin. -->","yoast_head_json":{"title":"A semente pequena que muita gente tem na cozinha pode ser plantada em casa e ainda ajudar a fortalecer os ossos - Correio Braziliense - Radar","description":"Uma pequena semente da cozinha pode ser cultivada em casa e tem chamado aten\u00e7\u00e3o pelos minerais ligados \u00e0 sa\u00fade dos ossos.","robots":{"index":"index","follow":"follow","max-snippet":"max-snippet:-1","max-image-preview":"max-image-preview:large","max-video-preview":"max-video-preview:-1"},"canonical":"https:\/\/www.correiobraziliense.com.br\/cbradar\/a-semente-pequena-que-muita-gente-tem-na-cozinha-pode-ser-plantada-em-casa-e-ainda-ajudar-a-fortalecer-os-ossos\/","og_locale":"pt_BR","og_type":"article","og_title":"A semente pequena que muita gente tem na cozinha pode ser plantada em casa e ainda ajudar a fortalecer os ossos - Correio Braziliense - Radar","og_description":"Uma pequena semente da cozinha pode ser cultivada em casa e tem chamado aten\u00e7\u00e3o pelos minerais ligados \u00e0 sa\u00fade dos ossos.","og_url":"https:\/\/www.correiobraziliense.com.br\/cbradar\/a-semente-pequena-que-muita-gente-tem-na-cozinha-pode-ser-plantada-em-casa-e-ainda-ajudar-a-fortalecer-os-ossos\/","og_site_name":"Correio Braziliense - Radar","article_published_time":"2026-03-13T19:35:00+00:00","og_image":[{"width":1280,"height":720,"url":"https:\/\/www.correiobraziliense.com.br\/cbradar\/wp-content\/uploads\/2026\/03\/freepik__vaso-mdio-em-varanda-ensolarada-com-planta-de-gerg__33566.jpeg","type":"image\/jpeg"}],"author":"Daniely Cardoso","twitter_card":"summary_large_image","twitter_misc":{"Escrito por":"Daniely Cardoso","Est. tempo de leitura":"5 minutos"},"schema":{"@context":"https:\/\/schema.org","@graph":[{"@type":"WebPage","@id":"https:\/\/www.correiobraziliense.com.br\/cbradar\/a-semente-pequena-que-muita-gente-tem-na-cozinha-pode-ser-plantada-em-casa-e-ainda-ajudar-a-fortalecer-os-ossos\/","url":"https:\/\/www.correiobraziliense.com.br\/cbradar\/a-semente-pequena-que-muita-gente-tem-na-cozinha-pode-ser-plantada-em-casa-e-ainda-ajudar-a-fortalecer-os-ossos\/","name":"A semente pequena que muita gente tem na cozinha pode ser plantada em casa e ainda ajudar a fortalecer os ossos - Correio Braziliense - Radar","isPartOf":{"@id":"https:\/\/www.correiobraziliense.com.br\/cbradar\/#website"},"primaryImageOfPage":{"@id":"https:\/\/www.correiobraziliense.com.br\/cbradar\/a-semente-pequena-que-muita-gente-tem-na-cozinha-pode-ser-plantada-em-casa-e-ainda-ajudar-a-fortalecer-os-ossos\/#primaryimage"},"image":{"@id":"https:\/\/www.correiobraziliense.com.br\/cbradar\/a-semente-pequena-que-muita-gente-tem-na-cozinha-pode-ser-plantada-em-casa-e-ainda-ajudar-a-fortalecer-os-ossos\/#primaryimage"},"thumbnailUrl":"https:\/\/www.correiobraziliense.com.br\/cbradar\/wp-content\/uploads\/2026\/03\/freepik__vaso-mdio-em-varanda-ensolarada-com-planta-de-gerg__33566.jpeg","datePublished":"2026-03-13T19:35:00+00:00","author":{"@id":"https:\/\/www.correiobraziliense.com.br\/cbradar\/#\/schema\/person\/7356666e12ec0ee53f348ee5db227032"},"description":"Uma pequena semente da cozinha pode ser cultivada em casa e tem chamado aten\u00e7\u00e3o pelos minerais ligados \u00e0 sa\u00fade dos ossos.","breadcrumb":{"@id":"https:\/\/www.correiobraziliense.com.br\/cbradar\/a-semente-pequena-que-muita-gente-tem-na-cozinha-pode-ser-plantada-em-casa-e-ainda-ajudar-a-fortalecer-os-ossos\/#breadcrumb"},"inLanguage":"pt-BR","potentialAction":[{"@type":"ReadAction","target":["https:\/\/www.correiobraziliense.com.br\/cbradar\/a-semente-pequena-que-muita-gente-tem-na-cozinha-pode-ser-plantada-em-casa-e-ainda-ajudar-a-fortalecer-os-ossos\/"]}]},{"@type":"ImageObject","inLanguage":"pt-BR","@id":"https:\/\/www.correiobraziliense.com.br\/cbradar\/a-semente-pequena-que-muita-gente-tem-na-cozinha-pode-ser-plantada-em-casa-e-ainda-ajudar-a-fortalecer-os-ossos\/#primaryimage","url":"https:\/\/www.correiobraziliense.com.br\/cbradar\/wp-content\/uploads\/2026\/03\/freepik__vaso-mdio-em-varanda-ensolarada-com-planta-de-gerg__33566.jpeg","contentUrl":"https:\/\/www.correiobraziliense.com.br\/cbradar\/wp-content\/uploads\/2026\/03\/freepik__vaso-mdio-em-varanda-ensolarada-com-planta-de-gerg__33566.jpeg","width":1280,"height":720,"caption":"O gergelim pode ser cultivado em vasos com boa exposi\u00e7\u00e3o ao sol e solo bem drenado"},{"@type":"BreadcrumbList","@id":"https:\/\/www.correiobraziliense.com.br\/cbradar\/a-semente-pequena-que-muita-gente-tem-na-cozinha-pode-ser-plantada-em-casa-e-ainda-ajudar-a-fortalecer-os-ossos\/#breadcrumb","itemListElement":[{"@type":"ListItem","position":1,"name":"In\u00edcio","item":"https:\/\/www.correiobraziliense.com.br\/cbradar\/"},{"@type":"ListItem","position":2,"name":"A semente pequena que muita gente tem na cozinha pode ser plantada em casa e ainda ajudar a fortalecer os ossos"}]},{"@type":"WebSite","@id":"https:\/\/www.correiobraziliense.com.br\/cbradar\/#website","url":"https:\/\/www.correiobraziliense.com.br\/cbradar\/","name":"Correio Braziliense - Radar","description":"Acompanhe as \u00faltimas not\u00edcias e fique bem informado sobre tudo o que acontece no Brasil e no mundo.","potentialAction":[{"@type":"SearchAction","target":{"@type":"EntryPoint","urlTemplate":"https:\/\/www.correiobraziliense.com.br\/cbradar\/?s={search_term_string}"},"query-input":{"@type":"PropertyValueSpecification","valueRequired":true,"valueName":"search_term_string"}}],"inLanguage":"pt-BR"},{"@type":"Person","@id":"https:\/\/www.correiobraziliense.com.br\/cbradar\/#\/schema\/person\/7356666e12ec0ee53f348ee5db227032","name":"Daniely Cardoso","image":{"@type":"ImageObject","inLanguage":"pt-BR","@id":"https:\/\/www.correiobraziliense.com.br\/cbradar\/#\/schema\/person\/image\/","url":"https:\/\/secure.gravatar.com\/avatar\/4b80ddbd124d1f071b626d52d62e5dff?s=96&d=mm&r=g","contentUrl":"https:\/\/secure.gravatar.com\/avatar\/4b80ddbd124d1f071b626d52d62e5dff?s=96&d=mm&r=g","caption":"Daniely Cardoso"},"description":"Redatora nos portais CB Radar e EM Foco, formada pela Universidade Federal de Goi\u00e1s, em Goi\u00e2nia. Apaixonada por comunica\u00e7\u00e3o, arte, decora\u00e7\u00e3o e tend\u00eancias, atuo na produ\u00e7\u00e3o de conte\u00fados envolventes sobre curiosidades, moda, beleza e paisagismo, sempre com um olhar atento \u00e0s novidades do momento.","sameAs":["https:\/\/www.correiobraziliense.com.br\/cbradar"],"url":"https:\/\/www.correiobraziliense.com.br\/cbradar\/author\/danielymyth\/"}]}},"_links":{"self":[{"href":"https:\/\/www.correiobraziliense.com.br\/cbradar\/wp-json\/wp\/v2\/posts\/207442","targetHints":{"allow":["GET"]}}],"collection":[{"href":"https:\/\/www.correiobraziliense.com.br\/cbradar\/wp-json\/wp\/v2\/posts"}],"about":[{"href":"https:\/\/www.correiobraziliense.com.br\/cbradar\/wp-json\/wp\/v2\/types\/post"}],"author":[{"embeddable":true,"href":"https:\/\/www.correiobraziliense.com.br\/cbradar\/wp-json\/wp\/v2\/users\/9"}],"replies":[{"embeddable":true,"href":"https:\/\/www.correiobraziliense.com.br\/cbradar\/wp-json\/wp\/v2\/comments?post=207442"}],"version-history":[{"count":2,"href":"https:\/\/www.correiobraziliense.com.br\/cbradar\/wp-json\/wp\/v2\/posts\/207442\/revisions"}],"predecessor-version":[{"id":207464,"href":"https:\/\/www.correiobraziliense.com.br\/cbradar\/wp-json\/wp\/v2\/posts\/207442\/revisions\/207464"}],"wp:featuredmedia":[{"embeddable":true,"href":"https:\/\/www.correiobraziliense.com.br\/cbradar\/wp-json\/wp\/v2\/media\/207578"}],"wp:attachment":[{"href":"https:\/\/www.correiobraziliense.com.br\/cbradar\/wp-json\/wp\/v2\/media?parent=207442"}],"wp:term":[{"taxonomy":"category","embeddable":true,"href":"https:\/\/www.correiobraziliense.com.br\/cbradar\/wp-json\/wp\/v2\/categories?post=207442"},{"taxonomy":"post_tag","embeddable":true,"href":"https:\/\/www.correiobraziliense.com.br\/cbradar\/wp-json\/wp\/v2\/tags?post=207442"}],"curies":[{"name":"wp","href":"https:\/\/api.w.org\/{rel}","templated":true}]}}