{"id":207467,"date":"2026-03-13T21:35:00","date_gmt":"2026-03-14T00:35:00","guid":{"rendered":"https:\/\/www.correiobraziliense.com.br\/cbradar\/?p=207467"},"modified":"2026-03-12T13:48:35","modified_gmt":"2026-03-12T16:48:35","slug":"os-tres-nomes-femininos-internacionais-com-tres-letras-que-estao-em-alta","status":"publish","type":"post","link":"https:\/\/www.correiobraziliense.com.br\/cbradar\/os-tres-nomes-femininos-internacionais-com-tres-letras-que-estao-em-alta\/","title":{"rendered":"Os tr\u00eas nomes femininos internacionais com tr\u00eas letras que est\u00e3o em alta"},"content":{"rendered":"\n<p>A busca por nomes curtos e impactantes reflete uma tend\u00eancia de minimalismo que conquistou os cart\u00f3rios internacionais recentemente. Essa prefer\u00eancia por op\u00e7\u00f5es com apenas tr\u00eas letras facilita a comunica\u00e7\u00e3o global e garante uma sonoridade moderna. Pais contempor\u00e2neos valorizam a praticidade sem abrir m\u00e3o da eleg\u00e2ncia necess\u00e1ria para construir uma identidade marcante e atemporal.<\/p>\n\n\n\n<h2 class=\"wp-block-heading\">Por que nomes minimalistas dominam as escolhas globais?<\/h2>\n\n\n\n<p>A prefer\u00eancia por nomes minimalistas decorre da necessidade de clareza em um mundo cada vez mais conectado digitalmente. Nomes com poucas letras funcionam como assinaturas visuais limpas, facilitando o reconhecimento imediato em redes sociais e documentos profissionais. Essa est\u00e9tica simplificada agrada fam\u00edlias que buscam modernidade e desejam evitar nomes excessivamente complexos ou dif\u00edceis de soletrar cotidianamente.<\/p>\n\n\n\n<p>Al\u00e9m da est\u00e9tica, a facilidade de pron\u00fancia em diferentes idiomas torna os nomes curtos extremamente estrat\u00e9gicos para o futuro. Uma crian\u00e7a com um nome de tr\u00eas letras ter\u00e1 menos dificuldades em processos de alfabetiza\u00e7\u00e3o e intera\u00e7\u00f5es internacionais. Essa versatilidade cultural garante que a identidade da menina seja preservada e respeitada em qualquer pa\u00eds onde ela decida morar ou trabalhar.<\/p>\n\n\n\n<figure class=\"wp-block-image size-full\"><img decoding=\"async\" width=\"1280\" height=\"720\" src=\"https:\/\/www.correiobraziliense.com.br\/cbradar\/wp-content\/uploads\/2026\/03\/Gemini_Generated_Image_wx1n0mwx1n0mwx1n-1-1.png\" alt=\"Os tr\u00eas nomes femininos internacionais com tr\u00eas letras que est\u00e3o em alta\" class=\"wp-image-207495\" srcset=\"https:\/\/www.correiobraziliense.com.br\/cbradar\/wp-content\/uploads\/2026\/03\/Gemini_Generated_Image_wx1n0mwx1n0mwx1n-1-1.png 1280w, https:\/\/www.correiobraziliense.com.br\/cbradar\/wp-content\/uploads\/2026\/03\/Gemini_Generated_Image_wx1n0mwx1n0mwx1n-1-1-300x169.png 300w, https:\/\/www.correiobraziliense.com.br\/cbradar\/wp-content\/uploads\/2026\/03\/Gemini_Generated_Image_wx1n0mwx1n0mwx1n-1-1-768x432.png 768w, https:\/\/www.correiobraziliense.com.br\/cbradar\/wp-content\/uploads\/2026\/03\/Gemini_Generated_Image_wx1n0mwx1n0mwx1n-1-1-750x422.png 750w, https:\/\/www.correiobraziliense.com.br\/cbradar\/wp-content\/uploads\/2026\/03\/Gemini_Generated_Image_wx1n0mwx1n0mwx1n-1-1-1140x641.png 1140w\" sizes=\"(max-width: 1280px) 100vw, 1280px\" \/><figcaption class=\"wp-element-caption\">Nomes femininos com tr\u00eas letras unem simplicidade, eleg\u00e2ncia e praticidade<\/figcaption><\/figure>\n\n\n\n<h2 class=\"wp-block-heading\">Quais s\u00e3o as vantagens de uma grafia t\u00e3o curta?<\/h2>\n\n\n\n<p>Nomes curtos reduzem drasticamente a incid\u00eancia de erros de grafia em registros escolares e burocr\u00e1ticos ao longo da vida. A brevidade permite que o nome seja escrito rapidamente, o que \u00e9 uma vantagem pr\u00e1tica indiscut\u00edvel em formul\u00e1rios manuais ou digitais. Pais que escolhem essa estrutura minimalista oferecem \u00e0s filhas uma identifica\u00e7\u00e3o direta, que comunica confian\u00e7a e sofistica\u00e7\u00e3o imediata e constante.<\/p>\n\n\n\n<p>A harmonia visual de um nome com tr\u00eas letras permite combina\u00e7\u00f5es equilibradas com sobrenomes mais longos ou compostos. Essa propor\u00e7\u00e3o est\u00e9tica cria uma sonoridade r\u00edtmica agrad\u00e1vel, evitando que o nome completo soe cansativo ou visualmente polu\u00eddo. A escolha consciente por essa brevidade demonstra um senso de estilo refinado que prioriza o essencial e valoriza a for\u00e7a de cada caractere individualmente.<\/p>\n\n\n\n<h2 class=\"wp-block-heading\">Como selecionar a melhor op\u00e7\u00e3o para sua filha?<\/h2>\n\n\n\n<p>Analisar o significado etimol\u00f3gico e a popularidade regional \u00e9 o primeiro passo para garantir uma escolha segura e satisfat\u00f3ria. \u00c9 fundamental testar a sonoridade do nome junto ao sobrenome da fam\u00edlia para verificar se a combina\u00e7\u00e3o flui naturalmente na fala. Considerar o contexto internacional tamb\u00e9m ajuda a evitar nomes que possuam tradu\u00e7\u00f5es indesejadas ou estranhas em outras culturas globais.<\/p>\n\n\n\n<p>Para auxiliar sua decis\u00e3o e apresentar as tend\u00eancias que est\u00e3o moldando os registros de nascimento ao redor do globo neste ano, selecionei os exemplos seguintes:<\/p>\n\n\n\n<ul class=\"wp-block-list\">\n<li><strong>Mia<\/strong><\/li>\n\n\n\n<li><strong>Eva<\/strong><\/li>\n\n\n\n<li><strong>Ada<\/strong><\/li>\n<\/ul>\n\n\n\n<h2 class=\"wp-block-heading\">Qual o significado cultural das op\u00e7\u00f5es mais populares?<\/h2>\n\n\n\n<p>O nome <strong>Mia<\/strong> possui origem escandinava e latina, simbolizando algu\u00e9m que \u00e9 amada ou querida em diversas culturas ocidentais. J\u00e1 <strong>Eva<\/strong> remete \u00e0 vida e \u00e0 ancestralidade, mantendo uma for\u00e7a atemporal que atravessa s\u00e9culos sem perder o frescor. Essas denomina\u00e7\u00f5es curtas carregam um peso hist\u00f3rico significativo, provando que a brevidade n\u00e3o compromete a profundidade do significado escolhido.<\/p>\n\n\n\n<p>Op\u00e7\u00f5es como <strong>Ada<\/strong> evocam nobreza e intelig\u00eancia, sendo associadas a figuras hist\u00f3ricas importantes que abriram caminhos nas artes e ci\u00eancias. A popularidade desses nomes cresce porque eles conseguem unir tradi\u00e7\u00e3o e modernidade em apenas uma s\u00edlaba ou poucas batidas fon\u00e9ticas. Escolher nomes com tais ra\u00edzes garante que a crian\u00e7a possua uma identidade conectada a valores positivos e inspiradores globalmente.<\/p>\n\n\n\n<p>No v\u00eddeo abaixo do TikTok <strong><em>Nomes_baby<\/em><\/strong>, que conta com mais de <em><strong>171 mil<\/strong><\/em> seguidores, revela os nomes femininos internacionais com 3 letras:<\/p>\n\n\n\n<blockquote class=\"tiktok-embed\" cite=\"https:\/\/www.tiktok.com\/@nomes_baby\/video\/7423862271635410182\" data-video-id=\"7423862271635410182\" style=\"max-width: 605px;min-width: 325px;\" > <section> <a target=\"_blank\" title=\"@nomes_baby\" href=\"https:\/\/www.tiktok.com\/@nomes_baby?refer=embed\">@nomes_baby<\/a> 3 Lettee Girl Nomes \ud83d\udc96\u2728<a title=\"babymenina\u2764\ud83d\udc51\" target=\"_blank\" href=\"https:\/\/www.tiktok.com\/tag\/babymenina%E2%9D%A4%F0%9F%91%91?refer=embed\">#babymenina\u2764\ud83d\udc51<\/a> <a title=\"nomesdebebes\" target=\"_blank\" href=\"https:\/\/www.tiktok.com\/tag\/nomesdebebes?refer=embed\">#nomesdebebes<\/a> <a title=\"babygril\u2764\ufe0f\" target=\"_blank\" href=\"https:\/\/www.tiktok.com\/tag\/babygril%E2%9D%A4%EF%B8%8F?refer=embed\">#babygril\u2764\ufe0f<\/a> <a title=\"nomeslindosdemeninas\" target=\"_blank\" href=\"https:\/\/www.tiktok.com\/tag\/nomeslindosdemeninas?refer=embed\">#nomeslindosdemeninas<\/a> <a title=\"ni\u00f1a\" target=\"_blank\" href=\"https:\/\/www.tiktok.com\/tag\/ni%C3%B1a?refer=embed\">#ni\u00f1a<\/a> <a title=\"maedemenina\" target=\"_blank\" href=\"https:\/\/www.tiktok.com\/tag\/maedemenina?refer=embed\">#maedemenina<\/a> <a target=\"_blank\" title=\"\u266c som original - Nomes_ Baby\" href=\"https:\/\/www.tiktok.com\/music\/som-original-7423862304758205189?refer=embed\">\u266c som original &#8211; Nomes_ Baby<\/a> <\/section> <\/blockquote> <script async src=\"https:\/\/www.tiktok.com\/embed.js\"><\/script>\n\n\n\n<p>Leia tamb\u00e9m: <a href=\"https:\/\/www.correiobraziliense.com.br\/cbradar\/os-nomes-de-bebes-que-atravessaram-geracoes-e-continuam-sendo-escolhas-seguras-para-os-pais\/\" target=\"_blank\" rel=\"noreferrer noopener\">Os nomes de beb\u00eas que atravessaram gera\u00e7\u00f5es e continuam sendo escolhas seguras para os pais<\/a><\/p>\n\n\n\n<h2 class=\"wp-block-heading\">Em qual portal validar a tend\u00eancia antes do registro final?<\/h2>\n\n\n\n<p>Consultar bases de dados oficiais permite que os pais entendam a trajet\u00f3ria de crescimento de cada nome nos \u00faltimos anos. Essas plataformas fornecem informa\u00e7\u00f5es precisas sobre a frequ\u00eancia de registros, ajudando a identificar se uma op\u00e7\u00e3o est\u00e1 se tornando comum demais. O acesso a dados estat\u00edsticos confi\u00e1veis oferece a seguran\u00e7a necess\u00e1ria para quem deseja um nome exclusivo ou amplamente aceito socialmente.<\/p>\n\n\n\n<p>O acompanhamento dessas mudan\u00e7as demogr\u00e1ficas \u00e9 realizado por \u00f3rg\u00e3os que monitoram a evolu\u00e7\u00e3o do idioma e dos costumes sociais em todo o territ\u00f3rio nacional. Para verificar a popularidade exata e as varia\u00e7\u00f5es regionais de cada termo, voc\u00ea deve acessar o portal do <strong><a target=\"_blank\" rel=\"noreferrer noopener\" href=\"https:\/\/censo2010.ibge.gov.br\/nomes\/\">IBGE Nomes<\/a><\/strong>. Utilizar essa ferramenta de autoridade governamental \u00e9 o caminho mais seguro para fundamentar sua decis\u00e3o com <strong>rigor t\u00e9cnico e precis\u00e3o<\/strong>.<\/p>\n","protected":false},"excerpt":{"rendered":"<p>A busca por nomes curtos e impactantes reflete uma tend\u00eancia de minimalismo que conquistou os cart\u00f3rios internacionais recentemente. Essa prefer\u00eancia por op\u00e7\u00f5es com apenas tr\u00eas letras facilita a comunica\u00e7\u00e3o global e garante uma sonoridade moderna. Pais contempor\u00e2neos valorizam a praticidade sem abrir m\u00e3o da eleg\u00e2ncia necess\u00e1ria para construir uma identidade marcante e atemporal. Por que [&hellip;]<\/p>\n","protected":false},"author":21,"featured_media":207485,"comment_status":"open","ping_status":"open","sticky":false,"template":"","format":"standard","meta":{"_yoast_wpseo_focuskw":"nomes femininos com tr\u00eas letras","_yoast_wpseo_title":"","_yoast_wpseo_metadesc":"Nomes femininos com tr\u00eas letras ganham espa\u00e7o por serem curtos, elegantes e f\u00e1ceis de pronunciar em diferentes idiomas","jnews-multi-image_gallery":[],"jnews_single_post":{"format":"standard"},"jnews_primary_category":[],"jnews_social_meta":[],"jnews_override_counter":[],"footnotes":""},"categories":[112],"tags":[5901,11783,7907,16050],"class_list":["post-207467","post","type-post","status-publish","format-standard","has-post-thumbnail","hentry","category-curiosidades","tag-bebes","tag-nomes-de-bebes","tag-nomes-femininos","tag-tres-letras"],"yoast_head":"<!-- This site is optimized with the Yoast SEO plugin v24.6 - https:\/\/yoast.com\/wordpress\/plugins\/seo\/ -->\n<title>Os tr\u00eas nomes femininos internacionais com tr\u00eas letras que est\u00e3o em alta - Correio Braziliense - Radar<\/title>\n<meta name=\"description\" content=\"Nomes femininos com tr\u00eas letras ganham espa\u00e7o por serem curtos, elegantes e f\u00e1ceis de pronunciar em diferentes idiomas\" \/>\n<meta name=\"robots\" content=\"index, follow, max-snippet:-1, max-image-preview:large, max-video-preview:-1\" \/>\n<link rel=\"canonical\" href=\"https:\/\/www.correiobraziliense.com.br\/cbradar\/os-tres-nomes-femininos-internacionais-com-tres-letras-que-estao-em-alta\/\" \/>\n<meta property=\"og:locale\" content=\"pt_BR\" \/>\n<meta property=\"og:type\" content=\"article\" \/>\n<meta property=\"og:title\" content=\"Os tr\u00eas nomes femininos internacionais com tr\u00eas letras que est\u00e3o em alta - Correio Braziliense - Radar\" \/>\n<meta property=\"og:description\" content=\"Nomes femininos com tr\u00eas letras ganham espa\u00e7o por serem curtos, elegantes e f\u00e1ceis de pronunciar em diferentes idiomas\" \/>\n<meta property=\"og:url\" content=\"https:\/\/www.correiobraziliense.com.br\/cbradar\/os-tres-nomes-femininos-internacionais-com-tres-letras-que-estao-em-alta\/\" \/>\n<meta property=\"og:site_name\" content=\"Correio Braziliense - Radar\" \/>\n<meta property=\"article:published_time\" content=\"2026-03-14T00:35:00+00:00\" \/>\n<meta property=\"og:image\" content=\"https:\/\/www.correiobraziliense.com.br\/cbradar\/wp-content\/uploads\/2026\/03\/Gemini_Generated_Image_yrwzoayrwzoayrwz-1-1.png\" \/>\n\t<meta property=\"og:image:width\" content=\"1280\" \/>\n\t<meta property=\"og:image:height\" content=\"720\" \/>\n\t<meta property=\"og:image:type\" content=\"image\/png\" \/>\n<meta name=\"author\" content=\"Patrick Silva\" \/>\n<meta name=\"twitter:card\" content=\"summary_large_image\" \/>\n<meta name=\"twitter:label1\" content=\"Escrito por\" \/>\n\t<meta name=\"twitter:data1\" content=\"Patrick Silva\" \/>\n\t<meta name=\"twitter:label2\" content=\"Est. tempo de leitura\" \/>\n\t<meta name=\"twitter:data2\" content=\"5 minutos\" \/>\n<!-- \/ Yoast SEO plugin. -->","yoast_head_json":{"title":"Os tr\u00eas nomes femininos internacionais com tr\u00eas letras que est\u00e3o em alta - Correio Braziliense - Radar","description":"Nomes femininos com tr\u00eas letras ganham espa\u00e7o por serem curtos, elegantes e f\u00e1ceis de pronunciar em diferentes idiomas","robots":{"index":"index","follow":"follow","max-snippet":"max-snippet:-1","max-image-preview":"max-image-preview:large","max-video-preview":"max-video-preview:-1"},"canonical":"https:\/\/www.correiobraziliense.com.br\/cbradar\/os-tres-nomes-femininos-internacionais-com-tres-letras-que-estao-em-alta\/","og_locale":"pt_BR","og_type":"article","og_title":"Os tr\u00eas nomes femininos internacionais com tr\u00eas letras que est\u00e3o em alta - Correio Braziliense - Radar","og_description":"Nomes femininos com tr\u00eas letras ganham espa\u00e7o por serem curtos, elegantes e f\u00e1ceis de pronunciar em diferentes idiomas","og_url":"https:\/\/www.correiobraziliense.com.br\/cbradar\/os-tres-nomes-femininos-internacionais-com-tres-letras-que-estao-em-alta\/","og_site_name":"Correio Braziliense - Radar","article_published_time":"2026-03-14T00:35:00+00:00","og_image":[{"width":1280,"height":720,"url":"https:\/\/www.correiobraziliense.com.br\/cbradar\/wp-content\/uploads\/2026\/03\/Gemini_Generated_Image_yrwzoayrwzoayrwz-1-1.png","type":"image\/png"}],"author":"Patrick Silva","twitter_card":"summary_large_image","twitter_misc":{"Escrito por":"Patrick Silva","Est. tempo de leitura":"5 minutos"},"schema":{"@context":"https:\/\/schema.org","@graph":[{"@type":"WebPage","@id":"https:\/\/www.correiobraziliense.com.br\/cbradar\/os-tres-nomes-femininos-internacionais-com-tres-letras-que-estao-em-alta\/","url":"https:\/\/www.correiobraziliense.com.br\/cbradar\/os-tres-nomes-femininos-internacionais-com-tres-letras-que-estao-em-alta\/","name":"Os tr\u00eas nomes femininos internacionais com tr\u00eas letras que est\u00e3o em alta - Correio Braziliense - Radar","isPartOf":{"@id":"https:\/\/www.correiobraziliense.com.br\/cbradar\/#website"},"primaryImageOfPage":{"@id":"https:\/\/www.correiobraziliense.com.br\/cbradar\/os-tres-nomes-femininos-internacionais-com-tres-letras-que-estao-em-alta\/#primaryimage"},"image":{"@id":"https:\/\/www.correiobraziliense.com.br\/cbradar\/os-tres-nomes-femininos-internacionais-com-tres-letras-que-estao-em-alta\/#primaryimage"},"thumbnailUrl":"https:\/\/www.correiobraziliense.com.br\/cbradar\/wp-content\/uploads\/2026\/03\/Gemini_Generated_Image_yrwzoayrwzoayrwz-1-1.png","datePublished":"2026-03-14T00:35:00+00:00","author":{"@id":"https:\/\/www.correiobraziliense.com.br\/cbradar\/#\/schema\/person\/5440b72be9c7eb74f446c846479dc4da"},"description":"Nomes femininos com tr\u00eas letras ganham espa\u00e7o por serem curtos, elegantes e f\u00e1ceis de pronunciar em diferentes idiomas","breadcrumb":{"@id":"https:\/\/www.correiobraziliense.com.br\/cbradar\/os-tres-nomes-femininos-internacionais-com-tres-letras-que-estao-em-alta\/#breadcrumb"},"inLanguage":"pt-BR","potentialAction":[{"@type":"ReadAction","target":["https:\/\/www.correiobraziliense.com.br\/cbradar\/os-tres-nomes-femininos-internacionais-com-tres-letras-que-estao-em-alta\/"]}]},{"@type":"ImageObject","inLanguage":"pt-BR","@id":"https:\/\/www.correiobraziliense.com.br\/cbradar\/os-tres-nomes-femininos-internacionais-com-tres-letras-que-estao-em-alta\/#primaryimage","url":"https:\/\/www.correiobraziliense.com.br\/cbradar\/wp-content\/uploads\/2026\/03\/Gemini_Generated_Image_yrwzoayrwzoayrwz-1-1.png","contentUrl":"https:\/\/www.correiobraziliense.com.br\/cbradar\/wp-content\/uploads\/2026\/03\/Gemini_Generated_Image_yrwzoayrwzoayrwz-1-1.png","width":1280,"height":720,"caption":"Nomes femininos com tr\u00eas letras unem simplicidade, eleg\u00e2ncia e praticidade"},{"@type":"BreadcrumbList","@id":"https:\/\/www.correiobraziliense.com.br\/cbradar\/os-tres-nomes-femininos-internacionais-com-tres-letras-que-estao-em-alta\/#breadcrumb","itemListElement":[{"@type":"ListItem","position":1,"name":"In\u00edcio","item":"https:\/\/www.correiobraziliense.com.br\/cbradar\/"},{"@type":"ListItem","position":2,"name":"Os tr\u00eas nomes femininos internacionais com tr\u00eas letras que est\u00e3o em alta"}]},{"@type":"WebSite","@id":"https:\/\/www.correiobraziliense.com.br\/cbradar\/#website","url":"https:\/\/www.correiobraziliense.com.br\/cbradar\/","name":"Correio Braziliense - Radar","description":"Acompanhe as \u00faltimas not\u00edcias e fique bem informado sobre tudo o que acontece no Brasil e no mundo.","potentialAction":[{"@type":"SearchAction","target":{"@type":"EntryPoint","urlTemplate":"https:\/\/www.correiobraziliense.com.br\/cbradar\/?s={search_term_string}"},"query-input":{"@type":"PropertyValueSpecification","valueRequired":true,"valueName":"search_term_string"}}],"inLanguage":"pt-BR"},{"@type":"Person","@id":"https:\/\/www.correiobraziliense.com.br\/cbradar\/#\/schema\/person\/5440b72be9c7eb74f446c846479dc4da","name":"Patrick Silva","image":{"@type":"ImageObject","inLanguage":"pt-BR","@id":"https:\/\/www.correiobraziliense.com.br\/cbradar\/#\/schema\/person\/image\/","url":"https:\/\/secure.gravatar.com\/avatar\/944109df296fc087785c9715fd5f80b2?s=96&d=mm&r=g","contentUrl":"https:\/\/secure.gravatar.com\/avatar\/944109df296fc087785c9715fd5f80b2?s=96&d=mm&r=g","caption":"Patrick Silva"},"sameAs":["https:\/\/www.correiobraziliense.com.br\/cbradar\/"],"url":"https:\/\/www.correiobraziliense.com.br\/cbradar\/author\/patrick-silva\/"}]}},"_links":{"self":[{"href":"https:\/\/www.correiobraziliense.com.br\/cbradar\/wp-json\/wp\/v2\/posts\/207467","targetHints":{"allow":["GET"]}}],"collection":[{"href":"https:\/\/www.correiobraziliense.com.br\/cbradar\/wp-json\/wp\/v2\/posts"}],"about":[{"href":"https:\/\/www.correiobraziliense.com.br\/cbradar\/wp-json\/wp\/v2\/types\/post"}],"author":[{"embeddable":true,"href":"https:\/\/www.correiobraziliense.com.br\/cbradar\/wp-json\/wp\/v2\/users\/21"}],"replies":[{"embeddable":true,"href":"https:\/\/www.correiobraziliense.com.br\/cbradar\/wp-json\/wp\/v2\/comments?post=207467"}],"version-history":[{"count":1,"href":"https:\/\/www.correiobraziliense.com.br\/cbradar\/wp-json\/wp\/v2\/posts\/207467\/revisions"}],"predecessor-version":[{"id":207497,"href":"https:\/\/www.correiobraziliense.com.br\/cbradar\/wp-json\/wp\/v2\/posts\/207467\/revisions\/207497"}],"wp:featuredmedia":[{"embeddable":true,"href":"https:\/\/www.correiobraziliense.com.br\/cbradar\/wp-json\/wp\/v2\/media\/207485"}],"wp:attachment":[{"href":"https:\/\/www.correiobraziliense.com.br\/cbradar\/wp-json\/wp\/v2\/media?parent=207467"}],"wp:term":[{"taxonomy":"category","embeddable":true,"href":"https:\/\/www.correiobraziliense.com.br\/cbradar\/wp-json\/wp\/v2\/categories?post=207467"},{"taxonomy":"post_tag","embeddable":true,"href":"https:\/\/www.correiobraziliense.com.br\/cbradar\/wp-json\/wp\/v2\/tags?post=207467"}],"curies":[{"name":"wp","href":"https:\/\/api.w.org\/{rel}","templated":true}]}}