{"id":207489,"date":"2026-03-13T15:15:00","date_gmt":"2026-03-13T18:15:00","guid":{"rendered":"https:\/\/www.correiobraziliense.com.br\/cbradar\/?p=207489"},"modified":"2026-03-12T13:49:32","modified_gmt":"2026-03-12T16:49:32","slug":"ha-anos-ou-a-anos-e-um-dos-erros-mais-comuns-no-portugues-e-esta-e-a-forma-correta","status":"publish","type":"post","link":"https:\/\/www.correiobraziliense.com.br\/cbradar\/ha-anos-ou-a-anos-e-um-dos-erros-mais-comuns-no-portugues-e-esta-e-a-forma-correta\/","title":{"rendered":"\u201cH\u00e1 anos\u201d ou \u201ca anos\u201d \u00e9 um dos erros mais comuns no portugu\u00eas \u2014 e esta \u00e9 a forma correta"},"content":{"rendered":"\n<p>Diferenciar o uso de h\u00e1 anos e a anos \u00e9 fundamental para quem deseja escrever corretamente de acordo com a norma culta. Muitas pessoas confundem o tempo decorrido com a dist\u00e2ncia temporal futura, cometendo erros que prejudicam a credibilidade do texto. Dominar essa regra simples garante uma comunica\u00e7\u00e3o clara e tecnicamente impec\u00e1vel para voc\u00ea.<\/p>\n\n\n\n<h2 class=\"wp-block-heading\">Como saber se devo usar o verbo ou a preposi\u00e7\u00e3o?<\/h2>\n\n\n\n<p>Para identificar qual termo utilizar em suas frases, voc\u00ea deve observar o sentido temporal da ora\u00e7\u00e3o de maneira atenta e l\u00f3gica. O verbo haver, na forma h\u00e1, \u00e9 empregado exclusivamente para indicar tempo que j\u00e1 passou, podendo ser substitu\u00eddo perfeitamente pelo verbo fazer. Essa substitui\u00e7\u00e3o mental \u00e9 o m\u00e9todo mais eficaz para evitar equ\u00edvocos ortogr\u00e1ficos b\u00e1sicos.<\/p>\n\n\n\n<p>J\u00e1 a preposi\u00e7\u00e3o a deve ser utilizada quando a senten\u00e7a se refere a um tempo futuro ou a uma dist\u00e2ncia espacial espec\u00edfica. Se voc\u00ea pretende dizer que algo acontecer\u00e1 daqui a dois anos, o uso da letra sozinha \u00e9 a forma correta exigida pelos gram\u00e1ticos. Perceber essa diferen\u00e7a bin\u00e1ria entre o passado e o futuro elimina qualquer d\u00favida gramatical.<\/p>\n\n\n\n<figure class=\"wp-block-image size-full\"><img decoding=\"async\" width=\"1280\" height=\"720\" src=\"https:\/\/www.correiobraziliense.com.br\/cbradar\/wp-content\/uploads\/2026\/03\/Gemini_Generated_Image_ds9v2yds9v2yds9v-1-1.png\" alt=\"\u201cH\u00e1 anos\u201d ou \u201ca anos\u201d \u00e9 um dos erros mais comuns no portugu\u00eas \u2014 e esta \u00e9 a forma correta\" class=\"wp-image-207504\" srcset=\"https:\/\/www.correiobraziliense.com.br\/cbradar\/wp-content\/uploads\/2026\/03\/Gemini_Generated_Image_ds9v2yds9v2yds9v-1-1.png 1280w, https:\/\/www.correiobraziliense.com.br\/cbradar\/wp-content\/uploads\/2026\/03\/Gemini_Generated_Image_ds9v2yds9v2yds9v-1-1-300x169.png 300w, https:\/\/www.correiobraziliense.com.br\/cbradar\/wp-content\/uploads\/2026\/03\/Gemini_Generated_Image_ds9v2yds9v2yds9v-1-1-768x432.png 768w, https:\/\/www.correiobraziliense.com.br\/cbradar\/wp-content\/uploads\/2026\/03\/Gemini_Generated_Image_ds9v2yds9v2yds9v-1-1-750x422.png 750w, https:\/\/www.correiobraziliense.com.br\/cbradar\/wp-content\/uploads\/2026\/03\/Gemini_Generated_Image_ds9v2yds9v2yds9v-1-1-1140x641.png 1140w\" sizes=\"(max-width: 1280px) 100vw, 1280px\" \/><figcaption class=\"wp-element-caption\">H\u00e1 anos indica tempo passado enquanto a anos indica tempo futuro ou dist\u00e2ncia<\/figcaption><\/figure>\n\n\n\n<h2 class=\"wp-block-heading\">Por que o uso de atr\u00e1s junto com o verbo \u00e9 errado?<\/h2>\n\n\n\n<p>Um erro comum que muitos cometem \u00e9 utilizar a express\u00e3o h\u00e1 muitos anos atr\u00e1s, o que configura um pleonasmo vicioso evit\u00e1vel. Como o verbo haver j\u00e1 carrega a ideia de tempo transcorrido, a palavra atr\u00e1s torna-se completamente redundante e desnecess\u00e1ria na constru\u00e7\u00e3o da ora\u00e7\u00e3o. Prefira utilizar apenas uma das formas para manter a eleg\u00e2ncia e a precis\u00e3o do seu texto.<\/p>\n\n\n\n<p>A clareza na escrita depende do respeito estrito \u00e0s regras de concord\u00e2ncia e ao uso adequado das classes gramaticais envolvidas. Quando voc\u00ea compreende a fun\u00e7\u00e3o do verbo e da preposi\u00e7\u00e3o, a produ\u00e7\u00e3o textual torna-se mais fluida e segura para o leitor comum. Dominar esses detalhes lingu\u00edsticos \u00e9 um diferencial importante para quem busca autoridade e profissionalismo em qualquer canal.<\/p>\n\n\n\n<h2 class=\"wp-block-heading\">Quais exemplos do cotidiano ajudam a fixar o aprendizado?<\/h2>\n\n\n\n<p>A aplica\u00e7\u00e3o pr\u00e1tica desses conceitos facilita a fixa\u00e7\u00e3o do aprendizado e reduz a ocorr\u00eancia de deslizes em documentos profissionais ou acad\u00eamicos importantes. Observar exemplos reais ajuda o c\u00e9rebro a memorizar o padr\u00e3o correto sem a necessidade de consultar manuais t\u00e9cnicos a todo momento. Para ajudar na sua memoriza\u00e7\u00e3o imediata, reuni algumas senten\u00e7as exemplares que ilustram perfeitamente essa distin\u00e7\u00e3o necess\u00e1ria:<\/p>\n\n\n\n<ul class=\"wp-block-list\">\n<li>H\u00e1 cinco anos (Tempo passado).<\/li>\n\n\n\n<li>Daqui a dois meses (Tempo futuro).<\/li>\n\n\n\n<li>Estamos a dez quil\u00f4metros (Dist\u00e2ncia).<\/li>\n\n\n\n<li>H\u00e1 muito tempo n\u00e3o o vejo (Tempo decorrido).<\/li>\n\n\n\n<li>A reuni\u00e3o ser\u00e1 daqui a pouco (Tempo futuro).<\/li>\n<\/ul>\n\n\n\n<h2 class=\"wp-block-heading\">Qual a import\u00e2ncia de dominar as normas cultas do idioma?<\/h2>\n\n\n\n<p>Saber quando utilizar cada forma gramatical evita que seu texto pare\u00e7a descuidado aos olhos de avaliadores ou clientes exigentes no mercado atual. A l\u00edngua portuguesa possui nuances que podem ser dominadas com pr\u00e1tica e aten\u00e7\u00e3o aos detalhes das normas estabelecidas por \u00f3rg\u00e3os oficiais. Manter-se atualizado com as regras ortogr\u00e1ficas vigentes \u00e9 essencial para qualquer pessoa que produza conte\u00fados relevantes.<\/p>\n\n\n\n<p>A seguran\u00e7a ao escrever permite que voc\u00ea se concentre na mensagem principal sem se preocupar com cr\u00edticas sobre sua profici\u00eancia no idioma nacional. Pequenos ajustes na forma como voc\u00ea encara as preposi\u00e7\u00f5es e verbos impessoais fazem uma grande diferen\u00e7a na percep\u00e7\u00e3o de qualidade do seu trabalho final. A dedica\u00e7\u00e3o ao estudo cont\u00ednuo das normas cultas reflete o seu compromisso com a excel\u00eancia profissional.<\/p>\n\n\n\n<p>No v\u00eddeo abaixo do TikTok <strong><em>Fluminenseprof<\/em><\/strong>, que conta com mais de <strong><em>516 mil<\/em><\/strong> seguidores, ele explica a forma correta de usar o verbo &#8220;haver&#8221;:<\/p>\n\n\n\n<blockquote class=\"tiktok-embed\" cite=\"https:\/\/www.tiktok.com\/@fluminenseprof\/video\/7241221430258437382\" data-video-id=\"7241221430258437382\" style=\"max-width: 605px;min-width: 325px;\" > <section> <a target=\"_blank\" title=\"@fluminenseprof\" href=\"https:\/\/www.tiktok.com\/@fluminenseprof?refer=embed\">@fluminenseprof<\/a> <a title=\"portugues\" target=\"_blank\" href=\"https:\/\/www.tiktok.com\/tag\/portugues?refer=embed\">#portugues<\/a> <a title=\"linguaportuguesa\" target=\"_blank\" href=\"https:\/\/www.tiktok.com\/tag\/linguaportuguesa?refer=embed\">#linguaportuguesa<\/a> <a title=\"dicasdeportugues\" target=\"_blank\" href=\"https:\/\/www.tiktok.com\/tag\/dicasdeportugues?refer=embed\">#dicasdeportugues<\/a>  <a title=\"concurso\" target=\"_blank\" href=\"https:\/\/www.tiktok.com\/tag\/concurso?refer=embed\">#concurso<\/a> <a title=\"concurseiro\" target=\"_blank\" href=\"https:\/\/www.tiktok.com\/tag\/concurseiro?refer=embed\">#concurseiro<\/a> <a title=\"concursopublico\" target=\"_blank\" href=\"https:\/\/www.tiktok.com\/tag\/concursopublico?refer=embed\">#concursopublico<\/a>  <a title=\"estudaqueavidamuda\" target=\"_blank\" href=\"https:\/\/www.tiktok.com\/tag\/estudaqueavidamuda?refer=embed\">#estudaqueavidamuda<\/a> <a title=\"estudaquepassa\" target=\"_blank\" href=\"https:\/\/www.tiktok.com\/tag\/estudaquepassa?refer=embed\">#estudaquepassa<\/a> <a title=\"estudos\" target=\"_blank\" href=\"https:\/\/www.tiktok.com\/tag\/estudos?refer=embed\">#estudos<\/a>  <a title=\"enem\" target=\"_blank\" href=\"https:\/\/www.tiktok.com\/tag\/enem?refer=embed\">#enem<\/a> <a target=\"_blank\" title=\"\u266c som original - Luiz Fluminense | Portugu\u00eas\" href=\"https:\/\/www.tiktok.com\/music\/som-original-7241221448076200709?refer=embed\">\u266c som original &#8211; Luiz Fluminense | Portugu\u00eas<\/a> <\/section> <\/blockquote> <script async src=\"https:\/\/www.tiktok.com\/embed.js\"><\/script>\n\n\n\n<p>Leia tamb\u00e9m: <a href=\"https:\/\/www.correiobraziliense.com.br\/cbradar\/o-verbo-comum-que-quase-todo-mundo-usa-errado-no-passado\/\" target=\"_blank\" rel=\"noreferrer noopener\">O verbo comum que quase todo mundo usa errado no passado<\/a><\/p>\n\n\n\n<h2 class=\"wp-block-heading\">Como garantir a corre\u00e7\u00e3o gramatical definitiva em sua escrita?<\/h2>\n\n\n\n<p>A <strong>Academia Brasileira de Letras<\/strong> refor\u00e7a que o uso correto do idioma \u00e9 um pilar fundamental para a integra\u00e7\u00e3o cultural e a clareza documental. Seguir as orienta\u00e7\u00f5es do <strong>Vocabul\u00e1rio Ortogr\u00e1fico da L\u00edngua Portuguesa<\/strong> garante que sua escrita esteja alinhada com as leis gramaticais vigentes no territ\u00f3rio nacional. O respeito \u00e0s normas ortogr\u00e1ficas preserva a integridade da comunica\u00e7\u00e3o escrita em todos os n\u00edveis.<\/p>\n\n\n\n<p>Para verificar a grafia correta de qualquer termo e sanar d\u00favidas sobre locu\u00e7\u00f5es temporais complexas, voc\u00ea deve acessar o <strong><a target=\"_blank\" rel=\"noreferrer noopener\" href=\"https:\/\/www.academia.org.br\/nossa-lingua\/busca-no-vocabulario\">Vocabul\u00e1rio Ortogr\u00e1fico da L\u00edngua Portuguesa<\/a><\/strong>. Este recurso oficial \u00e9 a ferramenta definitiva para validar seu conhecimento e assegurar que seus textos possuam o rigor necess\u00e1rio exigido pelas autoridades lingu\u00edsticas. Utilize essa refer\u00eancia para elevar o patamar de suas produ\u00e7\u00f5es e <strong>garantir m\u00e1xima credibilidade hoje<\/strong>.<\/p>\n","protected":false},"excerpt":{"rendered":"<p>Diferenciar o uso de h\u00e1 anos e a anos \u00e9 fundamental para quem deseja escrever corretamente de acordo com a norma culta. Muitas pessoas confundem o tempo decorrido com a dist\u00e2ncia temporal futura, cometendo erros que prejudicam a credibilidade do texto. Dominar essa regra simples garante uma comunica\u00e7\u00e3o clara e tecnicamente impec\u00e1vel para voc\u00ea. Como [&hellip;]<\/p>\n","protected":false},"author":21,"featured_media":207501,"comment_status":"open","ping_status":"open","sticky":false,"template":"","format":"standard","meta":{"_yoast_wpseo_focuskw":"h\u00e1 anos ou a anos","_yoast_wpseo_title":"","_yoast_wpseo_metadesc":"A diferen\u00e7a entre h\u00e1 anos e a anos causa d\u00favidas na escrita e depende do sentido de tempo passado ou futuro na frase","jnews-multi-image_gallery":[],"jnews_single_post":{"format":"standard"},"jnews_primary_category":[],"jnews_social_meta":[],"jnews_override_counter":[],"footnotes":""},"categories":[112],"tags":[127,5891,10902,6081],"class_list":["post-207489","post","type-post","status-publish","format-standard","has-post-thumbnail","hentry","category-curiosidades","tag-dicas","tag-erros","tag-lingua-portuguesa","tag-portugues"],"yoast_head":"<!-- This site is optimized with the Yoast SEO plugin v24.6 - https:\/\/yoast.com\/wordpress\/plugins\/seo\/ -->\n<title>\u201cH\u00e1 anos\u201d ou \u201ca anos\u201d \u00e9 um dos erros mais comuns no portugu\u00eas \u2014 e esta \u00e9 a forma correta - Correio Braziliense - Radar<\/title>\n<meta name=\"description\" content=\"A diferen\u00e7a entre h\u00e1 anos e a anos causa d\u00favidas na escrita e depende do sentido de tempo passado ou futuro na frase\" \/>\n<meta name=\"robots\" content=\"index, follow, max-snippet:-1, max-image-preview:large, max-video-preview:-1\" \/>\n<link rel=\"canonical\" href=\"https:\/\/www.correiobraziliense.com.br\/cbradar\/ha-anos-ou-a-anos-e-um-dos-erros-mais-comuns-no-portugues-e-esta-e-a-forma-correta\/\" \/>\n<meta property=\"og:locale\" content=\"pt_BR\" \/>\n<meta property=\"og:type\" content=\"article\" \/>\n<meta property=\"og:title\" content=\"\u201cH\u00e1 anos\u201d ou \u201ca anos\u201d \u00e9 um dos erros mais comuns no portugu\u00eas \u2014 e esta \u00e9 a forma correta - Correio Braziliense - Radar\" \/>\n<meta property=\"og:description\" content=\"A diferen\u00e7a entre h\u00e1 anos e a anos causa d\u00favidas na escrita e depende do sentido de tempo passado ou futuro na frase\" \/>\n<meta property=\"og:url\" content=\"https:\/\/www.correiobraziliense.com.br\/cbradar\/ha-anos-ou-a-anos-e-um-dos-erros-mais-comuns-no-portugues-e-esta-e-a-forma-correta\/\" \/>\n<meta property=\"og:site_name\" content=\"Correio Braziliense - Radar\" \/>\n<meta property=\"article:published_time\" content=\"2026-03-13T18:15:00+00:00\" \/>\n<meta property=\"og:image\" content=\"https:\/\/www.correiobraziliense.com.br\/cbradar\/wp-content\/uploads\/2026\/03\/Gemini_Generated_Image_jzng33jzng33jzng-1-1.png\" \/>\n\t<meta property=\"og:image:width\" content=\"1280\" \/>\n\t<meta property=\"og:image:height\" content=\"720\" \/>\n\t<meta property=\"og:image:type\" content=\"image\/png\" \/>\n<meta name=\"author\" content=\"Patrick Silva\" \/>\n<meta name=\"twitter:card\" content=\"summary_large_image\" \/>\n<meta name=\"twitter:label1\" content=\"Escrito por\" \/>\n\t<meta name=\"twitter:data1\" content=\"Patrick Silva\" \/>\n\t<meta name=\"twitter:label2\" content=\"Est. tempo de leitura\" \/>\n\t<meta name=\"twitter:data2\" content=\"5 minutos\" \/>\n<!-- \/ Yoast SEO plugin. -->","yoast_head_json":{"title":"\u201cH\u00e1 anos\u201d ou \u201ca anos\u201d \u00e9 um dos erros mais comuns no portugu\u00eas \u2014 e esta \u00e9 a forma correta - Correio Braziliense - Radar","description":"A diferen\u00e7a entre h\u00e1 anos e a anos causa d\u00favidas na escrita e depende do sentido de tempo passado ou futuro na frase","robots":{"index":"index","follow":"follow","max-snippet":"max-snippet:-1","max-image-preview":"max-image-preview:large","max-video-preview":"max-video-preview:-1"},"canonical":"https:\/\/www.correiobraziliense.com.br\/cbradar\/ha-anos-ou-a-anos-e-um-dos-erros-mais-comuns-no-portugues-e-esta-e-a-forma-correta\/","og_locale":"pt_BR","og_type":"article","og_title":"\u201cH\u00e1 anos\u201d ou \u201ca anos\u201d \u00e9 um dos erros mais comuns no portugu\u00eas \u2014 e esta \u00e9 a forma correta - Correio Braziliense - Radar","og_description":"A diferen\u00e7a entre h\u00e1 anos e a anos causa d\u00favidas na escrita e depende do sentido de tempo passado ou futuro na frase","og_url":"https:\/\/www.correiobraziliense.com.br\/cbradar\/ha-anos-ou-a-anos-e-um-dos-erros-mais-comuns-no-portugues-e-esta-e-a-forma-correta\/","og_site_name":"Correio Braziliense - Radar","article_published_time":"2026-03-13T18:15:00+00:00","og_image":[{"width":1280,"height":720,"url":"https:\/\/www.correiobraziliense.com.br\/cbradar\/wp-content\/uploads\/2026\/03\/Gemini_Generated_Image_jzng33jzng33jzng-1-1.png","type":"image\/png"}],"author":"Patrick Silva","twitter_card":"summary_large_image","twitter_misc":{"Escrito por":"Patrick Silva","Est. tempo de leitura":"5 minutos"},"schema":{"@context":"https:\/\/schema.org","@graph":[{"@type":"WebPage","@id":"https:\/\/www.correiobraziliense.com.br\/cbradar\/ha-anos-ou-a-anos-e-um-dos-erros-mais-comuns-no-portugues-e-esta-e-a-forma-correta\/","url":"https:\/\/www.correiobraziliense.com.br\/cbradar\/ha-anos-ou-a-anos-e-um-dos-erros-mais-comuns-no-portugues-e-esta-e-a-forma-correta\/","name":"\u201cH\u00e1 anos\u201d ou \u201ca anos\u201d \u00e9 um dos erros mais comuns no portugu\u00eas \u2014 e esta \u00e9 a forma correta - Correio Braziliense - Radar","isPartOf":{"@id":"https:\/\/www.correiobraziliense.com.br\/cbradar\/#website"},"primaryImageOfPage":{"@id":"https:\/\/www.correiobraziliense.com.br\/cbradar\/ha-anos-ou-a-anos-e-um-dos-erros-mais-comuns-no-portugues-e-esta-e-a-forma-correta\/#primaryimage"},"image":{"@id":"https:\/\/www.correiobraziliense.com.br\/cbradar\/ha-anos-ou-a-anos-e-um-dos-erros-mais-comuns-no-portugues-e-esta-e-a-forma-correta\/#primaryimage"},"thumbnailUrl":"https:\/\/www.correiobraziliense.com.br\/cbradar\/wp-content\/uploads\/2026\/03\/Gemini_Generated_Image_jzng33jzng33jzng-1-1.png","datePublished":"2026-03-13T18:15:00+00:00","author":{"@id":"https:\/\/www.correiobraziliense.com.br\/cbradar\/#\/schema\/person\/5440b72be9c7eb74f446c846479dc4da"},"description":"A diferen\u00e7a entre h\u00e1 anos e a anos causa d\u00favidas na escrita e depende do sentido de tempo passado ou futuro na frase","breadcrumb":{"@id":"https:\/\/www.correiobraziliense.com.br\/cbradar\/ha-anos-ou-a-anos-e-um-dos-erros-mais-comuns-no-portugues-e-esta-e-a-forma-correta\/#breadcrumb"},"inLanguage":"pt-BR","potentialAction":[{"@type":"ReadAction","target":["https:\/\/www.correiobraziliense.com.br\/cbradar\/ha-anos-ou-a-anos-e-um-dos-erros-mais-comuns-no-portugues-e-esta-e-a-forma-correta\/"]}]},{"@type":"ImageObject","inLanguage":"pt-BR","@id":"https:\/\/www.correiobraziliense.com.br\/cbradar\/ha-anos-ou-a-anos-e-um-dos-erros-mais-comuns-no-portugues-e-esta-e-a-forma-correta\/#primaryimage","url":"https:\/\/www.correiobraziliense.com.br\/cbradar\/wp-content\/uploads\/2026\/03\/Gemini_Generated_Image_jzng33jzng33jzng-1-1.png","contentUrl":"https:\/\/www.correiobraziliense.com.br\/cbradar\/wp-content\/uploads\/2026\/03\/Gemini_Generated_Image_jzng33jzng33jzng-1-1.png","width":1280,"height":720,"caption":"H\u00e1 anos indica tempo passado enquanto a anos indica tempo futuro ou dist\u00e2ncia"},{"@type":"BreadcrumbList","@id":"https:\/\/www.correiobraziliense.com.br\/cbradar\/ha-anos-ou-a-anos-e-um-dos-erros-mais-comuns-no-portugues-e-esta-e-a-forma-correta\/#breadcrumb","itemListElement":[{"@type":"ListItem","position":1,"name":"In\u00edcio","item":"https:\/\/www.correiobraziliense.com.br\/cbradar\/"},{"@type":"ListItem","position":2,"name":"\u201cH\u00e1 anos\u201d ou \u201ca anos\u201d \u00e9 um dos erros mais comuns no portugu\u00eas \u2014 e esta \u00e9 a forma correta"}]},{"@type":"WebSite","@id":"https:\/\/www.correiobraziliense.com.br\/cbradar\/#website","url":"https:\/\/www.correiobraziliense.com.br\/cbradar\/","name":"Correio Braziliense - Radar","description":"Acompanhe as \u00faltimas not\u00edcias e fique bem informado sobre tudo o que acontece no Brasil e no mundo.","potentialAction":[{"@type":"SearchAction","target":{"@type":"EntryPoint","urlTemplate":"https:\/\/www.correiobraziliense.com.br\/cbradar\/?s={search_term_string}"},"query-input":{"@type":"PropertyValueSpecification","valueRequired":true,"valueName":"search_term_string"}}],"inLanguage":"pt-BR"},{"@type":"Person","@id":"https:\/\/www.correiobraziliense.com.br\/cbradar\/#\/schema\/person\/5440b72be9c7eb74f446c846479dc4da","name":"Patrick Silva","image":{"@type":"ImageObject","inLanguage":"pt-BR","@id":"https:\/\/www.correiobraziliense.com.br\/cbradar\/#\/schema\/person\/image\/","url":"https:\/\/secure.gravatar.com\/avatar\/944109df296fc087785c9715fd5f80b2?s=96&d=mm&r=g","contentUrl":"https:\/\/secure.gravatar.com\/avatar\/944109df296fc087785c9715fd5f80b2?s=96&d=mm&r=g","caption":"Patrick Silva"},"sameAs":["https:\/\/www.correiobraziliense.com.br\/cbradar\/"],"url":"https:\/\/www.correiobraziliense.com.br\/cbradar\/author\/patrick-silva\/"}]}},"_links":{"self":[{"href":"https:\/\/www.correiobraziliense.com.br\/cbradar\/wp-json\/wp\/v2\/posts\/207489","targetHints":{"allow":["GET"]}}],"collection":[{"href":"https:\/\/www.correiobraziliense.com.br\/cbradar\/wp-json\/wp\/v2\/posts"}],"about":[{"href":"https:\/\/www.correiobraziliense.com.br\/cbradar\/wp-json\/wp\/v2\/types\/post"}],"author":[{"embeddable":true,"href":"https:\/\/www.correiobraziliense.com.br\/cbradar\/wp-json\/wp\/v2\/users\/21"}],"replies":[{"embeddable":true,"href":"https:\/\/www.correiobraziliense.com.br\/cbradar\/wp-json\/wp\/v2\/comments?post=207489"}],"version-history":[{"count":1,"href":"https:\/\/www.correiobraziliense.com.br\/cbradar\/wp-json\/wp\/v2\/posts\/207489\/revisions"}],"predecessor-version":[{"id":207506,"href":"https:\/\/www.correiobraziliense.com.br\/cbradar\/wp-json\/wp\/v2\/posts\/207489\/revisions\/207506"}],"wp:featuredmedia":[{"embeddable":true,"href":"https:\/\/www.correiobraziliense.com.br\/cbradar\/wp-json\/wp\/v2\/media\/207501"}],"wp:attachment":[{"href":"https:\/\/www.correiobraziliense.com.br\/cbradar\/wp-json\/wp\/v2\/media?parent=207489"}],"wp:term":[{"taxonomy":"category","embeddable":true,"href":"https:\/\/www.correiobraziliense.com.br\/cbradar\/wp-json\/wp\/v2\/categories?post=207489"},{"taxonomy":"post_tag","embeddable":true,"href":"https:\/\/www.correiobraziliense.com.br\/cbradar\/wp-json\/wp\/v2\/tags?post=207489"}],"curies":[{"name":"wp","href":"https:\/\/api.w.org\/{rel}","templated":true}]}}