{"id":207498,"date":"2026-03-14T14:15:00","date_gmt":"2026-03-14T17:15:00","guid":{"rendered":"https:\/\/www.correiobraziliense.com.br\/cbradar\/?p=207498"},"modified":"2026-03-12T11:41:51","modified_gmt":"2026-03-12T14:41:51","slug":"poucos-sabem-o-que-significa-dormir-com-uma-janela-aberta-durante-a-noite","status":"publish","type":"post","link":"https:\/\/www.correiobraziliense.com.br\/cbradar\/poucos-sabem-o-que-significa-dormir-com-uma-janela-aberta-durante-a-noite\/","title":{"rendered":"Poucos sabem o que significa dormir com uma janela aberta durante a noite"},"content":{"rendered":"\n<p>Manter a circula\u00e7\u00e3o de ar fresco no quarto durante o sono impacta diretamente a regula\u00e7\u00e3o da temperatura corporal e a clareza mental matinal. Muitas pessoas ignoram como a ventila\u00e7\u00e3o natural reduz a concentra\u00e7\u00e3o de g\u00e1s carb\u00f4nico acumulado no ambiente fechado. Entender os benef\u00edcios biol\u00f3gicos dessa pr\u00e1tica \u00e9 essencial para quem busca uma noite restauradora.<\/p>\n\n\n\n<h2 class=\"wp-block-heading\">Como o ar fresco renova nossa biologia?<\/h2>\n\n\n\n<p>Para a <strong>Organiza\u00e7\u00e3o Mundial da Sa\u00fade<\/strong>, a ventila\u00e7\u00e3o adequada em ambientes fechados \u00e9 um fator determinante para a sa\u00fade respirat\u00f3ria e o bem-estar geral. Quando o ar circula livremente, a umidade excessiva e os poluentes vol\u00e1teis s\u00e3o dispersos, prevenindo a prolifera\u00e7\u00e3o de \u00e1caros e fungos prejudiciais. Essa renova\u00e7\u00e3o constante permite que os pulm\u00f5es trabalhem com menos esfor\u00e7o durante o repouso.<\/p>\n\n\n\n<p>Mudar o microclima do quarto atrav\u00e9s de uma janela aberta auxilia o corpo a atingir a temperatura ideal para o in\u00edcio do sono profundo. O resfriamento natural sinaliza ao c\u00e9rebro que \u00e9 hora de descansar, facilitando a libera\u00e7\u00e3o de melatonina de forma muito mais eficiente. <a href=\"https:\/\/www.correiobraziliense.com.br\/cbradar\/o-que-significa-dormir-sempre-com-o-cabelo-preso\/\" target=\"_blank\" rel=\"noreferrer noopener\">Dormir <\/a>em um ambiente arejado reduz a probabilidade de despertares noturnos causados pelo calor excessivo.<\/p>\n\n\n\n<figure class=\"wp-block-image size-full\"><img decoding=\"async\" width=\"1280\" height=\"720\" src=\"https:\/\/www.correiobraziliense.com.br\/cbradar\/wp-content\/uploads\/2026\/03\/Gemini_Generated_Image_zf4ngzf4ngzf4ngz-1-1.png\" alt=\"Poucos sabem o que significa dormir com uma janela aberta durante a noite\" class=\"wp-image-207503\" srcset=\"https:\/\/www.correiobraziliense.com.br\/cbradar\/wp-content\/uploads\/2026\/03\/Gemini_Generated_Image_zf4ngzf4ngzf4ngz-1-1.png 1280w, https:\/\/www.correiobraziliense.com.br\/cbradar\/wp-content\/uploads\/2026\/03\/Gemini_Generated_Image_zf4ngzf4ngzf4ngz-1-1-300x169.png 300w, https:\/\/www.correiobraziliense.com.br\/cbradar\/wp-content\/uploads\/2026\/03\/Gemini_Generated_Image_zf4ngzf4ngzf4ngz-1-1-768x432.png 768w, https:\/\/www.correiobraziliense.com.br\/cbradar\/wp-content\/uploads\/2026\/03\/Gemini_Generated_Image_zf4ngzf4ngzf4ngz-1-1-750x422.png 750w, https:\/\/www.correiobraziliense.com.br\/cbradar\/wp-content\/uploads\/2026\/03\/Gemini_Generated_Image_zf4ngzf4ngzf4ngz-1-1-1140x641.png 1140w\" sizes=\"(max-width: 1280px) 100vw, 1280px\" \/><figcaption class=\"wp-element-caption\">Dormir com ventila\u00e7\u00e3o natural no quarto ajuda a renovar o ar e melhorar a qualidade do sono<\/figcaption><\/figure>\n\n\n\n<h2 class=\"wp-block-heading\">Quais s\u00e3o os ganhos para o foco mental?<\/h2>\n\n\n\n<p>A redu\u00e7\u00e3o dos n\u00edveis de di\u00f3xido de carbono no ambiente de sono est\u00e1 diretamente ligada a uma performance cognitiva superior no dia seguinte. Respirar ar fresco durante a noite evita aquela sensa\u00e7\u00e3o de cansa\u00e7o mental ou peso na cabe\u00e7a que muitas vezes sentimos ao acordar. A clareza de pensamento e a capacidade de concentra\u00e7\u00e3o s\u00e3o visivelmente aprimoradas pela ventila\u00e7\u00e3o cont\u00ednua.<\/p>\n\n\n\n<p>Cientistas observam que a qualidade do ar impacta a velocidade com que o c\u00e9rebro processa informa\u00e7\u00f5es e consolida mem\u00f3rias importantes durante o descanso. Ao evitar o confinamento do ar, minimizamos a exposi\u00e7\u00e3o a subst\u00e2ncias al\u00e9rgicas que podem inflamar as vias a\u00e9reas de forma silenciosa e constante. Manter a janela aberta \u00e9 uma estrat\u00e9gia simples para garantir uma mente muito mais produtiva.<\/p>\n\n\n\n<h2 class=\"wp-block-heading\">Como a ventila\u00e7\u00e3o impacta o bem-estar integral?<\/h2>\n\n\n\n<p>Dormir com ventila\u00e7\u00e3o natural melhora a qualidade do sono REM, fase essencial para a regula\u00e7\u00e3o emocional e o equil\u00edbrio psicol\u00f3gico di\u00e1rio. O som suave do ambiente externo pode, para alguns, funcionar como um ru\u00eddo branco natural que acalma o sistema nervoso. Esse contato indireto com o exterior promove uma sensa\u00e7\u00e3o de liberdade e relaxamento profunda para qualquer adulto saud\u00e1vel.<\/p>\n\n\n\n<p>Observar as mudan\u00e7as positivas na rotina noturna permite identificar vantagens espec\u00edficas que transformam a experi\u00eancia de repouso em pilares fundamentais da sa\u00fade:<\/p>\n\n\n\n<ul class=\"wp-block-list\">\n<li>Diminui\u00e7\u00e3o significativa da congest\u00e3o nasal matinal.<\/li>\n\n\n\n<li>Regula\u00e7\u00e3o t\u00e9rmica natural sem uso de aparelhos.<\/li>\n\n\n\n<li>Melhora na profundidade do sono n\u00e3o REM.<\/li>\n\n\n\n<li>Redu\u00e7\u00e3o de odores e umidade no dormit\u00f3rio.<\/li>\n<\/ul>\n\n\n\n<h2 class=\"wp-block-heading\">Existe algum risco para a sa\u00fade f\u00edsica?<\/h2>\n\n\n\n<p>Embora o ar fresco seja ben\u00e9fico, \u00e9 necess\u00e1rio proteger o corpo contra correntes de ar diretas que podem causar tens\u00f5es musculares cervicais indesejadas. O uso de roupas de cama adequadas garante que a temperatura interna permane\u00e7a est\u00e1vel enquanto o ambiente se renova externamente. Equilibrar a abertura da janela com a prote\u00e7\u00e3o t\u00e9rmica \u00e9 o segredo para uma pr\u00e1tica segura.<\/p>\n\n\n\n<p>Para quem vive em \u00e1reas com alta polui\u00e7\u00e3o sonora, a escolha do hor\u00e1rio de abertura deve ser estrat\u00e9gica para n\u00e3o interromper o sono. O benef\u00edcio do oxig\u00eanio renovado deve superar o inc\u00f4modo de ru\u00eddos externos que possam causar fragmenta\u00e7\u00e3o do descanso noturno. Ajustar a fresta da janela de acordo com o clima garante que os benef\u00edcios biol\u00f3gicos sejam sempre mantidos.<\/p>\n\n\n\n<figure class=\"wp-block-image size-full\"><img decoding=\"async\" width=\"1280\" height=\"720\" src=\"https:\/\/www.correiobraziliense.com.br\/cbradar\/wp-content\/uploads\/2026\/03\/Gemini_Generated_Image_jtfsxjtfsxjtfsxj-1-1.png\" alt=\"Poucos sabem o que significa dormir com uma janela aberta durante a noite\" class=\"wp-image-207500\" srcset=\"https:\/\/www.correiobraziliense.com.br\/cbradar\/wp-content\/uploads\/2026\/03\/Gemini_Generated_Image_jtfsxjtfsxjtfsxj-1-1.png 1280w, https:\/\/www.correiobraziliense.com.br\/cbradar\/wp-content\/uploads\/2026\/03\/Gemini_Generated_Image_jtfsxjtfsxjtfsxj-1-1-300x169.png 300w, https:\/\/www.correiobraziliense.com.br\/cbradar\/wp-content\/uploads\/2026\/03\/Gemini_Generated_Image_jtfsxjtfsxjtfsxj-1-1-768x432.png 768w, https:\/\/www.correiobraziliense.com.br\/cbradar\/wp-content\/uploads\/2026\/03\/Gemini_Generated_Image_jtfsxjtfsxjtfsxj-1-1-750x422.png 750w, https:\/\/www.correiobraziliense.com.br\/cbradar\/wp-content\/uploads\/2026\/03\/Gemini_Generated_Image_jtfsxjtfsxjtfsxj-1-1-1140x641.png 1140w\" sizes=\"(max-width: 1280px) 100vw, 1280px\" \/><figcaption class=\"wp-element-caption\">Dormir com ventila\u00e7\u00e3o natural no quarto ajuda a renovar o ar e melhorar a qualidade do sono<\/figcaption><\/figure>\n\n\n\n<h2 class=\"wp-block-heading\">O que os estudos de autoridade afirmam?<\/h2>\n\n\n\n<p>Pesquisas indicam que a ventila\u00e7\u00e3o natural \u00e9 superior ao uso de ar-condicionado para manter a umidade ideal das mucosas respirat\u00f3rias superiores hoje. A circula\u00e7\u00e3o do ar externo diminui a carga viral e bacteriana presente no quarto, protegendo o sistema imunol\u00f3gico de forma passiva. Manter a janela aberta \u00e9 uma recomenda\u00e7\u00e3o frequente de especialistas para promover um ambiente de sono verdadeiramente regenerador.<\/p>\n\n\n\n<p>Segundo dados coletados pela <strong>Environmental Protection Agency<\/strong>, a polui\u00e7\u00e3o do ar interno pode ser v\u00e1rias vezes superior \u00e0 do ar externo em casas fechadas. Garantir a troca de gases \u00e9 vital para prevenir sintomas de alergias e problemas respirat\u00f3rios cr\u00f4nicos em longo prazo para todos os moradores. Para compreender melhor os padr\u00f5es de qualidade do ar interno, consulte os dados no portal oficial da <a target=\"_blank\" rel=\"noreferrer noopener\" href=\"https:\/\/www.epa.gov\/indoor-air-quality-iaq\/introduction-indoor-air-quality\">EPA<\/a>.<\/p>\n","protected":false},"excerpt":{"rendered":"<p>Manter a circula\u00e7\u00e3o de ar fresco no quarto durante o sono impacta diretamente a regula\u00e7\u00e3o da temperatura corporal e a clareza mental matinal. Muitas pessoas ignoram como a ventila\u00e7\u00e3o natural reduz a concentra\u00e7\u00e3o de g\u00e1s carb\u00f4nico acumulado no ambiente fechado. Entender os benef\u00edcios biol\u00f3gicos dessa pr\u00e1tica \u00e9 essencial para quem busca uma noite restauradora. Como [&hellip;]<\/p>\n","protected":false},"author":21,"featured_media":207510,"comment_status":"open","ping_status":"open","sticky":false,"template":"","format":"standard","meta":{"_yoast_wpseo_focuskw":"benef\u00edcios de dormir com janela aberta","_yoast_wpseo_title":"","_yoast_wpseo_metadesc":"Dormir em um quarto fechado pode afetar a respira\u00e7\u00e3o e o descanso sem que voc\u00ea perceba. A ventila\u00e7\u00e3o muda esse cen\u00e1rio.","jnews-multi-image_gallery":[],"jnews_single_post":{"format":"standard"},"jnews_primary_category":[],"jnews_social_meta":[],"jnews_override_counter":[],"footnotes":""},"categories":[112],"tags":[3915,14485,11357,9177],"class_list":["post-207498","post","type-post","status-publish","format-standard","has-post-thumbnail","hentry","category-curiosidades","tag-biologia","tag-dormi","tag-janela","tag-mental"],"yoast_head":"<!-- This site is optimized with the Yoast SEO plugin v24.6 - https:\/\/yoast.com\/wordpress\/plugins\/seo\/ -->\n<title>Poucos sabem o que significa dormir com uma janela aberta durante a noite - Correio Braziliense - Radar<\/title>\n<meta name=\"description\" content=\"Dormir em um quarto fechado pode afetar a respira\u00e7\u00e3o e o descanso sem que voc\u00ea perceba. A ventila\u00e7\u00e3o muda esse cen\u00e1rio.\" \/>\n<meta name=\"robots\" content=\"index, follow, max-snippet:-1, max-image-preview:large, max-video-preview:-1\" \/>\n<link rel=\"canonical\" href=\"https:\/\/www.correiobraziliense.com.br\/cbradar\/poucos-sabem-o-que-significa-dormir-com-uma-janela-aberta-durante-a-noite\/\" \/>\n<meta property=\"og:locale\" content=\"pt_BR\" \/>\n<meta property=\"og:type\" content=\"article\" \/>\n<meta property=\"og:title\" content=\"Poucos sabem o que significa dormir com uma janela aberta durante a noite - Correio Braziliense - Radar\" \/>\n<meta property=\"og:description\" content=\"Dormir em um quarto fechado pode afetar a respira\u00e7\u00e3o e o descanso sem que voc\u00ea perceba. A ventila\u00e7\u00e3o muda esse cen\u00e1rio.\" \/>\n<meta property=\"og:url\" content=\"https:\/\/www.correiobraziliense.com.br\/cbradar\/poucos-sabem-o-que-significa-dormir-com-uma-janela-aberta-durante-a-noite\/\" \/>\n<meta property=\"og:site_name\" content=\"Correio Braziliense - Radar\" \/>\n<meta property=\"article:published_time\" content=\"2026-03-14T17:15:00+00:00\" \/>\n<meta property=\"og:image\" content=\"https:\/\/www.correiobraziliense.com.br\/cbradar\/wp-content\/uploads\/2026\/03\/Gemini_Generated_Image_r91glur91glur91g-1-1.png\" \/>\n\t<meta property=\"og:image:width\" content=\"1280\" \/>\n\t<meta property=\"og:image:height\" content=\"720\" \/>\n\t<meta property=\"og:image:type\" content=\"image\/png\" \/>\n<meta name=\"author\" content=\"Patrick Silva\" \/>\n<meta name=\"twitter:card\" content=\"summary_large_image\" \/>\n<meta name=\"twitter:label1\" content=\"Escrito por\" \/>\n\t<meta name=\"twitter:data1\" content=\"Patrick Silva\" \/>\n\t<meta name=\"twitter:label2\" content=\"Est. tempo de leitura\" \/>\n\t<meta name=\"twitter:data2\" content=\"5 minutos\" \/>\n<!-- \/ Yoast SEO plugin. -->","yoast_head_json":{"title":"Poucos sabem o que significa dormir com uma janela aberta durante a noite - Correio Braziliense - Radar","description":"Dormir em um quarto fechado pode afetar a respira\u00e7\u00e3o e o descanso sem que voc\u00ea perceba. A ventila\u00e7\u00e3o muda esse cen\u00e1rio.","robots":{"index":"index","follow":"follow","max-snippet":"max-snippet:-1","max-image-preview":"max-image-preview:large","max-video-preview":"max-video-preview:-1"},"canonical":"https:\/\/www.correiobraziliense.com.br\/cbradar\/poucos-sabem-o-que-significa-dormir-com-uma-janela-aberta-durante-a-noite\/","og_locale":"pt_BR","og_type":"article","og_title":"Poucos sabem o que significa dormir com uma janela aberta durante a noite - Correio Braziliense - Radar","og_description":"Dormir em um quarto fechado pode afetar a respira\u00e7\u00e3o e o descanso sem que voc\u00ea perceba. A ventila\u00e7\u00e3o muda esse cen\u00e1rio.","og_url":"https:\/\/www.correiobraziliense.com.br\/cbradar\/poucos-sabem-o-que-significa-dormir-com-uma-janela-aberta-durante-a-noite\/","og_site_name":"Correio Braziliense - Radar","article_published_time":"2026-03-14T17:15:00+00:00","og_image":[{"width":1280,"height":720,"url":"https:\/\/www.correiobraziliense.com.br\/cbradar\/wp-content\/uploads\/2026\/03\/Gemini_Generated_Image_r91glur91glur91g-1-1.png","type":"image\/png"}],"author":"Patrick Silva","twitter_card":"summary_large_image","twitter_misc":{"Escrito por":"Patrick Silva","Est. tempo de leitura":"5 minutos"},"schema":{"@context":"https:\/\/schema.org","@graph":[{"@type":"WebPage","@id":"https:\/\/www.correiobraziliense.com.br\/cbradar\/poucos-sabem-o-que-significa-dormir-com-uma-janela-aberta-durante-a-noite\/","url":"https:\/\/www.correiobraziliense.com.br\/cbradar\/poucos-sabem-o-que-significa-dormir-com-uma-janela-aberta-durante-a-noite\/","name":"Poucos sabem o que significa dormir com uma janela aberta durante a noite - Correio Braziliense - Radar","isPartOf":{"@id":"https:\/\/www.correiobraziliense.com.br\/cbradar\/#website"},"primaryImageOfPage":{"@id":"https:\/\/www.correiobraziliense.com.br\/cbradar\/poucos-sabem-o-que-significa-dormir-com-uma-janela-aberta-durante-a-noite\/#primaryimage"},"image":{"@id":"https:\/\/www.correiobraziliense.com.br\/cbradar\/poucos-sabem-o-que-significa-dormir-com-uma-janela-aberta-durante-a-noite\/#primaryimage"},"thumbnailUrl":"https:\/\/www.correiobraziliense.com.br\/cbradar\/wp-content\/uploads\/2026\/03\/Gemini_Generated_Image_r91glur91glur91g-1-1.png","datePublished":"2026-03-14T17:15:00+00:00","author":{"@id":"https:\/\/www.correiobraziliense.com.br\/cbradar\/#\/schema\/person\/5440b72be9c7eb74f446c846479dc4da"},"description":"Dormir em um quarto fechado pode afetar a respira\u00e7\u00e3o e o descanso sem que voc\u00ea perceba. A ventila\u00e7\u00e3o muda esse cen\u00e1rio.","breadcrumb":{"@id":"https:\/\/www.correiobraziliense.com.br\/cbradar\/poucos-sabem-o-que-significa-dormir-com-uma-janela-aberta-durante-a-noite\/#breadcrumb"},"inLanguage":"pt-BR","potentialAction":[{"@type":"ReadAction","target":["https:\/\/www.correiobraziliense.com.br\/cbradar\/poucos-sabem-o-que-significa-dormir-com-uma-janela-aberta-durante-a-noite\/"]}]},{"@type":"ImageObject","inLanguage":"pt-BR","@id":"https:\/\/www.correiobraziliense.com.br\/cbradar\/poucos-sabem-o-que-significa-dormir-com-uma-janela-aberta-durante-a-noite\/#primaryimage","url":"https:\/\/www.correiobraziliense.com.br\/cbradar\/wp-content\/uploads\/2026\/03\/Gemini_Generated_Image_r91glur91glur91g-1-1.png","contentUrl":"https:\/\/www.correiobraziliense.com.br\/cbradar\/wp-content\/uploads\/2026\/03\/Gemini_Generated_Image_r91glur91glur91g-1-1.png","width":1280,"height":720,"caption":"Dormir com ventila\u00e7\u00e3o natural no quarto ajuda a renovar o ar e melhorar a qualidade do sono"},{"@type":"BreadcrumbList","@id":"https:\/\/www.correiobraziliense.com.br\/cbradar\/poucos-sabem-o-que-significa-dormir-com-uma-janela-aberta-durante-a-noite\/#breadcrumb","itemListElement":[{"@type":"ListItem","position":1,"name":"In\u00edcio","item":"https:\/\/www.correiobraziliense.com.br\/cbradar\/"},{"@type":"ListItem","position":2,"name":"Poucos sabem o que significa dormir com uma janela aberta durante a noite"}]},{"@type":"WebSite","@id":"https:\/\/www.correiobraziliense.com.br\/cbradar\/#website","url":"https:\/\/www.correiobraziliense.com.br\/cbradar\/","name":"Correio Braziliense - Radar","description":"Acompanhe as \u00faltimas not\u00edcias e fique bem informado sobre tudo o que acontece no Brasil e no mundo.","potentialAction":[{"@type":"SearchAction","target":{"@type":"EntryPoint","urlTemplate":"https:\/\/www.correiobraziliense.com.br\/cbradar\/?s={search_term_string}"},"query-input":{"@type":"PropertyValueSpecification","valueRequired":true,"valueName":"search_term_string"}}],"inLanguage":"pt-BR"},{"@type":"Person","@id":"https:\/\/www.correiobraziliense.com.br\/cbradar\/#\/schema\/person\/5440b72be9c7eb74f446c846479dc4da","name":"Patrick Silva","image":{"@type":"ImageObject","inLanguage":"pt-BR","@id":"https:\/\/www.correiobraziliense.com.br\/cbradar\/#\/schema\/person\/image\/","url":"https:\/\/secure.gravatar.com\/avatar\/944109df296fc087785c9715fd5f80b2?s=96&d=mm&r=g","contentUrl":"https:\/\/secure.gravatar.com\/avatar\/944109df296fc087785c9715fd5f80b2?s=96&d=mm&r=g","caption":"Patrick Silva"},"sameAs":["https:\/\/www.correiobraziliense.com.br\/cbradar\/"],"url":"https:\/\/www.correiobraziliense.com.br\/cbradar\/author\/patrick-silva\/"}]}},"_links":{"self":[{"href":"https:\/\/www.correiobraziliense.com.br\/cbradar\/wp-json\/wp\/v2\/posts\/207498","targetHints":{"allow":["GET"]}}],"collection":[{"href":"https:\/\/www.correiobraziliense.com.br\/cbradar\/wp-json\/wp\/v2\/posts"}],"about":[{"href":"https:\/\/www.correiobraziliense.com.br\/cbradar\/wp-json\/wp\/v2\/types\/post"}],"author":[{"embeddable":true,"href":"https:\/\/www.correiobraziliense.com.br\/cbradar\/wp-json\/wp\/v2\/users\/21"}],"replies":[{"embeddable":true,"href":"https:\/\/www.correiobraziliense.com.br\/cbradar\/wp-json\/wp\/v2\/comments?post=207498"}],"version-history":[{"count":3,"href":"https:\/\/www.correiobraziliense.com.br\/cbradar\/wp-json\/wp\/v2\/posts\/207498\/revisions"}],"predecessor-version":[{"id":207505,"href":"https:\/\/www.correiobraziliense.com.br\/cbradar\/wp-json\/wp\/v2\/posts\/207498\/revisions\/207505"}],"wp:featuredmedia":[{"embeddable":true,"href":"https:\/\/www.correiobraziliense.com.br\/cbradar\/wp-json\/wp\/v2\/media\/207510"}],"wp:attachment":[{"href":"https:\/\/www.correiobraziliense.com.br\/cbradar\/wp-json\/wp\/v2\/media?parent=207498"}],"wp:term":[{"taxonomy":"category","embeddable":true,"href":"https:\/\/www.correiobraziliense.com.br\/cbradar\/wp-json\/wp\/v2\/categories?post=207498"},{"taxonomy":"post_tag","embeddable":true,"href":"https:\/\/www.correiobraziliense.com.br\/cbradar\/wp-json\/wp\/v2\/tags?post=207498"}],"curies":[{"name":"wp","href":"https:\/\/api.w.org\/{rel}","templated":true}]}}