{"id":207507,"date":"2026-03-13T20:35:00","date_gmt":"2026-03-13T23:35:00","guid":{"rendered":"https:\/\/www.correiobraziliense.com.br\/cbradar\/?p=207507"},"modified":"2026-03-12T13:50:25","modified_gmt":"2026-03-12T16:50:25","slug":"menas-ou-menos-e-um-erro-que-ainda-aparece-no-dia-a-dia-e-esta-e-a-forma-correta","status":"publish","type":"post","link":"https:\/\/www.correiobraziliense.com.br\/cbradar\/menas-ou-menos-e-um-erro-que-ainda-aparece-no-dia-a-dia-e-esta-e-a-forma-correta\/","title":{"rendered":"\u201cMenas\u201d ou \u201cmenos\u201d \u00e9 um erro que ainda aparece no dia a dia \u2014 e esta \u00e9 a forma correta"},"content":{"rendered":"\n<p>Muitas pessoas cometem erros gramaticais graves ao tentar flexionar palavras que s\u00e3o essencialmente invari\u00e1veis na l\u00edngua portuguesa oficial. O uso equivocado do termo menas \u00e9 um dos deslizes mais frequentes em conversas informais e at\u00e9 em ambientes profissionais. Compreender a regra correta evita constrangimentos e garante que sua comunica\u00e7\u00e3o escrita transmita total credibilidade e autoridade.<\/p>\n\n\n\n<h2 class=\"wp-block-heading\">Por que a palavra menos nunca deve ser flexionada?<\/h2>\n\n\n\n<p>Para entender essa regra gramatical fundamental, \u00e9 preciso identificar que a palavra menos funciona essencialmente como um adv\u00e9rbio de intensidade ou um pronome indefinido. Nessas fun\u00e7\u00f5es espec\u00edficas, a norma culta determina que o termo permane\u00e7a rigorosamente invari\u00e1vel, independentemente do g\u00eanero gramatical ou n\u00famero do substantivo que o acompanha na frase em qualquer situa\u00e7\u00e3o.<\/p>\n\n\n\n<p>A <strong>Academia Brasileira de Letras<\/strong> refor\u00e7a que a forma feminina simplesmente n\u00e3o existe no vocabul\u00e1rio oficial do nosso idioma nacional brasileiro. Tentar concordar a palavra com substantivos femininos, como pessoas ou coisas, resulta em um erro gramatical evit\u00e1vel que prejudica seriamente a imagem de qualquer redator profissional que deseja transmitir autoridade absoluta para seu leitor comum.<\/p>\n\n\n\n<figure class=\"wp-block-image size-full\"><img decoding=\"async\" width=\"1280\" height=\"720\" src=\"https:\/\/www.correiobraziliense.com.br\/cbradar\/wp-content\/uploads\/2026\/03\/Gemini_Generated_Image_j4q601j4q601j4q6-1-1.png\" alt=\"\u201cMenas\u201d ou \u201cmenos\u201d \u00e9 um erro que ainda aparece no dia a dia \u2014 e esta \u00e9 a forma correta\" class=\"wp-image-207530\" srcset=\"https:\/\/www.correiobraziliense.com.br\/cbradar\/wp-content\/uploads\/2026\/03\/Gemini_Generated_Image_j4q601j4q601j4q6-1-1.png 1280w, https:\/\/www.correiobraziliense.com.br\/cbradar\/wp-content\/uploads\/2026\/03\/Gemini_Generated_Image_j4q601j4q601j4q6-1-1-300x169.png 300w, https:\/\/www.correiobraziliense.com.br\/cbradar\/wp-content\/uploads\/2026\/03\/Gemini_Generated_Image_j4q601j4q601j4q6-1-1-768x432.png 768w, https:\/\/www.correiobraziliense.com.br\/cbradar\/wp-content\/uploads\/2026\/03\/Gemini_Generated_Image_j4q601j4q601j4q6-1-1-750x422.png 750w, https:\/\/www.correiobraziliense.com.br\/cbradar\/wp-content\/uploads\/2026\/03\/Gemini_Generated_Image_j4q601j4q601j4q6-1-1-1140x641.png 1140w\" sizes=\"(max-width: 1280px) 100vw, 1280px\" \/><figcaption class=\"wp-element-caption\">Menas \u00e9 erro gramatical porque menos \u00e9 uma palavra invari\u00e1vel na l\u00edngua portuguesa<\/figcaption><\/figure>\n\n\n\n<h2 class=\"wp-block-heading\">Como evitar a confus\u00e3o mental entre g\u00eanero e quantidade?<\/h2>\n\n\n\n<p>O c\u00e9rebro humano costuma buscar concord\u00e2ncias autom\u00e1ticas entre as palavras para manter o ritmo sonoro durante a fala ou a escrita di\u00e1ria. Quando o falante visualiza um termo feminino logo ap\u00f3s o adv\u00e9rbio, surge o impulso equivocado de flexionar a palavra anterior para combinar com o restante da frase apresentada naquele exato momento de comunica\u00e7\u00e3o.<\/p>\n\n\n\n<p>Superar essa armadilha mental exige o reconhecimento imediato de que a quantidade \u00e9 um conceito fixo que nunca se altera pela natureza do objeto descrito. Manter o foco na regra de invariabilidade permite que voc\u00ea produza textos limpos e tecnicamente corretos sem precisar revisar exaustivamente cada senten\u00e7a diversas vezes durante o seu dia todo hoje.<\/p>\n\n\n\n<h2 class=\"wp-block-heading\">Quais s\u00e3o as frases que costumam induzir ao erro?<\/h2>\n\n\n\n<p>Observar a aplica\u00e7\u00e3o pr\u00e1tica da regra em senten\u00e7as variadas facilita a memoriza\u00e7\u00e3o definitiva e evita que voc\u00ea cometa equ\u00edvocos desnecess\u00e1rios em documentos importantes. Analisar como a palavra se comporta diante de diferentes g\u00eaneros gramaticais permite que sua escrita se torne natural e fluida conforme os padr\u00f5es da norma culta:<\/p>\n\n\n\n<ul class=\"wp-block-list\">\n<li>Havia menos pessoas na reuni\u00e3o.<\/li>\n\n\n\n<li>Comi menos salada hoje.<\/li>\n\n\n\n<li>Ela tem menos paci\u00eancia.<\/li>\n\n\n\n<li>Temos menos chances agora.<\/li>\n\n\n\n<li>Existem menos vagas dispon\u00edveis.<\/li>\n<\/ul>\n\n\n\n<h2 class=\"wp-block-heading\">Existe alguma exce\u00e7\u00e3o rara para essa regra gramatical?<\/h2>\n\n\n\n<p>Muitos estudantes buscam por exce\u00e7\u00f5es ocultas que permitam o uso da forma flexionada em contextos po\u00e9ticos ou liter\u00e1rios muito espec\u00edficos e raros. Entretanto, na l\u00edngua portuguesa oficial, a palavra menos \u00e9 um dos poucos termos que mant\u00eam sua estrutura r\u00edgida e invari\u00e1vel em absolutamente todas as constru\u00e7\u00f5es sint\u00e1ticas poss\u00edveis atualmente para qualquer falante atento hoje.<\/p>\n\n\n\n<p>Essa clareza normativa facilita o aprendizado e torna a regra uma das mais simples de serem aplicadas com precis\u00e3o absoluta e rigorosa. N\u00e3o importa se voc\u00ea est\u00e1 escrevendo um e-mail informal ou um relat\u00f3rio corporativo denso, a regra da invariabilidade permanece como um pilar fundamental da gram\u00e1tica oficial de modo irrevog\u00e1vel no Brasil hoje sempre.<\/p>\n\n\n\n<p>No v\u00eddeo abaixo do TikTok <strong><em>Andressabcirqueira<\/em><\/strong>, que conta com mais de <strong><em>37 mil <\/em><\/strong>seguidores, ela explica a forma correta da palavra:<\/p>\n\n\n\n<blockquote class=\"tiktok-embed\" cite=\"https:\/\/www.tiktok.com\/@andressabcirqueira\/video\/7301673343818665222\" data-video-id=\"7301673343818665222\" style=\"max-width: 605px;min-width: 325px;\" > <section> <a target=\"_blank\" title=\"@andressabcirqueira\" href=\"https:\/\/www.tiktok.com\/@andressabcirqueira?refer=embed\">@andressabcirqueira<\/a> <a title=\"gramaticaparaconcursos\" target=\"_blank\" href=\"https:\/\/www.tiktok.com\/tag\/gramaticaparaconcursos?refer=embed\">#gramaticaparaconcursos<\/a> <a title=\"dicadeportugu\u00eas\" target=\"_blank\" href=\"https:\/\/www.tiktok.com\/tag\/dicadeportugu%C3%AAs?refer=embed\">#dicadeportugu\u00eas<\/a> <a title=\"gramatica\" target=\"_blank\" href=\"https:\/\/www.tiktok.com\/tag\/gramatica?refer=embed\">#gramatica<\/a> <a title=\"auladeportugu\u00eas\" target=\"_blank\" href=\"https:\/\/www.tiktok.com\/tag\/auladeportugu%C3%AAs?refer=embed\">#auladeportugu\u00eas<\/a> <a target=\"_blank\" title=\"\u266c som original - Andressa Cirqueira\" href=\"https:\/\/www.tiktok.com\/music\/som-original-7301673383968967430?refer=embed\">\u266c som original &#8211; Andressa Cirqueira<\/a> <\/section> <\/blockquote> <script async src=\"https:\/\/www.tiktok.com\/embed.js\"><\/script>\n\n\n\n<p>Leia tamb\u00e9m: <a href=\"https:\/\/www.correiobraziliense.com.br\/cbradar\/o-verbo-comum-que-quase-todo-mundo-usa-errado-no-passado\/\" target=\"_blank\" rel=\"noreferrer noopener\">O verbo comum que quase todo mundo usa errado no passado<\/a><\/p>\n\n\n\n<h2 class=\"wp-block-heading\">Qual recurso garante a veracidade das normas gramaticais brasileiras?<\/h2>\n\n\n\n<p>Consultar fontes de autoridade \u00e9 o caminho mais seguro para quem deseja dominar as nuances do idioma e evitar erros de concord\u00e2ncia verbal. A <strong>Academia Brasileira de Letras<\/strong> disponibiliza ferramentas digitais gratuitas que permitem verificar a grafia correta de qualquer voc\u00e1bulo presente no dicion\u00e1rio nacional de forma r\u00e1pida e muito precisa atualmente no pa\u00eds todo.<\/p>\n\n\n\n<p>Para validar o uso correto de adv\u00e9rbios e consultar o registro oficial de todas as palavras invari\u00e1veis no portugu\u00eas, voc\u00ea deve acessar o <strong><a target=\"_blank\" rel=\"noreferrer noopener\" href=\"https:\/\/www.academia.org.br\/nossa-lingua\/busca-no-vocabulario\">Vocabul\u00e1rio Ortogr\u00e1fico da L\u00edngua Portuguesa<\/a><\/strong>. Este recurso t\u00e9cnico garante que sua escrita possua a <strong>m\u00e1xima credibilidade e rigor<\/strong> exigidos para produ\u00e7\u00f5es de alto impacto no cen\u00e1rio profissional brasileiro atual e extremamente competitivo hoje.<\/p>\n","protected":false},"excerpt":{"rendered":"<p>Muitas pessoas cometem erros gramaticais graves ao tentar flexionar palavras que s\u00e3o essencialmente invari\u00e1veis na l\u00edngua portuguesa oficial. O uso equivocado do termo menas \u00e9 um dos deslizes mais frequentes em conversas informais e at\u00e9 em ambientes profissionais. Compreender a regra correta evita constrangimentos e garante que sua comunica\u00e7\u00e3o escrita transmita total credibilidade e autoridade. [&hellip;]<\/p>\n","protected":false},"author":21,"featured_media":207529,"comment_status":"open","ping_status":"open","sticky":false,"template":"","format":"standard","meta":{"_yoast_wpseo_focuskw":"menas ou menos","_yoast_wpseo_title":"","_yoast_wpseo_metadesc":"A palavra menas \u00e9 considerada erro gramatical porque menos \u00e9 um termo invari\u00e1vel que n\u00e3o muda no feminino na l\u00edngua portuguesa","jnews-multi-image_gallery":[],"jnews_single_post":{"format":"standard"},"jnews_primary_category":[],"jnews_social_meta":[],"jnews_override_counter":[],"footnotes":""},"categories":[112],"post_tag":[12482,5891,10902,6081],"class_list":["post-207507","post","type-post","status-publish","format-standard","has-post-thumbnail","hentry","category-curiosidades","tag-correto","tag-erros","tag-lingua-portuguesa","tag-portugues"],"yoast_head":"<!-- This site is optimized with the Yoast SEO plugin v24.6 - https:\/\/yoast.com\/wordpress\/plugins\/seo\/ -->\n<title>\u201cMenas\u201d ou \u201cmenos\u201d \u00e9 um erro que ainda aparece no dia a dia \u2014 e esta \u00e9 a forma correta - Correio Braziliense - Radar<\/title>\n<meta name=\"description\" content=\"A palavra menas \u00e9 considerada erro gramatical porque menos \u00e9 um termo invari\u00e1vel que n\u00e3o muda no feminino na l\u00edngua portuguesa\" \/>\n<meta name=\"robots\" content=\"index, follow, max-snippet:-1, max-image-preview:large, max-video-preview:-1\" \/>\n<link rel=\"canonical\" href=\"https:\/\/www.correiobraziliense.com.br\/cbradar\/menas-ou-menos-e-um-erro-que-ainda-aparece-no-dia-a-dia-e-esta-e-a-forma-correta\/\" \/>\n<meta property=\"og:locale\" content=\"pt_BR\" \/>\n<meta property=\"og:type\" content=\"article\" \/>\n<meta property=\"og:title\" content=\"\u201cMenas\u201d ou \u201cmenos\u201d \u00e9 um erro que ainda aparece no dia a dia \u2014 e esta \u00e9 a forma correta - Correio Braziliense - Radar\" \/>\n<meta property=\"og:description\" content=\"A palavra menas \u00e9 considerada erro gramatical porque menos \u00e9 um termo invari\u00e1vel que n\u00e3o muda no feminino na l\u00edngua portuguesa\" \/>\n<meta property=\"og:url\" content=\"https:\/\/www.correiobraziliense.com.br\/cbradar\/menas-ou-menos-e-um-erro-que-ainda-aparece-no-dia-a-dia-e-esta-e-a-forma-correta\/\" \/>\n<meta property=\"og:site_name\" content=\"Correio Braziliense - Radar\" \/>\n<meta property=\"article:published_time\" content=\"2026-03-13T23:35:00+00:00\" \/>\n<meta property=\"og:image\" content=\"https:\/\/www.correiobraziliense.com.br\/cbradar\/wp-content\/uploads\/2026\/03\/Gemini_Generated_Image_mklv1amklv1amklv-1-1.png\" \/>\n\t<meta property=\"og:image:width\" content=\"1280\" \/>\n\t<meta property=\"og:image:height\" content=\"720\" \/>\n\t<meta property=\"og:image:type\" content=\"image\/png\" \/>\n<meta name=\"author\" content=\"Patrick Silva\" \/>\n<meta name=\"twitter:card\" content=\"summary_large_image\" \/>\n<meta name=\"twitter:label1\" content=\"Escrito por\" \/>\n\t<meta name=\"twitter:data1\" content=\"Patrick Silva\" \/>\n\t<meta name=\"twitter:label2\" content=\"Est. tempo de leitura\" \/>\n\t<meta name=\"twitter:data2\" content=\"5 minutos\" \/>\n<!-- \/ Yoast SEO plugin. -->","yoast_head_json":{"title":"\u201cMenas\u201d ou \u201cmenos\u201d \u00e9 um erro que ainda aparece no dia a dia \u2014 e esta \u00e9 a forma correta - Correio Braziliense - Radar","description":"A palavra menas \u00e9 considerada erro gramatical porque menos \u00e9 um termo invari\u00e1vel que n\u00e3o muda no feminino na l\u00edngua portuguesa","robots":{"index":"index","follow":"follow","max-snippet":"max-snippet:-1","max-image-preview":"max-image-preview:large","max-video-preview":"max-video-preview:-1"},"canonical":"https:\/\/www.correiobraziliense.com.br\/cbradar\/menas-ou-menos-e-um-erro-que-ainda-aparece-no-dia-a-dia-e-esta-e-a-forma-correta\/","og_locale":"pt_BR","og_type":"article","og_title":"\u201cMenas\u201d ou \u201cmenos\u201d \u00e9 um erro que ainda aparece no dia a dia \u2014 e esta \u00e9 a forma correta - Correio Braziliense - Radar","og_description":"A palavra menas \u00e9 considerada erro gramatical porque menos \u00e9 um termo invari\u00e1vel que n\u00e3o muda no feminino na l\u00edngua portuguesa","og_url":"https:\/\/www.correiobraziliense.com.br\/cbradar\/menas-ou-menos-e-um-erro-que-ainda-aparece-no-dia-a-dia-e-esta-e-a-forma-correta\/","og_site_name":"Correio Braziliense - Radar","article_published_time":"2026-03-13T23:35:00+00:00","og_image":[{"width":1280,"height":720,"url":"https:\/\/www.correiobraziliense.com.br\/cbradar\/wp-content\/uploads\/2026\/03\/Gemini_Generated_Image_mklv1amklv1amklv-1-1.png","type":"image\/png"}],"author":"Patrick Silva","twitter_card":"summary_large_image","twitter_misc":{"Escrito por":"Patrick Silva","Est. tempo de leitura":"5 minutos"},"schema":{"@context":"https:\/\/schema.org","@graph":[{"@type":"WebPage","@id":"https:\/\/www.correiobraziliense.com.br\/cbradar\/menas-ou-menos-e-um-erro-que-ainda-aparece-no-dia-a-dia-e-esta-e-a-forma-correta\/","url":"https:\/\/www.correiobraziliense.com.br\/cbradar\/menas-ou-menos-e-um-erro-que-ainda-aparece-no-dia-a-dia-e-esta-e-a-forma-correta\/","name":"\u201cMenas\u201d ou \u201cmenos\u201d \u00e9 um erro que ainda aparece no dia a dia \u2014 e esta \u00e9 a forma correta - Correio Braziliense - Radar","isPartOf":{"@id":"https:\/\/www.correiobraziliense.com.br\/cbradar\/#website"},"primaryImageOfPage":{"@id":"https:\/\/www.correiobraziliense.com.br\/cbradar\/menas-ou-menos-e-um-erro-que-ainda-aparece-no-dia-a-dia-e-esta-e-a-forma-correta\/#primaryimage"},"image":{"@id":"https:\/\/www.correiobraziliense.com.br\/cbradar\/menas-ou-menos-e-um-erro-que-ainda-aparece-no-dia-a-dia-e-esta-e-a-forma-correta\/#primaryimage"},"thumbnailUrl":"https:\/\/www.correiobraziliense.com.br\/cbradar\/wp-content\/uploads\/2026\/03\/Gemini_Generated_Image_mklv1amklv1amklv-1-1.png","datePublished":"2026-03-13T23:35:00+00:00","author":{"@id":"https:\/\/www.correiobraziliense.com.br\/cbradar\/#\/schema\/person\/5440b72be9c7eb74f446c846479dc4da"},"description":"A palavra menas \u00e9 considerada erro gramatical porque menos \u00e9 um termo invari\u00e1vel que n\u00e3o muda no feminino na l\u00edngua portuguesa","breadcrumb":{"@id":"https:\/\/www.correiobraziliense.com.br\/cbradar\/menas-ou-menos-e-um-erro-que-ainda-aparece-no-dia-a-dia-e-esta-e-a-forma-correta\/#breadcrumb"},"inLanguage":"pt-BR","potentialAction":[{"@type":"ReadAction","target":["https:\/\/www.correiobraziliense.com.br\/cbradar\/menas-ou-menos-e-um-erro-que-ainda-aparece-no-dia-a-dia-e-esta-e-a-forma-correta\/"]}]},{"@type":"ImageObject","inLanguage":"pt-BR","@id":"https:\/\/www.correiobraziliense.com.br\/cbradar\/menas-ou-menos-e-um-erro-que-ainda-aparece-no-dia-a-dia-e-esta-e-a-forma-correta\/#primaryimage","url":"https:\/\/www.correiobraziliense.com.br\/cbradar\/wp-content\/uploads\/2026\/03\/Gemini_Generated_Image_mklv1amklv1amklv-1-1.png","contentUrl":"https:\/\/www.correiobraziliense.com.br\/cbradar\/wp-content\/uploads\/2026\/03\/Gemini_Generated_Image_mklv1amklv1amklv-1-1.png","width":1280,"height":720,"caption":"Menas \u00e9 erro gramatical porque menos \u00e9 uma palavra invari\u00e1vel na l\u00edngua portuguesa"},{"@type":"BreadcrumbList","@id":"https:\/\/www.correiobraziliense.com.br\/cbradar\/menas-ou-menos-e-um-erro-que-ainda-aparece-no-dia-a-dia-e-esta-e-a-forma-correta\/#breadcrumb","itemListElement":[{"@type":"ListItem","position":1,"name":"In\u00edcio","item":"https:\/\/www.correiobraziliense.com.br\/cbradar\/"},{"@type":"ListItem","position":2,"name":"\u201cMenas\u201d ou \u201cmenos\u201d \u00e9 um erro que ainda aparece no dia a dia \u2014 e esta \u00e9 a forma correta"}]},{"@type":"WebSite","@id":"https:\/\/www.correiobraziliense.com.br\/cbradar\/#website","url":"https:\/\/www.correiobraziliense.com.br\/cbradar\/","name":"Correio Braziliense - Radar","description":"Acompanhe as \u00faltimas not\u00edcias e fique bem informado sobre tudo o que acontece no Brasil e no mundo.","potentialAction":[{"@type":"SearchAction","target":{"@type":"EntryPoint","urlTemplate":"https:\/\/www.correiobraziliense.com.br\/cbradar\/?s={search_term_string}"},"query-input":{"@type":"PropertyValueSpecification","valueRequired":true,"valueName":"search_term_string"}}],"inLanguage":"pt-BR"},{"@type":"Person","@id":"https:\/\/www.correiobraziliense.com.br\/cbradar\/#\/schema\/person\/5440b72be9c7eb74f446c846479dc4da","name":"Patrick Silva","image":{"@type":"ImageObject","inLanguage":"pt-BR","@id":"https:\/\/www.correiobraziliense.com.br\/cbradar\/#\/schema\/person\/image\/","url":"https:\/\/secure.gravatar.com\/avatar\/944109df296fc087785c9715fd5f80b2?s=96&d=mm&r=g","contentUrl":"https:\/\/secure.gravatar.com\/avatar\/944109df296fc087785c9715fd5f80b2?s=96&d=mm&r=g","caption":"Patrick Silva"},"sameAs":["https:\/\/www.correiobraziliense.com.br\/cbradar\/"],"url":"https:\/\/www.correiobraziliense.com.br\/cbradar\/author\/patrick-silva\/"}]}},"_links":{"self":[{"href":"https:\/\/www.correiobraziliense.com.br\/cbradar\/wp-json\/wp\/v2\/posts\/207507","targetHints":{"allow":["GET"]}}],"collection":[{"href":"https:\/\/www.correiobraziliense.com.br\/cbradar\/wp-json\/wp\/v2\/posts"}],"about":[{"href":"https:\/\/www.correiobraziliense.com.br\/cbradar\/wp-json\/wp\/v2\/types\/post"}],"author":[{"embeddable":true,"href":"https:\/\/www.correiobraziliense.com.br\/cbradar\/wp-json\/wp\/v2\/users\/21"}],"replies":[{"embeddable":true,"href":"https:\/\/www.correiobraziliense.com.br\/cbradar\/wp-json\/wp\/v2\/comments?post=207507"}],"version-history":[{"count":2,"href":"https:\/\/www.correiobraziliense.com.br\/cbradar\/wp-json\/wp\/v2\/posts\/207507\/revisions"}],"predecessor-version":[{"id":207532,"href":"https:\/\/www.correiobraziliense.com.br\/cbradar\/wp-json\/wp\/v2\/posts\/207507\/revisions\/207532"}],"wp:featuredmedia":[{"embeddable":true,"href":"https:\/\/www.correiobraziliense.com.br\/cbradar\/wp-json\/wp\/v2\/media\/207529"}],"wp:attachment":[{"href":"https:\/\/www.correiobraziliense.com.br\/cbradar\/wp-json\/wp\/v2\/media?parent=207507"}],"wp:term":[{"taxonomy":"category","embeddable":true,"href":"https:\/\/www.correiobraziliense.com.br\/cbradar\/wp-json\/wp\/v2\/categories?post=207507"},{"taxonomy":"post_tag","embeddable":true,"href":"https:\/\/www.correiobraziliense.com.br\/cbradar\/wp-json\/wp\/v2\/post_tag?post=207507"}],"curies":[{"name":"wp","href":"https:\/\/api.w.org\/{rel}","templated":true}]}}