{"id":207520,"date":"2026-03-14T22:25:00","date_gmt":"2026-03-15T01:25:00","guid":{"rendered":"https:\/\/www.correiobraziliense.com.br\/cbradar\/?p=207520"},"modified":"2026-03-12T12:11:10","modified_gmt":"2026-03-12T15:11:10","slug":"poucos-sabem-o-que-significa-dormir-com-uma-luz-acesa-no-quarto","status":"publish","type":"post","link":"https:\/\/www.correiobraziliense.com.br\/cbradar\/poucos-sabem-o-que-significa-dormir-com-uma-luz-acesa-no-quarto\/","title":{"rendered":"Poucos sabem o que significa dormir com uma luz acesa no quarto"},"content":{"rendered":"\n<p>Manter qualquer tipo de ilumina\u00e7\u00e3o artificial durante o repouso noturno interfere drasticamente na produ\u00e7\u00e3o hormonal necess\u00e1ria para o descanso profundo. Muitas pessoas ignoram como pequenas l\u00e2mpadas ou telas ligadas confundem o rel\u00f3gio biol\u00f3gico humano. Entender as consequ\u00eancias dessa pr\u00e1tica \u00e9 vital para garantir uma sa\u00fade mental est\u00e1vel e uma rotina muito produtiva.<\/p>\n\n\n\n<h2 class=\"wp-block-heading\">Como o brilho artificial interrompe o ciclo circadiano?<\/h2>\n\n\n\n<p>A exposi\u00e7\u00e3o constante \u00e0 luz azul inibe a libera\u00e7\u00e3o natural de melatonina pelo c\u00e9rebro assim que o sol se p\u00f5e. Esse horm\u00f4nio \u00e9 o principal respons\u00e1vel por sinalizar ao organismo que o momento de recupera\u00e7\u00e3o celular chegou. Sem essa subst\u00e2ncia em n\u00edveis adequados, o corpo permanece em estado de alerta, dificultando o in\u00edcio do sono verdadeiramente reparador e vital.<\/p>\n\n\n\n<p>Estudos indicam que mesmo luzes fracas atravessam as p\u00e1lpebras fechadas e enviam sinais contradit\u00f3rios para o <strong>n\u00facleo supraquiasm\u00e1tico<\/strong>. Esse processo interrompe a sincronia entre as fun\u00e7\u00f5es biol\u00f3gicas internas e o ambiente externo real. Como resultado direto, o indiv\u00edduo acorda com a sensa\u00e7\u00e3o de cansa\u00e7o extremo e falta de energia f\u00edsica para enfrentar os desafios complexos diariamente.<\/p>\n\n\n\n<figure class=\"wp-block-image size-full\"><img decoding=\"async\" width=\"1280\" height=\"720\" src=\"https:\/\/www.correiobraziliense.com.br\/cbradar\/wp-content\/uploads\/2026\/03\/Gemini_Generated_Image_qtsy4fqtsy4fqtsy-1-1.png\" alt=\"Poucos sabem o que significa dormir com uma luz acesa no quarto\" class=\"wp-image-207523\" srcset=\"https:\/\/www.correiobraziliense.com.br\/cbradar\/wp-content\/uploads\/2026\/03\/Gemini_Generated_Image_qtsy4fqtsy4fqtsy-1-1.png 1280w, https:\/\/www.correiobraziliense.com.br\/cbradar\/wp-content\/uploads\/2026\/03\/Gemini_Generated_Image_qtsy4fqtsy4fqtsy-1-1-300x169.png 300w, https:\/\/www.correiobraziliense.com.br\/cbradar\/wp-content\/uploads\/2026\/03\/Gemini_Generated_Image_qtsy4fqtsy4fqtsy-1-1-768x432.png 768w, https:\/\/www.correiobraziliense.com.br\/cbradar\/wp-content\/uploads\/2026\/03\/Gemini_Generated_Image_qtsy4fqtsy4fqtsy-1-1-750x422.png 750w, https:\/\/www.correiobraziliense.com.br\/cbradar\/wp-content\/uploads\/2026\/03\/Gemini_Generated_Image_qtsy4fqtsy4fqtsy-1-1-1140x641.png 1140w\" sizes=\"(max-width: 1280px) 100vw, 1280px\" \/><figcaption class=\"wp-element-caption\">Dormir em ambiente escuro ajuda o corpo a produzir melatonina e melhora a qualidade do sono<\/figcaption><\/figure>\n\n\n\n<h2 class=\"wp-block-heading\">Quais riscos metab\u00f3licos est\u00e3o ocultos na claridade?<\/h2>\n\n\n\n<p><strong><a href=\"https:\/\/www.correiobraziliense.com.br\/cbradar\/o-que-significa-dormir-sempre-com-o-cabelo-preso\/\" target=\"_blank\" rel=\"noreferrer noopener\">Dormir <\/a><\/strong>com luz acesa altera a maneira como o metabolismo processa a glicose no sangue durante a madrugada silenciosa. A sensibilidade \u00e0 insulina diminui significativamente quando o descanso \u00e9 interrompido por est\u00edmulos visuais desnecess\u00e1rios. Essa disfun\u00e7\u00e3o metab\u00f3lica aumenta as chances de ganho de peso e complica\u00e7\u00f5es cr\u00f4nicas em adultos que n\u00e3o priorizam o escuro total e absoluto sempre.<\/p>\n\n\n\n<p>O corpo humano interpreta a claridade como um sinal de que deve manter o consumo energ\u00e9tico elevado constantemente. Isso gera uma sobrecarga no sistema end\u00f3crino, que deixa de realizar fun\u00e7\u00f5es de manuten\u00e7\u00e3o celular importantes para a longevidade. Priorizar a escurid\u00e3o completa ajuda a regular o apetite e garante que as fun\u00e7\u00f5es hormonais trabalhem em perfeito equil\u00edbrio fisiol\u00f3gico necess\u00e1rio.<\/p>\n\n\n\n<h2 class=\"wp-block-heading\">Qual o impacto psicol\u00f3gico de um ambiente iluminado?<\/h2>\n\n\n\n<p>A mente humana precisa de escurid\u00e3o total para processar as emo\u00e7\u00f5es acumuladas durante a jornada de trabalho exaustiva. Ambientes iluminados impedem que as fases mais profundas do sono ocorram de forma natural e ininterrupta. Esse d\u00e9ficit de descanso afeta a paci\u00eancia, a mem\u00f3ria e a capacidade de tomada de decis\u00e3o assertiva nas tarefas simples ou profissionais da rotina.<\/p>\n\n\n\n<p>A ado\u00e7\u00e3o constante deste h\u00e1bito revela preju\u00edzos invis\u00edveis que impactam diretamente a integridade da jornada mental em diversos pilares fundamentais:<\/p>\n\n\n\n<ul class=\"wp-block-list\">\n<li>Aumento da irritabilidade durante o dia.<\/li>\n\n\n\n<li>Dificuldade de concentra\u00e7\u00e3o em tarefas longas.<\/li>\n\n\n\n<li>Eleva\u00e7\u00e3o dos n\u00edveis de ansiedade noturna.<\/li>\n\n\n\n<li>Piora significativa na qualidade do humor.<\/li>\n<\/ul>\n\n\n\n<h2 class=\"wp-block-heading\">Existe conex\u00e3o entre luz noturna e humor?<\/h2>\n\n\n\n<p>A priva\u00e7\u00e3o cr\u00f4nica de escurid\u00e3o est\u00e1 fortemente ligada ao desenvolvimento de sintomas depressivos em indiv\u00edduos de todas as idades. O c\u00e9rebro fica privado do tempo necess\u00e1rio para reequilibrar os neurotransmissores fundamentais para o bem-estar psicol\u00f3gico. Sem esse ajuste qu\u00edmico, a sensa\u00e7\u00e3o de des\u00e2nimo torna-se persistente, prejudicando a qualidade de vida e o desempenho nas intera\u00e7\u00f5es sociais e familiares cotidianas.<\/p>\n\n\n\n<p>Manter o quarto escuro funciona como uma prote\u00e7\u00e3o natural para a sa\u00fade emocional contra as press\u00f5es do mundo moderno. A escurid\u00e3o induz um estado de relaxamento que permite a desconex\u00e3o total das preocupa\u00e7\u00f5es externas vividas no escrit\u00f3rio. Valorizar esse tempo de isolamento visual \u00e9 um investimento de alto retorno que garante o equil\u00edbrio necess\u00e1rio para enfrentar as oscila\u00e7\u00f5es da exist\u00eancia humana hoje.<\/p>\n\n\n\n<figure class=\"wp-block-image size-full\"><img decoding=\"async\" width=\"1280\" height=\"720\" src=\"https:\/\/www.correiobraziliense.com.br\/cbradar\/wp-content\/uploads\/2026\/03\/Gemini_Generated_Image_m1q9kfm1q9kfm1q9-1-1.png\" alt=\"Poucos sabem o que significa dormir com uma luz acesa no quarto\" class=\"wp-image-207527\" srcset=\"https:\/\/www.correiobraziliense.com.br\/cbradar\/wp-content\/uploads\/2026\/03\/Gemini_Generated_Image_m1q9kfm1q9kfm1q9-1-1.png 1280w, https:\/\/www.correiobraziliense.com.br\/cbradar\/wp-content\/uploads\/2026\/03\/Gemini_Generated_Image_m1q9kfm1q9kfm1q9-1-1-300x169.png 300w, https:\/\/www.correiobraziliense.com.br\/cbradar\/wp-content\/uploads\/2026\/03\/Gemini_Generated_Image_m1q9kfm1q9kfm1q9-1-1-768x432.png 768w, https:\/\/www.correiobraziliense.com.br\/cbradar\/wp-content\/uploads\/2026\/03\/Gemini_Generated_Image_m1q9kfm1q9kfm1q9-1-1-750x422.png 750w, https:\/\/www.correiobraziliense.com.br\/cbradar\/wp-content\/uploads\/2026\/03\/Gemini_Generated_Image_m1q9kfm1q9kfm1q9-1-1-1140x641.png 1140w\" sizes=\"(max-width: 1280px) 100vw, 1280px\" \/><figcaption class=\"wp-element-caption\">Dormir em ambiente escuro ajuda o corpo a produzir melatonina e melhora a qualidade do sono<\/figcaption><\/figure>\n\n\n\n<h2 class=\"wp-block-heading\">Como as autoridades de sa\u00fade avaliam este h\u00e1bito?<\/h2>\n\n\n\n<p>A <strong>Organiza\u00e7\u00e3o Mundial da Sa\u00fade<\/strong> recomenda a redu\u00e7\u00e3o da polui\u00e7\u00e3o luminosa para prevenir dist\u00farbios de sono e doen\u00e7as metab\u00f3licas graves. Especialistas sugerem o uso de cortinas opacas para bloquear qualquer claridade vinda das ruas das grandes cidades. Promover o descanso em ambientes totalmente escuros \u00e9 uma diretriz fundamental para garantir que o sistema imunol\u00f3gico funcione com efici\u00eancia m\u00e1xima e prote\u00e7\u00e3o.<\/p>\n\n\n\n<p>Segundo dados da <strong>National Sleep Foundation<\/strong>, a luz interfere na temperatura corporal necess\u00e1ria para o in\u00edcio do sono REM profundo. Pesquisas indicam que at\u00e9 luzes de aparelhos eletr\u00f4nicos podem fragmentar o descanso e prejudicar a sa\u00fade cardiovascular em longo prazo. Para entender as recomenda\u00e7\u00f5es t\u00e9cnicas, acesse o guia oficial diretamente no portal da <a target=\"_blank\" rel=\"noreferrer noopener\" href=\"https:\/\/www.sleepfoundation.org\/bedroom-environment\/sleeping-with-the-lights-on\">Sleep Foundation<\/a>.<\/p>\n","protected":false},"excerpt":{"rendered":"<p>Manter qualquer tipo de ilumina\u00e7\u00e3o artificial durante o repouso noturno interfere drasticamente na produ\u00e7\u00e3o hormonal necess\u00e1ria para o descanso profundo. Muitas pessoas ignoram como pequenas l\u00e2mpadas ou telas ligadas confundem o rel\u00f3gio biol\u00f3gico humano. Entender as consequ\u00eancias dessa pr\u00e1tica \u00e9 vital para garantir uma sa\u00fade mental est\u00e1vel e uma rotina muito produtiva. Como o brilho [&hellip;]<\/p>\n","protected":false},"author":21,"featured_media":207524,"comment_status":"open","ping_status":"open","sticky":false,"template":"","format":"standard","meta":{"_yoast_wpseo_focuskw":"efeitos de dormir com luz acesa \u00e0 noite","_yoast_wpseo_title":"","_yoast_wpseo_metadesc":"Dormir com luz acesa pode afetar horm\u00f4nios e o descanso sem que muita gente perceba. Um detalhe do quarto muda o sono.","jnews-multi-image_gallery":[],"jnews_single_post":{"format":"standard"},"jnews_primary_category":[],"jnews_social_meta":[],"jnews_override_counter":[],"footnotes":""},"categories":[112],"tags":[14485,1288,4647],"class_list":["post-207520","post","type-post","status-publish","format-standard","has-post-thumbnail","hentry","category-curiosidades","tag-dormi","tag-luz","tag-quarto"],"yoast_head":"<!-- This site is optimized with the Yoast SEO plugin v24.6 - https:\/\/yoast.com\/wordpress\/plugins\/seo\/ -->\n<title>Poucos sabem o que significa dormir com uma luz acesa no quarto - Correio Braziliense - Radar<\/title>\n<meta name=\"description\" content=\"Dormir com luz acesa pode afetar horm\u00f4nios e o descanso sem que muita gente perceba. Um detalhe do quarto muda o sono.\" \/>\n<meta name=\"robots\" content=\"index, follow, max-snippet:-1, max-image-preview:large, max-video-preview:-1\" \/>\n<link rel=\"canonical\" href=\"https:\/\/www.correiobraziliense.com.br\/cbradar\/poucos-sabem-o-que-significa-dormir-com-uma-luz-acesa-no-quarto\/\" \/>\n<meta property=\"og:locale\" content=\"pt_BR\" \/>\n<meta property=\"og:type\" content=\"article\" \/>\n<meta property=\"og:title\" content=\"Poucos sabem o que significa dormir com uma luz acesa no quarto - Correio Braziliense - Radar\" \/>\n<meta property=\"og:description\" content=\"Dormir com luz acesa pode afetar horm\u00f4nios e o descanso sem que muita gente perceba. Um detalhe do quarto muda o sono.\" \/>\n<meta property=\"og:url\" content=\"https:\/\/www.correiobraziliense.com.br\/cbradar\/poucos-sabem-o-que-significa-dormir-com-uma-luz-acesa-no-quarto\/\" \/>\n<meta property=\"og:site_name\" content=\"Correio Braziliense - Radar\" \/>\n<meta property=\"article:published_time\" content=\"2026-03-15T01:25:00+00:00\" \/>\n<meta property=\"og:image\" content=\"https:\/\/www.correiobraziliense.com.br\/cbradar\/wp-content\/uploads\/2026\/03\/Gemini_Generated_Image_8mhz3f8mhz3f8mhz-1-1.png\" \/>\n\t<meta property=\"og:image:width\" content=\"1280\" \/>\n\t<meta property=\"og:image:height\" content=\"720\" \/>\n\t<meta property=\"og:image:type\" content=\"image\/png\" \/>\n<meta name=\"author\" content=\"Patrick Silva\" \/>\n<meta name=\"twitter:card\" content=\"summary_large_image\" \/>\n<meta name=\"twitter:label1\" content=\"Escrito por\" \/>\n\t<meta name=\"twitter:data1\" content=\"Patrick Silva\" \/>\n\t<meta name=\"twitter:label2\" content=\"Est. tempo de leitura\" \/>\n\t<meta name=\"twitter:data2\" content=\"5 minutos\" \/>\n<!-- \/ Yoast SEO plugin. -->","yoast_head_json":{"title":"Poucos sabem o que significa dormir com uma luz acesa no quarto - Correio Braziliense - Radar","description":"Dormir com luz acesa pode afetar horm\u00f4nios e o descanso sem que muita gente perceba. Um detalhe do quarto muda o sono.","robots":{"index":"index","follow":"follow","max-snippet":"max-snippet:-1","max-image-preview":"max-image-preview:large","max-video-preview":"max-video-preview:-1"},"canonical":"https:\/\/www.correiobraziliense.com.br\/cbradar\/poucos-sabem-o-que-significa-dormir-com-uma-luz-acesa-no-quarto\/","og_locale":"pt_BR","og_type":"article","og_title":"Poucos sabem o que significa dormir com uma luz acesa no quarto - Correio Braziliense - Radar","og_description":"Dormir com luz acesa pode afetar horm\u00f4nios e o descanso sem que muita gente perceba. Um detalhe do quarto muda o sono.","og_url":"https:\/\/www.correiobraziliense.com.br\/cbradar\/poucos-sabem-o-que-significa-dormir-com-uma-luz-acesa-no-quarto\/","og_site_name":"Correio Braziliense - Radar","article_published_time":"2026-03-15T01:25:00+00:00","og_image":[{"width":1280,"height":720,"url":"https:\/\/www.correiobraziliense.com.br\/cbradar\/wp-content\/uploads\/2026\/03\/Gemini_Generated_Image_8mhz3f8mhz3f8mhz-1-1.png","type":"image\/png"}],"author":"Patrick Silva","twitter_card":"summary_large_image","twitter_misc":{"Escrito por":"Patrick Silva","Est. tempo de leitura":"5 minutos"},"schema":{"@context":"https:\/\/schema.org","@graph":[{"@type":"WebPage","@id":"https:\/\/www.correiobraziliense.com.br\/cbradar\/poucos-sabem-o-que-significa-dormir-com-uma-luz-acesa-no-quarto\/","url":"https:\/\/www.correiobraziliense.com.br\/cbradar\/poucos-sabem-o-que-significa-dormir-com-uma-luz-acesa-no-quarto\/","name":"Poucos sabem o que significa dormir com uma luz acesa no quarto - Correio Braziliense - Radar","isPartOf":{"@id":"https:\/\/www.correiobraziliense.com.br\/cbradar\/#website"},"primaryImageOfPage":{"@id":"https:\/\/www.correiobraziliense.com.br\/cbradar\/poucos-sabem-o-que-significa-dormir-com-uma-luz-acesa-no-quarto\/#primaryimage"},"image":{"@id":"https:\/\/www.correiobraziliense.com.br\/cbradar\/poucos-sabem-o-que-significa-dormir-com-uma-luz-acesa-no-quarto\/#primaryimage"},"thumbnailUrl":"https:\/\/www.correiobraziliense.com.br\/cbradar\/wp-content\/uploads\/2026\/03\/Gemini_Generated_Image_8mhz3f8mhz3f8mhz-1-1.png","datePublished":"2026-03-15T01:25:00+00:00","author":{"@id":"https:\/\/www.correiobraziliense.com.br\/cbradar\/#\/schema\/person\/5440b72be9c7eb74f446c846479dc4da"},"description":"Dormir com luz acesa pode afetar horm\u00f4nios e o descanso sem que muita gente perceba. Um detalhe do quarto muda o sono.","breadcrumb":{"@id":"https:\/\/www.correiobraziliense.com.br\/cbradar\/poucos-sabem-o-que-significa-dormir-com-uma-luz-acesa-no-quarto\/#breadcrumb"},"inLanguage":"pt-BR","potentialAction":[{"@type":"ReadAction","target":["https:\/\/www.correiobraziliense.com.br\/cbradar\/poucos-sabem-o-que-significa-dormir-com-uma-luz-acesa-no-quarto\/"]}]},{"@type":"ImageObject","inLanguage":"pt-BR","@id":"https:\/\/www.correiobraziliense.com.br\/cbradar\/poucos-sabem-o-que-significa-dormir-com-uma-luz-acesa-no-quarto\/#primaryimage","url":"https:\/\/www.correiobraziliense.com.br\/cbradar\/wp-content\/uploads\/2026\/03\/Gemini_Generated_Image_8mhz3f8mhz3f8mhz-1-1.png","contentUrl":"https:\/\/www.correiobraziliense.com.br\/cbradar\/wp-content\/uploads\/2026\/03\/Gemini_Generated_Image_8mhz3f8mhz3f8mhz-1-1.png","width":1280,"height":720,"caption":"Dormir em ambiente escuro ajuda o corpo a produzir melatonina e melhora a qualidade do sono"},{"@type":"BreadcrumbList","@id":"https:\/\/www.correiobraziliense.com.br\/cbradar\/poucos-sabem-o-que-significa-dormir-com-uma-luz-acesa-no-quarto\/#breadcrumb","itemListElement":[{"@type":"ListItem","position":1,"name":"In\u00edcio","item":"https:\/\/www.correiobraziliense.com.br\/cbradar\/"},{"@type":"ListItem","position":2,"name":"Poucos sabem o que significa dormir com uma luz acesa no quarto"}]},{"@type":"WebSite","@id":"https:\/\/www.correiobraziliense.com.br\/cbradar\/#website","url":"https:\/\/www.correiobraziliense.com.br\/cbradar\/","name":"Correio Braziliense - Radar","description":"Acompanhe as \u00faltimas not\u00edcias e fique bem informado sobre tudo o que acontece no Brasil e no mundo.","potentialAction":[{"@type":"SearchAction","target":{"@type":"EntryPoint","urlTemplate":"https:\/\/www.correiobraziliense.com.br\/cbradar\/?s={search_term_string}"},"query-input":{"@type":"PropertyValueSpecification","valueRequired":true,"valueName":"search_term_string"}}],"inLanguage":"pt-BR"},{"@type":"Person","@id":"https:\/\/www.correiobraziliense.com.br\/cbradar\/#\/schema\/person\/5440b72be9c7eb74f446c846479dc4da","name":"Patrick Silva","image":{"@type":"ImageObject","inLanguage":"pt-BR","@id":"https:\/\/www.correiobraziliense.com.br\/cbradar\/#\/schema\/person\/image\/","url":"https:\/\/secure.gravatar.com\/avatar\/944109df296fc087785c9715fd5f80b2?s=96&d=mm&r=g","contentUrl":"https:\/\/secure.gravatar.com\/avatar\/944109df296fc087785c9715fd5f80b2?s=96&d=mm&r=g","caption":"Patrick Silva"},"sameAs":["https:\/\/www.correiobraziliense.com.br\/cbradar\/"],"url":"https:\/\/www.correiobraziliense.com.br\/cbradar\/author\/patrick-silva\/"}]}},"_links":{"self":[{"href":"https:\/\/www.correiobraziliense.com.br\/cbradar\/wp-json\/wp\/v2\/posts\/207520","targetHints":{"allow":["GET"]}}],"collection":[{"href":"https:\/\/www.correiobraziliense.com.br\/cbradar\/wp-json\/wp\/v2\/posts"}],"about":[{"href":"https:\/\/www.correiobraziliense.com.br\/cbradar\/wp-json\/wp\/v2\/types\/post"}],"author":[{"embeddable":true,"href":"https:\/\/www.correiobraziliense.com.br\/cbradar\/wp-json\/wp\/v2\/users\/21"}],"replies":[{"embeddable":true,"href":"https:\/\/www.correiobraziliense.com.br\/cbradar\/wp-json\/wp\/v2\/comments?post=207520"}],"version-history":[{"count":5,"href":"https:\/\/www.correiobraziliense.com.br\/cbradar\/wp-json\/wp\/v2\/posts\/207520\/revisions"}],"predecessor-version":[{"id":207528,"href":"https:\/\/www.correiobraziliense.com.br\/cbradar\/wp-json\/wp\/v2\/posts\/207520\/revisions\/207528"}],"wp:featuredmedia":[{"embeddable":true,"href":"https:\/\/www.correiobraziliense.com.br\/cbradar\/wp-json\/wp\/v2\/media\/207524"}],"wp:attachment":[{"href":"https:\/\/www.correiobraziliense.com.br\/cbradar\/wp-json\/wp\/v2\/media?parent=207520"}],"wp:term":[{"taxonomy":"category","embeddable":true,"href":"https:\/\/www.correiobraziliense.com.br\/cbradar\/wp-json\/wp\/v2\/categories?post=207520"},{"taxonomy":"post_tag","embeddable":true,"href":"https:\/\/www.correiobraziliense.com.br\/cbradar\/wp-json\/wp\/v2\/tags?post=207520"}],"curies":[{"name":"wp","href":"https:\/\/api.w.org\/{rel}","templated":true}]}}