{"id":207533,"date":"2026-03-13T09:55:00","date_gmt":"2026-03-13T12:55:00","guid":{"rendered":"https:\/\/www.correiobraziliense.com.br\/cbradar\/?p=207533"},"modified":"2026-03-12T13:54:08","modified_gmt":"2026-03-12T16:54:08","slug":"como-fazer-feijao-tropeiro-mineiro-tradicional-em-casa-com-esta-receita-simples","status":"publish","type":"post","link":"https:\/\/www.correiobraziliense.com.br\/cbradar\/como-fazer-feijao-tropeiro-mineiro-tradicional-em-casa-com-esta-receita-simples\/","title":{"rendered":"Como fazer feij\u00e3o tropeiro mineiro tradicional em casa com esta receita simples"},"content":{"rendered":"\n<p>O feij\u00e3o tropeiro mineiro representa uma das tradi\u00e7\u00f5es culin\u00e1rias mais ricas do <strong>Brasil<\/strong>, unindo sabores intensos e texturas r\u00fasticas em um prato \u00fanico. Aprender a preparar essa iguaria em casa permite resgatar a heran\u00e7a dos tropeiros que cruzavam o interior do pa\u00eds. Com ingredientes simples, voc\u00ea garante uma refei\u00e7\u00e3o aut\u00eantica e inesquec\u00edvel.<\/p>\n\n\n\n<h2 class=\"wp-block-heading\">Quais ingredientes garantem o sabor aut\u00eantico da ro\u00e7a?<\/h2>\n\n\n\n<p>Para come\u00e7ar sua jornada gastron\u00f4mica, selecione um feij\u00e3o cozido de forma que os gr\u00e3os fiquem firmes e inteiros. A escolha do toucinho e da lingui\u00e7a calabresa de boa qualidade \u00e9 o ponto de partida para criar aquela base gordurosa essencial. O equil\u00edbrio entre o sal e o tempero caseiro mineiro define o sucesso final da sua receita.<\/p>\n\n\n\n<p>A farinha de mandioca deve ser adicionada com cautela para que o prato n\u00e3o fique excessivamente seco ou pesado. O uso da gordura de porco original confere uma profundidade de sabor que \u00f3leos vegetais comuns jamais conseguiriam replicar. \u00c9 fundamental que todos os elementos estejam frescos para que a combina\u00e7\u00e3o de aromas transporte seus convidados diretamente para <strong>Minas Gerais<\/strong>.<\/p>\n\n\n\n<figure class=\"wp-block-image size-full\"><img decoding=\"async\" width=\"1280\" height=\"720\" src=\"https:\/\/www.correiobraziliense.com.br\/cbradar\/wp-content\/uploads\/2026\/03\/Gemini_Generated_Image_1p9oil1p9oil1p9o-1-1.png\" alt=\"Como fazer feij\u00e3o tropeiro mineiro tradicional em casa com esta receita simples\" class=\"wp-image-207542\" srcset=\"https:\/\/www.correiobraziliense.com.br\/cbradar\/wp-content\/uploads\/2026\/03\/Gemini_Generated_Image_1p9oil1p9oil1p9o-1-1.png 1280w, https:\/\/www.correiobraziliense.com.br\/cbradar\/wp-content\/uploads\/2026\/03\/Gemini_Generated_Image_1p9oil1p9oil1p9o-1-1-300x169.png 300w, https:\/\/www.correiobraziliense.com.br\/cbradar\/wp-content\/uploads\/2026\/03\/Gemini_Generated_Image_1p9oil1p9oil1p9o-1-1-768x432.png 768w, https:\/\/www.correiobraziliense.com.br\/cbradar\/wp-content\/uploads\/2026\/03\/Gemini_Generated_Image_1p9oil1p9oil1p9o-1-1-750x422.png 750w, https:\/\/www.correiobraziliense.com.br\/cbradar\/wp-content\/uploads\/2026\/03\/Gemini_Generated_Image_1p9oil1p9oil1p9o-1-1-1140x641.png 1140w\" sizes=\"(max-width: 1280px) 100vw, 1280px\" \/><figcaption class=\"wp-element-caption\">Feij\u00e3o tropeiro mineiro \u00e9 um prato tradicional cheio de sabor e hist\u00f3ria<\/figcaption><\/figure>\n\n\n\n<h2 class=\"wp-block-heading\">Como atingir a textura perfeita sem deixar o prato seco?<\/h2>\n\n\n\n<p>O segredo dos grandes cozinheiros mineiros reside no momento exato de misturar a farinha aos outros componentes quentes da frigideira. Se voc\u00ea adicionar o ingrediente seco muito cedo, o feij\u00e3o absorver\u00e1 toda a umidade, resultando em uma massa compacta. O objetivo \u00e9 manter os gr\u00e3os soltos enquanto a farinha absorve levemente o suco das carnes.<\/p>\n\n\n\n<p>Adicionar ovos fritos picados no final do processo ajuda a trazer uma cremosidade necess\u00e1ria para equilibrar a croc\u00e2ncia do torresmo. O torresmo deve ser preparado separadamente para manter sua integridade e estalo caracter\u00edsticos durante a mastiga\u00e7\u00e3o. Essa varia\u00e7\u00e3o de texturas \u00e9 o que torna o feij\u00e3o tropeiro um dos pratos mais aclamados e desejados da culin\u00e1ria nacional brasileira.<\/p>\n\n\n\n<h2 class=\"wp-block-heading\">Qual a sequ\u00eancia ideal para montar o preparo na cozinha?<\/h2>\n\n\n\n<p>Comece fritando o bacon e a lingui\u00e7a at\u00e9 que liberem toda a gordura natural necess\u00e1ria para refogar os temperos b\u00e1sicos. O alho e a cebola devem dourar lentamente para liberar os \u00f3leos essenciais que perfumam toda a casa. Somente ap\u00f3s essa etapa, voc\u00ea deve incorporar o feij\u00e3o escorrido e misturar os sabores com movimentos leves e constantes.<\/p>\n\n\n\n<p>Para que voc\u00ea consiga organizar sua bancada e seguir cada etapa deste cl\u00e1ssico mineiro com total precis\u00e3o, acompanhe agora os itens fundamentais que comp\u00f5em este preparo tradicional:<\/p>\n\n\n\n<ul class=\"wp-block-list\">\n<li>500g de feij\u00e3o carioca cozido al dente.<\/li>\n\n\n\n<li>200g de bacon picado em cubos pequenos.<\/li>\n\n\n\n<li>2 colheres de sopa de banha de porco.<\/li>\n\n\n\n<li>3 x\u00edcaras de farinha de mandioca torrada.<\/li>\n\n\n\n<li>4 ovos fritos e levemente picados.<\/li>\n\n\n\n<li>Couve manteiga fatiada bem fininha.<\/li>\n<\/ul>\n\n\n\n<h2 class=\"wp-block-heading\">Por que a couve deve entrar por \u00faltimo no fogo?<\/h2>\n\n\n\n<p>A couve manteiga deve ser adicionada apenas no instante final para que mantenha sua cor verde vibrante e frescor natural. O calor residual do feij\u00e3o \u00e9 suficiente para murchar as folhas levemente sem cozinh\u00e1-las excessivamente, preservando os nutrientes. Essa t\u00e9cnica garante um contraste visual bel\u00edssimo e uma croc\u00e2ncia vegetal que corta a intensidade das gorduras das carnes.<\/p>\n\n\n\n<p>Muitas pessoas cometem o erro de cozinhar a couve junto com o feij\u00e3o, o que resulta em uma textura mole e amarga. Ao respeitar o tempo de cada ingrediente, voc\u00ea eleva o n\u00edvel t\u00e9cnico do seu prato e demonstra dom\u00ednio das tradi\u00e7\u00f5es mineiras. O frescor da verdura \u00e9 o toque final de mestre que equilibra o paladar de todos.<\/p>\n\n\n\n<p>No v\u00eddeo abaixo do TikTok <strong><em>Isabelarosendo_<\/em><\/strong>, que conta com mais de <em><strong>1.9 milh\u00e3o <\/strong><\/em>de seguidores, ela mostra a melhor receita de feij\u00e3o tropeiro:<\/p>\n\n\n\n<blockquote class=\"tiktok-embed\" cite=\"https:\/\/www.tiktok.com\/@isabelarosendo_\/video\/7483880616891632901\" data-video-id=\"7483880616891632901\" style=\"max-width: 605px;min-width: 325px;\" > <section> <a target=\"_blank\" title=\"@isabelarosendo_\" href=\"https:\/\/www.tiktok.com\/@isabelarosendo_?refer=embed\">@isabelarosendo_<\/a> FEIJ\u00c3O TROPEIRO Essa \u00e9 a melhor receita de feij\u00e3o tropeiro que eu j\u00e1 fiz, super f\u00e1cil e muito saboroso! Ingredientes: \u00b7 Azeite a gosto \u00b7 500 g de toucinho \u00b7 200 g de bacon \u00b7 600 g de lingui\u00e7a toscana \u00b7 3 ovos \u00b7 Sal a gosto \u00b7 1 cebola \u00b7 3 dentes de alho \u00b7 4 folhas de couve \u00b7 Pimenta-do-reino a gosto \u00b7 1 x\u00edcara de farinha de mandioca \u00b7 600 g de feij\u00e3o cozido \u00b7 Salsinha e cebolinha a gosto <a title=\"receita\" target=\"_blank\" href=\"https:\/\/www.tiktok.com\/tag\/receita?refer=embed\">#receita<\/a><a title=\"almo\u00e7o\" target=\"_blank\" href=\"https:\/\/www.tiktok.com\/tag\/almo%C3%A7o?refer=embed\">#almo\u00e7o<\/a><a title=\"jantar\" target=\"_blank\" href=\"https:\/\/www.tiktok.com\/tag\/jantar?refer=embed\">#jantar<\/a><a title=\"feij\u00e3o\" target=\"_blank\" href=\"https:\/\/www.tiktok.com\/tag\/feij%C3%A3o?refer=embed\">#feij\u00e3o<\/a><a title=\"receitasimples\" target=\"_blank\" href=\"https:\/\/www.tiktok.com\/tag\/receitasimples?refer=embed\">#receitasimples<\/a><a title=\"receitaf\u00e1cil\" target=\"_blank\" href=\"https:\/\/www.tiktok.com\/tag\/receitaf%C3%A1cil?refer=embed\">#receitaf\u00e1cil<\/a><a title=\"receitastiktok\" target=\"_blank\" href=\"https:\/\/www.tiktok.com\/tag\/receitastiktok?refer=embed\">#receitastiktok<\/a><a title=\"aprendanotiktok\" target=\"_blank\" href=\"https:\/\/www.tiktok.com\/tag\/aprendanotiktok?refer=embed\">#aprendanotiktok<\/a> <a target=\"_blank\" title=\"\u266c som original - Isabela Rosendo - isabelarosendo_\" href=\"https:\/\/www.tiktok.com\/music\/som-original-Isabela-Rosendo-7483880660710755078?refer=embed\">\u266c som original &#8211; Isabela Rosendo &#8211; isabelarosendo_<\/a> <\/section> <\/blockquote> <script async src=\"https:\/\/www.tiktok.com\/embed.js\"><\/script>\n\n\n\n<p>Leia tamb\u00e9m: <a href=\"https:\/\/www.correiobraziliense.com.br\/cbradar\/o-que-acontece-quando-voce-come-chocolate-todos-os-dias\/\" target=\"_blank\" rel=\"noreferrer noopener\">O que acontece quando voc\u00ea come chocolate todos os dias<\/a><\/p>\n\n\n\n<h2 class=\"wp-block-heading\">Quais acompanhamentos elevam a experi\u00eancia deste prato mineiro?<\/h2>\n\n\n\n<p>Servir o feij\u00e3o tropeiro com um arroz branco bem soltinho e um lombo de porco grelhado \u00e9 a combina\u00e7\u00e3o cl\u00e1ssica absoluta. O arroz neutraliza o sal das carnes processadas, permitindo que os sabores do feij\u00e3o brilhem como protagonistas da refei\u00e7\u00e3o. Uma fatia de laranja fresca tamb\u00e9m \u00e9 recomendada para auxiliar na digest\u00e3o das gorduras presentes no preparo tradicional mineiro.<\/p>\n\n\n\n<p>A valoriza\u00e7\u00e3o desses ingredientes regionais \u00e9 fundamental para a preserva\u00e7\u00e3o do patrim\u00f4nio imaterial da cultura gastron\u00f4mica do estado de <strong>Minas Gerais<\/strong>. Para entender a import\u00e2ncia hist\u00f3rica da mandioca e do feij\u00e3o na base alimentar das popula\u00e7\u00f5es tradicionais, voc\u00ea pode consultar as pesquisas do <strong><a target=\"_blank\" rel=\"noreferrer noopener\" href=\"http:\/\/portal.iphan.gov.br\/pagina\/detalhes\/1458\">Instituto do Patrim\u00f4nio Hist\u00f3rico e Art\u00edstico Nacional<\/a><\/strong>. Seguir refer\u00eancias oficiais garante que voc\u00ea aprecie a comida com consci\u00eancia cultural total.<\/p>\n","protected":false},"excerpt":{"rendered":"<p>O feij\u00e3o tropeiro mineiro representa uma das tradi\u00e7\u00f5es culin\u00e1rias mais ricas do Brasil, unindo sabores intensos e texturas r\u00fasticas em um prato \u00fanico. Aprender a preparar essa iguaria em casa permite resgatar a heran\u00e7a dos tropeiros que cruzavam o interior do pa\u00eds. Com ingredientes simples, voc\u00ea garante uma refei\u00e7\u00e3o aut\u00eantica e inesquec\u00edvel. Quais ingredientes garantem [&hellip;]<\/p>\n","protected":false},"author":21,"featured_media":207541,"comment_status":"open","ping_status":"open","sticky":false,"template":"","format":"standard","meta":{"_yoast_wpseo_focuskw":"feij\u00e3o tropeiro mineiro","_yoast_wpseo_title":"","_yoast_wpseo_metadesc":"O feij\u00e3o tropeiro mineiro combina feij\u00e3o, carnes e farinha em uma receita tradicional cheia de sabor e hist\u00f3ria","jnews-multi-image_gallery":[],"jnews_single_post":{"format":"standard"},"jnews_primary_category":[],"jnews_social_meta":[],"jnews_override_counter":[],"footnotes":""},"categories":[119],"tags":[281,16053,388,511],"class_list":["post-207533","post","type-post","status-publish","format-standard","has-post-thumbnail","hentry","category-bem-estar","tag-alimentacao","tag-feijao-tropeiro","tag-minas-gerais","tag-receita"],"yoast_head":"<!-- This site is optimized with the Yoast SEO plugin v24.6 - https:\/\/yoast.com\/wordpress\/plugins\/seo\/ -->\n<title>Como fazer feij\u00e3o tropeiro mineiro tradicional em casa com esta receita simples - Correio Braziliense - Radar<\/title>\n<meta name=\"description\" content=\"O feij\u00e3o tropeiro mineiro combina feij\u00e3o, carnes e farinha em uma receita tradicional cheia de sabor e hist\u00f3ria\" \/>\n<meta name=\"robots\" content=\"index, follow, max-snippet:-1, max-image-preview:large, max-video-preview:-1\" \/>\n<link rel=\"canonical\" href=\"https:\/\/www.correiobraziliense.com.br\/cbradar\/como-fazer-feijao-tropeiro-mineiro-tradicional-em-casa-com-esta-receita-simples\/\" \/>\n<meta property=\"og:locale\" content=\"pt_BR\" \/>\n<meta property=\"og:type\" content=\"article\" \/>\n<meta property=\"og:title\" content=\"Como fazer feij\u00e3o tropeiro mineiro tradicional em casa com esta receita simples - Correio Braziliense - Radar\" \/>\n<meta property=\"og:description\" content=\"O feij\u00e3o tropeiro mineiro combina feij\u00e3o, carnes e farinha em uma receita tradicional cheia de sabor e hist\u00f3ria\" \/>\n<meta property=\"og:url\" content=\"https:\/\/www.correiobraziliense.com.br\/cbradar\/como-fazer-feijao-tropeiro-mineiro-tradicional-em-casa-com-esta-receita-simples\/\" \/>\n<meta property=\"og:site_name\" content=\"Correio Braziliense - Radar\" \/>\n<meta property=\"article:published_time\" content=\"2026-03-13T12:55:00+00:00\" \/>\n<meta property=\"og:image\" content=\"https:\/\/www.correiobraziliense.com.br\/cbradar\/wp-content\/uploads\/2026\/03\/Gemini_Generated_Image_vvie5lvvie5lvvie-1-1.png\" \/>\n\t<meta property=\"og:image:width\" content=\"1280\" \/>\n\t<meta property=\"og:image:height\" content=\"720\" \/>\n\t<meta property=\"og:image:type\" content=\"image\/png\" \/>\n<meta name=\"author\" content=\"Patrick Silva\" \/>\n<meta name=\"twitter:card\" content=\"summary_large_image\" \/>\n<meta name=\"twitter:label1\" content=\"Escrito por\" \/>\n\t<meta name=\"twitter:data1\" content=\"Patrick Silva\" \/>\n\t<meta name=\"twitter:label2\" content=\"Est. tempo de leitura\" \/>\n\t<meta name=\"twitter:data2\" content=\"5 minutos\" \/>\n<!-- \/ Yoast SEO plugin. -->","yoast_head_json":{"title":"Como fazer feij\u00e3o tropeiro mineiro tradicional em casa com esta receita simples - Correio Braziliense - Radar","description":"O feij\u00e3o tropeiro mineiro combina feij\u00e3o, carnes e farinha em uma receita tradicional cheia de sabor e hist\u00f3ria","robots":{"index":"index","follow":"follow","max-snippet":"max-snippet:-1","max-image-preview":"max-image-preview:large","max-video-preview":"max-video-preview:-1"},"canonical":"https:\/\/www.correiobraziliense.com.br\/cbradar\/como-fazer-feijao-tropeiro-mineiro-tradicional-em-casa-com-esta-receita-simples\/","og_locale":"pt_BR","og_type":"article","og_title":"Como fazer feij\u00e3o tropeiro mineiro tradicional em casa com esta receita simples - Correio Braziliense - Radar","og_description":"O feij\u00e3o tropeiro mineiro combina feij\u00e3o, carnes e farinha em uma receita tradicional cheia de sabor e hist\u00f3ria","og_url":"https:\/\/www.correiobraziliense.com.br\/cbradar\/como-fazer-feijao-tropeiro-mineiro-tradicional-em-casa-com-esta-receita-simples\/","og_site_name":"Correio Braziliense - Radar","article_published_time":"2026-03-13T12:55:00+00:00","og_image":[{"width":1280,"height":720,"url":"https:\/\/www.correiobraziliense.com.br\/cbradar\/wp-content\/uploads\/2026\/03\/Gemini_Generated_Image_vvie5lvvie5lvvie-1-1.png","type":"image\/png"}],"author":"Patrick Silva","twitter_card":"summary_large_image","twitter_misc":{"Escrito por":"Patrick Silva","Est. tempo de leitura":"5 minutos"},"schema":{"@context":"https:\/\/schema.org","@graph":[{"@type":"WebPage","@id":"https:\/\/www.correiobraziliense.com.br\/cbradar\/como-fazer-feijao-tropeiro-mineiro-tradicional-em-casa-com-esta-receita-simples\/","url":"https:\/\/www.correiobraziliense.com.br\/cbradar\/como-fazer-feijao-tropeiro-mineiro-tradicional-em-casa-com-esta-receita-simples\/","name":"Como fazer feij\u00e3o tropeiro mineiro tradicional em casa com esta receita simples - Correio Braziliense - Radar","isPartOf":{"@id":"https:\/\/www.correiobraziliense.com.br\/cbradar\/#website"},"primaryImageOfPage":{"@id":"https:\/\/www.correiobraziliense.com.br\/cbradar\/como-fazer-feijao-tropeiro-mineiro-tradicional-em-casa-com-esta-receita-simples\/#primaryimage"},"image":{"@id":"https:\/\/www.correiobraziliense.com.br\/cbradar\/como-fazer-feijao-tropeiro-mineiro-tradicional-em-casa-com-esta-receita-simples\/#primaryimage"},"thumbnailUrl":"https:\/\/www.correiobraziliense.com.br\/cbradar\/wp-content\/uploads\/2026\/03\/Gemini_Generated_Image_vvie5lvvie5lvvie-1-1.png","datePublished":"2026-03-13T12:55:00+00:00","author":{"@id":"https:\/\/www.correiobraziliense.com.br\/cbradar\/#\/schema\/person\/5440b72be9c7eb74f446c846479dc4da"},"description":"O feij\u00e3o tropeiro mineiro combina feij\u00e3o, carnes e farinha em uma receita tradicional cheia de sabor e hist\u00f3ria","breadcrumb":{"@id":"https:\/\/www.correiobraziliense.com.br\/cbradar\/como-fazer-feijao-tropeiro-mineiro-tradicional-em-casa-com-esta-receita-simples\/#breadcrumb"},"inLanguage":"pt-BR","potentialAction":[{"@type":"ReadAction","target":["https:\/\/www.correiobraziliense.com.br\/cbradar\/como-fazer-feijao-tropeiro-mineiro-tradicional-em-casa-com-esta-receita-simples\/"]}]},{"@type":"ImageObject","inLanguage":"pt-BR","@id":"https:\/\/www.correiobraziliense.com.br\/cbradar\/como-fazer-feijao-tropeiro-mineiro-tradicional-em-casa-com-esta-receita-simples\/#primaryimage","url":"https:\/\/www.correiobraziliense.com.br\/cbradar\/wp-content\/uploads\/2026\/03\/Gemini_Generated_Image_vvie5lvvie5lvvie-1-1.png","contentUrl":"https:\/\/www.correiobraziliense.com.br\/cbradar\/wp-content\/uploads\/2026\/03\/Gemini_Generated_Image_vvie5lvvie5lvvie-1-1.png","width":1280,"height":720,"caption":"Feij\u00e3o tropeiro mineiro \u00e9 um prato tradicional cheio de sabor e hist\u00f3ria"},{"@type":"BreadcrumbList","@id":"https:\/\/www.correiobraziliense.com.br\/cbradar\/como-fazer-feijao-tropeiro-mineiro-tradicional-em-casa-com-esta-receita-simples\/#breadcrumb","itemListElement":[{"@type":"ListItem","position":1,"name":"In\u00edcio","item":"https:\/\/www.correiobraziliense.com.br\/cbradar\/"},{"@type":"ListItem","position":2,"name":"Como fazer feij\u00e3o tropeiro mineiro tradicional em casa com esta receita simples"}]},{"@type":"WebSite","@id":"https:\/\/www.correiobraziliense.com.br\/cbradar\/#website","url":"https:\/\/www.correiobraziliense.com.br\/cbradar\/","name":"Correio Braziliense - Radar","description":"Acompanhe as \u00faltimas not\u00edcias e fique bem informado sobre tudo o que acontece no Brasil e no mundo.","potentialAction":[{"@type":"SearchAction","target":{"@type":"EntryPoint","urlTemplate":"https:\/\/www.correiobraziliense.com.br\/cbradar\/?s={search_term_string}"},"query-input":{"@type":"PropertyValueSpecification","valueRequired":true,"valueName":"search_term_string"}}],"inLanguage":"pt-BR"},{"@type":"Person","@id":"https:\/\/www.correiobraziliense.com.br\/cbradar\/#\/schema\/person\/5440b72be9c7eb74f446c846479dc4da","name":"Patrick Silva","image":{"@type":"ImageObject","inLanguage":"pt-BR","@id":"https:\/\/www.correiobraziliense.com.br\/cbradar\/#\/schema\/person\/image\/","url":"https:\/\/secure.gravatar.com\/avatar\/944109df296fc087785c9715fd5f80b2?s=96&d=mm&r=g","contentUrl":"https:\/\/secure.gravatar.com\/avatar\/944109df296fc087785c9715fd5f80b2?s=96&d=mm&r=g","caption":"Patrick Silva"},"sameAs":["https:\/\/www.correiobraziliense.com.br\/cbradar\/"],"url":"https:\/\/www.correiobraziliense.com.br\/cbradar\/author\/patrick-silva\/"}]}},"_links":{"self":[{"href":"https:\/\/www.correiobraziliense.com.br\/cbradar\/wp-json\/wp\/v2\/posts\/207533","targetHints":{"allow":["GET"]}}],"collection":[{"href":"https:\/\/www.correiobraziliense.com.br\/cbradar\/wp-json\/wp\/v2\/posts"}],"about":[{"href":"https:\/\/www.correiobraziliense.com.br\/cbradar\/wp-json\/wp\/v2\/types\/post"}],"author":[{"embeddable":true,"href":"https:\/\/www.correiobraziliense.com.br\/cbradar\/wp-json\/wp\/v2\/users\/21"}],"replies":[{"embeddable":true,"href":"https:\/\/www.correiobraziliense.com.br\/cbradar\/wp-json\/wp\/v2\/comments?post=207533"}],"version-history":[{"count":2,"href":"https:\/\/www.correiobraziliense.com.br\/cbradar\/wp-json\/wp\/v2\/posts\/207533\/revisions"}],"predecessor-version":[{"id":207543,"href":"https:\/\/www.correiobraziliense.com.br\/cbradar\/wp-json\/wp\/v2\/posts\/207533\/revisions\/207543"}],"wp:featuredmedia":[{"embeddable":true,"href":"https:\/\/www.correiobraziliense.com.br\/cbradar\/wp-json\/wp\/v2\/media\/207541"}],"wp:attachment":[{"href":"https:\/\/www.correiobraziliense.com.br\/cbradar\/wp-json\/wp\/v2\/media?parent=207533"}],"wp:term":[{"taxonomy":"category","embeddable":true,"href":"https:\/\/www.correiobraziliense.com.br\/cbradar\/wp-json\/wp\/v2\/categories?post=207533"},{"taxonomy":"post_tag","embeddable":true,"href":"https:\/\/www.correiobraziliense.com.br\/cbradar\/wp-json\/wp\/v2\/tags?post=207533"}],"curies":[{"name":"wp","href":"https:\/\/api.w.org\/{rel}","templated":true}]}}