{"id":207544,"date":"2026-03-13T15:45:00","date_gmt":"2026-03-13T18:45:00","guid":{"rendered":"https:\/\/www.correiobraziliense.com.br\/cbradar\/?p=207544"},"modified":"2026-03-12T13:53:37","modified_gmt":"2026-03-12T16:53:37","slug":"frango-a-passarinho-na-airfryer-o-truque-para-ficar-crocante-por-fora-e-suculento-por-dentro-sem-usar-oleo","status":"publish","type":"post","link":"https:\/\/www.correiobraziliense.com.br\/cbradar\/frango-a-passarinho-na-airfryer-o-truque-para-ficar-crocante-por-fora-e-suculento-por-dentro-sem-usar-oleo\/","title":{"rendered":"Frango \u00e0 passarinho na airfryer, o truque para ficar crocante por fora e suculento por dentro sem usar \u00f3leo"},"content":{"rendered":"\n<p>Preparar um frango \u00e0 passarinho perfeito na airfryer exige t\u00e9cnica para equilibrar a textura externa crocante com a sucul\u00eancia interna da carne. Muitas pessoas reclamam de resultados ressecados ou sem cor, mas o segredo reside na prepara\u00e7\u00e3o correta da pele e na circula\u00e7\u00e3o de ar quente eficiente, alcan\u00e7ando um sabor incr\u00edvel.<\/p>\n\n\n\n<h2 class=\"wp-block-heading\">Qual \u00e9 o papel do amido na croc\u00e2ncia final?<\/h2>\n\n\n\n<p>O uso de uma camada fin\u00edssima de amido de milho ou fermento qu\u00edmico atua como um agente desidratante para a pele do frango. Quando o ar quente circula, ele retira a umidade superficial rapidamente, criando uma barreira s\u00f3lida que impede a sa\u00edda dos sucos naturais da carne. <strong>A pele frita na pr\u00f3pria gordura<\/strong>, garantindo o aspecto dourado e muito atrativo.<\/p>\n\n\n\n<p>Para obter o melhor resultado, \u00e9 necess\u00e1rio secar cada peda\u00e7o de frango com papel toalha antes de temperar. A umidade excessiva na superf\u00edcie da carne gera vapor dentro da airfryer, o que impede a forma\u00e7\u00e3o daquela crosta caracter\u00edstica de fritura. <strong>Secar bem a carne<\/strong> \u00e9 o primeiro passo log\u00edstico para quem busca uma refei\u00e7\u00e3o saud\u00e1vel e crocante em casa.<\/p>\n\n\n\n<figure class=\"wp-block-image size-full\"><img decoding=\"async\" width=\"1280\" height=\"720\" src=\"https:\/\/www.correiobraziliense.com.br\/cbradar\/wp-content\/uploads\/2026\/03\/Gemini_Generated_Image_4tiz8s4tiz8s4tiz-1-1.png\" alt=\"Frango \u00e0 passarinho na airfryer, o truque para ficar crocante por fora e suculento por dentro sem usar \u00f3leo\" class=\"wp-image-207551\" srcset=\"https:\/\/www.correiobraziliense.com.br\/cbradar\/wp-content\/uploads\/2026\/03\/Gemini_Generated_Image_4tiz8s4tiz8s4tiz-1-1.png 1280w, https:\/\/www.correiobraziliense.com.br\/cbradar\/wp-content\/uploads\/2026\/03\/Gemini_Generated_Image_4tiz8s4tiz8s4tiz-1-1-300x169.png 300w, https:\/\/www.correiobraziliense.com.br\/cbradar\/wp-content\/uploads\/2026\/03\/Gemini_Generated_Image_4tiz8s4tiz8s4tiz-1-1-768x432.png 768w, https:\/\/www.correiobraziliense.com.br\/cbradar\/wp-content\/uploads\/2026\/03\/Gemini_Generated_Image_4tiz8s4tiz8s4tiz-1-1-750x422.png 750w, https:\/\/www.correiobraziliense.com.br\/cbradar\/wp-content\/uploads\/2026\/03\/Gemini_Generated_Image_4tiz8s4tiz8s4tiz-1-1-1140x641.png 1140w\" sizes=\"(max-width: 1280px) 100vw, 1280px\" \/><figcaption class=\"wp-element-caption\">Frango \u00e0 passarinho na airfryer fica crocante por fora e suculento por dentro<\/figcaption><\/figure>\n\n\n\n<h2 class=\"wp-block-heading\">Como temperar sem comprometer a textura da carne?<\/h2>\n\n\n\n<p>Evite usar marinadas excessivamente l\u00edquidas ou molhos prontos que contenham muito a\u00e7\u00facar, pois eles podem queimar antes mesmo do frango cozinhar por completo. Prefira temperos secos, como sal, pimenta, alho em p\u00f3 e p\u00e1prica defumada, que aderem melhor \u00e0 pele. <strong>O equil\u00edbrio dos temperos<\/strong> real\u00e7a o sabor natural do frango sem adicionar calorias ou gorduras extras desnecess\u00e1rias ao seu preparo.<\/p>\n\n\n\n<p>O suco de lim\u00e3o deve ser adicionado apenas no momento de servir para n\u00e3o amolecer a crosta conquistada durante o processo de cozimento. \u00c1cidos fortes podem reagir com as prote\u00ednas da pele, tornando-a borrachuda se ficarem em contato por muito tempo sob o calor intenso. <strong>Respeitar a ordem dos ingredientes<\/strong> preserva a integridade f\u00edsica de cada peda\u00e7o de frango preparado com total qualidade.<\/p>\n\n\n\n<h2 class=\"wp-block-heading\">Como garantir que o frango n\u00e3o grude no cesto?<\/h2>\n\n\n\n<p>Pr\u00e9-aquecer a airfryer por alguns minutos \u00e9 uma estrat\u00e9gia essencial para que a prote\u00edna comece a selar assim que entra em contato com o metal quente. Isso evita que o col\u00e1geno da pele se funda aos orif\u00edcios do cesto, facilitando a limpeza posterior e mantendo a apar\u00eancia impec\u00e1vel. <strong>A circula\u00e7\u00e3o de ar eficiente<\/strong> garante o cozimento de maneira totalmente uniforme.<\/p>\n\n\n\n<p>Confira a lista abaixo:<\/p>\n\n\n\n<ul class=\"wp-block-list\">\n<li>Corte o frango em peda\u00e7os pequenos.<\/li>\n\n\n\n<li>Tempere com sal e especiarias secas.<\/li>\n\n\n\n<li>Adicione uma colher de amido de milho.<\/li>\n\n\n\n<li>Asse a 200 graus por 20 minutos.<\/li>\n\n\n\n<li>Vire os peda\u00e7os na metade do tempo.<\/li>\n<\/ul>\n\n\n\n<h2 class=\"wp-block-heading\">Qual \u00e9 o tempo ideal para um cozimento perfeito?<\/h2>\n\n\n\n<p>O tempo total pode variar entre quinze e vinte e cinco minutos, dependendo da pot\u00eancia do seu aparelho e do tamanho dos peda\u00e7os. \u00c9 fundamental n\u00e3o sobrecarregar o cesto para que o ar consiga envolver cada unidade individualmente. <strong>Monitorar a cor da pele<\/strong> ajuda a determinar o ponto exato de croc\u00e2ncia sem queimar as extremidades mais finas de cada peda\u00e7o.<\/p>\n\n\n\n<p>Ao abrir a gaveta na metade do processo para chacoalhar o cesto, voc\u00ea garante que todas as faces do frango recebam o mesmo fluxo de calor. Essa t\u00e9cnica simples evita que a parte inferior fique \u00famida ou p\u00e1lida, entregando um resultado profissional. <strong>A agita\u00e7\u00e3o dos alimentos<\/strong> \u00e9 uma regra b\u00e1sica para quem utiliza a fritadeira a ar em suas refei\u00e7\u00f5es di\u00e1rias.<\/p>\n\n\n\n<p>No v\u00eddeo abaixo do TikTok <strong><em>Cooknenjoy<\/em><\/strong>, que conta com mais de <em><strong>929 mil<\/strong><\/em> seguidores, ela ensina a receita do frango \u00e1 passarinho com 5 ingredientes na air fryer:<\/p>\n\n\n\n<blockquote class=\"tiktok-embed\" cite=\"https:\/\/www.tiktok.com\/@cooknenjoy\/video\/7210858061332794630\" data-video-id=\"7210858061332794630\" style=\"max-width: 605px;min-width: 325px;\" > <section> <a target=\"_blank\" title=\"@cooknenjoy\" href=\"https:\/\/www.tiktok.com\/@cooknenjoy?refer=embed\">@cooknenjoy<\/a> Como fazer Frango a Passarinho <a title=\"tiktokreceita\" target=\"_blank\" href=\"https:\/\/www.tiktok.com\/tag\/tiktokreceita?refer=embed\">#TikTokReceita<\/a> <a title=\"pratododia\" target=\"_blank\" href=\"https:\/\/www.tiktok.com\/tag\/pratododia?refer=embed\">#pratododia<\/a> <a title=\"verao\" target=\"_blank\" href=\"https:\/\/www.tiktok.com\/tag\/verao?refer=embed\">#verao<\/a> <a target=\"_blank\" title=\"\u266c Cooking Time - TonsTone\" href=\"https:\/\/www.tiktok.com\/music\/Cooking-Time-7010934105982371841?refer=embed\">\u266c Cooking Time &#8211; TonsTone<\/a> <\/section> <\/blockquote> <script async src=\"https:\/\/www.tiktok.com\/embed.js\"><\/script>\n\n\n\n<p>Leia tamb\u00e9m: <a href=\"https:\/\/www.correiobraziliense.com.br\/cbradar\/o-que-acontece-quando-voce-come-chocolate-todos-os-dias\/\" target=\"_blank\" rel=\"noreferrer noopener\">O que acontece quando voc\u00ea come chocolate todos os dias<\/a><\/p>\n\n\n\n<h2 class=\"wp-block-heading\">Quais s\u00e3o as orienta\u00e7\u00f5es oficiais para o consumo de carnes?<\/h2>\n\n\n\n<p>A <strong>Organiza\u00e7\u00e3o Mundial da Sa\u00fade<\/strong> recomenda que o consumo de carnes seja acompanhado de m\u00e9todos de preparo que n\u00e3o adicionem gorduras saturadas excessivas. Optar pela airfryer \u00e9 uma escolha inteligente para reduzir a ingest\u00e3o de \u00f3leo, preservando a sa\u00fade cardiovascular. Manter uma dieta equilibrada \u00e9 fundamental para a longevidade humana e para a preven\u00e7\u00e3o de doen\u00e7as metab\u00f3licas graves.<\/p>\n\n\n\n<p>Para compreender as diretrizes nutricionais detalhadas e garantir uma alimenta\u00e7\u00e3o segura para toda a sua fam\u00edlia, voc\u00ea deve consultar as recomenda\u00e7\u00f5es da <strong><a target=\"_blank\" rel=\"noreferrer noopener\" href=\"https:\/\/www.who.int\/news-room\/fact-sheets\/detail\/healthy-diet\">World Health Organization<\/a><\/strong>. Estar informado atrav\u00e9s de fontes de autoridade mundial garante que suas escolhas gastron\u00f4micas sejam saud\u00e1veis e tecnicamente corretas. Priorize sempre a qualidade dos alimentos para uma vida plena e equilibrada durante todos os seus dias.<\/p>\n","protected":false},"excerpt":{"rendered":"<p>Preparar um frango \u00e0 passarinho perfeito na airfryer exige t\u00e9cnica para equilibrar a textura externa crocante com a sucul\u00eancia interna da carne. Muitas pessoas reclamam de resultados ressecados ou sem cor, mas o segredo reside na prepara\u00e7\u00e3o correta da pele e na circula\u00e7\u00e3o de ar quente eficiente, alcan\u00e7ando um sabor incr\u00edvel. Qual \u00e9 o papel [&hellip;]<\/p>\n","protected":false},"author":21,"featured_media":207548,"comment_status":"open","ping_status":"open","sticky":false,"template":"","format":"standard","meta":{"_yoast_wpseo_focuskw":"frango \u00e0 passarinho na airfryer","_yoast_wpseo_title":"","_yoast_wpseo_metadesc":"Frango \u00e0 passarinho na airfryer fica crocante por fora e suculento por dentro com t\u00e9cnicas simples de preparo","jnews-multi-image_gallery":[],"jnews_single_post":{"format":"standard"},"jnews_primary_category":[],"jnews_social_meta":[],"jnews_override_counter":[],"footnotes":""},"categories":[119],"tags":[212,281,16054,5965],"class_list":["post-207544","post","type-post","status-publish","format-standard","has-post-thumbnail","hentry","category-bem-estar","tag-air-fryer","tag-alimentacao","tag-crocrante","tag-frango"],"yoast_head":"<!-- This site is optimized with the Yoast SEO plugin v24.6 - https:\/\/yoast.com\/wordpress\/plugins\/seo\/ -->\n<title>Frango \u00e0 passarinho na airfryer, o truque para ficar crocante por fora e suculento por dentro sem usar \u00f3leo - Correio Braziliense - Radar<\/title>\n<meta name=\"description\" content=\"Frango \u00e0 passarinho na airfryer fica crocante por fora e suculento por dentro com t\u00e9cnicas simples de preparo\" \/>\n<meta name=\"robots\" content=\"index, follow, max-snippet:-1, max-image-preview:large, max-video-preview:-1\" \/>\n<link rel=\"canonical\" href=\"https:\/\/www.correiobraziliense.com.br\/cbradar\/frango-a-passarinho-na-airfryer-o-truque-para-ficar-crocante-por-fora-e-suculento-por-dentro-sem-usar-oleo\/\" \/>\n<meta property=\"og:locale\" content=\"pt_BR\" \/>\n<meta property=\"og:type\" content=\"article\" \/>\n<meta property=\"og:title\" content=\"Frango \u00e0 passarinho na airfryer, o truque para ficar crocante por fora e suculento por dentro sem usar \u00f3leo - Correio Braziliense - Radar\" \/>\n<meta property=\"og:description\" content=\"Frango \u00e0 passarinho na airfryer fica crocante por fora e suculento por dentro com t\u00e9cnicas simples de preparo\" \/>\n<meta property=\"og:url\" content=\"https:\/\/www.correiobraziliense.com.br\/cbradar\/frango-a-passarinho-na-airfryer-o-truque-para-ficar-crocante-por-fora-e-suculento-por-dentro-sem-usar-oleo\/\" \/>\n<meta property=\"og:site_name\" content=\"Correio Braziliense - Radar\" \/>\n<meta property=\"article:published_time\" content=\"2026-03-13T18:45:00+00:00\" \/>\n<meta property=\"og:image\" content=\"https:\/\/www.correiobraziliense.com.br\/cbradar\/wp-content\/uploads\/2026\/03\/Gemini_Generated_Image_etnpmsetnpmsetnp-1-1.png\" \/>\n\t<meta property=\"og:image:width\" content=\"1280\" \/>\n\t<meta property=\"og:image:height\" content=\"720\" \/>\n\t<meta property=\"og:image:type\" content=\"image\/png\" \/>\n<meta name=\"author\" content=\"Patrick Silva\" \/>\n<meta name=\"twitter:card\" content=\"summary_large_image\" \/>\n<meta name=\"twitter:label1\" content=\"Escrito por\" \/>\n\t<meta name=\"twitter:data1\" content=\"Patrick Silva\" \/>\n\t<meta name=\"twitter:label2\" content=\"Est. tempo de leitura\" \/>\n\t<meta name=\"twitter:data2\" content=\"5 minutos\" \/>\n<!-- \/ Yoast SEO plugin. -->","yoast_head_json":{"title":"Frango \u00e0 passarinho na airfryer, o truque para ficar crocante por fora e suculento por dentro sem usar \u00f3leo - Correio Braziliense - Radar","description":"Frango \u00e0 passarinho na airfryer fica crocante por fora e suculento por dentro com t\u00e9cnicas simples de preparo","robots":{"index":"index","follow":"follow","max-snippet":"max-snippet:-1","max-image-preview":"max-image-preview:large","max-video-preview":"max-video-preview:-1"},"canonical":"https:\/\/www.correiobraziliense.com.br\/cbradar\/frango-a-passarinho-na-airfryer-o-truque-para-ficar-crocante-por-fora-e-suculento-por-dentro-sem-usar-oleo\/","og_locale":"pt_BR","og_type":"article","og_title":"Frango \u00e0 passarinho na airfryer, o truque para ficar crocante por fora e suculento por dentro sem usar \u00f3leo - Correio Braziliense - Radar","og_description":"Frango \u00e0 passarinho na airfryer fica crocante por fora e suculento por dentro com t\u00e9cnicas simples de preparo","og_url":"https:\/\/www.correiobraziliense.com.br\/cbradar\/frango-a-passarinho-na-airfryer-o-truque-para-ficar-crocante-por-fora-e-suculento-por-dentro-sem-usar-oleo\/","og_site_name":"Correio Braziliense - Radar","article_published_time":"2026-03-13T18:45:00+00:00","og_image":[{"width":1280,"height":720,"url":"https:\/\/www.correiobraziliense.com.br\/cbradar\/wp-content\/uploads\/2026\/03\/Gemini_Generated_Image_etnpmsetnpmsetnp-1-1.png","type":"image\/png"}],"author":"Patrick Silva","twitter_card":"summary_large_image","twitter_misc":{"Escrito por":"Patrick Silva","Est. tempo de leitura":"5 minutos"},"schema":{"@context":"https:\/\/schema.org","@graph":[{"@type":"WebPage","@id":"https:\/\/www.correiobraziliense.com.br\/cbradar\/frango-a-passarinho-na-airfryer-o-truque-para-ficar-crocante-por-fora-e-suculento-por-dentro-sem-usar-oleo\/","url":"https:\/\/www.correiobraziliense.com.br\/cbradar\/frango-a-passarinho-na-airfryer-o-truque-para-ficar-crocante-por-fora-e-suculento-por-dentro-sem-usar-oleo\/","name":"Frango \u00e0 passarinho na airfryer, o truque para ficar crocante por fora e suculento por dentro sem usar \u00f3leo - Correio Braziliense - Radar","isPartOf":{"@id":"https:\/\/www.correiobraziliense.com.br\/cbradar\/#website"},"primaryImageOfPage":{"@id":"https:\/\/www.correiobraziliense.com.br\/cbradar\/frango-a-passarinho-na-airfryer-o-truque-para-ficar-crocante-por-fora-e-suculento-por-dentro-sem-usar-oleo\/#primaryimage"},"image":{"@id":"https:\/\/www.correiobraziliense.com.br\/cbradar\/frango-a-passarinho-na-airfryer-o-truque-para-ficar-crocante-por-fora-e-suculento-por-dentro-sem-usar-oleo\/#primaryimage"},"thumbnailUrl":"https:\/\/www.correiobraziliense.com.br\/cbradar\/wp-content\/uploads\/2026\/03\/Gemini_Generated_Image_etnpmsetnpmsetnp-1-1.png","datePublished":"2026-03-13T18:45:00+00:00","author":{"@id":"https:\/\/www.correiobraziliense.com.br\/cbradar\/#\/schema\/person\/5440b72be9c7eb74f446c846479dc4da"},"description":"Frango \u00e0 passarinho na airfryer fica crocante por fora e suculento por dentro com t\u00e9cnicas simples de preparo","breadcrumb":{"@id":"https:\/\/www.correiobraziliense.com.br\/cbradar\/frango-a-passarinho-na-airfryer-o-truque-para-ficar-crocante-por-fora-e-suculento-por-dentro-sem-usar-oleo\/#breadcrumb"},"inLanguage":"pt-BR","potentialAction":[{"@type":"ReadAction","target":["https:\/\/www.correiobraziliense.com.br\/cbradar\/frango-a-passarinho-na-airfryer-o-truque-para-ficar-crocante-por-fora-e-suculento-por-dentro-sem-usar-oleo\/"]}]},{"@type":"ImageObject","inLanguage":"pt-BR","@id":"https:\/\/www.correiobraziliense.com.br\/cbradar\/frango-a-passarinho-na-airfryer-o-truque-para-ficar-crocante-por-fora-e-suculento-por-dentro-sem-usar-oleo\/#primaryimage","url":"https:\/\/www.correiobraziliense.com.br\/cbradar\/wp-content\/uploads\/2026\/03\/Gemini_Generated_Image_etnpmsetnpmsetnp-1-1.png","contentUrl":"https:\/\/www.correiobraziliense.com.br\/cbradar\/wp-content\/uploads\/2026\/03\/Gemini_Generated_Image_etnpmsetnpmsetnp-1-1.png","width":1280,"height":720,"caption":"Frango \u00e0 passarinho na airfryer fica crocante por fora e suculento por dentro"},{"@type":"BreadcrumbList","@id":"https:\/\/www.correiobraziliense.com.br\/cbradar\/frango-a-passarinho-na-airfryer-o-truque-para-ficar-crocante-por-fora-e-suculento-por-dentro-sem-usar-oleo\/#breadcrumb","itemListElement":[{"@type":"ListItem","position":1,"name":"In\u00edcio","item":"https:\/\/www.correiobraziliense.com.br\/cbradar\/"},{"@type":"ListItem","position":2,"name":"Frango \u00e0 passarinho na airfryer, o truque para ficar crocante por fora e suculento por dentro sem usar \u00f3leo"}]},{"@type":"WebSite","@id":"https:\/\/www.correiobraziliense.com.br\/cbradar\/#website","url":"https:\/\/www.correiobraziliense.com.br\/cbradar\/","name":"Correio Braziliense - Radar","description":"Acompanhe as \u00faltimas not\u00edcias e fique bem informado sobre tudo o que acontece no Brasil e no mundo.","potentialAction":[{"@type":"SearchAction","target":{"@type":"EntryPoint","urlTemplate":"https:\/\/www.correiobraziliense.com.br\/cbradar\/?s={search_term_string}"},"query-input":{"@type":"PropertyValueSpecification","valueRequired":true,"valueName":"search_term_string"}}],"inLanguage":"pt-BR"},{"@type":"Person","@id":"https:\/\/www.correiobraziliense.com.br\/cbradar\/#\/schema\/person\/5440b72be9c7eb74f446c846479dc4da","name":"Patrick Silva","image":{"@type":"ImageObject","inLanguage":"pt-BR","@id":"https:\/\/www.correiobraziliense.com.br\/cbradar\/#\/schema\/person\/image\/","url":"https:\/\/secure.gravatar.com\/avatar\/944109df296fc087785c9715fd5f80b2?s=96&d=mm&r=g","contentUrl":"https:\/\/secure.gravatar.com\/avatar\/944109df296fc087785c9715fd5f80b2?s=96&d=mm&r=g","caption":"Patrick Silva"},"sameAs":["https:\/\/www.correiobraziliense.com.br\/cbradar\/"],"url":"https:\/\/www.correiobraziliense.com.br\/cbradar\/author\/patrick-silva\/"}]}},"_links":{"self":[{"href":"https:\/\/www.correiobraziliense.com.br\/cbradar\/wp-json\/wp\/v2\/posts\/207544","targetHints":{"allow":["GET"]}}],"collection":[{"href":"https:\/\/www.correiobraziliense.com.br\/cbradar\/wp-json\/wp\/v2\/posts"}],"about":[{"href":"https:\/\/www.correiobraziliense.com.br\/cbradar\/wp-json\/wp\/v2\/types\/post"}],"author":[{"embeddable":true,"href":"https:\/\/www.correiobraziliense.com.br\/cbradar\/wp-json\/wp\/v2\/users\/21"}],"replies":[{"embeddable":true,"href":"https:\/\/www.correiobraziliense.com.br\/cbradar\/wp-json\/wp\/v2\/comments?post=207544"}],"version-history":[{"count":1,"href":"https:\/\/www.correiobraziliense.com.br\/cbradar\/wp-json\/wp\/v2\/posts\/207544\/revisions"}],"predecessor-version":[{"id":207552,"href":"https:\/\/www.correiobraziliense.com.br\/cbradar\/wp-json\/wp\/v2\/posts\/207544\/revisions\/207552"}],"wp:featuredmedia":[{"embeddable":true,"href":"https:\/\/www.correiobraziliense.com.br\/cbradar\/wp-json\/wp\/v2\/media\/207548"}],"wp:attachment":[{"href":"https:\/\/www.correiobraziliense.com.br\/cbradar\/wp-json\/wp\/v2\/media?parent=207544"}],"wp:term":[{"taxonomy":"category","embeddable":true,"href":"https:\/\/www.correiobraziliense.com.br\/cbradar\/wp-json\/wp\/v2\/categories?post=207544"},{"taxonomy":"post_tag","embeddable":true,"href":"https:\/\/www.correiobraziliense.com.br\/cbradar\/wp-json\/wp\/v2\/tags?post=207544"}],"curies":[{"name":"wp","href":"https:\/\/api.w.org\/{rel}","templated":true}]}}