{"id":207550,"date":"2026-03-13T18:35:00","date_gmt":"2026-03-13T21:35:00","guid":{"rendered":"https:\/\/www.correiobraziliense.com.br\/cbradar\/?p=207550"},"modified":"2026-03-12T13:53:32","modified_gmt":"2026-03-12T16:53:32","slug":"panqueca-de-liquidificador-facil-e-rapida-receita-pratica-que-fica-pronta-em-poucos-minutos","status":"publish","type":"post","link":"https:\/\/www.correiobraziliense.com.br\/cbradar\/panqueca-de-liquidificador-facil-e-rapida-receita-pratica-que-fica-pronta-em-poucos-minutos\/","title":{"rendered":"Panqueca de liquidificador f\u00e1cil e r\u00e1pida, receita pr\u00e1tica que fica pronta em poucos minutos"},"content":{"rendered":"\n<p>A panqueca de liquidificador \u00e9 a solu\u00e7\u00e3o ideal para quem busca uma refei\u00e7\u00e3o r\u00e1pida, nutritiva e muito saborosa sem complica\u00e7\u00e3o. Com ingredientes que voc\u00ea j\u00e1 possui na despensa, \u00e9 poss\u00edvel criar uma massa leve e vers\u00e1til para diversos recheios. Aprender essa t\u00e9cnica b\u00e1sica garante praticidade e efici\u00eancia em dias de rotina extremamente agitada.<\/p>\n\n\n\n<h2 class=\"wp-block-heading\">Qual o segredo para uma massa sempre levinha?<\/h2>\n\n\n\n<p>O ponto fundamental para obter uma massa de panqueca perfeita reside na ordem exata de coloca\u00e7\u00e3o dos itens no copo do aparelho. Iniciar pelos ingredientes l\u00edquidos, como leite e ovos, facilita o trabalho das l\u00e2minas e evita o ac\u00famulo de farinha seca no fundo. Essa estrat\u00e9gia simples garante uma mistura homog\u00eanea e livre de pequenos grumos indesejados.<\/p>\n\n\n\n<p>Bater a mistura por apenas alguns segundos \u00e9 essencial para n\u00e3o desenvolver o gl\u00faten do trigo excessivamente durante o preparo manual. Uma massa muito batida costuma ficar borrachuda e pesada ap\u00f3s o contato com o calor da frigideira. O objetivo principal \u00e9 apenas integrar os componentes, mantendo a leveza necess\u00e1ria para que a panqueca fique macia e muito apetitosa.<\/p>\n\n\n\n<figure class=\"wp-block-image size-full\"><img decoding=\"async\" width=\"1280\" height=\"720\" src=\"https:\/\/www.correiobraziliense.com.br\/cbradar\/wp-content\/uploads\/2026\/03\/Gemini_Generated_Image_afaevgafaevgafae-1-1.png\" alt=\"Panqueca de liquidificador f\u00e1cil e r\u00e1pida, receita pr\u00e1tica que fica pronta em poucos minutos\" class=\"wp-image-207555\" srcset=\"https:\/\/www.correiobraziliense.com.br\/cbradar\/wp-content\/uploads\/2026\/03\/Gemini_Generated_Image_afaevgafaevgafae-1-1.png 1280w, https:\/\/www.correiobraziliense.com.br\/cbradar\/wp-content\/uploads\/2026\/03\/Gemini_Generated_Image_afaevgafaevgafae-1-1-300x169.png 300w, https:\/\/www.correiobraziliense.com.br\/cbradar\/wp-content\/uploads\/2026\/03\/Gemini_Generated_Image_afaevgafaevgafae-1-1-768x432.png 768w, https:\/\/www.correiobraziliense.com.br\/cbradar\/wp-content\/uploads\/2026\/03\/Gemini_Generated_Image_afaevgafaevgafae-1-1-750x422.png 750w, https:\/\/www.correiobraziliense.com.br\/cbradar\/wp-content\/uploads\/2026\/03\/Gemini_Generated_Image_afaevgafaevgafae-1-1-1140x641.png 1140w\" sizes=\"(max-width: 1280px) 100vw, 1280px\" \/><figcaption class=\"wp-element-caption\">Panqueca de liquidificador \u00e9 uma receita pr\u00e1tica, r\u00e1pida e vers\u00e1til para o dia a dia<\/figcaption><\/figure>\n\n\n\n<h2 class=\"wp-block-heading\">Como fritar os discos sem que eles grudem?<\/h2>\n\n\n\n<p>Utilizar uma frigideira antiaderente de boa qualidade \u00e9 o primeiro passo para garantir que os discos deslizem facilmente no momento de virar. Uma pequena gota de \u00f3leo ou manteiga espalhada com papel toalha cria uma pel\u00edcula protetora adicional muito eficiente. O controle rigoroso da temperatura do fogo evita que a massa queime por fora enquanto permanece crua internamente.<\/p>\n\n\n\n<p>Aguardar o surgimento de pequenas bolhas na superf\u00edcie da massa indica o momento exato para realizar a viragem com seguran\u00e7a absoluta. Usar uma esp\u00e1tula de silicone protege o revestimento do seu utens\u00edlio e facilita o manuseio das bordas finas da panqueca. Essa paci\u00eancia durante o cozimento \u00e9 o diferencial para obter cores douradas e texturas uniformes em toda a superf\u00edcie.<\/p>\n\n\n\n<h2 class=\"wp-block-heading\">Quais itens n\u00e3o podem faltar na sua bancada?<\/h2>\n\n\n\n<p>Organizar os ingredientes antes de ligar o liquidificador economiza tempo precioso e evita erros de medi\u00e7\u00e3o durante o processo de execu\u00e7\u00e3o. Ter as propor\u00e7\u00f5es corretas de farinha, leite e ovos garante que a consist\u00eancia final seja fluida o suficiente para espalhar na panela. Abaixo, apresento os componentes fundamentais para voc\u00ea preparar essa del\u00edcia cl\u00e1ssica agora mesmo em sua cozinha:<\/p>\n\n\n\n<p>Para que voc\u00ea consiga organizar sua bancada e seguir as etapas de montagem com total precis\u00e3o, examine atentamente os itens sugeridos:<\/p>\n\n\n\n<ul class=\"wp-block-list\">\n<li>1 x\u00edcara de leite integral.<\/li>\n\n\n\n<li>1 x\u00edcara de farinha de trigo.<\/li>\n\n\n\n<li>1 ovo grande e fresco.<\/li>\n\n\n\n<li>1 colher de sopa de \u00f3leo.<\/li>\n\n\n\n<li>1 pitada de sal refinado.<\/li>\n<\/ul>\n\n\n\n<h2 class=\"wp-block-heading\">Existe limite para a criatividade nos recheios?<\/h2>\n\n\n\n<p>A versatilidade dessa massa permite transitar entre sabores salgados e doces com extrema facilidade, dependendo apenas da sua prefer\u00eancia pessoal. Frango desfiado com requeij\u00e3o ou carne mo\u00edda bem temperada s\u00e3o op\u00e7\u00f5es cl\u00e1ssicas que satisfazem toda a fam\u00edlia no jantar. A neutralidade do sabor da base destaca os temperos dos ingredientes internos, proporcionando uma experi\u00eancia gastron\u00f4mica completa e muito rica.<\/p>\n\n\n\n<p>Para quem prefere op\u00e7\u00f5es adocicadas, recheios de frutas frescas com mel ou creme de avel\u00e3 transformam o prato em uma sobremesa incr\u00edvel. \u00c9 importante n\u00e3o exagerar na quantidade de recheio para conseguir fechar os rolinhos sem romper a massa delicada. O equil\u00edbrio entre a espessura do disco e o volume interno \u00e9 a chave para uma apresenta\u00e7\u00e3o visualmente impec\u00e1vel e profissional hoje.<\/p>\n\n\n\n<p>No v\u00eddeo abaixo do TikTok <strong><em>Beniciakelly<\/em><\/strong>, que conta com mais de <em><strong>317 mil<\/strong><\/em> seguidores, ela ensina a receita da panqueca perfeita de liquidificador:<\/p>\n\n\n\n<blockquote class=\"tiktok-embed\" cite=\"https:\/\/www.tiktok.com\/@beniciakelly\/video\/7337406946963655942\" data-video-id=\"7337406946963655942\" style=\"max-width: 605px;min-width: 325px;\" > <section> <a target=\"_blank\" title=\"@beniciakelly\" href=\"https:\/\/www.tiktok.com\/@beniciakelly?refer=embed\">@beniciakelly<\/a> A melhor massa de panqueca! \ud83d\ude0b <a title=\"receitas\" target=\"_blank\" href=\"https:\/\/www.tiktok.com\/tag\/receitas?refer=embed\">#receitas<\/a> <a title=\"boatarde\" target=\"_blank\" href=\"https:\/\/www.tiktok.com\/tag\/boatarde?refer=embed\">#boatarde<\/a> <a title=\"viral\" target=\"_blank\" href=\"https:\/\/www.tiktok.com\/tag\/viral?refer=embed\">#viral<\/a> <a title=\"donadecasa\" target=\"_blank\" href=\"https:\/\/www.tiktok.com\/tag\/donadecasa?refer=embed\">#donadecasa<\/a> <a title=\"panqueca\" target=\"_blank\" href=\"https:\/\/www.tiktok.com\/tag\/panqueca?refer=embed\">#panqueca<\/a> <a target=\"_blank\" title=\"\u266c som original - MUNDO DOS PAGODEIROS\" href=\"https:\/\/www.tiktok.com\/music\/som-original-7210877721784617734?refer=embed\">\u266c som original &#8211; MUNDO DOS PAGODEIROS<\/a> <\/section> <\/blockquote> <script async src=\"https:\/\/www.tiktok.com\/embed.js\"><\/script>\n\n\n\n<p>Leia tamb\u00e9m: <a href=\"https:\/\/www.correiobraziliense.com.br\/cbradar\/o-que-acontece-quando-voce-come-chocolate-todos-os-dias\/\" target=\"_blank\" rel=\"noreferrer noopener\">O que acontece quando voc\u00ea come chocolate todos os dias<\/a><\/p>\n\n\n\n<h2 class=\"wp-block-heading\">Como os \u00f3rg\u00e3os de sa\u00fade avaliam o consumo de farin\u00e1ceos?<\/h2>\n\n\n\n<p>Manter uma dieta equilibrada envolve o consumo consciente de carboidratos, que s\u00e3o fontes primordiais de energia para as atividades cerebrais e f\u00edsicas. A <strong>Organiza\u00e7\u00e3o Mundial da Sa\u00fade<\/strong> recomenda que a ingest\u00e3o de cereais seja acompanhada de fibras e outros nutrientes essenciais para o metabolismo. Escolher ingredientes de qualidade ao preparar suas panquecas contribui para uma alimenta\u00e7\u00e3o mais saud\u00e1vel e equilibrada.<\/p>\n\n\n\n<p>Entender as diretrizes nutricionais ajuda a realizar substitui\u00e7\u00f5es inteligentes, como o uso de farinhas integrais para aumentar o teor de saciedade. Para consultar as recomenda\u00e7\u00f5es globais completas sobre padr\u00f5es alimentares saud\u00e1veis e preven\u00e7\u00e3o de doen\u00e7as cr\u00f4nicas, acesse o guia da <strong><a target=\"_blank\" rel=\"noreferrer noopener\" href=\"https:\/\/www.who.int\/news-room\/fact-sheets\/detail\/healthy-diet\">World Health Organization<\/a><\/strong>. Adotar esses conhecimentos t\u00e9cnicos \u00e9 fundamental para garantir uma vida longa, produtiva e com muita sa\u00fade sempre.<\/p>\n","protected":false},"excerpt":{"rendered":"<p>A panqueca de liquidificador \u00e9 a solu\u00e7\u00e3o ideal para quem busca uma refei\u00e7\u00e3o r\u00e1pida, nutritiva e muito saborosa sem complica\u00e7\u00e3o. Com ingredientes que voc\u00ea j\u00e1 possui na despensa, \u00e9 poss\u00edvel criar uma massa leve e vers\u00e1til para diversos recheios. Aprender essa t\u00e9cnica b\u00e1sica garante praticidade e efici\u00eancia em dias de rotina extremamente agitada. Qual o [&hellip;]<\/p>\n","protected":false},"author":21,"featured_media":207554,"comment_status":"open","ping_status":"open","sticky":false,"template":"","format":"standard","meta":{"jnews-multi-image_gallery":[],"jnews_single_post":{"format":"standard"},"jnews_primary_category":[],"jnews_social_meta":[],"jnews_override_counter":[],"footnotes":""},"categories":[119],"post_tag":[281,4254,15998,511],"class_list":["post-207550","post","type-post","status-publish","format-standard","has-post-thumbnail","hentry","category-bem-estar","tag-alimentacao","tag-liquidificador","tag-panqueca","tag-receita"],"yoast_head":"<!-- This site is optimized with the Yoast SEO plugin v24.6 - https:\/\/yoast.com\/wordpress\/plugins\/seo\/ -->\n<title>Panqueca de liquidificador f\u00e1cil e r\u00e1pida, receita pr\u00e1tica que fica pronta em poucos minutos - Correio Braziliense - Radar<\/title>\n<meta name=\"description\" content=\"Panqueca de liquidificador \u00e9 uma receita pr\u00e1tica e vers\u00e1til que permite preparar refei\u00e7\u00f5es r\u00e1pidas com diferentes recheios\" \/>\n<meta name=\"robots\" content=\"index, follow, max-snippet:-1, max-image-preview:large, max-video-preview:-1\" \/>\n<link rel=\"canonical\" href=\"https:\/\/www.correiobraziliense.com.br\/cbradar\/panqueca-de-liquidificador-facil-e-rapida-receita-pratica-que-fica-pronta-em-poucos-minutos\/\" \/>\n<meta property=\"og:locale\" content=\"pt_BR\" \/>\n<meta property=\"og:type\" content=\"article\" \/>\n<meta property=\"og:title\" content=\"Panqueca de liquidificador f\u00e1cil e r\u00e1pida, receita pr\u00e1tica que fica pronta em poucos minutos - Correio Braziliense - Radar\" \/>\n<meta property=\"og:description\" content=\"Panqueca de liquidificador \u00e9 uma receita pr\u00e1tica e vers\u00e1til que permite preparar refei\u00e7\u00f5es r\u00e1pidas com diferentes recheios\" \/>\n<meta property=\"og:url\" content=\"https:\/\/www.correiobraziliense.com.br\/cbradar\/panqueca-de-liquidificador-facil-e-rapida-receita-pratica-que-fica-pronta-em-poucos-minutos\/\" \/>\n<meta property=\"og:site_name\" content=\"Correio Braziliense - Radar\" \/>\n<meta property=\"article:published_time\" content=\"2026-03-13T21:35:00+00:00\" \/>\n<meta property=\"og:image\" content=\"https:\/\/www.correiobraziliense.com.br\/cbradar\/wp-content\/uploads\/2026\/03\/Gemini_Generated_Image_aakb38aakb38aakb-1-1.png\" \/>\n\t<meta property=\"og:image:width\" content=\"1280\" \/>\n\t<meta property=\"og:image:height\" content=\"720\" \/>\n\t<meta property=\"og:image:type\" content=\"image\/png\" \/>\n<meta name=\"author\" content=\"Patrick Silva\" \/>\n<meta name=\"twitter:card\" content=\"summary_large_image\" \/>\n<meta name=\"twitter:label1\" content=\"Escrito por\" \/>\n\t<meta name=\"twitter:data1\" content=\"Patrick Silva\" \/>\n\t<meta name=\"twitter:label2\" content=\"Est. tempo de leitura\" \/>\n\t<meta name=\"twitter:data2\" content=\"5 minutos\" \/>\n<!-- \/ Yoast SEO plugin. -->","yoast_head_json":{"title":"Panqueca de liquidificador f\u00e1cil e r\u00e1pida, receita pr\u00e1tica que fica pronta em poucos minutos - Correio Braziliense - Radar","description":"Panqueca de liquidificador \u00e9 uma receita pr\u00e1tica e vers\u00e1til que permite preparar refei\u00e7\u00f5es r\u00e1pidas com diferentes recheios","robots":{"index":"index","follow":"follow","max-snippet":"max-snippet:-1","max-image-preview":"max-image-preview:large","max-video-preview":"max-video-preview:-1"},"canonical":"https:\/\/www.correiobraziliense.com.br\/cbradar\/panqueca-de-liquidificador-facil-e-rapida-receita-pratica-que-fica-pronta-em-poucos-minutos\/","og_locale":"pt_BR","og_type":"article","og_title":"Panqueca de liquidificador f\u00e1cil e r\u00e1pida, receita pr\u00e1tica que fica pronta em poucos minutos - Correio Braziliense - Radar","og_description":"Panqueca de liquidificador \u00e9 uma receita pr\u00e1tica e vers\u00e1til que permite preparar refei\u00e7\u00f5es r\u00e1pidas com diferentes recheios","og_url":"https:\/\/www.correiobraziliense.com.br\/cbradar\/panqueca-de-liquidificador-facil-e-rapida-receita-pratica-que-fica-pronta-em-poucos-minutos\/","og_site_name":"Correio Braziliense - Radar","article_published_time":"2026-03-13T21:35:00+00:00","og_image":[{"width":1280,"height":720,"url":"https:\/\/www.correiobraziliense.com.br\/cbradar\/wp-content\/uploads\/2026\/03\/Gemini_Generated_Image_aakb38aakb38aakb-1-1.png","type":"image\/png"}],"author":"Patrick Silva","twitter_card":"summary_large_image","twitter_misc":{"Escrito por":"Patrick Silva","Est. tempo de leitura":"5 minutos"},"schema":{"@context":"https:\/\/schema.org","@graph":[{"@type":"WebPage","@id":"https:\/\/www.correiobraziliense.com.br\/cbradar\/panqueca-de-liquidificador-facil-e-rapida-receita-pratica-que-fica-pronta-em-poucos-minutos\/","url":"https:\/\/www.correiobraziliense.com.br\/cbradar\/panqueca-de-liquidificador-facil-e-rapida-receita-pratica-que-fica-pronta-em-poucos-minutos\/","name":"Panqueca de liquidificador f\u00e1cil e r\u00e1pida, receita pr\u00e1tica que fica pronta em poucos minutos - Correio Braziliense - Radar","isPartOf":{"@id":"https:\/\/www.correiobraziliense.com.br\/cbradar\/#website"},"primaryImageOfPage":{"@id":"https:\/\/www.correiobraziliense.com.br\/cbradar\/panqueca-de-liquidificador-facil-e-rapida-receita-pratica-que-fica-pronta-em-poucos-minutos\/#primaryimage"},"image":{"@id":"https:\/\/www.correiobraziliense.com.br\/cbradar\/panqueca-de-liquidificador-facil-e-rapida-receita-pratica-que-fica-pronta-em-poucos-minutos\/#primaryimage"},"thumbnailUrl":"https:\/\/www.correiobraziliense.com.br\/cbradar\/wp-content\/uploads\/2026\/03\/Gemini_Generated_Image_aakb38aakb38aakb-1-1.png","datePublished":"2026-03-13T21:35:00+00:00","author":{"@id":"https:\/\/www.correiobraziliense.com.br\/cbradar\/#\/schema\/person\/5440b72be9c7eb74f446c846479dc4da"},"description":"Panqueca de liquidificador \u00e9 uma receita pr\u00e1tica e vers\u00e1til que permite preparar refei\u00e7\u00f5es r\u00e1pidas com diferentes recheios","breadcrumb":{"@id":"https:\/\/www.correiobraziliense.com.br\/cbradar\/panqueca-de-liquidificador-facil-e-rapida-receita-pratica-que-fica-pronta-em-poucos-minutos\/#breadcrumb"},"inLanguage":"pt-BR","potentialAction":[{"@type":"ReadAction","target":["https:\/\/www.correiobraziliense.com.br\/cbradar\/panqueca-de-liquidificador-facil-e-rapida-receita-pratica-que-fica-pronta-em-poucos-minutos\/"]}]},{"@type":"ImageObject","inLanguage":"pt-BR","@id":"https:\/\/www.correiobraziliense.com.br\/cbradar\/panqueca-de-liquidificador-facil-e-rapida-receita-pratica-que-fica-pronta-em-poucos-minutos\/#primaryimage","url":"https:\/\/www.correiobraziliense.com.br\/cbradar\/wp-content\/uploads\/2026\/03\/Gemini_Generated_Image_aakb38aakb38aakb-1-1.png","contentUrl":"https:\/\/www.correiobraziliense.com.br\/cbradar\/wp-content\/uploads\/2026\/03\/Gemini_Generated_Image_aakb38aakb38aakb-1-1.png","width":1280,"height":720,"caption":"Panqueca de liquidificador \u00e9 uma receita pr\u00e1tica, r\u00e1pida e vers\u00e1til para o dia a dia"},{"@type":"BreadcrumbList","@id":"https:\/\/www.correiobraziliense.com.br\/cbradar\/panqueca-de-liquidificador-facil-e-rapida-receita-pratica-que-fica-pronta-em-poucos-minutos\/#breadcrumb","itemListElement":[{"@type":"ListItem","position":1,"name":"In\u00edcio","item":"https:\/\/www.correiobraziliense.com.br\/cbradar\/"},{"@type":"ListItem","position":2,"name":"Panqueca de liquidificador f\u00e1cil e r\u00e1pida, receita pr\u00e1tica que fica pronta em poucos minutos"}]},{"@type":"WebSite","@id":"https:\/\/www.correiobraziliense.com.br\/cbradar\/#website","url":"https:\/\/www.correiobraziliense.com.br\/cbradar\/","name":"Correio Braziliense - Radar","description":"Acompanhe as \u00faltimas not\u00edcias e fique bem informado sobre tudo o que acontece no Brasil e no mundo.","potentialAction":[{"@type":"SearchAction","target":{"@type":"EntryPoint","urlTemplate":"https:\/\/www.correiobraziliense.com.br\/cbradar\/?s={search_term_string}"},"query-input":{"@type":"PropertyValueSpecification","valueRequired":true,"valueName":"search_term_string"}}],"inLanguage":"pt-BR"},{"@type":"Person","@id":"https:\/\/www.correiobraziliense.com.br\/cbradar\/#\/schema\/person\/5440b72be9c7eb74f446c846479dc4da","name":"Patrick Silva","image":{"@type":"ImageObject","inLanguage":"pt-BR","@id":"https:\/\/www.correiobraziliense.com.br\/cbradar\/#\/schema\/person\/image\/","url":"https:\/\/secure.gravatar.com\/avatar\/944109df296fc087785c9715fd5f80b2?s=96&d=mm&r=g","contentUrl":"https:\/\/secure.gravatar.com\/avatar\/944109df296fc087785c9715fd5f80b2?s=96&d=mm&r=g","caption":"Patrick Silva"},"sameAs":["https:\/\/www.correiobraziliense.com.br\/cbradar\/"],"url":"https:\/\/www.correiobraziliense.com.br\/cbradar\/author\/patrick-silva\/"}]}},"_links":{"self":[{"href":"https:\/\/www.correiobraziliense.com.br\/cbradar\/wp-json\/wp\/v2\/posts\/207550","targetHints":{"allow":["GET"]}}],"collection":[{"href":"https:\/\/www.correiobraziliense.com.br\/cbradar\/wp-json\/wp\/v2\/posts"}],"about":[{"href":"https:\/\/www.correiobraziliense.com.br\/cbradar\/wp-json\/wp\/v2\/types\/post"}],"author":[{"embeddable":true,"href":"https:\/\/www.correiobraziliense.com.br\/cbradar\/wp-json\/wp\/v2\/users\/21"}],"replies":[{"embeddable":true,"href":"https:\/\/www.correiobraziliense.com.br\/cbradar\/wp-json\/wp\/v2\/comments?post=207550"}],"version-history":[{"count":2,"href":"https:\/\/www.correiobraziliense.com.br\/cbradar\/wp-json\/wp\/v2\/posts\/207550\/revisions"}],"predecessor-version":[{"id":207557,"href":"https:\/\/www.correiobraziliense.com.br\/cbradar\/wp-json\/wp\/v2\/posts\/207550\/revisions\/207557"}],"wp:featuredmedia":[{"embeddable":true,"href":"https:\/\/www.correiobraziliense.com.br\/cbradar\/wp-json\/wp\/v2\/media\/207554"}],"wp:attachment":[{"href":"https:\/\/www.correiobraziliense.com.br\/cbradar\/wp-json\/wp\/v2\/media?parent=207550"}],"wp:term":[{"taxonomy":"category","embeddable":true,"href":"https:\/\/www.correiobraziliense.com.br\/cbradar\/wp-json\/wp\/v2\/categories?post=207550"},{"taxonomy":"post_tag","embeddable":true,"href":"https:\/\/www.correiobraziliense.com.br\/cbradar\/wp-json\/wp\/v2\/post_tag?post=207550"}],"curies":[{"name":"wp","href":"https:\/\/api.w.org\/{rel}","templated":true}]}}