{"id":207559,"date":"2026-03-13T00:15:00","date_gmt":"2026-03-13T03:15:00","guid":{"rendered":"https:\/\/www.correiobraziliense.com.br\/cbradar\/?p=207559"},"modified":"2026-03-12T18:06:39","modified_gmt":"2026-03-12T21:06:39","slug":"o-cha-natural-de-camomila-que-ajuda-a-reduzir-a-ansiedade-e-melhorar-a-qualidade-do-sono","status":"publish","type":"post","link":"https:\/\/www.correiobraziliense.com.br\/cbradar\/o-cha-natural-de-camomila-que-ajuda-a-reduzir-a-ansiedade-e-melhorar-a-qualidade-do-sono\/","title":{"rendered":"O ch\u00e1 natural de camomila que ajuda a reduzir a ansiedade e melhorar a qualidade do sono"},"content":{"rendered":"\n<p>Beber uma x\u00edcara de ch\u00e1 de camomila antes de dormir pode transformar completamente sua rotina de descanso e bem-estar emocional. Essa erva milenar possui propriedades sedativas leves que auxiliam no relaxamento muscular e na redu\u00e7\u00e3o do estresse cotidiano. Integrar esse h\u00e1bito natural \u00e9 uma estrat\u00e9gia simples para conquistar noites muito mais tranquilas e revigorantes.<\/p>\n\n\n\n<h2 class=\"wp-block-heading\">Por que essa flor acalma o seu sistema nervoso?<\/h2>\n\n\n\n<p>A camomila cont\u00e9m um antioxidante chamado apigenina, que se liga a receptores espec\u00edficos no seu c\u00e9rebro para diminuir a ansiedade. Esse processo qu\u00edmico natural induz uma sensa\u00e7\u00e3o imediata de sonol\u00eancia e paz interior. Ao consumir a infus\u00e3o regularmente, voc\u00ea fornece ao organismo os compostos necess\u00e1rios para equilibrar as respostas emocionais diante das press\u00f5es externas do cotidiano moderno.<\/p>\n\n\n\n<p>Al\u00e9m do efeito cerebral direto, o calor da bebida auxilia na dilata\u00e7\u00e3o dos vasos sangu\u00edneos e no relaxamento dos tecidos corporais. Essa combina\u00e7\u00e3o de fatores biol\u00f3gicos prepara o corpo para o desligamento necess\u00e1rio ap\u00f3s um dia exaustivo de trabalho. \u00c9 uma alternativa segura e livre de componentes sint\u00e9ticos que prejudicam a sa\u00fade a longo prazo em muitas pessoas que buscam <strong>vida muito mais tranquila<\/strong>.<\/p>\n\n\n\n<figure class=\"wp-block-image size-full\"><img decoding=\"async\" width=\"1280\" height=\"720\" src=\"https:\/\/www.correiobraziliense.com.br\/cbradar\/wp-content\/uploads\/2026\/03\/Gemini_Generated_Image_9iw1r49iw1r49iw1-1-1.png\" alt=\"O ch\u00e1 natural de camomila que ajuda a reduzir a ansiedade e melhorar a qualidade do sono\" class=\"wp-image-207564\" srcset=\"https:\/\/www.correiobraziliense.com.br\/cbradar\/wp-content\/uploads\/2026\/03\/Gemini_Generated_Image_9iw1r49iw1r49iw1-1-1.png 1280w, https:\/\/www.correiobraziliense.com.br\/cbradar\/wp-content\/uploads\/2026\/03\/Gemini_Generated_Image_9iw1r49iw1r49iw1-1-1-300x169.png 300w, https:\/\/www.correiobraziliense.com.br\/cbradar\/wp-content\/uploads\/2026\/03\/Gemini_Generated_Image_9iw1r49iw1r49iw1-1-1-768x432.png 768w, https:\/\/www.correiobraziliense.com.br\/cbradar\/wp-content\/uploads\/2026\/03\/Gemini_Generated_Image_9iw1r49iw1r49iw1-1-1-750x422.png 750w, https:\/\/www.correiobraziliense.com.br\/cbradar\/wp-content\/uploads\/2026\/03\/Gemini_Generated_Image_9iw1r49iw1r49iw1-1-1-1140x641.png 1140w\" sizes=\"(max-width: 1280px) 100vw, 1280px\" \/><figcaption class=\"wp-element-caption\">Ch\u00e1 de camomila \u00e9 conhecido por ajudar no relaxamento e melhorar o sono<\/figcaption><\/figure>\n\n\n\n<h2 class=\"wp-block-heading\">Como preparar a infus\u00e3o perfeita para maximizar os efeitos?<\/h2>\n\n\n\n<p>O segredo para extrair todos os \u00f3leos essenciais da planta reside na temperatura da \u00e1gua e no tempo de repouso. Voc\u00ea deve evitar ferver a erva diretamente no fogo para n\u00e3o destruir as propriedades medicinais vol\u00e1teis presentes nas flores secas. Aque\u00e7a a \u00e1gua at\u00e9 quase ferver e despeje sobre a camomila, mantendo o recipiente tampado por dez minutos.<\/p>\n\n\n\n<p>Utilizar flores inteiras em vez de sach\u00eas processados garante uma concentra\u00e7\u00e3o muito maior de subst\u00e2ncias ativas e um sabor floral mais intenso. A tampa do bule \u00e9 essencial para impedir que o vapor carregue os nutrientes fundamentais para o seu relaxamento profundo. Siga este m\u00e9todo rigoroso para extrair o m\u00e1ximo de benef\u00edcios terap\u00eauticos que a natureza oferece generosamente para o seu <strong>equil\u00edbrio emocional<\/strong>.<\/p>\n\n\n\n<h2 class=\"wp-block-heading\">Quais s\u00e3o os benef\u00edcios adicionais que voc\u00ea sente no corpo?<\/h2>\n\n\n\n<p>Beber este ch\u00e1 regularmente tamb\u00e9m melhora a digest\u00e3o e reduz inflama\u00e7\u00f5es internas que podem estar atrapalhando o seu descanso noturno. O sistema digestivo est\u00e1 diretamente ligado ao humor, e uma barriga tranquila facilita a entrada no sono profundo. Existem diversas vantagens biol\u00f3gicas que tornam esta planta uma aliada indispens\u00e1vel para quem busca uma exist\u00eancia saud\u00e1vel e muito equilibrada.<\/p>\n\n\n\n<p>Para que voc\u00ea aproveite todas as potencialidades dessa bebida milenar e transforme sua sa\u00fade, observe as orienta\u00e7\u00f5es fundamentais para o consumo seguro e eficiente:<\/p>\n\n\n\n<ul class=\"wp-block-list\">\n<li>Consuma preferencialmente trinta minutos antes de deitar.<\/li>\n\n\n\n<li>Evite adicionar a\u00e7\u00facar refinado ou ado\u00e7antes artificiais.<\/li>\n\n\n\n<li>Mantenha a infus\u00e3o protegida da luz solar direta.<\/li>\n\n\n\n<li>Use flores de proced\u00eancia org\u00e2nica sempre que poss\u00edvel.<\/li>\n<\/ul>\n\n\n\n<h2 class=\"wp-block-heading\">Existe alguma contraindica\u00e7\u00e3o que voc\u00ea deve observar agora?<\/h2>\n\n\n\n<p>Embora seja um rem\u00e9dio natural, gestantes e pessoas com alergias espec\u00edficas a plantas da fam\u00edlia das margaridas devem ter cautela. O consumo exagerado pode causar n\u00e1useas em alguns indiv\u00edduos mais sens\u00edveis aos compostos qu\u00edmicos da erva. \u00c9 sempre prudente observar como seu organismo reage nas primeiras vezes em que voc\u00ea decide integrar este h\u00e1bito na sua rotina noturna fixa.<\/p>\n\n\n\n<p>Intera\u00e7\u00f5es com medicamentos sedativos ou anticoagulantes tamb\u00e9m exigem aten\u00e7\u00e3o redobrada e orienta\u00e7\u00e3o profissional qualificada antes de iniciar o uso di\u00e1rio. A seguran\u00e7a alimentar \u00e9 um pilar importante para que os benef\u00edcios superem qualquer risco potencial ao seu bem-estar f\u00edsico. Respeitar as dosagens recomendadas \u00e9 o caminho mais curto para usufruir de todas as propriedades calmantes da planta <strong>sem riscos desnecess\u00e1rios<\/strong>.<\/p>\n\n\n\n<p>No v\u00eddeo abaixo do TikTok <strong><em>Hipnoseterapeutica<\/em><\/strong>, que conta com mais de <strong><em>1.2 milh\u00e3o<\/em><\/strong> de seguidores, ele cita os benef\u00edcios do ch\u00e1 de camomila para o al\u00edvio da ansiedade:<\/p>\n\n\n\n<blockquote class=\"tiktok-embed\" cite=\"https:\/\/www.tiktok.com\/@hipnoseterapeutica\/video\/7092039620254321926\" data-video-id=\"7092039620254321926\" style=\"max-width: 605px;min-width: 325px;\" > <section> <a target=\"_blank\" title=\"@hipnoseterapeutica\" href=\"https:\/\/www.tiktok.com\/@hipnoseterapeutica?refer=embed\">@hipnoseterapeutica<\/a> Ch\u00e1 para aliviar a ansiedade \ud83c\udf75 <a title=\"ansiedade\" target=\"_blank\" href=\"https:\/\/www.tiktok.com\/tag\/ansiedade?refer=embed\">#ansiedade<\/a> <a title=\"psicologia\" target=\"_blank\" href=\"https:\/\/www.tiktok.com\/tag\/psicologia?refer=embed\">#psicologia<\/a> <a title=\"nutricao\" target=\"_blank\" href=\"https:\/\/www.tiktok.com\/tag\/nutricao?refer=embed\">#nutricao<\/a> <a title=\"chaparaansiedade\" target=\"_blank\" href=\"https:\/\/www.tiktok.com\/tag\/chaparaansiedade?refer=embed\">#chaparaansiedade<\/a> <a title=\"chasparaansiedade\" target=\"_blank\" href=\"https:\/\/www.tiktok.com\/tag\/chasparaansiedade?refer=embed\">#chasparaansiedade<\/a> <a title=\"ch\u00e1\" target=\"_blank\" href=\"https:\/\/www.tiktok.com\/tag\/ch%C3%A1?refer=embed\">#ch\u00e1<\/a> <a target=\"_blank\" title=\"\u266c The Mentor - Sleeping At Last\" href=\"https:\/\/www.tiktok.com\/music\/The-Mentor-6758883772701083649?refer=embed\">\u266c The Mentor &#8211; Sleeping At Last<\/a> <\/section> <\/blockquote> <script async src=\"https:\/\/www.tiktok.com\/embed.js\"><\/script>\n\n\n\n<p>Leia tamb\u00e9m: <a href=\"https:\/\/www.correiobraziliense.com.br\/cbradar\/como-a-ansiedade-pode-ser-alimentada-pela-falta-de-vitamina-b12\/\" target=\"_blank\" rel=\"noreferrer noopener\">Como a ansiedade pode ser alimentada pela falta de vitamina B12<\/a><\/p>\n\n\n\n<h2 class=\"wp-block-heading\">O que a ci\u00eancia global diz sobre o uso da erva?<\/h2>\n\n\n\n<p>Estudos cl\u00ednicos realizados por institui\u00e7\u00f5es renomadas comprovam a efic\u00e1cia da camomila no tratamento auxiliar de transtornos de ansiedade leve. Os pesquisadores observaram uma redu\u00e7\u00e3o significativa nos sintomas de estresse em pacientes que adotaram o consumo regular da infus\u00e3o. Esses dados refor\u00e7am a import\u00e2ncia de utilizar m\u00e9todos tradicionais validados pela ci\u00eancia moderna para promover a sa\u00fade mental de forma natural.<\/p>\n\n\n\n<p>\u00d3rg\u00e3os de sa\u00fade monitoram constantemente os efeitos dos fitoter\u00e1picos na popula\u00e7\u00e3o para garantir diretrizes seguras de uso dom\u00e9stico e cl\u00ednico. Para compreender as recomenda\u00e7\u00f5es detalhadas sobre os componentes da erva e seus impactos no organismo, consulte as informa\u00e7\u00f5es do <strong><a target=\"_blank\" rel=\"noreferrer noopener\" href=\"https:\/\/www.nccih.nih.gov\/health\/chamomile\">National Center for Complementary and Integrative Health<\/a><\/strong>. Manter-se bem informado atrav\u00e9s de fontes oficiais garante uma <strong>vida longa e saud\u00e1vel<\/strong>.<\/p>\n","protected":false},"excerpt":{"rendered":"<p>Beber uma x\u00edcara de ch\u00e1 de camomila antes de dormir pode transformar completamente sua rotina de descanso e bem-estar emocional. Essa erva milenar possui propriedades sedativas leves que auxiliam no relaxamento muscular e na redu\u00e7\u00e3o do estresse cotidiano. Integrar esse h\u00e1bito natural \u00e9 uma estrat\u00e9gia simples para conquistar noites muito mais tranquilas e revigorantes. Por [&hellip;]<\/p>\n","protected":false},"author":21,"featured_media":207563,"comment_status":"open","ping_status":"open","sticky":false,"template":"","format":"standard","meta":{"_yoast_wpseo_focuskw":"ch\u00e1 de camomila","_yoast_wpseo_title":"","_yoast_wpseo_metadesc":"Ch\u00e1 de camomila \u00e9 conhecido por ajudar no relaxamento e contribuir para noites de sono mais tranquilas e menos ansiedade","jnews-multi-image_gallery":[],"jnews_single_post":{"format":"standard"},"jnews_primary_category":[],"jnews_social_meta":[],"jnews_override_counter":[],"footnotes":""},"categories":[119],"tags":[812,1360,6908,1313],"class_list":["post-207559","post","type-post","status-publish","format-standard","has-post-thumbnail","hentry","category-bem-estar","tag-ansiedade","tag-camomila","tag-cha-de-camomila","tag-sono"],"yoast_head":"<!-- This site is optimized with the Yoast SEO plugin v24.6 - https:\/\/yoast.com\/wordpress\/plugins\/seo\/ -->\n<title>O ch\u00e1 natural de camomila que ajuda a reduzir a ansiedade e melhorar a qualidade do sono - Correio Braziliense - Radar<\/title>\n<meta name=\"description\" content=\"Ch\u00e1 de camomila \u00e9 conhecido por ajudar no relaxamento e contribuir para noites de sono mais tranquilas e menos ansiedade\" \/>\n<meta name=\"robots\" content=\"index, follow, max-snippet:-1, max-image-preview:large, max-video-preview:-1\" \/>\n<link rel=\"canonical\" href=\"https:\/\/www.correiobraziliense.com.br\/cbradar\/o-cha-natural-de-camomila-que-ajuda-a-reduzir-a-ansiedade-e-melhorar-a-qualidade-do-sono\/\" \/>\n<meta property=\"og:locale\" content=\"pt_BR\" \/>\n<meta property=\"og:type\" content=\"article\" \/>\n<meta property=\"og:title\" content=\"O ch\u00e1 natural de camomila que ajuda a reduzir a ansiedade e melhorar a qualidade do sono - Correio Braziliense - Radar\" \/>\n<meta property=\"og:description\" content=\"Ch\u00e1 de camomila \u00e9 conhecido por ajudar no relaxamento e contribuir para noites de sono mais tranquilas e menos ansiedade\" \/>\n<meta property=\"og:url\" content=\"https:\/\/www.correiobraziliense.com.br\/cbradar\/o-cha-natural-de-camomila-que-ajuda-a-reduzir-a-ansiedade-e-melhorar-a-qualidade-do-sono\/\" \/>\n<meta property=\"og:site_name\" content=\"Correio Braziliense - Radar\" \/>\n<meta property=\"article:published_time\" content=\"2026-03-13T03:15:00+00:00\" \/>\n<meta property=\"og:image\" content=\"https:\/\/www.correiobraziliense.com.br\/cbradar\/wp-content\/uploads\/2026\/03\/Gemini_Generated_Image_wpc5l0wpc5l0wpc5-1-1.png\" \/>\n\t<meta property=\"og:image:width\" content=\"1280\" \/>\n\t<meta property=\"og:image:height\" content=\"720\" \/>\n\t<meta property=\"og:image:type\" content=\"image\/png\" \/>\n<meta name=\"author\" content=\"Patrick Silva\" \/>\n<meta name=\"twitter:card\" content=\"summary_large_image\" \/>\n<meta name=\"twitter:label1\" content=\"Escrito por\" \/>\n\t<meta name=\"twitter:data1\" content=\"Patrick Silva\" \/>\n\t<meta name=\"twitter:label2\" content=\"Est. tempo de leitura\" \/>\n\t<meta name=\"twitter:data2\" content=\"5 minutos\" \/>\n<!-- \/ Yoast SEO plugin. -->","yoast_head_json":{"title":"O ch\u00e1 natural de camomila que ajuda a reduzir a ansiedade e melhorar a qualidade do sono - Correio Braziliense - Radar","description":"Ch\u00e1 de camomila \u00e9 conhecido por ajudar no relaxamento e contribuir para noites de sono mais tranquilas e menos ansiedade","robots":{"index":"index","follow":"follow","max-snippet":"max-snippet:-1","max-image-preview":"max-image-preview:large","max-video-preview":"max-video-preview:-1"},"canonical":"https:\/\/www.correiobraziliense.com.br\/cbradar\/o-cha-natural-de-camomila-que-ajuda-a-reduzir-a-ansiedade-e-melhorar-a-qualidade-do-sono\/","og_locale":"pt_BR","og_type":"article","og_title":"O ch\u00e1 natural de camomila que ajuda a reduzir a ansiedade e melhorar a qualidade do sono - Correio Braziliense - Radar","og_description":"Ch\u00e1 de camomila \u00e9 conhecido por ajudar no relaxamento e contribuir para noites de sono mais tranquilas e menos ansiedade","og_url":"https:\/\/www.correiobraziliense.com.br\/cbradar\/o-cha-natural-de-camomila-que-ajuda-a-reduzir-a-ansiedade-e-melhorar-a-qualidade-do-sono\/","og_site_name":"Correio Braziliense - Radar","article_published_time":"2026-03-13T03:15:00+00:00","og_image":[{"width":1280,"height":720,"url":"https:\/\/www.correiobraziliense.com.br\/cbradar\/wp-content\/uploads\/2026\/03\/Gemini_Generated_Image_wpc5l0wpc5l0wpc5-1-1.png","type":"image\/png"}],"author":"Patrick Silva","twitter_card":"summary_large_image","twitter_misc":{"Escrito por":"Patrick Silva","Est. tempo de leitura":"5 minutos"},"schema":{"@context":"https:\/\/schema.org","@graph":[{"@type":"WebPage","@id":"https:\/\/www.correiobraziliense.com.br\/cbradar\/o-cha-natural-de-camomila-que-ajuda-a-reduzir-a-ansiedade-e-melhorar-a-qualidade-do-sono\/","url":"https:\/\/www.correiobraziliense.com.br\/cbradar\/o-cha-natural-de-camomila-que-ajuda-a-reduzir-a-ansiedade-e-melhorar-a-qualidade-do-sono\/","name":"O ch\u00e1 natural de camomila que ajuda a reduzir a ansiedade e melhorar a qualidade do sono - Correio Braziliense - Radar","isPartOf":{"@id":"https:\/\/www.correiobraziliense.com.br\/cbradar\/#website"},"primaryImageOfPage":{"@id":"https:\/\/www.correiobraziliense.com.br\/cbradar\/o-cha-natural-de-camomila-que-ajuda-a-reduzir-a-ansiedade-e-melhorar-a-qualidade-do-sono\/#primaryimage"},"image":{"@id":"https:\/\/www.correiobraziliense.com.br\/cbradar\/o-cha-natural-de-camomila-que-ajuda-a-reduzir-a-ansiedade-e-melhorar-a-qualidade-do-sono\/#primaryimage"},"thumbnailUrl":"https:\/\/www.correiobraziliense.com.br\/cbradar\/wp-content\/uploads\/2026\/03\/Gemini_Generated_Image_wpc5l0wpc5l0wpc5-1-1.png","datePublished":"2026-03-13T03:15:00+00:00","author":{"@id":"https:\/\/www.correiobraziliense.com.br\/cbradar\/#\/schema\/person\/5440b72be9c7eb74f446c846479dc4da"},"description":"Ch\u00e1 de camomila \u00e9 conhecido por ajudar no relaxamento e contribuir para noites de sono mais tranquilas e menos ansiedade","breadcrumb":{"@id":"https:\/\/www.correiobraziliense.com.br\/cbradar\/o-cha-natural-de-camomila-que-ajuda-a-reduzir-a-ansiedade-e-melhorar-a-qualidade-do-sono\/#breadcrumb"},"inLanguage":"pt-BR","potentialAction":[{"@type":"ReadAction","target":["https:\/\/www.correiobraziliense.com.br\/cbradar\/o-cha-natural-de-camomila-que-ajuda-a-reduzir-a-ansiedade-e-melhorar-a-qualidade-do-sono\/"]}]},{"@type":"ImageObject","inLanguage":"pt-BR","@id":"https:\/\/www.correiobraziliense.com.br\/cbradar\/o-cha-natural-de-camomila-que-ajuda-a-reduzir-a-ansiedade-e-melhorar-a-qualidade-do-sono\/#primaryimage","url":"https:\/\/www.correiobraziliense.com.br\/cbradar\/wp-content\/uploads\/2026\/03\/Gemini_Generated_Image_wpc5l0wpc5l0wpc5-1-1.png","contentUrl":"https:\/\/www.correiobraziliense.com.br\/cbradar\/wp-content\/uploads\/2026\/03\/Gemini_Generated_Image_wpc5l0wpc5l0wpc5-1-1.png","width":1280,"height":720,"caption":"Ch\u00e1 de camomila \u00e9 conhecido por ajudar no relaxamento e melhorar o sono"},{"@type":"BreadcrumbList","@id":"https:\/\/www.correiobraziliense.com.br\/cbradar\/o-cha-natural-de-camomila-que-ajuda-a-reduzir-a-ansiedade-e-melhorar-a-qualidade-do-sono\/#breadcrumb","itemListElement":[{"@type":"ListItem","position":1,"name":"In\u00edcio","item":"https:\/\/www.correiobraziliense.com.br\/cbradar\/"},{"@type":"ListItem","position":2,"name":"O ch\u00e1 natural de camomila que ajuda a reduzir a ansiedade e melhorar a qualidade do sono"}]},{"@type":"WebSite","@id":"https:\/\/www.correiobraziliense.com.br\/cbradar\/#website","url":"https:\/\/www.correiobraziliense.com.br\/cbradar\/","name":"Correio Braziliense - Radar","description":"Acompanhe as \u00faltimas not\u00edcias e fique bem informado sobre tudo o que acontece no Brasil e no mundo.","potentialAction":[{"@type":"SearchAction","target":{"@type":"EntryPoint","urlTemplate":"https:\/\/www.correiobraziliense.com.br\/cbradar\/?s={search_term_string}"},"query-input":{"@type":"PropertyValueSpecification","valueRequired":true,"valueName":"search_term_string"}}],"inLanguage":"pt-BR"},{"@type":"Person","@id":"https:\/\/www.correiobraziliense.com.br\/cbradar\/#\/schema\/person\/5440b72be9c7eb74f446c846479dc4da","name":"Patrick Silva","image":{"@type":"ImageObject","inLanguage":"pt-BR","@id":"https:\/\/www.correiobraziliense.com.br\/cbradar\/#\/schema\/person\/image\/","url":"https:\/\/secure.gravatar.com\/avatar\/944109df296fc087785c9715fd5f80b2?s=96&d=mm&r=g","contentUrl":"https:\/\/secure.gravatar.com\/avatar\/944109df296fc087785c9715fd5f80b2?s=96&d=mm&r=g","caption":"Patrick Silva"},"sameAs":["https:\/\/www.correiobraziliense.com.br\/cbradar\/"],"url":"https:\/\/www.correiobraziliense.com.br\/cbradar\/author\/patrick-silva\/"}]}},"_links":{"self":[{"href":"https:\/\/www.correiobraziliense.com.br\/cbradar\/wp-json\/wp\/v2\/posts\/207559","targetHints":{"allow":["GET"]}}],"collection":[{"href":"https:\/\/www.correiobraziliense.com.br\/cbradar\/wp-json\/wp\/v2\/posts"}],"about":[{"href":"https:\/\/www.correiobraziliense.com.br\/cbradar\/wp-json\/wp\/v2\/types\/post"}],"author":[{"embeddable":true,"href":"https:\/\/www.correiobraziliense.com.br\/cbradar\/wp-json\/wp\/v2\/users\/21"}],"replies":[{"embeddable":true,"href":"https:\/\/www.correiobraziliense.com.br\/cbradar\/wp-json\/wp\/v2\/comments?post=207559"}],"version-history":[{"count":1,"href":"https:\/\/www.correiobraziliense.com.br\/cbradar\/wp-json\/wp\/v2\/posts\/207559\/revisions"}],"predecessor-version":[{"id":207565,"href":"https:\/\/www.correiobraziliense.com.br\/cbradar\/wp-json\/wp\/v2\/posts\/207559\/revisions\/207565"}],"wp:featuredmedia":[{"embeddable":true,"href":"https:\/\/www.correiobraziliense.com.br\/cbradar\/wp-json\/wp\/v2\/media\/207563"}],"wp:attachment":[{"href":"https:\/\/www.correiobraziliense.com.br\/cbradar\/wp-json\/wp\/v2\/media?parent=207559"}],"wp:term":[{"taxonomy":"category","embeddable":true,"href":"https:\/\/www.correiobraziliense.com.br\/cbradar\/wp-json\/wp\/v2\/categories?post=207559"},{"taxonomy":"post_tag","embeddable":true,"href":"https:\/\/www.correiobraziliense.com.br\/cbradar\/wp-json\/wp\/v2\/tags?post=207559"}],"curies":[{"name":"wp","href":"https:\/\/api.w.org\/{rel}","templated":true}]}}