{"id":207587,"date":"2026-03-12T21:30:28","date_gmt":"2026-03-13T00:30:28","guid":{"rendered":"https:\/\/www.correiobraziliense.com.br\/cbradar\/?p=207587"},"modified":"2026-03-12T21:30:30","modified_gmt":"2026-03-13T00:30:30","slug":"a-sociologia-explica-por-que-amizades-costumam-diminuir-depois-dos-30-anos","status":"publish","type":"post","link":"https:\/\/www.correiobraziliense.com.br\/cbradar\/a-sociologia-explica-por-que-amizades-costumam-diminuir-depois-dos-30-anos\/","title":{"rendered":"A sociologia explica por que amizades costumam diminuir depois dos 30 anos"},"content":{"rendered":"\n<p>Muitas pessoas percebem que o c\u00edrculo social reduz drasticamente ao atingir a maturidade, transformando a din\u00e2mica das rela\u00e7\u00f5es interpessoais cotidianas. A sociologia analisa como as prioridades individuais mudam conforme as responsabilidades profissionais e familiares aumentam. Compreender esse fen\u00f4meno demogr\u00e1fico ajuda a valorizar conex\u00f5es profundas e essenciais para o bem-estar mental duradouro.<\/p>\n\n\n\n<h2 class=\"wp-block-heading\">Como as prioridades de vida afetam os la\u00e7os sociais?<\/h2>\n\n\n\n<p>Ao entrar na quarta d\u00e9cada de vida, o foco individual geralmente se desloca para a estabilidade econ\u00f4mica e o cuidado com a fam\u00edlia nuclear. Esse redirecionamento de energia diminui o tempo dispon\u00edvel para intera\u00e7\u00f5es casuais com grandes grupos de conhecidos. A seletividade torna-se uma ferramenta necess\u00e1ria para gerenciar o esgotamento f\u00edsico e mental causado pela rotina exaustiva moderna brasileira.<\/p>\n\n\n\n<p>O investimento em carreiras competitivas exige dedica\u00e7\u00e3o total, deixando pouco espa\u00e7o para a manuten\u00e7\u00e3o de <a href=\"https:\/\/www.correiobraziliense.com.br\/cbradar\/proverbio-biblico-da-semana-o-amigo-ama-em-todos-os-momentos-a-verdadeira-medida-da-amizade\/\" target=\"_blank\" rel=\"noreferrer noopener\">amizades <\/a>que n\u00e3o possuem bases s\u00f3lidas. Encontros frequentes s\u00e3o substitu\u00eddos por comunica\u00e7\u00f5es digitais espor\u00e1dicas devido \u00e0 sobrecarga de tarefas di\u00e1rias obrigat\u00f3rias. Essa transi\u00e7\u00e3o social reflete uma mudan\u00e7a estrutural na forma como os adultos organizam o tempo precioso para garantir o sucesso pessoal hoje.<\/p>\n\n\n\n<figure class=\"wp-block-image size-full\"><img decoding=\"async\" width=\"1280\" height=\"720\" src=\"https:\/\/www.correiobraziliense.com.br\/cbradar\/wp-content\/uploads\/2026\/03\/Gemini_Generated_Image_jet4ffjet4ffjet4-1-1.png\" alt=\"A sociologia explica por que amizades costumam diminuir depois dos 30 anos\" class=\"wp-image-207601\" srcset=\"https:\/\/www.correiobraziliense.com.br\/cbradar\/wp-content\/uploads\/2026\/03\/Gemini_Generated_Image_jet4ffjet4ffjet4-1-1.png 1280w, https:\/\/www.correiobraziliense.com.br\/cbradar\/wp-content\/uploads\/2026\/03\/Gemini_Generated_Image_jet4ffjet4ffjet4-1-1-300x169.png 300w, https:\/\/www.correiobraziliense.com.br\/cbradar\/wp-content\/uploads\/2026\/03\/Gemini_Generated_Image_jet4ffjet4ffjet4-1-1-768x432.png 768w, https:\/\/www.correiobraziliense.com.br\/cbradar\/wp-content\/uploads\/2026\/03\/Gemini_Generated_Image_jet4ffjet4ffjet4-1-1-750x422.png 750w, https:\/\/www.correiobraziliense.com.br\/cbradar\/wp-content\/uploads\/2026\/03\/Gemini_Generated_Image_jet4ffjet4ffjet4-1-1-1140x641.png 1140w\" sizes=\"(max-width: 1280px) 100vw, 1280px\" \/><figcaption class=\"wp-element-caption\">Com o tempo o n\u00famero de amigos diminui enquanto v\u00ednculos mais profundos passam a ganhar valor na vida adulta<\/figcaption><\/figure>\n\n\n\n<h2 class=\"wp-block-heading\">Por que a proximidade f\u00edsica perde sua for\u00e7a habitual?<\/h2>\n\n\n\n<p>Na juventude, ambientes como escolas e universidades facilitam a cria\u00e7\u00e3o de v\u00ednculos baseados na conviv\u00eancia geogr\u00e1fica constante e compartilhada. Ap\u00f3s os trinta anos, as mudan\u00e7as de resid\u00eancia por motivos de trabalho ou casamento rompem esses c\u00edrculos formados pela conveni\u00eancia espacial. Manter a proximidade emocional sem o contato f\u00edsico frequente exige um esfor\u00e7o consciente que muitos indiv\u00edduos n\u00e3o conseguem sustentar.<\/p>\n\n\n\n<p>A sociologia urbana destaca que a dispers\u00e3o geogr\u00e1fica contribui para o enfraquecimento de redes sociais amplas e diversificadas no contexto atual. Adultos tendem a se isolar em bolhas familiares ou profissionais, dificultando a intera\u00e7\u00e3o com perfis diferentes dos seus c\u00edrculos imediatos. Essa barreira f\u00edsica imp\u00f5e limites naturais \u00e0 quantidade de amigos que conseguimos manter ativos e presentes de maneira saud\u00e1vel.<\/p>\n\n\n\n<h2 class=\"wp-block-heading\">Quais mudan\u00e7as biol\u00f3gicas influenciam nossa seletividade afetiva?<\/h2>\n\n\n\n<p>A maturidade traz uma compreens\u00e3o mais clara sobre a pr\u00f3pria identidade e quais valores s\u00e3o inegoci\u00e1veis nas rela\u00e7\u00f5es interpessoais profundas. Deixamos de buscar popularidade para focar em conex\u00f5es que ofere\u00e7am suporte emocional real e rec\u00edproco durante as crises inevit\u00e1veis. Essa evolu\u00e7\u00e3o psicol\u00f3gica reduz o n\u00famero de amigos, mas aumenta significativamente a qualidade e a lealdade dos v\u00ednculos que permanecem.<\/p>\n\n\n\n<p>A observa\u00e7\u00e3o dessas din\u00e2micas sociais revela pontos cruciais que explicam por que selecionamos criteriosamente quem deve ocupar um lugar privilegiado na jornada pessoal:<\/p>\n\n\n\n<figure class=\"wp-block-image size-large\"><img decoding=\"async\" width=\"1182\" height=\"720\" src=\"https:\/\/www.correiobraziliense.com.br\/cbradar\/wp-content\/uploads\/2026\/03\/convertido-36-1-1182x720.jpg\" alt=\"\" class=\"wp-image-207598\" srcset=\"https:\/\/www.correiobraziliense.com.br\/cbradar\/wp-content\/uploads\/2026\/03\/convertido-36-1-1182x720.jpg 1182w, https:\/\/www.correiobraziliense.com.br\/cbradar\/wp-content\/uploads\/2026\/03\/convertido-36-1-300x183.jpg 300w, https:\/\/www.correiobraziliense.com.br\/cbradar\/wp-content\/uploads\/2026\/03\/convertido-36-1-768x468.jpg 768w, https:\/\/www.correiobraziliense.com.br\/cbradar\/wp-content\/uploads\/2026\/03\/convertido-36-1-750x457.jpg 750w, https:\/\/www.correiobraziliense.com.br\/cbradar\/wp-content\/uploads\/2026\/03\/convertido-36-1-1140x695.jpg 1140w, https:\/\/www.correiobraziliense.com.br\/cbradar\/wp-content\/uploads\/2026\/03\/convertido-36-1.jpg 1280w\" sizes=\"(max-width: 1182px) 100vw, 1182px\" \/><\/figure>\n\n\n\n<h2 class=\"wp-block-heading\">O papel da tecnologia ajuda ou atrapalha as rela\u00e7\u00f5es?<\/h2>\n\n\n\n<p>Embora as redes digitais permitam manter o contato visual e textual, elas muitas vezes criam uma ilus\u00e3o de proximidade que carece de profundidade. A sociologia contempor\u00e2nea alerta que o excesso de conex\u00f5es superficiais pode aumentar a sensa\u00e7\u00e3o de solid\u00e3o em adultos sobrecarregados. O desafio moderno consiste em utilizar as ferramentas tecnol\u00f3gicas para fortalecer la\u00e7os reais em vez de apenas acumular seguidores.<\/p>\n\n\n\n<p>A comunica\u00e7\u00e3o instant\u00e2nea facilita a organiza\u00e7\u00e3o de reencontros, mas a falta de tempo f\u00edsico continua sendo a principal barreira para a amizade. Profissionais que utilizam o meio digital apenas para trabalho acabam negligenciando o cultivo de afetos fora do ambiente corporativo. Equilibrar a vida online com momentos presenciais de qualidade \u00e9 fundamental para preservar a sa\u00fade emocional e social atualmente.<\/p>\n\n\n\n<p>Fazer novas amizades na vida adulta pode parecer desafiador, especialmente com rotinas cheias e c\u00edrculos sociais mais fechados. Ainda assim, \u00e9 poss\u00edvel criar conex\u00f5es significativas com algumas atitudes. No conte\u00fado do <strong>Psicologia na Pr\u00e1tica por Alana Anijar<\/strong>, com 231 mil inscritos, voc\u00ea aprende como:<\/p>\n\n\n\n<figure class=\"wp-block-embed is-type-video is-provider-youtube wp-block-embed-youtube wp-embed-aspect-16-9 wp-has-aspect-ratio\"><div class=\"wp-block-embed__wrapper\">\n<div class=\"jeg_video_container jeg_video_content\"><iframe loading=\"lazy\" title=\"Como fazer amizades na vida adulta\" width=\"500\" height=\"281\" src=\"https:\/\/www.youtube.com\/embed\/ReZ_4xa7i7U?feature=oembed\" frameborder=\"0\" allow=\"accelerometer; autoplay; clipboard-write; encrypted-media; gyroscope; picture-in-picture; web-share\" referrerpolicy=\"strict-origin-when-cross-origin\" allowfullscreen><\/iframe><\/div>\n<\/div><\/figure>\n\n\n\n<h2 class=\"wp-block-heading\">Como as institui\u00e7\u00f5es sociais moldam nossos novos v\u00ednculos?<\/h2>\n\n\n\n<p>O casamento e a parentalidade s\u00e3o marcos que alteram profundamente a estrutura das redes sociais de apoio na fase adulta. As amizades passam a gravitar em torno de interesses comuns, como o cuidado com os filhos ou investimentos financeiros compartilhados. Essa transi\u00e7\u00e3o institucional prioriza relacionamentos que facilitem a rotina familiar, muitas vezes excluindo amigos de fases anteriores da vida pessoal.<\/p>\n\n\n\n<p>Estudos realizados pelo <strong>Pew Research Center<\/strong> indicam que a satisfa\u00e7\u00e3o social na maturidade est\u00e1 ligada \u00e0 profundidade dos poucos v\u00ednculos mantidos ativamente. A qualidade das rela\u00e7\u00f5es supera o volume de conhecidos como indicador de felicidade e estabilidade mental em idades avan\u00e7adas. Para compreender melhor essas estat\u00edsticas populacionais, consulte as an\u00e1lises detalhadas no site oficial do <a href=\"https:\/\/www.pewresearch.org\/short-reads\/2023\/10\/12\/what-does-friendship-look-like-in-america\/\" target=\"_blank\" rel=\"noreferrer noopener\">Pew Research Center<\/a>.<\/p>\n","protected":false},"excerpt":{"rendered":"<p>Muitas pessoas percebem que o c\u00edrculo social reduz drasticamente ao atingir a maturidade, transformando a din\u00e2mica das rela\u00e7\u00f5es interpessoais cotidianas. A sociologia analisa como as prioridades individuais mudam conforme as responsabilidades profissionais e familiares aumentam. Compreender esse fen\u00f4meno demogr\u00e1fico ajuda a valorizar conex\u00f5es profundas e essenciais para o bem-estar mental duradouro. Como as prioridades de [&hellip;]<\/p>\n","protected":false},"author":21,"featured_media":207595,"comment_status":"open","ping_status":"open","sticky":false,"template":"","format":"standard","meta":{"_yoast_wpseo_focuskw":"por que o c\u00edrculo de amigos diminui com idade","_yoast_wpseo_title":"","_yoast_wpseo_metadesc":"Muitas pessoas percebem que o n\u00famero de amigos diminui com a idade. A sociologia explica o que acontece nas rela\u00e7\u00f5es adultas.","jnews-multi-image_gallery":[],"jnews_single_post":{"format":"standard"},"jnews_primary_category":[],"jnews_social_meta":[],"jnews_override_counter":[],"footnotes":""},"categories":[112],"tags":[3277,6742,11677,16055],"class_list":["post-207587","post","type-post","status-publish","format-standard","has-post-thumbnail","hentry","category-curiosidades","tag-amigos","tag-amizades","tag-rede-sociais","tag-sociologia"],"yoast_head":"<!-- This site is optimized with the Yoast SEO plugin v24.6 - https:\/\/yoast.com\/wordpress\/plugins\/seo\/ -->\n<title>A sociologia explica por que amizades costumam diminuir depois dos 30 anos - Correio Braziliense - Radar<\/title>\n<meta name=\"description\" content=\"Muitas pessoas percebem que o n\u00famero de amigos diminui com a idade. A sociologia explica o que acontece nas rela\u00e7\u00f5es adultas.\" \/>\n<meta name=\"robots\" content=\"index, follow, max-snippet:-1, max-image-preview:large, max-video-preview:-1\" \/>\n<link rel=\"canonical\" href=\"https:\/\/www.correiobraziliense.com.br\/cbradar\/a-sociologia-explica-por-que-amizades-costumam-diminuir-depois-dos-30-anos\/\" \/>\n<meta property=\"og:locale\" content=\"pt_BR\" \/>\n<meta property=\"og:type\" content=\"article\" \/>\n<meta property=\"og:title\" content=\"A sociologia explica por que amizades costumam diminuir depois dos 30 anos - Correio Braziliense - Radar\" \/>\n<meta property=\"og:description\" content=\"Muitas pessoas percebem que o n\u00famero de amigos diminui com a idade. A sociologia explica o que acontece nas rela\u00e7\u00f5es adultas.\" \/>\n<meta property=\"og:url\" content=\"https:\/\/www.correiobraziliense.com.br\/cbradar\/a-sociologia-explica-por-que-amizades-costumam-diminuir-depois-dos-30-anos\/\" \/>\n<meta property=\"og:site_name\" content=\"Correio Braziliense - Radar\" \/>\n<meta property=\"article:published_time\" content=\"2026-03-13T00:30:28+00:00\" \/>\n<meta property=\"article:modified_time\" content=\"2026-03-13T00:30:30+00:00\" \/>\n<meta property=\"og:image\" content=\"https:\/\/www.correiobraziliense.com.br\/cbradar\/wp-content\/uploads\/2026\/03\/Gemini_Generated_Image_u89allu89allu89a-1-1.png\" \/>\n\t<meta property=\"og:image:width\" content=\"1280\" \/>\n\t<meta property=\"og:image:height\" content=\"720\" \/>\n\t<meta property=\"og:image:type\" content=\"image\/png\" \/>\n<meta name=\"author\" content=\"Patrick Silva\" \/>\n<meta name=\"twitter:card\" content=\"summary_large_image\" \/>\n<meta name=\"twitter:label1\" content=\"Escrito por\" \/>\n\t<meta name=\"twitter:data1\" content=\"Patrick Silva\" \/>\n\t<meta name=\"twitter:label2\" content=\"Est. tempo de leitura\" \/>\n\t<meta name=\"twitter:data2\" content=\"5 minutos\" \/>\n<!-- \/ Yoast SEO plugin. -->","yoast_head_json":{"title":"A sociologia explica por que amizades costumam diminuir depois dos 30 anos - Correio Braziliense - Radar","description":"Muitas pessoas percebem que o n\u00famero de amigos diminui com a idade. A sociologia explica o que acontece nas rela\u00e7\u00f5es adultas.","robots":{"index":"index","follow":"follow","max-snippet":"max-snippet:-1","max-image-preview":"max-image-preview:large","max-video-preview":"max-video-preview:-1"},"canonical":"https:\/\/www.correiobraziliense.com.br\/cbradar\/a-sociologia-explica-por-que-amizades-costumam-diminuir-depois-dos-30-anos\/","og_locale":"pt_BR","og_type":"article","og_title":"A sociologia explica por que amizades costumam diminuir depois dos 30 anos - Correio Braziliense - Radar","og_description":"Muitas pessoas percebem que o n\u00famero de amigos diminui com a idade. A sociologia explica o que acontece nas rela\u00e7\u00f5es adultas.","og_url":"https:\/\/www.correiobraziliense.com.br\/cbradar\/a-sociologia-explica-por-que-amizades-costumam-diminuir-depois-dos-30-anos\/","og_site_name":"Correio Braziliense - Radar","article_published_time":"2026-03-13T00:30:28+00:00","article_modified_time":"2026-03-13T00:30:30+00:00","og_image":[{"width":1280,"height":720,"url":"https:\/\/www.correiobraziliense.com.br\/cbradar\/wp-content\/uploads\/2026\/03\/Gemini_Generated_Image_u89allu89allu89a-1-1.png","type":"image\/png"}],"author":"Patrick Silva","twitter_card":"summary_large_image","twitter_misc":{"Escrito por":"Patrick Silva","Est. tempo de leitura":"5 minutos"},"schema":{"@context":"https:\/\/schema.org","@graph":[{"@type":"WebPage","@id":"https:\/\/www.correiobraziliense.com.br\/cbradar\/a-sociologia-explica-por-que-amizades-costumam-diminuir-depois-dos-30-anos\/","url":"https:\/\/www.correiobraziliense.com.br\/cbradar\/a-sociologia-explica-por-que-amizades-costumam-diminuir-depois-dos-30-anos\/","name":"A sociologia explica por que amizades costumam diminuir depois dos 30 anos - Correio Braziliense - Radar","isPartOf":{"@id":"https:\/\/www.correiobraziliense.com.br\/cbradar\/#website"},"primaryImageOfPage":{"@id":"https:\/\/www.correiobraziliense.com.br\/cbradar\/a-sociologia-explica-por-que-amizades-costumam-diminuir-depois-dos-30-anos\/#primaryimage"},"image":{"@id":"https:\/\/www.correiobraziliense.com.br\/cbradar\/a-sociologia-explica-por-que-amizades-costumam-diminuir-depois-dos-30-anos\/#primaryimage"},"thumbnailUrl":"https:\/\/www.correiobraziliense.com.br\/cbradar\/wp-content\/uploads\/2026\/03\/Gemini_Generated_Image_u89allu89allu89a-1-1.png","datePublished":"2026-03-13T00:30:28+00:00","dateModified":"2026-03-13T00:30:30+00:00","author":{"@id":"https:\/\/www.correiobraziliense.com.br\/cbradar\/#\/schema\/person\/5440b72be9c7eb74f446c846479dc4da"},"description":"Muitas pessoas percebem que o n\u00famero de amigos diminui com a idade. A sociologia explica o que acontece nas rela\u00e7\u00f5es adultas.","breadcrumb":{"@id":"https:\/\/www.correiobraziliense.com.br\/cbradar\/a-sociologia-explica-por-que-amizades-costumam-diminuir-depois-dos-30-anos\/#breadcrumb"},"inLanguage":"pt-BR","potentialAction":[{"@type":"ReadAction","target":["https:\/\/www.correiobraziliense.com.br\/cbradar\/a-sociologia-explica-por-que-amizades-costumam-diminuir-depois-dos-30-anos\/"]}]},{"@type":"ImageObject","inLanguage":"pt-BR","@id":"https:\/\/www.correiobraziliense.com.br\/cbradar\/a-sociologia-explica-por-que-amizades-costumam-diminuir-depois-dos-30-anos\/#primaryimage","url":"https:\/\/www.correiobraziliense.com.br\/cbradar\/wp-content\/uploads\/2026\/03\/Gemini_Generated_Image_u89allu89allu89a-1-1.png","contentUrl":"https:\/\/www.correiobraziliense.com.br\/cbradar\/wp-content\/uploads\/2026\/03\/Gemini_Generated_Image_u89allu89allu89a-1-1.png","width":1280,"height":720,"caption":"Com o tempo o n\u00famero de amigos diminui enquanto v\u00ednculos mais profundos passam a ganhar valor na vida adulta"},{"@type":"BreadcrumbList","@id":"https:\/\/www.correiobraziliense.com.br\/cbradar\/a-sociologia-explica-por-que-amizades-costumam-diminuir-depois-dos-30-anos\/#breadcrumb","itemListElement":[{"@type":"ListItem","position":1,"name":"In\u00edcio","item":"https:\/\/www.correiobraziliense.com.br\/cbradar\/"},{"@type":"ListItem","position":2,"name":"A sociologia explica por que amizades costumam diminuir depois dos 30 anos"}]},{"@type":"WebSite","@id":"https:\/\/www.correiobraziliense.com.br\/cbradar\/#website","url":"https:\/\/www.correiobraziliense.com.br\/cbradar\/","name":"Correio Braziliense - Radar","description":"Acompanhe as \u00faltimas not\u00edcias e fique bem informado sobre tudo o que acontece no Brasil e no mundo.","potentialAction":[{"@type":"SearchAction","target":{"@type":"EntryPoint","urlTemplate":"https:\/\/www.correiobraziliense.com.br\/cbradar\/?s={search_term_string}"},"query-input":{"@type":"PropertyValueSpecification","valueRequired":true,"valueName":"search_term_string"}}],"inLanguage":"pt-BR"},{"@type":"Person","@id":"https:\/\/www.correiobraziliense.com.br\/cbradar\/#\/schema\/person\/5440b72be9c7eb74f446c846479dc4da","name":"Patrick Silva","image":{"@type":"ImageObject","inLanguage":"pt-BR","@id":"https:\/\/www.correiobraziliense.com.br\/cbradar\/#\/schema\/person\/image\/","url":"https:\/\/secure.gravatar.com\/avatar\/944109df296fc087785c9715fd5f80b2?s=96&d=mm&r=g","contentUrl":"https:\/\/secure.gravatar.com\/avatar\/944109df296fc087785c9715fd5f80b2?s=96&d=mm&r=g","caption":"Patrick Silva"},"sameAs":["https:\/\/www.correiobraziliense.com.br\/cbradar\/"],"url":"https:\/\/www.correiobraziliense.com.br\/cbradar\/author\/patrick-silva\/"}]}},"_links":{"self":[{"href":"https:\/\/www.correiobraziliense.com.br\/cbradar\/wp-json\/wp\/v2\/posts\/207587","targetHints":{"allow":["GET"]}}],"collection":[{"href":"https:\/\/www.correiobraziliense.com.br\/cbradar\/wp-json\/wp\/v2\/posts"}],"about":[{"href":"https:\/\/www.correiobraziliense.com.br\/cbradar\/wp-json\/wp\/v2\/types\/post"}],"author":[{"embeddable":true,"href":"https:\/\/www.correiobraziliense.com.br\/cbradar\/wp-json\/wp\/v2\/users\/21"}],"replies":[{"embeddable":true,"href":"https:\/\/www.correiobraziliense.com.br\/cbradar\/wp-json\/wp\/v2\/comments?post=207587"}],"version-history":[{"count":5,"href":"https:\/\/www.correiobraziliense.com.br\/cbradar\/wp-json\/wp\/v2\/posts\/207587\/revisions"}],"predecessor-version":[{"id":207603,"href":"https:\/\/www.correiobraziliense.com.br\/cbradar\/wp-json\/wp\/v2\/posts\/207587\/revisions\/207603"}],"wp:featuredmedia":[{"embeddable":true,"href":"https:\/\/www.correiobraziliense.com.br\/cbradar\/wp-json\/wp\/v2\/media\/207595"}],"wp:attachment":[{"href":"https:\/\/www.correiobraziliense.com.br\/cbradar\/wp-json\/wp\/v2\/media?parent=207587"}],"wp:term":[{"taxonomy":"category","embeddable":true,"href":"https:\/\/www.correiobraziliense.com.br\/cbradar\/wp-json\/wp\/v2\/categories?post=207587"},{"taxonomy":"post_tag","embeddable":true,"href":"https:\/\/www.correiobraziliense.com.br\/cbradar\/wp-json\/wp\/v2\/tags?post=207587"}],"curies":[{"name":"wp","href":"https:\/\/api.w.org\/{rel}","templated":true}]}}