{"id":207610,"date":"2026-03-13T20:00:05","date_gmt":"2026-03-13T23:00:05","guid":{"rendered":"https:\/\/www.correiobraziliense.com.br\/cbradar\/?p=207610"},"modified":"2026-03-13T20:00:08","modified_gmt":"2026-03-13T23:00:08","slug":"proverbio-africano-se-voce-acha-que-e-pequeno-demais-para-fazer-diferenca-tente-dormir-com-um-mosquito","status":"publish","type":"post","link":"https:\/\/www.correiobraziliense.com.br\/cbradar\/proverbio-africano-se-voce-acha-que-e-pequeno-demais-para-fazer-diferenca-tente-dormir-com-um-mosquito\/","title":{"rendered":"Prov\u00e9rbio africano: \u201cSe voc\u00ea acha que \u00e9 pequeno demais para fazer diferen\u00e7a, tente dormir com um mosquito.\u201d"},"content":{"rendered":"\n<p>A sabedoria contida nesse antigo prov\u00e9rbio africano nos convida a refletir sobre a for\u00e7a latente que cada indiv\u00edduo possui dentro de si. Muitas vezes, subestimamos nossa capacidade de gerar transforma\u00e7\u00f5es reais no ambiente coletivo devido \u00e0 nossa aparente insignific\u00e2ncia f\u00edsica ou social. Entretanto, pequenos atos podem causar impactos gigantescos e persistentes.<\/p>\n\n\n\n<h2 class=\"wp-block-heading\">Como pequenos atos transformam grandes realidades?<\/h2>\n\n\n\n<p>A met\u00e1fora do mosquito ilustra perfeitamente como um elemento min\u00fasculo consegue desestabilizar um sistema muito maior atrav\u00e9s da <strong><a href=\"https:\/\/www.correiobraziliense.com.br\/cbradar\/proverbio-africano-se-quer-ir-rapido-va-sozinho-se-quer-ir-longe-va-acompanhado\/\" target=\"_blank\" rel=\"noreferrer noopener\">persist\u00eancia <\/a><\/strong>e do inc\u00f4modo estrat\u00e9gico constante. No contexto humano, uma simples ideia inovadora ou um gesto de gentileza inesperado pode desencadear uma rea\u00e7\u00e3o em cadeia positiva em toda a comunidade ao redor. Pequenas a\u00e7\u00f5es individuais sustentadas s\u00e3o poderosas.<\/p>\n\n\n\n<p>A hist\u00f3ria da humanidade est\u00e1 repleta de exemplos onde indiv\u00edduos comuns mudaram o curso de na\u00e7\u00f5es inteiras atrav\u00e9s de decis\u00f5es corajosas e foco absoluto. N\u00e3o \u00e9 necess\u00e1rio possuir recursos ilimitados ou autoridade formal para iniciar um movimento que promova a justi\u00e7a ou a inova\u00e7\u00e3o t\u00e9cnica necess\u00e1ria. A <strong>influ\u00eancia pessoal<\/strong> reside na consist\u00eancia de nossos prop\u00f3sitos.<\/p>\n\n\n\n<figure class=\"wp-block-image size-full\"><img decoding=\"async\" width=\"1280\" height=\"720\" src=\"https:\/\/www.correiobraziliense.com.br\/cbradar\/wp-content\/uploads\/2026\/03\/Gemini_Generated_Image_d1pyfdd1pyfdd1py-1-1.png\" alt=\"Prov\u00e9rbio africano: \u201cSe voc\u00ea acha que \u00e9 pequeno demais para fazer diferen\u00e7a, tente dormir com um mosquito.\u201d\" class=\"wp-image-207613\" srcset=\"https:\/\/www.correiobraziliense.com.br\/cbradar\/wp-content\/uploads\/2026\/03\/Gemini_Generated_Image_d1pyfdd1pyfdd1py-1-1.png 1280w, https:\/\/www.correiobraziliense.com.br\/cbradar\/wp-content\/uploads\/2026\/03\/Gemini_Generated_Image_d1pyfdd1pyfdd1py-1-1-300x169.png 300w, https:\/\/www.correiobraziliense.com.br\/cbradar\/wp-content\/uploads\/2026\/03\/Gemini_Generated_Image_d1pyfdd1pyfdd1py-1-1-768x432.png 768w, https:\/\/www.correiobraziliense.com.br\/cbradar\/wp-content\/uploads\/2026\/03\/Gemini_Generated_Image_d1pyfdd1pyfdd1py-1-1-750x422.png 750w, https:\/\/www.correiobraziliense.com.br\/cbradar\/wp-content\/uploads\/2026\/03\/Gemini_Generated_Image_d1pyfdd1pyfdd1py-1-1-1140x641.png 1140w\" sizes=\"(max-width: 1280px) 100vw, 1280px\" \/><figcaption class=\"wp-element-caption\">Um antigo prov\u00e9rbio africano mostra que pequenas atitudes podem provocar grandes transforma\u00e7\u00f5es no mundo<\/figcaption><\/figure>\n\n\n\n<h2 class=\"wp-block-heading\">Qual \u00e9 o impacto da persist\u00eancia individual?<\/h2>\n\n\n\n<p>Quando algu\u00e9m decide agir apesar das limita\u00e7\u00f5es externas, essa pessoa demonstra uma maturidade psicol\u00f3gica que inspira outros indiv\u00edduos a buscarem suas pr\u00f3prias potencialidades escondidas. O efeito cumulativo de pequenos esfor\u00e7os di\u00e1rios \u00e9 o que realmente constr\u00f3i legados duradouros e mudan\u00e7as estruturais significativas na sociedade contempor\u00e2nea. A <strong>resili\u00eancia emocional<\/strong> \u00e9 fundamental para quem deseja fazer a diferen\u00e7a.<\/p>\n\n\n\n<p>Muitas vezes, a sensa\u00e7\u00e3o de impot\u00eancia surge apenas da compara\u00e7\u00e3o injusta com grandes corpora\u00e7\u00f5es ou figuras de poder mundialmente conhecidas hoje. No entanto, a efic\u00e1cia de uma a\u00e7\u00e3o n\u00e3o deve ser medida pelo tamanho do agente, mas sim pela precis\u00e3o e relev\u00e2ncia do impacto causado no sistema. Cada indiv\u00edduo \u00e9 um <strong>agente de mudan\u00e7a<\/strong> potencial.<\/p>\n\n\n\n<h2 class=\"wp-block-heading\">Por que subestimamos nossa pr\u00f3pria for\u00e7a interior?<\/h2>\n\n\n\n<p>O condicionamento social frequentemente nos ensina a valorizar apenas os grandes feitos heroicos, ignorando a beleza e a efic\u00e1cia das pequenas contribui\u00e7\u00f5es cotidianas fundamentais. Romper essa barreira mental exige um exerc\u00edcio constante de autoconhecimento e a aceita\u00e7\u00e3o de que nossa presen\u00e7a no mundo \u00e9 \u00fanica e indispens\u00e1vel. A <strong>autonomia pessoal<\/strong> come\u00e7a com a valoriza\u00e7\u00e3o de si.<\/p>\n\n\n\n<p>O reconhecimento do valor das atitudes individuais revela pontos fundamentais que comprovam como voc\u00ea pode influenciar o ambiente ao seu redor positivamente:<\/p>\n\n\n\n<figure class=\"wp-block-image size-large\"><img decoding=\"async\" width=\"1182\" height=\"720\" src=\"https:\/\/www.correiobraziliense.com.br\/cbradar\/wp-content\/uploads\/2026\/03\/convertido-37-1-1182x720.jpg\" alt=\"\" class=\"wp-image-207612\" srcset=\"https:\/\/www.correiobraziliense.com.br\/cbradar\/wp-content\/uploads\/2026\/03\/convertido-37-1-1182x720.jpg 1182w, https:\/\/www.correiobraziliense.com.br\/cbradar\/wp-content\/uploads\/2026\/03\/convertido-37-1-300x183.jpg 300w, https:\/\/www.correiobraziliense.com.br\/cbradar\/wp-content\/uploads\/2026\/03\/convertido-37-1-768x468.jpg 768w, https:\/\/www.correiobraziliense.com.br\/cbradar\/wp-content\/uploads\/2026\/03\/convertido-37-1-750x457.jpg 750w, https:\/\/www.correiobraziliense.com.br\/cbradar\/wp-content\/uploads\/2026\/03\/convertido-37-1-1140x695.jpg 1140w, https:\/\/www.correiobraziliense.com.br\/cbradar\/wp-content\/uploads\/2026\/03\/convertido-37-1.jpg 1280w\" sizes=\"(max-width: 1182px) 100vw, 1182px\" \/><\/figure>\n\n\n\n<h2 class=\"wp-block-heading\">Como a lideran\u00e7a silenciosa molda o futuro?<\/h2>\n\n\n\n<p>A lideran\u00e7a n\u00e3o exige necessariamente um palco ou um microfone para ser exercida com efici\u00eancia e clareza de prop\u00f3sito real. Muitas das transforma\u00e7\u00f5es mais profundas ocorrem nos bastidores, atrav\u00e9s do exemplo silencioso e da integridade mantida em situa\u00e7\u00f5es de press\u00e3o extrema ou d\u00favida. A <strong>lideran\u00e7a silenciosa<\/strong> \u00e9 uma for\u00e7a poderosa que constr\u00f3i sociedades muito mais justas.<\/p>\n\n\n\n<p>Indiv\u00edduos que agem corretamente mesmo quando ningu\u00e9m est\u00e1 olhando criam uma base s\u00f3lida de confian\u00e7a m\u00fatua que sustenta todas as rela\u00e7\u00f5es humanas profundas. Esse compromisso com a excel\u00eancia pessoal inspira colegas e familiares a adotarem posturas mais \u00e9ticas e produtivas no trabalho. A <strong>integridade moral<\/strong> \u00e9 o alicerce para qualquer impacto social que seja duradouro e realmente inspirador.<\/p>\n\n\n\n<figure class=\"wp-block-image size-full\"><img decoding=\"async\" width=\"1280\" height=\"720\" src=\"https:\/\/www.correiobraziliense.com.br\/cbradar\/wp-content\/uploads\/2026\/03\/Gemini_Generated_Image_yaop28yaop28yaop-1-1.png\" alt=\"Prov\u00e9rbio africano: \u201cSe voc\u00ea acha que \u00e9 pequeno demais para fazer diferen\u00e7a, tente dormir com um mosquito.\u201d\" class=\"wp-image-207614\" srcset=\"https:\/\/www.correiobraziliense.com.br\/cbradar\/wp-content\/uploads\/2026\/03\/Gemini_Generated_Image_yaop28yaop28yaop-1-1.png 1280w, https:\/\/www.correiobraziliense.com.br\/cbradar\/wp-content\/uploads\/2026\/03\/Gemini_Generated_Image_yaop28yaop28yaop-1-1-300x169.png 300w, https:\/\/www.correiobraziliense.com.br\/cbradar\/wp-content\/uploads\/2026\/03\/Gemini_Generated_Image_yaop28yaop28yaop-1-1-768x432.png 768w, https:\/\/www.correiobraziliense.com.br\/cbradar\/wp-content\/uploads\/2026\/03\/Gemini_Generated_Image_yaop28yaop28yaop-1-1-750x422.png 750w, https:\/\/www.correiobraziliense.com.br\/cbradar\/wp-content\/uploads\/2026\/03\/Gemini_Generated_Image_yaop28yaop28yaop-1-1-1140x641.png 1140w\" sizes=\"(max-width: 1280px) 100vw, 1280px\" \/><figcaption class=\"wp-element-caption\">Um antigo prov\u00e9rbio africano mostra que pequenas atitudes podem provocar grandes transforma\u00e7\u00f5es no mundo<\/figcaption><\/figure>\n\n\n\n<h2 class=\"wp-block-heading\">O que as organiza\u00e7\u00f5es globais dizem sobre protagonismo?<\/h2>\n\n\n\n<p>Institui\u00e7\u00f5es internacionais de renome refor\u00e7am constantemente a import\u00e2ncia do protagonismo cidad\u00e3o para o alcance de metas globais de desenvolvimento sustent\u00e1vel e paz. O envolvimento de cada pessoa em causas sociais fortalece a democracia e promove o bem-estar coletivo de forma org\u00e2nica e eficaz hoje. A <strong>participa\u00e7\u00e3o ativa<\/strong> \u00e9 o combust\u00edvel necess\u00e1rio para uma evolu\u00e7\u00e3o social que seja equilibrada.<\/p>\n\n\n\n<p>Segundo as diretrizes detalhadas pela <strong>Organiza\u00e7\u00e3o das Na\u00e7\u00f5es Unidas<\/strong>, a a\u00e7\u00e3o individual \u00e9 um pilar essencial para enfrentar desafios complexos como a fome e a desigualdade. O esfor\u00e7o coordenado de cidad\u00e3os engajados consegue transformar realidades locais de maneira profunda e inspiradora para o mundo. Para saber mais sobre como contribuir, acesse os dados oficiais no portal da <a target=\"_blank\" rel=\"noreferrer noopener\" href=\"https:\/\/www.un.org\/sustainabledevelopment\/takeaction\/\">ONU<\/a>.<\/p>\n","protected":false},"excerpt":{"rendered":"<p>A sabedoria contida nesse antigo prov\u00e9rbio africano nos convida a refletir sobre a for\u00e7a latente que cada indiv\u00edduo possui dentro de si. Muitas vezes, subestimamos nossa capacidade de gerar transforma\u00e7\u00f5es reais no ambiente coletivo devido \u00e0 nossa aparente insignific\u00e2ncia f\u00edsica ou social. Entretanto, pequenos atos podem causar impactos gigantescos e persistentes. Como pequenos atos transformam [&hellip;]<\/p>\n","protected":false},"author":21,"featured_media":207618,"comment_status":"open","ping_status":"open","sticky":false,"template":"","format":"standard","meta":{"_yoast_wpseo_focuskw":"prov\u00e9rbio africano sobre pequenas a\u00e7\u00f5es","_yoast_wpseo_title":"","_yoast_wpseo_metadesc":"Um antigo prov\u00e9rbio africano revela por que pequenas a\u00e7\u00f5es podem gerar impactos muito maiores do que imaginamos.","jnews-multi-image_gallery":[],"jnews_single_post":{"format":"standard"},"jnews_primary_category":[],"jnews_social_meta":[],"jnews_override_counter":[],"footnotes":""},"categories":[112],"post_tag":[5078,16056,15978,10581],"class_list":["post-207610","post","type-post","status-publish","format-standard","has-post-thumbnail","hentry","category-curiosidades","tag-filosofia","tag-hisotoria","tag-proverbio-africano","tag-sabedoria"],"yoast_head":"<!-- This site is optimized with the Yoast SEO plugin v24.6 - https:\/\/yoast.com\/wordpress\/plugins\/seo\/ -->\n<title>Prov\u00e9rbio africano: \u201cSe voc\u00ea acha que \u00e9 pequeno demais para fazer diferen\u00e7a, tente dormir com um mosquito.\u201d - Correio Braziliense - Radar<\/title>\n<meta name=\"description\" content=\"Um antigo prov\u00e9rbio africano revela por que pequenas a\u00e7\u00f5es podem gerar impactos muito maiores do que imaginamos.\" \/>\n<meta name=\"robots\" content=\"index, follow, max-snippet:-1, max-image-preview:large, max-video-preview:-1\" \/>\n<link rel=\"canonical\" href=\"https:\/\/www.correiobraziliense.com.br\/cbradar\/proverbio-africano-se-voce-acha-que-e-pequeno-demais-para-fazer-diferenca-tente-dormir-com-um-mosquito\/\" \/>\n<meta property=\"og:locale\" content=\"pt_BR\" \/>\n<meta property=\"og:type\" content=\"article\" \/>\n<meta property=\"og:title\" content=\"Prov\u00e9rbio africano: \u201cSe voc\u00ea acha que \u00e9 pequeno demais para fazer diferen\u00e7a, tente dormir com um mosquito.\u201d - Correio Braziliense - Radar\" \/>\n<meta property=\"og:description\" content=\"Um antigo prov\u00e9rbio africano revela por que pequenas a\u00e7\u00f5es podem gerar impactos muito maiores do que imaginamos.\" \/>\n<meta property=\"og:url\" content=\"https:\/\/www.correiobraziliense.com.br\/cbradar\/proverbio-africano-se-voce-acha-que-e-pequeno-demais-para-fazer-diferenca-tente-dormir-com-um-mosquito\/\" \/>\n<meta property=\"og:site_name\" content=\"Correio Braziliense - Radar\" \/>\n<meta property=\"article:published_time\" content=\"2026-03-13T23:00:05+00:00\" \/>\n<meta property=\"article:modified_time\" content=\"2026-03-13T23:00:08+00:00\" \/>\n<meta property=\"og:image\" content=\"https:\/\/www.correiobraziliense.com.br\/cbradar\/wp-content\/uploads\/2026\/03\/Gemini_Generated_Image_kwiagckwiagckwia-1-1.png\" \/>\n\t<meta property=\"og:image:width\" content=\"1280\" \/>\n\t<meta property=\"og:image:height\" content=\"720\" \/>\n\t<meta property=\"og:image:type\" content=\"image\/png\" \/>\n<meta name=\"author\" content=\"Patrick Silva\" \/>\n<meta name=\"twitter:card\" content=\"summary_large_image\" \/>\n<meta name=\"twitter:label1\" content=\"Escrito por\" \/>\n\t<meta name=\"twitter:data1\" content=\"Patrick Silva\" \/>\n\t<meta name=\"twitter:label2\" content=\"Est. tempo de leitura\" \/>\n\t<meta name=\"twitter:data2\" content=\"5 minutos\" \/>\n<!-- \/ Yoast SEO plugin. -->","yoast_head_json":{"title":"Prov\u00e9rbio africano: \u201cSe voc\u00ea acha que \u00e9 pequeno demais para fazer diferen\u00e7a, tente dormir com um mosquito.\u201d - Correio Braziliense - Radar","description":"Um antigo prov\u00e9rbio africano revela por que pequenas a\u00e7\u00f5es podem gerar impactos muito maiores do que imaginamos.","robots":{"index":"index","follow":"follow","max-snippet":"max-snippet:-1","max-image-preview":"max-image-preview:large","max-video-preview":"max-video-preview:-1"},"canonical":"https:\/\/www.correiobraziliense.com.br\/cbradar\/proverbio-africano-se-voce-acha-que-e-pequeno-demais-para-fazer-diferenca-tente-dormir-com-um-mosquito\/","og_locale":"pt_BR","og_type":"article","og_title":"Prov\u00e9rbio africano: \u201cSe voc\u00ea acha que \u00e9 pequeno demais para fazer diferen\u00e7a, tente dormir com um mosquito.\u201d - Correio Braziliense - Radar","og_description":"Um antigo prov\u00e9rbio africano revela por que pequenas a\u00e7\u00f5es podem gerar impactos muito maiores do que imaginamos.","og_url":"https:\/\/www.correiobraziliense.com.br\/cbradar\/proverbio-africano-se-voce-acha-que-e-pequeno-demais-para-fazer-diferenca-tente-dormir-com-um-mosquito\/","og_site_name":"Correio Braziliense - Radar","article_published_time":"2026-03-13T23:00:05+00:00","article_modified_time":"2026-03-13T23:00:08+00:00","og_image":[{"width":1280,"height":720,"url":"https:\/\/www.correiobraziliense.com.br\/cbradar\/wp-content\/uploads\/2026\/03\/Gemini_Generated_Image_kwiagckwiagckwia-1-1.png","type":"image\/png"}],"author":"Patrick Silva","twitter_card":"summary_large_image","twitter_misc":{"Escrito por":"Patrick Silva","Est. tempo de leitura":"5 minutos"},"schema":{"@context":"https:\/\/schema.org","@graph":[{"@type":"WebPage","@id":"https:\/\/www.correiobraziliense.com.br\/cbradar\/proverbio-africano-se-voce-acha-que-e-pequeno-demais-para-fazer-diferenca-tente-dormir-com-um-mosquito\/","url":"https:\/\/www.correiobraziliense.com.br\/cbradar\/proverbio-africano-se-voce-acha-que-e-pequeno-demais-para-fazer-diferenca-tente-dormir-com-um-mosquito\/","name":"Prov\u00e9rbio africano: \u201cSe voc\u00ea acha que \u00e9 pequeno demais para fazer diferen\u00e7a, tente dormir com um mosquito.\u201d - Correio Braziliense - Radar","isPartOf":{"@id":"https:\/\/www.correiobraziliense.com.br\/cbradar\/#website"},"primaryImageOfPage":{"@id":"https:\/\/www.correiobraziliense.com.br\/cbradar\/proverbio-africano-se-voce-acha-que-e-pequeno-demais-para-fazer-diferenca-tente-dormir-com-um-mosquito\/#primaryimage"},"image":{"@id":"https:\/\/www.correiobraziliense.com.br\/cbradar\/proverbio-africano-se-voce-acha-que-e-pequeno-demais-para-fazer-diferenca-tente-dormir-com-um-mosquito\/#primaryimage"},"thumbnailUrl":"https:\/\/www.correiobraziliense.com.br\/cbradar\/wp-content\/uploads\/2026\/03\/Gemini_Generated_Image_kwiagckwiagckwia-1-1.png","datePublished":"2026-03-13T23:00:05+00:00","dateModified":"2026-03-13T23:00:08+00:00","author":{"@id":"https:\/\/www.correiobraziliense.com.br\/cbradar\/#\/schema\/person\/5440b72be9c7eb74f446c846479dc4da"},"description":"Um antigo prov\u00e9rbio africano revela por que pequenas a\u00e7\u00f5es podem gerar impactos muito maiores do que imaginamos.","breadcrumb":{"@id":"https:\/\/www.correiobraziliense.com.br\/cbradar\/proverbio-africano-se-voce-acha-que-e-pequeno-demais-para-fazer-diferenca-tente-dormir-com-um-mosquito\/#breadcrumb"},"inLanguage":"pt-BR","potentialAction":[{"@type":"ReadAction","target":["https:\/\/www.correiobraziliense.com.br\/cbradar\/proverbio-africano-se-voce-acha-que-e-pequeno-demais-para-fazer-diferenca-tente-dormir-com-um-mosquito\/"]}]},{"@type":"ImageObject","inLanguage":"pt-BR","@id":"https:\/\/www.correiobraziliense.com.br\/cbradar\/proverbio-africano-se-voce-acha-que-e-pequeno-demais-para-fazer-diferenca-tente-dormir-com-um-mosquito\/#primaryimage","url":"https:\/\/www.correiobraziliense.com.br\/cbradar\/wp-content\/uploads\/2026\/03\/Gemini_Generated_Image_kwiagckwiagckwia-1-1.png","contentUrl":"https:\/\/www.correiobraziliense.com.br\/cbradar\/wp-content\/uploads\/2026\/03\/Gemini_Generated_Image_kwiagckwiagckwia-1-1.png","width":1280,"height":720,"caption":"Um antigo prov\u00e9rbio africano mostra que pequenas atitudes podem provocar grandes transforma\u00e7\u00f5es no mundo"},{"@type":"BreadcrumbList","@id":"https:\/\/www.correiobraziliense.com.br\/cbradar\/proverbio-africano-se-voce-acha-que-e-pequeno-demais-para-fazer-diferenca-tente-dormir-com-um-mosquito\/#breadcrumb","itemListElement":[{"@type":"ListItem","position":1,"name":"In\u00edcio","item":"https:\/\/www.correiobraziliense.com.br\/cbradar\/"},{"@type":"ListItem","position":2,"name":"Prov\u00e9rbio africano: \u201cSe voc\u00ea acha que \u00e9 pequeno demais para fazer diferen\u00e7a, tente dormir com um mosquito.\u201d"}]},{"@type":"WebSite","@id":"https:\/\/www.correiobraziliense.com.br\/cbradar\/#website","url":"https:\/\/www.correiobraziliense.com.br\/cbradar\/","name":"Correio Braziliense - Radar","description":"Acompanhe as \u00faltimas not\u00edcias e fique bem informado sobre tudo o que acontece no Brasil e no mundo.","potentialAction":[{"@type":"SearchAction","target":{"@type":"EntryPoint","urlTemplate":"https:\/\/www.correiobraziliense.com.br\/cbradar\/?s={search_term_string}"},"query-input":{"@type":"PropertyValueSpecification","valueRequired":true,"valueName":"search_term_string"}}],"inLanguage":"pt-BR"},{"@type":"Person","@id":"https:\/\/www.correiobraziliense.com.br\/cbradar\/#\/schema\/person\/5440b72be9c7eb74f446c846479dc4da","name":"Patrick Silva","image":{"@type":"ImageObject","inLanguage":"pt-BR","@id":"https:\/\/www.correiobraziliense.com.br\/cbradar\/#\/schema\/person\/image\/","url":"https:\/\/secure.gravatar.com\/avatar\/944109df296fc087785c9715fd5f80b2?s=96&d=mm&r=g","contentUrl":"https:\/\/secure.gravatar.com\/avatar\/944109df296fc087785c9715fd5f80b2?s=96&d=mm&r=g","caption":"Patrick Silva"},"sameAs":["https:\/\/www.correiobraziliense.com.br\/cbradar\/"],"url":"https:\/\/www.correiobraziliense.com.br\/cbradar\/author\/patrick-silva\/"}]}},"_links":{"self":[{"href":"https:\/\/www.correiobraziliense.com.br\/cbradar\/wp-json\/wp\/v2\/posts\/207610","targetHints":{"allow":["GET"]}}],"collection":[{"href":"https:\/\/www.correiobraziliense.com.br\/cbradar\/wp-json\/wp\/v2\/posts"}],"about":[{"href":"https:\/\/www.correiobraziliense.com.br\/cbradar\/wp-json\/wp\/v2\/types\/post"}],"author":[{"embeddable":true,"href":"https:\/\/www.correiobraziliense.com.br\/cbradar\/wp-json\/wp\/v2\/users\/21"}],"replies":[{"embeddable":true,"href":"https:\/\/www.correiobraziliense.com.br\/cbradar\/wp-json\/wp\/v2\/comments?post=207610"}],"version-history":[{"count":4,"href":"https:\/\/www.correiobraziliense.com.br\/cbradar\/wp-json\/wp\/v2\/posts\/207610\/revisions"}],"predecessor-version":[{"id":207617,"href":"https:\/\/www.correiobraziliense.com.br\/cbradar\/wp-json\/wp\/v2\/posts\/207610\/revisions\/207617"}],"wp:featuredmedia":[{"embeddable":true,"href":"https:\/\/www.correiobraziliense.com.br\/cbradar\/wp-json\/wp\/v2\/media\/207618"}],"wp:attachment":[{"href":"https:\/\/www.correiobraziliense.com.br\/cbradar\/wp-json\/wp\/v2\/media?parent=207610"}],"wp:term":[{"taxonomy":"category","embeddable":true,"href":"https:\/\/www.correiobraziliense.com.br\/cbradar\/wp-json\/wp\/v2\/categories?post=207610"},{"taxonomy":"post_tag","embeddable":true,"href":"https:\/\/www.correiobraziliense.com.br\/cbradar\/wp-json\/wp\/v2\/post_tag?post=207610"}],"curies":[{"name":"wp","href":"https:\/\/api.w.org\/{rel}","templated":true}]}}