{"id":207619,"date":"2026-03-13T11:28:53","date_gmt":"2026-03-13T14:28:53","guid":{"rendered":"https:\/\/www.correiobraziliense.com.br\/cbradar\/?p=207619"},"modified":"2026-03-13T11:28:55","modified_gmt":"2026-03-13T14:28:55","slug":"por-que-pessoas-que-cresceram-nos-anos-1980-evitam-falar-sobre-emocoes-segundo-a-psicologia","status":"publish","type":"post","link":"https:\/\/www.correiobraziliense.com.br\/cbradar\/por-que-pessoas-que-cresceram-nos-anos-1980-evitam-falar-sobre-emocoes-segundo-a-psicologia\/","title":{"rendered":"Por que pessoas que cresceram nos anos 1980 evitam falar sobre emo\u00e7\u00f5es, segundo a psicologia"},"content":{"rendered":"\n<p>Adultos que cresceram na d\u00e9cada de oitenta enfrentam desafios significativos ao expressar vulnerabilidade ou sentimentos complexos para as outras pessoas. Esse comportamento geracional espec\u00edfico surge de um ambiente cultural que priorizava a resili\u00eancia e o estoicismo acima da valida\u00e7\u00e3o emocional. Entender essas ra\u00edzes ajuda a explicar por que o sil\u00eancio tornou-se regra.<\/p>\n\n\n\n<h2 class=\"wp-block-heading\">Como a cultura da autossufici\u00eancia moldou essa gera\u00e7\u00e3o?<\/h2>\n\n\n\n<p>Durante aquela d\u00e9cada, as <strong><a href=\"https:\/\/www.correiobraziliense.com.br\/cbradar\/a-frase-de-3-palavras-que-ajuda-criancas-a-lidar-com-frustracao-segundo-a-neuropsicologia-infantil\/\" target=\"_blank\" rel=\"noreferrer noopener\">crian\u00e7as <\/a><\/strong>frequentemente retornavam para casas vazias enquanto os pais trabalhavam longas jornadas para sustentar a fam\u00edlia. Essa independ\u00eancia for\u00e7ada as obrigou a resolver problemas internos sem orienta\u00e7\u00e3o imediata, criando uma mentalidade onde precisar de ajuda parecia uma falha. Com o tempo, aprenderam que suprimir emo\u00e7\u00f5es era a forma mais r\u00e1pida de manter a estabilidade.<\/p>\n\n\n\n<p>A sociedade da \u00e9poca celebrava o arqu\u00e9tipo do forte, muitas vezes descartando a sensibilidade como sinal de fraqueza em meninos e meninas. Crescer ouvindo frases como &#8220;pare de chorar&#8221; ou &#8220;seja forte&#8221; refor\u00e7ou a ideia de que sentimentos eram obst\u00e1culos a serem superados. Consequentemente, muitos adultos ainda veem a abertura emocional como uma exposi\u00e7\u00e3o arriscada que compromete sua <strong>autoridade social<\/strong>.<\/p>\n\n\n\n<figure class=\"wp-block-image size-full\"><img decoding=\"async\" width=\"1280\" height=\"720\" src=\"https:\/\/www.correiobraziliense.com.br\/cbradar\/wp-content\/uploads\/2026\/03\/Gemini_Generated_Image_omyo8gomyo8gomyo-1-1.png\" alt=\"Por que pessoas que cresceram nos anos 1980 evitam falar sobre emo\u00e7\u00f5es, segundo a psicologia\" class=\"wp-image-207620\" srcset=\"https:\/\/www.correiobraziliense.com.br\/cbradar\/wp-content\/uploads\/2026\/03\/Gemini_Generated_Image_omyo8gomyo8gomyo-1-1.png 1280w, https:\/\/www.correiobraziliense.com.br\/cbradar\/wp-content\/uploads\/2026\/03\/Gemini_Generated_Image_omyo8gomyo8gomyo-1-1-300x169.png 300w, https:\/\/www.correiobraziliense.com.br\/cbradar\/wp-content\/uploads\/2026\/03\/Gemini_Generated_Image_omyo8gomyo8gomyo-1-1-768x432.png 768w, https:\/\/www.correiobraziliense.com.br\/cbradar\/wp-content\/uploads\/2026\/03\/Gemini_Generated_Image_omyo8gomyo8gomyo-1-1-750x422.png 750w, https:\/\/www.correiobraziliense.com.br\/cbradar\/wp-content\/uploads\/2026\/03\/Gemini_Generated_Image_omyo8gomyo8gomyo-1-1-1140x641.png 1140w\" sizes=\"(max-width: 1280px) 100vw, 1280px\" \/><figcaption class=\"wp-element-caption\">Adultos que cresceram nos anos oitenta aprenderam cedo a esconder emo\u00e7\u00f5es e valorizar a autossufici\u00eancia<\/figcaption><\/figure>\n\n\n\n<h2 class=\"wp-block-heading\">Qual era o impacto do sil\u00eancio nas rela\u00e7\u00f5es familiares?<\/h2>\n\n\n\n<p>A comunica\u00e7\u00e3o dentro do lar focava em conquistas pr\u00e1ticas em vez de estados internos ou preocupa\u00e7\u00f5es com a sa\u00fade mental naqueles anos. Os pais daquela era geralmente careciam de ferramentas para facilitar conversas profundas, levando a uma desconex\u00e3o entre a presen\u00e7a f\u00edsica e a conex\u00e3o real. Esse vazio ensinou que o mundo interior era um territ\u00f3rio privado e solit\u00e1rio.<\/p>\n\n\n\n<p>A resolu\u00e7\u00e3o de conflitos frequentemente dependia do sil\u00eancio ou de ordens breves, em vez de di\u00e1logos colaborativos sobre as causas do estresse. Sem um modelo saud\u00e1vel para processar a raiva ou a tristeza, esses indiv\u00edduos desenvolveram uma casca defensiva que prioriza a l\u00f3gica sobre o sentir. Isso se manifesta hoje como uma relut\u00e2ncia em participar de terapias ou discuss\u00f5es abertas.<\/p>\n\n\n\n<h2 class=\"wp-block-heading\">Quais mecanismos de defesa tornaram-se permanentes agora?<\/h2>\n\n\n\n<p>Evitar t\u00f3picos emocionais serve como prote\u00e7\u00e3o contra o caos que a vulnerabilidade poderia trazer para uma vida organizada. Ao manter conversas focadas em tarefas ou eventos externos, esses adultos mant\u00eam o controle sobre seu ambiente e relacionamentos. Essa estrat\u00e9gia, embora eficaz para a produtividade, costuma levar a um senso de isolamento que persiste em suas intera\u00e7\u00f5es profissionais e pessoais.<\/p>\n\n\n\n<p>A observa\u00e7\u00e3o constante das atitudes desse grupo revela tra\u00e7os marcantes que explicam a dificuldade em abrir o cora\u00e7\u00e3o durante os momentos de crise:<\/p>\n\n\n\n<ul class=\"wp-block-list\">\n<li>Uso excessivo de sarcasmo como barreira.<\/li>\n\n\n\n<li>Foco desproporcional em metas e resultados.<\/li>\n\n\n\n<li>Minimiza\u00e7\u00e3o sistem\u00e1tica de dores e traumas.<\/li>\n\n\n\n<li>Dificuldade extrema em pedir aux\u00edlio externo.<\/li>\n<\/ul>\n\n\n\n<h2 class=\"wp-block-heading\">Como o ambiente escolar refor\u00e7ava o comportamento estoico?<\/h2>\n\n\n\n<p>As escolas nos anos oitenta raramente abordavam o desenvolvimento emocional dos alunos, focando quase exclusivamente no desempenho acad\u00eamico e na disciplina r\u00edgida. O bullying era frequentemente visto como parte normal do crescimento, for\u00e7ando as v\u00edtimas a desenvolverem uma pele grossa para sobreviver ao ambiente di\u00e1rio. Essa falta de apoio institucional ensinou que a seguran\u00e7a emocional era uma responsabilidade estritamente individual.<\/p>\n\n\n\n<p>A din\u00e2mica de grupo priorizava a adapta\u00e7\u00e3o em vez da autenticidade, o que significava esconder qualquer tra\u00e7o que pudesse ser percebido como diferente. Para evitar serem alvos dos colegas, muitos aprenderam a mascarar seus verdadeiros sentimentos atr\u00e1s de uma express\u00e3o neutra ou desapegada. Esse <strong>mascaramento habitual<\/strong> tornou-se t\u00e3o enraizado que, hoje, eles lutam para identificar as pr\u00f3prias emo\u00e7\u00f5es b\u00e1sicas.<\/p>\n\n\n\n<figure class=\"wp-block-image size-full\"><img decoding=\"async\" width=\"1280\" height=\"720\" src=\"https:\/\/www.correiobraziliense.com.br\/cbradar\/wp-content\/uploads\/2026\/03\/Gemini_Generated_Image_gx5lsbgx5lsbgx5l-1-1.png\" alt=\"Por que pessoas que cresceram nos anos 1980 evitam falar sobre emo\u00e7\u00f5es, segundo a psicologia\" class=\"wp-image-207621\" srcset=\"https:\/\/www.correiobraziliense.com.br\/cbradar\/wp-content\/uploads\/2026\/03\/Gemini_Generated_Image_gx5lsbgx5lsbgx5l-1-1.png 1280w, https:\/\/www.correiobraziliense.com.br\/cbradar\/wp-content\/uploads\/2026\/03\/Gemini_Generated_Image_gx5lsbgx5lsbgx5l-1-1-300x169.png 300w, https:\/\/www.correiobraziliense.com.br\/cbradar\/wp-content\/uploads\/2026\/03\/Gemini_Generated_Image_gx5lsbgx5lsbgx5l-1-1-768x432.png 768w, https:\/\/www.correiobraziliense.com.br\/cbradar\/wp-content\/uploads\/2026\/03\/Gemini_Generated_Image_gx5lsbgx5lsbgx5l-1-1-750x422.png 750w, https:\/\/www.correiobraziliense.com.br\/cbradar\/wp-content\/uploads\/2026\/03\/Gemini_Generated_Image_gx5lsbgx5lsbgx5l-1-1-1140x641.png 1140w\" sizes=\"(max-width: 1280px) 100vw, 1280px\" \/><figcaption class=\"wp-element-caption\">Adultos que cresceram nos anos oitenta aprenderam cedo a esconder emo\u00e7\u00f5es e valorizar a autossufici\u00eancia<\/figcaption><\/figure>\n\n\n\n<h2 class=\"wp-block-heading\">O que a ci\u00eancia diz sobre o trauma geracional?<\/h2>\n\n\n\n<p>Estudos indicam que estilos parentais de d\u00e9cadas anteriores muitas vezes careciam do calor emocional necess\u00e1rio para desenvolver estilos de apego seguros. Quando as crian\u00e7as sentem que devem gerenciar sua pr\u00f3pria ang\u00fastia, seus sistemas nervosos se adaptam tornando-se hiper-independentes e emocionalmente guardados. Esse tra\u00e7o de sobreviv\u00eancia permanece ativo muito tempo depois que os estressores ambientais originais desapareceram na vida adulta.<\/p>\n\n\n\n<p>A <strong>American Psychological Association<\/strong> observa que mudan\u00e7as culturais em dire\u00e7\u00e3o \u00e0 intelig\u00eancia emocional s\u00e3o recentes e muitas vezes conflitam com padr\u00f5es de cria\u00e7\u00e3o antigos. Reconhecer essas diferen\u00e7as \u00e9 o primeiro passo para quebrar o ciclo de evita\u00e7\u00e3o emocional que afeta tantas fam\u00edlias atualmente. Para pesquisas detalhadas sobre como o ambiente influencia o comportamento, acesse os dados oficiais no portal da <a target=\"_blank\" rel=\"noreferrer noopener\" href=\"https:\/\/www.apa.org\/topics\/parenting\/emotion-regulation\">APA<\/a>.<\/p>\n","protected":false},"excerpt":{"rendered":"<p>Adultos que cresceram na d\u00e9cada de oitenta enfrentam desafios significativos ao expressar vulnerabilidade ou sentimentos complexos para as outras pessoas. Esse comportamento geracional espec\u00edfico surge de um ambiente cultural que priorizava a resili\u00eancia e o estoicismo acima da valida\u00e7\u00e3o emocional. Entender essas ra\u00edzes ajuda a explicar por que o sil\u00eancio tornou-se regra. Como a cultura [&hellip;]<\/p>\n","protected":false},"author":21,"featured_media":207622,"comment_status":"open","ping_status":"open","sticky":false,"template":"","format":"standard","meta":{"_yoast_wpseo_focuskw":"psicologia da gera\u00e7\u00e3o criada nos anos 80","_yoast_wpseo_title":"","_yoast_wpseo_metadesc":"Adultos criados nos anos oitenta desenvolveram uma rela\u00e7\u00e3o diferente com emo\u00e7\u00f5es. A cultura da \u00e9poca ajuda a explicar esse sil\u00eancio.","jnews-multi-image_gallery":[],"jnews_single_post":{"format":"standard"},"jnews_primary_category":[],"jnews_social_meta":[],"jnews_override_counter":[],"footnotes":""},"categories":[112],"post_tag":[16057,5038,10603,404],"class_list":["post-207619","post","type-post","status-publish","format-standard","has-post-thumbnail","hentry","category-curiosidades","tag-16057","tag-emocoes","tag-geracao","tag-psicologia"],"yoast_head":"<!-- This site is optimized with the Yoast SEO plugin v24.6 - https:\/\/yoast.com\/wordpress\/plugins\/seo\/ -->\n<title>Por que pessoas que cresceram nos anos 1980 evitam falar sobre emo\u00e7\u00f5es, segundo a psicologia - Correio Braziliense - Radar<\/title>\n<meta name=\"description\" content=\"Adultos criados nos anos oitenta desenvolveram uma rela\u00e7\u00e3o diferente com emo\u00e7\u00f5es. A cultura da \u00e9poca ajuda a explicar esse sil\u00eancio.\" \/>\n<meta name=\"robots\" content=\"index, follow, max-snippet:-1, max-image-preview:large, max-video-preview:-1\" \/>\n<link rel=\"canonical\" href=\"https:\/\/www.correiobraziliense.com.br\/cbradar\/por-que-pessoas-que-cresceram-nos-anos-1980-evitam-falar-sobre-emocoes-segundo-a-psicologia\/\" \/>\n<meta property=\"og:locale\" content=\"pt_BR\" \/>\n<meta property=\"og:type\" content=\"article\" \/>\n<meta property=\"og:title\" content=\"Por que pessoas que cresceram nos anos 1980 evitam falar sobre emo\u00e7\u00f5es, segundo a psicologia - Correio Braziliense - Radar\" \/>\n<meta property=\"og:description\" content=\"Adultos criados nos anos oitenta desenvolveram uma rela\u00e7\u00e3o diferente com emo\u00e7\u00f5es. A cultura da \u00e9poca ajuda a explicar esse sil\u00eancio.\" \/>\n<meta property=\"og:url\" content=\"https:\/\/www.correiobraziliense.com.br\/cbradar\/por-que-pessoas-que-cresceram-nos-anos-1980-evitam-falar-sobre-emocoes-segundo-a-psicologia\/\" \/>\n<meta property=\"og:site_name\" content=\"Correio Braziliense - Radar\" \/>\n<meta property=\"article:published_time\" content=\"2026-03-13T14:28:53+00:00\" \/>\n<meta property=\"article:modified_time\" content=\"2026-03-13T14:28:55+00:00\" \/>\n<meta property=\"og:image\" content=\"https:\/\/www.correiobraziliense.com.br\/cbradar\/wp-content\/uploads\/2026\/03\/Gemini_Generated_Image_ppbhc5ppbhc5ppbh-1-1.png\" \/>\n\t<meta property=\"og:image:width\" content=\"1280\" \/>\n\t<meta property=\"og:image:height\" content=\"720\" \/>\n\t<meta property=\"og:image:type\" content=\"image\/png\" \/>\n<meta name=\"author\" content=\"Patrick Silva\" \/>\n<meta name=\"twitter:card\" content=\"summary_large_image\" \/>\n<meta name=\"twitter:label1\" content=\"Escrito por\" \/>\n\t<meta name=\"twitter:data1\" content=\"Patrick Silva\" \/>\n\t<meta name=\"twitter:label2\" content=\"Est. tempo de leitura\" \/>\n\t<meta name=\"twitter:data2\" content=\"5 minutos\" \/>\n<!-- \/ Yoast SEO plugin. -->","yoast_head_json":{"title":"Por que pessoas que cresceram nos anos 1980 evitam falar sobre emo\u00e7\u00f5es, segundo a psicologia - Correio Braziliense - Radar","description":"Adultos criados nos anos oitenta desenvolveram uma rela\u00e7\u00e3o diferente com emo\u00e7\u00f5es. A cultura da \u00e9poca ajuda a explicar esse sil\u00eancio.","robots":{"index":"index","follow":"follow","max-snippet":"max-snippet:-1","max-image-preview":"max-image-preview:large","max-video-preview":"max-video-preview:-1"},"canonical":"https:\/\/www.correiobraziliense.com.br\/cbradar\/por-que-pessoas-que-cresceram-nos-anos-1980-evitam-falar-sobre-emocoes-segundo-a-psicologia\/","og_locale":"pt_BR","og_type":"article","og_title":"Por que pessoas que cresceram nos anos 1980 evitam falar sobre emo\u00e7\u00f5es, segundo a psicologia - Correio Braziliense - Radar","og_description":"Adultos criados nos anos oitenta desenvolveram uma rela\u00e7\u00e3o diferente com emo\u00e7\u00f5es. A cultura da \u00e9poca ajuda a explicar esse sil\u00eancio.","og_url":"https:\/\/www.correiobraziliense.com.br\/cbradar\/por-que-pessoas-que-cresceram-nos-anos-1980-evitam-falar-sobre-emocoes-segundo-a-psicologia\/","og_site_name":"Correio Braziliense - Radar","article_published_time":"2026-03-13T14:28:53+00:00","article_modified_time":"2026-03-13T14:28:55+00:00","og_image":[{"width":1280,"height":720,"url":"https:\/\/www.correiobraziliense.com.br\/cbradar\/wp-content\/uploads\/2026\/03\/Gemini_Generated_Image_ppbhc5ppbhc5ppbh-1-1.png","type":"image\/png"}],"author":"Patrick Silva","twitter_card":"summary_large_image","twitter_misc":{"Escrito por":"Patrick Silva","Est. tempo de leitura":"5 minutos"},"schema":{"@context":"https:\/\/schema.org","@graph":[{"@type":"WebPage","@id":"https:\/\/www.correiobraziliense.com.br\/cbradar\/por-que-pessoas-que-cresceram-nos-anos-1980-evitam-falar-sobre-emocoes-segundo-a-psicologia\/","url":"https:\/\/www.correiobraziliense.com.br\/cbradar\/por-que-pessoas-que-cresceram-nos-anos-1980-evitam-falar-sobre-emocoes-segundo-a-psicologia\/","name":"Por que pessoas que cresceram nos anos 1980 evitam falar sobre emo\u00e7\u00f5es, segundo a psicologia - Correio Braziliense - Radar","isPartOf":{"@id":"https:\/\/www.correiobraziliense.com.br\/cbradar\/#website"},"primaryImageOfPage":{"@id":"https:\/\/www.correiobraziliense.com.br\/cbradar\/por-que-pessoas-que-cresceram-nos-anos-1980-evitam-falar-sobre-emocoes-segundo-a-psicologia\/#primaryimage"},"image":{"@id":"https:\/\/www.correiobraziliense.com.br\/cbradar\/por-que-pessoas-que-cresceram-nos-anos-1980-evitam-falar-sobre-emocoes-segundo-a-psicologia\/#primaryimage"},"thumbnailUrl":"https:\/\/www.correiobraziliense.com.br\/cbradar\/wp-content\/uploads\/2026\/03\/Gemini_Generated_Image_ppbhc5ppbhc5ppbh-1-1.png","datePublished":"2026-03-13T14:28:53+00:00","dateModified":"2026-03-13T14:28:55+00:00","author":{"@id":"https:\/\/www.correiobraziliense.com.br\/cbradar\/#\/schema\/person\/5440b72be9c7eb74f446c846479dc4da"},"description":"Adultos criados nos anos oitenta desenvolveram uma rela\u00e7\u00e3o diferente com emo\u00e7\u00f5es. A cultura da \u00e9poca ajuda a explicar esse sil\u00eancio.","breadcrumb":{"@id":"https:\/\/www.correiobraziliense.com.br\/cbradar\/por-que-pessoas-que-cresceram-nos-anos-1980-evitam-falar-sobre-emocoes-segundo-a-psicologia\/#breadcrumb"},"inLanguage":"pt-BR","potentialAction":[{"@type":"ReadAction","target":["https:\/\/www.correiobraziliense.com.br\/cbradar\/por-que-pessoas-que-cresceram-nos-anos-1980-evitam-falar-sobre-emocoes-segundo-a-psicologia\/"]}]},{"@type":"ImageObject","inLanguage":"pt-BR","@id":"https:\/\/www.correiobraziliense.com.br\/cbradar\/por-que-pessoas-que-cresceram-nos-anos-1980-evitam-falar-sobre-emocoes-segundo-a-psicologia\/#primaryimage","url":"https:\/\/www.correiobraziliense.com.br\/cbradar\/wp-content\/uploads\/2026\/03\/Gemini_Generated_Image_ppbhc5ppbhc5ppbh-1-1.png","contentUrl":"https:\/\/www.correiobraziliense.com.br\/cbradar\/wp-content\/uploads\/2026\/03\/Gemini_Generated_Image_ppbhc5ppbhc5ppbh-1-1.png","width":1280,"height":720,"caption":"Adultos que cresceram nos anos oitenta aprenderam cedo a esconder emo\u00e7\u00f5es e valorizar a autossufici\u00eancia"},{"@type":"BreadcrumbList","@id":"https:\/\/www.correiobraziliense.com.br\/cbradar\/por-que-pessoas-que-cresceram-nos-anos-1980-evitam-falar-sobre-emocoes-segundo-a-psicologia\/#breadcrumb","itemListElement":[{"@type":"ListItem","position":1,"name":"In\u00edcio","item":"https:\/\/www.correiobraziliense.com.br\/cbradar\/"},{"@type":"ListItem","position":2,"name":"Por que pessoas que cresceram nos anos 1980 evitam falar sobre emo\u00e7\u00f5es, segundo a psicologia"}]},{"@type":"WebSite","@id":"https:\/\/www.correiobraziliense.com.br\/cbradar\/#website","url":"https:\/\/www.correiobraziliense.com.br\/cbradar\/","name":"Correio Braziliense - Radar","description":"Acompanhe as \u00faltimas not\u00edcias e fique bem informado sobre tudo o que acontece no Brasil e no mundo.","potentialAction":[{"@type":"SearchAction","target":{"@type":"EntryPoint","urlTemplate":"https:\/\/www.correiobraziliense.com.br\/cbradar\/?s={search_term_string}"},"query-input":{"@type":"PropertyValueSpecification","valueRequired":true,"valueName":"search_term_string"}}],"inLanguage":"pt-BR"},{"@type":"Person","@id":"https:\/\/www.correiobraziliense.com.br\/cbradar\/#\/schema\/person\/5440b72be9c7eb74f446c846479dc4da","name":"Patrick Silva","image":{"@type":"ImageObject","inLanguage":"pt-BR","@id":"https:\/\/www.correiobraziliense.com.br\/cbradar\/#\/schema\/person\/image\/","url":"https:\/\/secure.gravatar.com\/avatar\/944109df296fc087785c9715fd5f80b2?s=96&d=mm&r=g","contentUrl":"https:\/\/secure.gravatar.com\/avatar\/944109df296fc087785c9715fd5f80b2?s=96&d=mm&r=g","caption":"Patrick Silva"},"sameAs":["https:\/\/www.correiobraziliense.com.br\/cbradar\/"],"url":"https:\/\/www.correiobraziliense.com.br\/cbradar\/author\/patrick-silva\/"}]}},"_links":{"self":[{"href":"https:\/\/www.correiobraziliense.com.br\/cbradar\/wp-json\/wp\/v2\/posts\/207619","targetHints":{"allow":["GET"]}}],"collection":[{"href":"https:\/\/www.correiobraziliense.com.br\/cbradar\/wp-json\/wp\/v2\/posts"}],"about":[{"href":"https:\/\/www.correiobraziliense.com.br\/cbradar\/wp-json\/wp\/v2\/types\/post"}],"author":[{"embeddable":true,"href":"https:\/\/www.correiobraziliense.com.br\/cbradar\/wp-json\/wp\/v2\/users\/21"}],"replies":[{"embeddable":true,"href":"https:\/\/www.correiobraziliense.com.br\/cbradar\/wp-json\/wp\/v2\/comments?post=207619"}],"version-history":[{"count":3,"href":"https:\/\/www.correiobraziliense.com.br\/cbradar\/wp-json\/wp\/v2\/posts\/207619\/revisions"}],"predecessor-version":[{"id":207625,"href":"https:\/\/www.correiobraziliense.com.br\/cbradar\/wp-json\/wp\/v2\/posts\/207619\/revisions\/207625"}],"wp:featuredmedia":[{"embeddable":true,"href":"https:\/\/www.correiobraziliense.com.br\/cbradar\/wp-json\/wp\/v2\/media\/207622"}],"wp:attachment":[{"href":"https:\/\/www.correiobraziliense.com.br\/cbradar\/wp-json\/wp\/v2\/media?parent=207619"}],"wp:term":[{"taxonomy":"category","embeddable":true,"href":"https:\/\/www.correiobraziliense.com.br\/cbradar\/wp-json\/wp\/v2\/categories?post=207619"},{"taxonomy":"post_tag","embeddable":true,"href":"https:\/\/www.correiobraziliense.com.br\/cbradar\/wp-json\/wp\/v2\/post_tag?post=207619"}],"curies":[{"name":"wp","href":"https:\/\/api.w.org\/{rel}","templated":true}]}}