{"id":207626,"date":"2026-03-12T21:50:55","date_gmt":"2026-03-13T00:50:55","guid":{"rendered":"https:\/\/www.correiobraziliense.com.br\/cbradar\/?p=207626"},"modified":"2026-03-12T21:50:57","modified_gmt":"2026-03-13T00:50:57","slug":"pessoas-que-sentem-cheiro-de-chuva-antes-dela-cair-possuem-uma-habilidade-rara-no-dna","status":"publish","type":"post","link":"https:\/\/www.correiobraziliense.com.br\/cbradar\/pessoas-que-sentem-cheiro-de-chuva-antes-dela-cair-possuem-uma-habilidade-rara-no-dna\/","title":{"rendered":"Pessoas que sentem cheiro de chuva antes dela cair possuem uma habilidade rara no DNA"},"content":{"rendered":"\n<p>Muitas pessoas afirmam sentir o odor caracter\u00edstico da tempestade antes mesmo das primeiras gotas atingirem o solo seco. Essa capacidade sensorial intrigante desperta curiosidade sobre a exist\u00eancia de uma predisposi\u00e7\u00e3o gen\u00e9tica espec\u00edfica em determinados indiv\u00edduos. Entender a ci\u00eancia por tr\u00e1s desse fen\u00f4meno revela como a evolu\u00e7\u00e3o moldou nossos sentidos para detectar mudan\u00e7as ambientais importantes.<\/p>\n\n\n\n<h2 class=\"wp-block-heading\">Como o olfato humano detecta a tempestade vindo?<\/h2>\n\n\n\n<p>A ci\u00eancia explica que o aroma terroso sentido antes da chuva \u00e9 resultado de uma subst\u00e2ncia qu\u00edmica chamada <strong>geosmina<\/strong>. Produzida por bact\u00e9rias presentes no solo, essa mol\u00e9cula \u00e9 liberada no ar quando a umidade aumenta significativamente. O nariz humano demonstra uma sensibilidade extraordin\u00e1ria a esse composto, conseguindo detectar concentra\u00e7\u00f5es min\u00fasculas em grandes volumes atmosf\u00e9ricos reais.<\/p>\n\n\n\n<p>Al\u00e9m da <strong>geosmina<\/strong>, a presen\u00e7a de <strong>oz\u00f4nio<\/strong> na atmosfera superior contribui para o cheiro met\u00e1lico e refrescante que precede temporais. Descargas el\u00e9tricas durante raios quebram mol\u00e9culas de oxig\u00eanio, criando esse g\u00e1s que \u00e9 trazido para o n\u00edvel do solo pelas correntes de ar. Essa combina\u00e7\u00e3o qu\u00edmica complexa funciona como um sistema de alerta natural para diversas popula\u00e7\u00f5es animais terrestres.<\/p>\n\n\n\n<figure class=\"wp-block-image size-full\"><img decoding=\"async\" width=\"1280\" height=\"720\" src=\"https:\/\/www.correiobraziliense.com.br\/cbradar\/wp-content\/uploads\/2026\/03\/Gemini_Generated_Image_rsodjrrsodjrrsod-1-1.png\" alt=\"Pessoas que sentem cheiro de chuva antes dela cair possuem uma habilidade rara no DNA\" class=\"wp-image-207673\" srcset=\"https:\/\/www.correiobraziliense.com.br\/cbradar\/wp-content\/uploads\/2026\/03\/Gemini_Generated_Image_rsodjrrsodjrrsod-1-1.png 1280w, https:\/\/www.correiobraziliense.com.br\/cbradar\/wp-content\/uploads\/2026\/03\/Gemini_Generated_Image_rsodjrrsodjrrsod-1-1-300x169.png 300w, https:\/\/www.correiobraziliense.com.br\/cbradar\/wp-content\/uploads\/2026\/03\/Gemini_Generated_Image_rsodjrrsodjrrsod-1-1-768x432.png 768w, https:\/\/www.correiobraziliense.com.br\/cbradar\/wp-content\/uploads\/2026\/03\/Gemini_Generated_Image_rsodjrrsodjrrsod-1-1-750x422.png 750w, https:\/\/www.correiobraziliense.com.br\/cbradar\/wp-content\/uploads\/2026\/03\/Gemini_Generated_Image_rsodjrrsodjrrsod-1-1-1140x641.png 1140w\" sizes=\"(max-width: 1280px) 100vw, 1280px\" \/><figcaption class=\"wp-element-caption\">O cheiro da chuva antes da tempestade surge de subst\u00e2ncias liberadas pelo solo e pela atmosfera<\/figcaption><\/figure>\n\n\n\n<h2 class=\"wp-block-heading\">Existe uma muta\u00e7\u00e3o gen\u00e9tica para esse sentido?<\/h2>\n\n\n\n<p>Embora muitos acreditem ser um dom raro, a capacidade de sentir a chuva \u00e9 uma caracter\u00edstica compartilhada pela maioria da esp\u00e9cie humana. Pesquisas indicam que nossos ancestrais dependiam dessa habilidade para localizar fontes de \u00e1gua e garantir a sobreviv\u00eancia em terrenos \u00e1ridos. N\u00e3o se trata de uma muta\u00e7\u00e3o isolada, mas de um refinamento sensorial herdado ao longo de muitos mil\u00eanios.<\/p>\n\n\n\n<p>Estudos gen\u00e9ticos sugerem que a variabilidade na percep\u00e7\u00e3o de odores est\u00e1 ligada a receptores espec\u00edficos localizados no epit\u00e9lio olfativo. Algumas pessoas possuem uma densidade maior desses sensores, o que torna a experi\u00eancia olfativa muito mais intensa e imediata. Essa diferen\u00e7a biol\u00f3gica explica por que alguns vizinhos sentem a chuva minutos antes dos outros durante o mesmo evento clim\u00e1tico severo.<\/p>\n\n\n\n<h2 class=\"wp-block-heading\">Quais subst\u00e2ncias comp\u00f5em o perfume da terra?<\/h2>\n\n\n\n<p>O termo <strong>petricor<\/strong> descreve a mistura de \u00f3leos vegetais e compostos bacterianos que s\u00e3o liberados quando a \u00e1gua atinge as pedras. Esse processo qu\u00edmico libera aeross\u00f3is min\u00fasculos que carregam o cheiro da chuva por quil\u00f4metros de dist\u00e2ncia, dependendo da velocidade do vento. A complexidade dessa fragr\u00e2ncia natural fascina pesquisadores que buscam compreender a intera\u00e7\u00e3o entre biologia e geologia local.<\/p>\n\n\n\n<p>Esta intera\u00e7\u00e3o qu\u00edmica sofisticada resulta em uma s\u00e9rie de elementos que comp\u00f5em o aroma que tanto apreciamos em dias nublados:<\/p>\n\n\n\n<figure class=\"wp-block-image size-large\"><img decoding=\"async\" width=\"1182\" height=\"720\" src=\"https:\/\/www.correiobraziliense.com.br\/cbradar\/wp-content\/uploads\/2026\/03\/convertido-39-1-1182x720.jpg\" alt=\"\" class=\"wp-image-207668\" srcset=\"https:\/\/www.correiobraziliense.com.br\/cbradar\/wp-content\/uploads\/2026\/03\/convertido-39-1-1182x720.jpg 1182w, https:\/\/www.correiobraziliense.com.br\/cbradar\/wp-content\/uploads\/2026\/03\/convertido-39-1-300x183.jpg 300w, https:\/\/www.correiobraziliense.com.br\/cbradar\/wp-content\/uploads\/2026\/03\/convertido-39-1-768x468.jpg 768w, https:\/\/www.correiobraziliense.com.br\/cbradar\/wp-content\/uploads\/2026\/03\/convertido-39-1-750x457.jpg 750w, https:\/\/www.correiobraziliense.com.br\/cbradar\/wp-content\/uploads\/2026\/03\/convertido-39-1-1140x695.jpg 1140w, https:\/\/www.correiobraziliense.com.br\/cbradar\/wp-content\/uploads\/2026\/03\/convertido-39-1.jpg 1280w\" sizes=\"(max-width: 1182px) 100vw, 1182px\" \/><\/figure>\n\n\n\n<h2 class=\"wp-block-heading\">Como a press\u00e3o atmosf\u00e9rica ajuda na detec\u00e7\u00e3o?<\/h2>\n\n\n\n<p>Mudan\u00e7as bruscas na press\u00e3o barom\u00e9trica antes de uma tempestade facilitam a libera\u00e7\u00e3o de gases presos nos poros do solo. Quando a press\u00e3o cai, o ar contido na terra escapa com maior facilidade, carregando as mol\u00e9culas arom\u00e1ticas para a superf\u00edcie. Indiv\u00edduos mais sens\u00edveis a essas varia\u00e7\u00f5es f\u00edsicas conseguem perceber a mudan\u00e7a ambiental antes mesmo de qualquer sinal visual no horizonte.<\/p>\n\n\n\n<p>Esse mecanismo f\u00edsico explica por que o cheiro \u00e9 muito mais forte em \u00e1reas rurais ou jardins com terra exposta. A umidade elevada atua como um condutor, permitindo que os aromas viajem de forma mais eficiente pelo ar frio que precede a frente de chuva. O corpo humano reage a esses est\u00edmulos f\u00edsicos com uma clareza sensorial impressionante e r\u00e1pida.<\/p>\n\n\n\n<figure class=\"wp-block-image size-full\"><img decoding=\"async\" width=\"1280\" height=\"720\" src=\"https:\/\/www.correiobraziliense.com.br\/cbradar\/wp-content\/uploads\/2026\/03\/Gemini_Generated_Image_h8s7k8h8s7k8h8s7-1-1.png\" alt=\"Pessoas que sentem cheiro de chuva antes dela cair possuem uma habilidade rara no DNA\" class=\"wp-image-207678\" srcset=\"https:\/\/www.correiobraziliense.com.br\/cbradar\/wp-content\/uploads\/2026\/03\/Gemini_Generated_Image_h8s7k8h8s7k8h8s7-1-1.png 1280w, https:\/\/www.correiobraziliense.com.br\/cbradar\/wp-content\/uploads\/2026\/03\/Gemini_Generated_Image_h8s7k8h8s7k8h8s7-1-1-300x169.png 300w, https:\/\/www.correiobraziliense.com.br\/cbradar\/wp-content\/uploads\/2026\/03\/Gemini_Generated_Image_h8s7k8h8s7k8h8s7-1-1-768x432.png 768w, https:\/\/www.correiobraziliense.com.br\/cbradar\/wp-content\/uploads\/2026\/03\/Gemini_Generated_Image_h8s7k8h8s7k8h8s7-1-1-750x422.png 750w, https:\/\/www.correiobraziliense.com.br\/cbradar\/wp-content\/uploads\/2026\/03\/Gemini_Generated_Image_h8s7k8h8s7k8h8s7-1-1-1140x641.png 1140w\" sizes=\"(max-width: 1280px) 100vw, 1280px\" \/><figcaption class=\"wp-element-caption\">O cheiro da chuva antes da tempestade surge de subst\u00e2ncias liberadas pelo solo e pela atmosfera<\/figcaption><\/figure>\n\n\n\n<h2 class=\"wp-block-heading\">O que dizem os estudos sensoriais internacionais?<\/h2>\n\n\n\n<p>Pesquisadores da <strong>Universidade de Queensland<\/strong> investigam como a sensibilidade olfativa influenciou o comportamento migrat\u00f3rio de grupos humanos antigos. Os dados sugerem que a capacidade de prever o clima era uma vantagem competitiva crucial para a localiza\u00e7\u00e3o de pastagens f\u00e9rteis. A ci\u00eancia moderna continua explorando como esses tra\u00e7os biol\u00f3gicos permanecem ativos em nossa gen\u00e9tica, mesmo em ambientes urbanos tecnol\u00f3gicos atuais.<\/p>\n\n\n\n<p>O receptor OR11A1 \u00e9 o \u00fanico identificado em <strong><a href=\"https:\/\/nachrichten.idw-online.de\/2024\/08\/01\/a-nose-for-earthy-notes-human-odorant-receptor-for-geosmin-identified-for-the-first-time\" target=\"_blank\" rel=\"noreferrer noopener\">humanos <\/a><\/strong>para geosmina, ativado em concentra\u00e7\u00f5es fisiol\u00f3gicas, mas com EC50 em torno de 28-80 \u03bcmol\/L. Isso permite detec\u00e7\u00e3o em n\u00edveis baixos, relevante para qualidade de \u00e1gua e alimentos.<\/p>\n","protected":false},"excerpt":{"rendered":"<p>Muitas pessoas afirmam sentir o odor caracter\u00edstico da tempestade antes mesmo das primeiras gotas atingirem o solo seco. Essa capacidade sensorial intrigante desperta curiosidade sobre a exist\u00eancia de uma predisposi\u00e7\u00e3o gen\u00e9tica espec\u00edfica em determinados indiv\u00edduos. Entender a ci\u00eancia por tr\u00e1s desse fen\u00f4meno revela como a evolu\u00e7\u00e3o moldou nossos sentidos para detectar mudan\u00e7as ambientais importantes. Como [&hellip;]<\/p>\n","protected":false},"author":21,"featured_media":207677,"comment_status":"open","ping_status":"open","sticky":false,"template":"","format":"standard","meta":{"_yoast_wpseo_focuskw":"por que sentimos cheiro de chuva antes dela","_yoast_wpseo_title":"","_yoast_wpseo_metadesc":"Algumas pessoas dizem sentir o cheiro da chuva antes da tempestade. A ci\u00eancia explica o que realmente acontece no ar.","jnews-multi-image_gallery":[],"jnews_single_post":{"format":"standard"},"jnews_primary_category":[],"jnews_social_meta":[],"jnews_override_counter":[],"footnotes":""},"categories":[112],"tags":[173,4174,16062,10492],"class_list":["post-207626","post","type-post","status-publish","format-standard","has-post-thumbnail","hentry","category-curiosidades","tag-chuva","tag-dna","tag-geosmina","tag-habilidade"],"yoast_head":"<!-- This site is optimized with the Yoast SEO plugin v24.6 - https:\/\/yoast.com\/wordpress\/plugins\/seo\/ -->\n<title>Pessoas que sentem cheiro de chuva antes dela cair possuem uma habilidade rara no DNA - Correio Braziliense - Radar<\/title>\n<meta name=\"description\" content=\"Algumas pessoas dizem sentir o cheiro da chuva antes da tempestade. A ci\u00eancia explica o que realmente acontece no ar.\" \/>\n<meta name=\"robots\" content=\"index, follow, max-snippet:-1, max-image-preview:large, max-video-preview:-1\" \/>\n<link rel=\"canonical\" href=\"https:\/\/www.correiobraziliense.com.br\/cbradar\/pessoas-que-sentem-cheiro-de-chuva-antes-dela-cair-possuem-uma-habilidade-rara-no-dna\/\" \/>\n<meta property=\"og:locale\" content=\"pt_BR\" \/>\n<meta property=\"og:type\" content=\"article\" \/>\n<meta property=\"og:title\" content=\"Pessoas que sentem cheiro de chuva antes dela cair possuem uma habilidade rara no DNA - Correio Braziliense - Radar\" \/>\n<meta property=\"og:description\" content=\"Algumas pessoas dizem sentir o cheiro da chuva antes da tempestade. A ci\u00eancia explica o que realmente acontece no ar.\" \/>\n<meta property=\"og:url\" content=\"https:\/\/www.correiobraziliense.com.br\/cbradar\/pessoas-que-sentem-cheiro-de-chuva-antes-dela-cair-possuem-uma-habilidade-rara-no-dna\/\" \/>\n<meta property=\"og:site_name\" content=\"Correio Braziliense - Radar\" \/>\n<meta property=\"article:published_time\" content=\"2026-03-13T00:50:55+00:00\" \/>\n<meta property=\"article:modified_time\" content=\"2026-03-13T00:50:57+00:00\" \/>\n<meta property=\"og:image\" content=\"https:\/\/www.correiobraziliense.com.br\/cbradar\/wp-content\/uploads\/2026\/03\/Gemini_Generated_Image_xv7forxv7forxv7f-1-1.png\" \/>\n\t<meta property=\"og:image:width\" content=\"1280\" \/>\n\t<meta property=\"og:image:height\" content=\"720\" \/>\n\t<meta property=\"og:image:type\" content=\"image\/png\" \/>\n<meta name=\"author\" content=\"Patrick Silva\" \/>\n<meta name=\"twitter:card\" content=\"summary_large_image\" \/>\n<meta name=\"twitter:label1\" content=\"Escrito por\" \/>\n\t<meta name=\"twitter:data1\" content=\"Patrick Silva\" \/>\n\t<meta name=\"twitter:label2\" content=\"Est. tempo de leitura\" \/>\n\t<meta name=\"twitter:data2\" content=\"5 minutos\" \/>\n<!-- \/ Yoast SEO plugin. -->","yoast_head_json":{"title":"Pessoas que sentem cheiro de chuva antes dela cair possuem uma habilidade rara no DNA - Correio Braziliense - Radar","description":"Algumas pessoas dizem sentir o cheiro da chuva antes da tempestade. A ci\u00eancia explica o que realmente acontece no ar.","robots":{"index":"index","follow":"follow","max-snippet":"max-snippet:-1","max-image-preview":"max-image-preview:large","max-video-preview":"max-video-preview:-1"},"canonical":"https:\/\/www.correiobraziliense.com.br\/cbradar\/pessoas-que-sentem-cheiro-de-chuva-antes-dela-cair-possuem-uma-habilidade-rara-no-dna\/","og_locale":"pt_BR","og_type":"article","og_title":"Pessoas que sentem cheiro de chuva antes dela cair possuem uma habilidade rara no DNA - Correio Braziliense - Radar","og_description":"Algumas pessoas dizem sentir o cheiro da chuva antes da tempestade. A ci\u00eancia explica o que realmente acontece no ar.","og_url":"https:\/\/www.correiobraziliense.com.br\/cbradar\/pessoas-que-sentem-cheiro-de-chuva-antes-dela-cair-possuem-uma-habilidade-rara-no-dna\/","og_site_name":"Correio Braziliense - Radar","article_published_time":"2026-03-13T00:50:55+00:00","article_modified_time":"2026-03-13T00:50:57+00:00","og_image":[{"width":1280,"height":720,"url":"https:\/\/www.correiobraziliense.com.br\/cbradar\/wp-content\/uploads\/2026\/03\/Gemini_Generated_Image_xv7forxv7forxv7f-1-1.png","type":"image\/png"}],"author":"Patrick Silva","twitter_card":"summary_large_image","twitter_misc":{"Escrito por":"Patrick Silva","Est. tempo de leitura":"5 minutos"},"schema":{"@context":"https:\/\/schema.org","@graph":[{"@type":"WebPage","@id":"https:\/\/www.correiobraziliense.com.br\/cbradar\/pessoas-que-sentem-cheiro-de-chuva-antes-dela-cair-possuem-uma-habilidade-rara-no-dna\/","url":"https:\/\/www.correiobraziliense.com.br\/cbradar\/pessoas-que-sentem-cheiro-de-chuva-antes-dela-cair-possuem-uma-habilidade-rara-no-dna\/","name":"Pessoas que sentem cheiro de chuva antes dela cair possuem uma habilidade rara no DNA - Correio Braziliense - Radar","isPartOf":{"@id":"https:\/\/www.correiobraziliense.com.br\/cbradar\/#website"},"primaryImageOfPage":{"@id":"https:\/\/www.correiobraziliense.com.br\/cbradar\/pessoas-que-sentem-cheiro-de-chuva-antes-dela-cair-possuem-uma-habilidade-rara-no-dna\/#primaryimage"},"image":{"@id":"https:\/\/www.correiobraziliense.com.br\/cbradar\/pessoas-que-sentem-cheiro-de-chuva-antes-dela-cair-possuem-uma-habilidade-rara-no-dna\/#primaryimage"},"thumbnailUrl":"https:\/\/www.correiobraziliense.com.br\/cbradar\/wp-content\/uploads\/2026\/03\/Gemini_Generated_Image_xv7forxv7forxv7f-1-1.png","datePublished":"2026-03-13T00:50:55+00:00","dateModified":"2026-03-13T00:50:57+00:00","author":{"@id":"https:\/\/www.correiobraziliense.com.br\/cbradar\/#\/schema\/person\/5440b72be9c7eb74f446c846479dc4da"},"description":"Algumas pessoas dizem sentir o cheiro da chuva antes da tempestade. A ci\u00eancia explica o que realmente acontece no ar.","breadcrumb":{"@id":"https:\/\/www.correiobraziliense.com.br\/cbradar\/pessoas-que-sentem-cheiro-de-chuva-antes-dela-cair-possuem-uma-habilidade-rara-no-dna\/#breadcrumb"},"inLanguage":"pt-BR","potentialAction":[{"@type":"ReadAction","target":["https:\/\/www.correiobraziliense.com.br\/cbradar\/pessoas-que-sentem-cheiro-de-chuva-antes-dela-cair-possuem-uma-habilidade-rara-no-dna\/"]}]},{"@type":"ImageObject","inLanguage":"pt-BR","@id":"https:\/\/www.correiobraziliense.com.br\/cbradar\/pessoas-que-sentem-cheiro-de-chuva-antes-dela-cair-possuem-uma-habilidade-rara-no-dna\/#primaryimage","url":"https:\/\/www.correiobraziliense.com.br\/cbradar\/wp-content\/uploads\/2026\/03\/Gemini_Generated_Image_xv7forxv7forxv7f-1-1.png","contentUrl":"https:\/\/www.correiobraziliense.com.br\/cbradar\/wp-content\/uploads\/2026\/03\/Gemini_Generated_Image_xv7forxv7forxv7f-1-1.png","width":1280,"height":720,"caption":"O cheiro da chuva antes da tempestade surge de subst\u00e2ncias liberadas pelo solo e pela atmosfera"},{"@type":"BreadcrumbList","@id":"https:\/\/www.correiobraziliense.com.br\/cbradar\/pessoas-que-sentem-cheiro-de-chuva-antes-dela-cair-possuem-uma-habilidade-rara-no-dna\/#breadcrumb","itemListElement":[{"@type":"ListItem","position":1,"name":"In\u00edcio","item":"https:\/\/www.correiobraziliense.com.br\/cbradar\/"},{"@type":"ListItem","position":2,"name":"Pessoas que sentem cheiro de chuva antes dela cair possuem uma habilidade rara no DNA"}]},{"@type":"WebSite","@id":"https:\/\/www.correiobraziliense.com.br\/cbradar\/#website","url":"https:\/\/www.correiobraziliense.com.br\/cbradar\/","name":"Correio Braziliense - Radar","description":"Acompanhe as \u00faltimas not\u00edcias e fique bem informado sobre tudo o que acontece no Brasil e no mundo.","potentialAction":[{"@type":"SearchAction","target":{"@type":"EntryPoint","urlTemplate":"https:\/\/www.correiobraziliense.com.br\/cbradar\/?s={search_term_string}"},"query-input":{"@type":"PropertyValueSpecification","valueRequired":true,"valueName":"search_term_string"}}],"inLanguage":"pt-BR"},{"@type":"Person","@id":"https:\/\/www.correiobraziliense.com.br\/cbradar\/#\/schema\/person\/5440b72be9c7eb74f446c846479dc4da","name":"Patrick Silva","image":{"@type":"ImageObject","inLanguage":"pt-BR","@id":"https:\/\/www.correiobraziliense.com.br\/cbradar\/#\/schema\/person\/image\/","url":"https:\/\/secure.gravatar.com\/avatar\/944109df296fc087785c9715fd5f80b2?s=96&d=mm&r=g","contentUrl":"https:\/\/secure.gravatar.com\/avatar\/944109df296fc087785c9715fd5f80b2?s=96&d=mm&r=g","caption":"Patrick Silva"},"sameAs":["https:\/\/www.correiobraziliense.com.br\/cbradar\/"],"url":"https:\/\/www.correiobraziliense.com.br\/cbradar\/author\/patrick-silva\/"}]}},"_links":{"self":[{"href":"https:\/\/www.correiobraziliense.com.br\/cbradar\/wp-json\/wp\/v2\/posts\/207626","targetHints":{"allow":["GET"]}}],"collection":[{"href":"https:\/\/www.correiobraziliense.com.br\/cbradar\/wp-json\/wp\/v2\/posts"}],"about":[{"href":"https:\/\/www.correiobraziliense.com.br\/cbradar\/wp-json\/wp\/v2\/types\/post"}],"author":[{"embeddable":true,"href":"https:\/\/www.correiobraziliense.com.br\/cbradar\/wp-json\/wp\/v2\/users\/21"}],"replies":[{"embeddable":true,"href":"https:\/\/www.correiobraziliense.com.br\/cbradar\/wp-json\/wp\/v2\/comments?post=207626"}],"version-history":[{"count":5,"href":"https:\/\/www.correiobraziliense.com.br\/cbradar\/wp-json\/wp\/v2\/posts\/207626\/revisions"}],"predecessor-version":[{"id":207682,"href":"https:\/\/www.correiobraziliense.com.br\/cbradar\/wp-json\/wp\/v2\/posts\/207626\/revisions\/207682"}],"wp:featuredmedia":[{"embeddable":true,"href":"https:\/\/www.correiobraziliense.com.br\/cbradar\/wp-json\/wp\/v2\/media\/207677"}],"wp:attachment":[{"href":"https:\/\/www.correiobraziliense.com.br\/cbradar\/wp-json\/wp\/v2\/media?parent=207626"}],"wp:term":[{"taxonomy":"category","embeddable":true,"href":"https:\/\/www.correiobraziliense.com.br\/cbradar\/wp-json\/wp\/v2\/categories?post=207626"},{"taxonomy":"post_tag","embeddable":true,"href":"https:\/\/www.correiobraziliense.com.br\/cbradar\/wp-json\/wp\/v2\/tags?post=207626"}],"curies":[{"name":"wp","href":"https:\/\/api.w.org\/{rel}","templated":true}]}}