{"id":207631,"date":"2026-03-14T12:25:00","date_gmt":"2026-03-14T15:25:00","guid":{"rendered":"https:\/\/www.correiobraziliense.com.br\/cbradar\/?p=207631"},"modified":"2026-03-13T10:33:15","modified_gmt":"2026-03-13T13:33:15","slug":"quais-os-verdadeiros-efeitos-do-abacate-no-organismo","status":"publish","type":"post","link":"https:\/\/www.correiobraziliense.com.br\/cbradar\/quais-os-verdadeiros-efeitos-do-abacate-no-organismo\/","title":{"rendered":"Quais os verdadeiros efeitos do abacate no organismo?"},"content":{"rendered":"\n<p>Os <strong>benef\u00edcios do abacate<\/strong> incluem a redu\u00e7\u00e3o do colesterol ruim e a melhora na sa\u00fade cardiovascular. O consumo regular dessa fruta rica em gorduras boas tamb\u00e9m favorece o funcionamento do intestino e a prote\u00e7\u00e3o do c\u00e9rebro contra o envelhecimento precoce.<\/p>\n\n\n\n<h2 class=\"wp-block-heading\">Como a fruta age na sa\u00fade cardiovascular?<\/h2>\n\n\n\n<p>O alimento oferece uma rica oferta de <strong>gorduras monoinsaturadas<\/strong>, fibras alimentares e diversas vitaminas essenciais. Esses nutrientes trabalham em conjunto para reduzir a concentra\u00e7\u00e3o do <strong>colesterol LDL<\/strong> e dos <strong>triglicer\u00eddeos<\/strong> circulantes na corrente sangu\u00ednea.<\/p>\n\n\n\n<p>A presen\u00e7a marcante de <strong>pot\u00e1ssio<\/strong> e <strong>magn\u00e9sio<\/strong> atua no relaxamento dos vasos, ajudando a controlar a press\u00e3o arterial. <a href=\"https:\/\/www.gov.br\/saude\/pt-br\/assuntos\/noticias\/2020\/outubro\/alimentacao-saudavel-e-aliada-na-prevencao-da-obesidade-e-doencas-cronicas#:~:text=Alimenta\u00e7\u00e3o%20saud\u00e1vel%20\u00e9%20aliada%20na,doen\u00e7as%20cr\u00f4nicas%20\u2014%20Minist\u00e9rio%20da%20Sa\u00fade&amp;text=SEI!\" target=\"_blank\" rel=\"noreferrer noopener\">De acordo com as diretrizes do <strong>Minist\u00e9rio da Sa\u00fade<\/strong><\/a>, a escolha de alimentos in natura previne o desenvolvimento de in\u00fameras doen\u00e7as card\u00edacas cr\u00f4nicas.<\/p>\n\n\n<div class=\"wp-block-image\">\n<figure class=\"aligncenter size-large\"><img decoding=\"async\" width=\"1024\" height=\"576\" src=\"https:\/\/www.correiobraziliense.com.br\/cbradar\/wp-content\/uploads\/2026\/02\/imagem_2026-02-28_002908525-1024x576.png\" alt=\"Vis\u00e3o em primeira pessoa cortando um abacate maduro numa t\u00e1bua de madeira.\" class=\"wp-image-200805\" srcset=\"https:\/\/www.correiobraziliense.com.br\/cbradar\/wp-content\/uploads\/2026\/02\/imagem_2026-02-28_002908525-1024x576.png 1024w, https:\/\/www.correiobraziliense.com.br\/cbradar\/wp-content\/uploads\/2026\/02\/imagem_2026-02-28_002908525-300x169.png 300w, https:\/\/www.correiobraziliense.com.br\/cbradar\/wp-content\/uploads\/2026\/02\/imagem_2026-02-28_002908525-768x432.png 768w, https:\/\/www.correiobraziliense.com.br\/cbradar\/wp-content\/uploads\/2026\/02\/imagem_2026-02-28_002908525-750x422.png 750w, https:\/\/www.correiobraziliense.com.br\/cbradar\/wp-content\/uploads\/2026\/02\/imagem_2026-02-28_002908525-1140x641.png 1140w, https:\/\/www.correiobraziliense.com.br\/cbradar\/wp-content\/uploads\/2026\/02\/imagem_2026-02-28_002908525.png 1280w\" sizes=\"(max-width: 1024px) 100vw, 1024px\" \/><figcaption class=\"wp-element-caption\">Benef\u00edcios e cuidados no consumo do abacate<\/figcaption><\/figure><\/div>\n\n\n<h2 class=\"wp-block-heading\">Quais nutrientes protegem o c\u00e9rebro?<\/h2>\n\n\n\n<p>A alta concentra\u00e7\u00e3o de <a href=\"https:\/\/pmc.ncbi.nlm.nih.gov\/articles\/PMC11820684\/\" target=\"_blank\" rel=\"noreferrer noopener\">vitaminas do <strong>complexo B<\/strong><\/a>, <strong>vitamina C<\/strong> e <strong>vitamina E<\/strong> garante uma poderosa a\u00e7\u00e3o antioxidante. Esses elementos combatem ativamente os <strong>radicais livres<\/strong> e diminuem as inflama\u00e7\u00f5es celulares que causam problemas neurol\u00f3gicos graves.<\/p>\n\n\n\n<p>A ingest\u00e3o frequente dessas subst\u00e2ncias ajuda a prevenir condi\u00e7\u00f5es degenerativas, como a <strong>dem\u00eancia<\/strong> e quadros de <strong>depress\u00e3o<\/strong>. A prote\u00e7\u00e3o do sistema nervoso ocorre porque as gorduras boas facilitam a comunica\u00e7\u00e3o entre os neur\u00f4nios de forma muito mais eficiente.<\/p>\n\n\n\n<h3 class=\"wp-block-heading\">Qual \u00e9 o impacto no sistema digestivo?<\/h3>\n\n\n\n<p>No aparelho digestivo, a fruta facilita o tr\u00e2nsito intestinal e previne a <strong>constipa\u00e7\u00e3o<\/strong> devido ao alto teor de fibras. A polpa macia tamb\u00e9m otimiza a absor\u00e7\u00e3o de <strong>vitaminas lipossol\u00faveis<\/strong> provenientes de outras refei\u00e7\u00f5es ao longo do dia.<\/p>\n\n\n\n<h2 class=\"wp-block-heading\">Por que \u00e9 necess\u00e1rio moderar o consumo di\u00e1rio?<\/h2>\n\n\n\n<p>Apesar de todas as vantagens nutricionais ineg\u00e1veis, o alimento apresenta um <strong>valor cal\u00f3rico<\/strong> bastante elevado. O excesso na dieta di\u00e1ria frequentemente resulta em ganho de peso indesejado e compromete o <strong>balan\u00e7o energ\u00e9tico<\/strong> de pessoas sedent\u00e1rias.<\/p>\n\n\n\n<p>Al\u00e9m das calorias, as rea\u00e7\u00f5es gastrointestinais exigem cuidado redobrado. Observe os principais efeitos adversos de uma ingest\u00e3o exagerada:<\/p>\n\n\n\n<ul class=\"wp-block-list\">\n<li>Sensa\u00e7\u00e3o prolongada de incha\u00e7o na regi\u00e3o abdominal.<\/li>\n\n\n\n<li>Aumento da produ\u00e7\u00e3o de gases e flatul\u00eancia constante.<\/li>\n\n\n\n<li>Desconfortos agudos em pacientes com <strong>s\u00edndrome do intestino irrit\u00e1vel<\/strong>.<\/li>\n<\/ul>\n\n\n\n<p>No v\u00eddeo a seguir, o<strong> Dr. Roberto Yano<\/strong>, com mais de 3 milh\u00f5es de inscritos, fala um pouco sobre os benef\u00edcios do abacate:<\/p>\n\n\n\n<iframe loading=\"lazy\" width=\"342\" height=\"608\" src=\"https:\/\/www.youtube.com\/embed\/0wfx2nwaKMk\" title=\"O Abacate. O Guardi\u00e3o das Art\u00e9rias.\" frameborder=\"0\" allow=\"accelerometer; autoplay; clipboard-write; encrypted-media; gyroscope; picture-in-picture; web-share\" referrerpolicy=\"strict-origin-when-cross-origin\" allowfullscreen><\/iframe>\n\n\n\n<h2 class=\"wp-block-heading\">Quem possui restri\u00e7\u00f5es m\u00e9dicas para comer a fruta?<\/h2>\n\n\n\n<p>Indiv\u00edduos diagnosticados com <strong>insufici\u00eancia renal cr\u00f4nica<\/strong> necessitam de dietas com rigorosa restri\u00e7\u00e3o mineral. Nesses quadros cl\u00ednicos complexos, a inser\u00e7\u00e3o da por\u00e7\u00e3o no card\u00e1pio depende da libera\u00e7\u00e3o expressa de um m\u00e9dico especialista ou nutricionista cl\u00ednico.<\/p>\n\n\n\n<p>Essa varia\u00e7\u00e3o refor\u00e7a a obrigatoriedade de buscar orienta\u00e7\u00e3o profissional e evitar a automedica\u00e7\u00e3o alimentar.<\/p>\n\n\n\n<p>Leia tamb\u00e9m: <a href=\"https:\/\/www.correiobraziliense.com.br\/cbradar\/a-fruta-mais-antioxidante-da-natureza-que-ajuda-a-proteger-as-celulas-contra-o-cancer\/\" target=\"_blank\" rel=\"noreferrer noopener\">A fruta mais antioxidante da natureza que ajuda a proteger as c\u00e9lulas contra o c\u00e2ncer<\/a><\/p>\n\n\n\n<h2 class=\"wp-block-heading\">Como incluir as por\u00e7\u00f5es de forma segura na rotina?<\/h2>\n\n\n\n<p>A adequa\u00e7\u00e3o da quantidade ideal depende do <strong>gasto cal\u00f3rico<\/strong> e das necessidades biol\u00f3gicas de cada indiv\u00edduo. Nutricionistas recomendam o consumo de pequenas fatias em saladas frescas ou em vitaminas matinais, preferencialmente sem a\u00e7\u00facar refinado.<\/p>\n\n\n\n<p>Comparar as op\u00e7\u00f5es de preparo ajuda a tomar decis\u00f5es mais conscientes e saud\u00e1veis durante a semana. Analise as formas de consumo mais indicadas para a rotina:<\/p>\n\n\n\n<figure class=\"wp-block-table\"><table class=\"has-fixed-layout\"><tbody><tr><th>Prepara\u00e7\u00f5es Saud\u00e1veis<\/th><th>Momento Ideal<\/th><th>Benef\u00edcio Principal<\/th><\/tr><tr><td>Saladas com folhas verdes<\/td><td>Almo\u00e7o ou jantar<\/td><td>Aumenta a absor\u00e7\u00e3o de nutrientes<\/td><\/tr><tr><td>Amassado em torradas integrais<\/td><td>Caf\u00e9 da manh\u00e3<\/td><td>Fornece energia e saciedade prolongada<\/td><\/tr><tr><td>Vitaminas com leite desnatado<\/td><td>P\u00f3s-treino<\/td><td>Ajuda na recupera\u00e7\u00e3o e reparo muscular<\/td><\/tr><\/tbody><\/table><\/figure>\n\n\n\n<h2 class=\"wp-block-heading\">Qual \u00e9 a import\u00e2ncia do acompanhamento nutricional?<\/h2>\n\n\n\n<p>O cuidado com a sa\u00fade alimentar reflete diretamente na qualidade de vida e na longevidade do ser humano. Avalia\u00e7\u00f5es cl\u00ednicas regulares permitem que as escolhas diet\u00e9ticas tragam resultados positivos reais, sem colocar os \u00f3rg\u00e3os vitais em risco por conta de exageros.<\/p>\n\n\n\n<p>Manter uma rotina de exames laboratoriais \u00e9 o caminho mais seguro para monitorar o <strong>colesterol<\/strong> e as taxas de <strong>glicemia<\/strong>. O equil\u00edbrio e a modera\u00e7\u00e3o transformam os alimentos em verdadeiros aliados do corpo, garantindo prote\u00e7\u00e3o e vitalidade a longo prazo.<\/p>\n","protected":false},"excerpt":{"rendered":"<p>Os benef\u00edcios do abacate incluem a redu\u00e7\u00e3o do colesterol ruim e a melhora na sa\u00fade cardiovascular. O consumo regular dessa fruta rica em gorduras boas tamb\u00e9m favorece o funcionamento do intestino e a prote\u00e7\u00e3o do c\u00e9rebro contra o envelhecimento precoce. Como a fruta age na sa\u00fade cardiovascular? O alimento oferece uma rica oferta de gorduras [&hellip;]<\/p>\n","protected":false},"author":11,"featured_media":208038,"comment_status":"open","ping_status":"open","sticky":false,"template":"","format":"standard","meta":{"jnews-multi-image_gallery":[],"jnews_single_post":{"format":"standard"},"jnews_primary_category":[],"jnews_social_meta":[],"jnews_override_counter":[],"footnotes":""},"categories":[119],"post_tag":[1558,1624,1400,1318],"class_list":["post-207631","post","type-post","status-publish","format-standard","has-post-thumbnail","hentry","category-bem-estar","tag-abacate","tag-coracao","tag-nutricao","tag-saude-2"],"yoast_head":"<!-- This site is optimized with the Yoast SEO plugin v24.6 - https:\/\/yoast.com\/wordpress\/plugins\/seo\/ -->\n<title>Quais os verdadeiros efeitos do abacate no organismo? - Correio Braziliense - Radar<\/title>\n<meta name=\"description\" content=\"O consumo regular da fruta melhora a sa\u00fade do cora\u00e7\u00e3o e do c\u00e9rebro. Leia sobre os cuidados essenciais com as por\u00e7\u00f5es di\u00e1rias e restri\u00e7\u00f5es m\u00e9dicas.\" \/>\n<meta name=\"robots\" content=\"index, follow, max-snippet:-1, max-image-preview:large, max-video-preview:-1\" \/>\n<link rel=\"canonical\" href=\"https:\/\/www.correiobraziliense.com.br\/cbradar\/quais-os-verdadeiros-efeitos-do-abacate-no-organismo\/\" \/>\n<meta property=\"og:locale\" content=\"pt_BR\" \/>\n<meta property=\"og:type\" content=\"article\" \/>\n<meta property=\"og:title\" content=\"Quais os verdadeiros efeitos do abacate no organismo? - Correio Braziliense - Radar\" \/>\n<meta property=\"og:description\" content=\"O consumo regular da fruta melhora a sa\u00fade do cora\u00e7\u00e3o e do c\u00e9rebro. Leia sobre os cuidados essenciais com as por\u00e7\u00f5es di\u00e1rias e restri\u00e7\u00f5es m\u00e9dicas.\" \/>\n<meta property=\"og:url\" content=\"https:\/\/www.correiobraziliense.com.br\/cbradar\/quais-os-verdadeiros-efeitos-do-abacate-no-organismo\/\" \/>\n<meta property=\"og:site_name\" content=\"Correio Braziliense - Radar\" \/>\n<meta property=\"article:published_time\" content=\"2026-03-14T15:25:00+00:00\" \/>\n<meta property=\"og:image\" content=\"https:\/\/www.correiobraziliense.com.br\/cbradar\/wp-content\/uploads\/2026\/03\/freepik__abacate-maduro-cortado-ao-meio-sobre-uma-mesa-de-c__56467.jpeg\" \/>\n\t<meta property=\"og:image:width\" content=\"1280\" \/>\n\t<meta property=\"og:image:height\" content=\"720\" \/>\n\t<meta property=\"og:image:type\" content=\"image\/jpeg\" \/>\n<meta name=\"author\" content=\"Paulo Custodio\" \/>\n<meta name=\"twitter:card\" content=\"summary_large_image\" \/>\n<meta name=\"twitter:label1\" content=\"Escrito por\" \/>\n\t<meta name=\"twitter:data1\" content=\"Paulo Custodio\" \/>\n\t<meta name=\"twitter:label2\" content=\"Est. tempo de leitura\" \/>\n\t<meta name=\"twitter:data2\" content=\"4 minutos\" \/>\n<!-- \/ Yoast SEO plugin. -->","yoast_head_json":{"title":"Quais os verdadeiros efeitos do abacate no organismo? - Correio Braziliense - Radar","description":"O consumo regular da fruta melhora a sa\u00fade do cora\u00e7\u00e3o e do c\u00e9rebro. Leia sobre os cuidados essenciais com as por\u00e7\u00f5es di\u00e1rias e restri\u00e7\u00f5es m\u00e9dicas.","robots":{"index":"index","follow":"follow","max-snippet":"max-snippet:-1","max-image-preview":"max-image-preview:large","max-video-preview":"max-video-preview:-1"},"canonical":"https:\/\/www.correiobraziliense.com.br\/cbradar\/quais-os-verdadeiros-efeitos-do-abacate-no-organismo\/","og_locale":"pt_BR","og_type":"article","og_title":"Quais os verdadeiros efeitos do abacate no organismo? - Correio Braziliense - Radar","og_description":"O consumo regular da fruta melhora a sa\u00fade do cora\u00e7\u00e3o e do c\u00e9rebro. Leia sobre os cuidados essenciais com as por\u00e7\u00f5es di\u00e1rias e restri\u00e7\u00f5es m\u00e9dicas.","og_url":"https:\/\/www.correiobraziliense.com.br\/cbradar\/quais-os-verdadeiros-efeitos-do-abacate-no-organismo\/","og_site_name":"Correio Braziliense - Radar","article_published_time":"2026-03-14T15:25:00+00:00","og_image":[{"width":1280,"height":720,"url":"https:\/\/www.correiobraziliense.com.br\/cbradar\/wp-content\/uploads\/2026\/03\/freepik__abacate-maduro-cortado-ao-meio-sobre-uma-mesa-de-c__56467.jpeg","type":"image\/jpeg"}],"author":"Paulo Custodio","twitter_card":"summary_large_image","twitter_misc":{"Escrito por":"Paulo Custodio","Est. tempo de leitura":"4 minutos"},"schema":{"@context":"https:\/\/schema.org","@graph":[{"@type":"WebPage","@id":"https:\/\/www.correiobraziliense.com.br\/cbradar\/quais-os-verdadeiros-efeitos-do-abacate-no-organismo\/","url":"https:\/\/www.correiobraziliense.com.br\/cbradar\/quais-os-verdadeiros-efeitos-do-abacate-no-organismo\/","name":"Quais os verdadeiros efeitos do abacate no organismo? - Correio Braziliense - Radar","isPartOf":{"@id":"https:\/\/www.correiobraziliense.com.br\/cbradar\/#website"},"primaryImageOfPage":{"@id":"https:\/\/www.correiobraziliense.com.br\/cbradar\/quais-os-verdadeiros-efeitos-do-abacate-no-organismo\/#primaryimage"},"image":{"@id":"https:\/\/www.correiobraziliense.com.br\/cbradar\/quais-os-verdadeiros-efeitos-do-abacate-no-organismo\/#primaryimage"},"thumbnailUrl":"https:\/\/www.correiobraziliense.com.br\/cbradar\/wp-content\/uploads\/2026\/03\/freepik__abacate-maduro-cortado-ao-meio-sobre-uma-mesa-de-c__56467.jpeg","datePublished":"2026-03-14T15:25:00+00:00","author":{"@id":"https:\/\/www.correiobraziliense.com.br\/cbradar\/#\/schema\/person\/4cec7857301a9a1a2ef249893cd908d3"},"description":"O consumo regular da fruta melhora a sa\u00fade do cora\u00e7\u00e3o e do c\u00e9rebro. Leia sobre os cuidados essenciais com as por\u00e7\u00f5es di\u00e1rias e restri\u00e7\u00f5es m\u00e9dicas.","breadcrumb":{"@id":"https:\/\/www.correiobraziliense.com.br\/cbradar\/quais-os-verdadeiros-efeitos-do-abacate-no-organismo\/#breadcrumb"},"inLanguage":"pt-BR","potentialAction":[{"@type":"ReadAction","target":["https:\/\/www.correiobraziliense.com.br\/cbradar\/quais-os-verdadeiros-efeitos-do-abacate-no-organismo\/"]}]},{"@type":"ImageObject","inLanguage":"pt-BR","@id":"https:\/\/www.correiobraziliense.com.br\/cbradar\/quais-os-verdadeiros-efeitos-do-abacate-no-organismo\/#primaryimage","url":"https:\/\/www.correiobraziliense.com.br\/cbradar\/wp-content\/uploads\/2026\/03\/freepik__abacate-maduro-cortado-ao-meio-sobre-uma-mesa-de-c__56467.jpeg","contentUrl":"https:\/\/www.correiobraziliense.com.br\/cbradar\/wp-content\/uploads\/2026\/03\/freepik__abacate-maduro-cortado-ao-meio-sobre-uma-mesa-de-c__56467.jpeg","width":1280,"height":720,"caption":"O abacate \u00e9 rico em gorduras monoinsaturadas que ajudam a reduzir o colesterol LDL"},{"@type":"BreadcrumbList","@id":"https:\/\/www.correiobraziliense.com.br\/cbradar\/quais-os-verdadeiros-efeitos-do-abacate-no-organismo\/#breadcrumb","itemListElement":[{"@type":"ListItem","position":1,"name":"In\u00edcio","item":"https:\/\/www.correiobraziliense.com.br\/cbradar\/"},{"@type":"ListItem","position":2,"name":"Quais os verdadeiros efeitos do abacate no organismo?"}]},{"@type":"WebSite","@id":"https:\/\/www.correiobraziliense.com.br\/cbradar\/#website","url":"https:\/\/www.correiobraziliense.com.br\/cbradar\/","name":"Correio Braziliense - Radar","description":"Acompanhe as \u00faltimas not\u00edcias e fique bem informado sobre tudo o que acontece no Brasil e no mundo.","potentialAction":[{"@type":"SearchAction","target":{"@type":"EntryPoint","urlTemplate":"https:\/\/www.correiobraziliense.com.br\/cbradar\/?s={search_term_string}"},"query-input":{"@type":"PropertyValueSpecification","valueRequired":true,"valueName":"search_term_string"}}],"inLanguage":"pt-BR"},{"@type":"Person","@id":"https:\/\/www.correiobraziliense.com.br\/cbradar\/#\/schema\/person\/4cec7857301a9a1a2ef249893cd908d3","name":"Paulo Custodio","image":{"@type":"ImageObject","inLanguage":"pt-BR","@id":"https:\/\/www.correiobraziliense.com.br\/cbradar\/#\/schema\/person\/image\/","url":"https:\/\/secure.gravatar.com\/avatar\/bcd67168d1534e8fcf4f45c726a87cea?s=96&d=mm&r=g","contentUrl":"https:\/\/secure.gravatar.com\/avatar\/bcd67168d1534e8fcf4f45c726a87cea?s=96&d=mm&r=g","caption":"Paulo Custodio"},"sameAs":["https:\/\/www.correiobraziliense.com.br\/cbradar"],"url":"https:\/\/www.correiobraziliense.com.br\/cbradar\/author\/paulomyth\/"}]}},"_links":{"self":[{"href":"https:\/\/www.correiobraziliense.com.br\/cbradar\/wp-json\/wp\/v2\/posts\/207631","targetHints":{"allow":["GET"]}}],"collection":[{"href":"https:\/\/www.correiobraziliense.com.br\/cbradar\/wp-json\/wp\/v2\/posts"}],"about":[{"href":"https:\/\/www.correiobraziliense.com.br\/cbradar\/wp-json\/wp\/v2\/types\/post"}],"author":[{"embeddable":true,"href":"https:\/\/www.correiobraziliense.com.br\/cbradar\/wp-json\/wp\/v2\/users\/11"}],"replies":[{"embeddable":true,"href":"https:\/\/www.correiobraziliense.com.br\/cbradar\/wp-json\/wp\/v2\/comments?post=207631"}],"version-history":[{"count":1,"href":"https:\/\/www.correiobraziliense.com.br\/cbradar\/wp-json\/wp\/v2\/posts\/207631\/revisions"}],"predecessor-version":[{"id":207632,"href":"https:\/\/www.correiobraziliense.com.br\/cbradar\/wp-json\/wp\/v2\/posts\/207631\/revisions\/207632"}],"wp:featuredmedia":[{"embeddable":true,"href":"https:\/\/www.correiobraziliense.com.br\/cbradar\/wp-json\/wp\/v2\/media\/208038"}],"wp:attachment":[{"href":"https:\/\/www.correiobraziliense.com.br\/cbradar\/wp-json\/wp\/v2\/media?parent=207631"}],"wp:term":[{"taxonomy":"category","embeddable":true,"href":"https:\/\/www.correiobraziliense.com.br\/cbradar\/wp-json\/wp\/v2\/categories?post=207631"},{"taxonomy":"post_tag","embeddable":true,"href":"https:\/\/www.correiobraziliense.com.br\/cbradar\/wp-json\/wp\/v2\/post_tag?post=207631"}],"curies":[{"name":"wp","href":"https:\/\/api.w.org\/{rel}","templated":true}]}}