{"id":207652,"date":"2026-03-15T16:55:00","date_gmt":"2026-03-15T19:55:00","guid":{"rendered":"https:\/\/www.correiobraziliense.com.br\/cbradar\/?p=207652"},"modified":"2026-03-13T21:30:03","modified_gmt":"2026-03-14T00:30:03","slug":"sem-pregos-parafusos-ou-cimento-o-sistema-frances-de-blocos-de-madeira-que-permite-montar-uma-casa-termica-em-15-dias","status":"publish","type":"post","link":"https:\/\/www.correiobraziliense.com.br\/cbradar\/sem-pregos-parafusos-ou-cimento-o-sistema-frances-de-blocos-de-madeira-que-permite-montar-uma-casa-termica-em-15-dias\/","title":{"rendered":"Sem pregos, parafusos ou cimento: o sistema franc\u00eas de blocos de madeira que permite montar uma casa t\u00e9rmica em 15 dias"},"content":{"rendered":"\n<p>O <strong>sistema franc\u00eas de blocos de madeira<\/strong> transforma a constru\u00e7\u00e3o moderna ao criar uma resid\u00eancia t\u00e9rmica em <strong>15 dias<\/strong> sem gerar entulhos industriais. O m\u00e9todo inovador elimina totalmente o uso de argamassa, cimento e ferragens pesadas na etapa de montagem.<\/p>\n\n\n\n<h2 class=\"wp-block-heading\">Como funciona a uni\u00e3o mec\u00e2nica das paredes?<\/h2>\n\n\n\n<p>O m\u00e9todo construtivo desenvolvido na <strong><a href=\"https:\/\/pt.wikipedia.org\/wiki\/Fran%C3%A7a\" target=\"_blank\" rel=\"noreferrer noopener\">Fran\u00e7a<\/a><\/strong> utiliza pe\u00e7as usinadas com alt\u00edssima precis\u00e3o que se conectam perfeitamente atrav\u00e9s de um modelo milenar de carpintaria. O formato geom\u00e9trico em <strong>cauda de andorinha<\/strong> dispensa a necessidade de pregos met\u00e1licos nas uni\u00f5es estruturais.<\/p>\n\n\n\n<p>A press\u00e3o exercida pela pr\u00f3pria massa das paredes trava os componentes vazados uns nos outros de forma r\u00edgida. Essa t\u00e9cnica confere estabilidade absoluta ao edif\u00edcio e simplifica a montagem, que pode ser executada por equipes reduzidas sem maquin\u00e1rio pesado.<\/p>\n\n\n<div class=\"wp-block-image\">\n<figure class=\"aligncenter size-full\"><img decoding=\"async\" width=\"1280\" height=\"720\" src=\"https:\/\/www.correiobraziliense.com.br\/cbradar\/wp-content\/uploads\/2026\/03\/imagem_2026-03-12_184357854.png\" alt=\"Casa de blocos de madeira se encaixando sob a luz do p\u00f4r do sol.\" class=\"wp-image-207654\" srcset=\"https:\/\/www.correiobraziliense.com.br\/cbradar\/wp-content\/uploads\/2026\/03\/imagem_2026-03-12_184357854.png 1280w, https:\/\/www.correiobraziliense.com.br\/cbradar\/wp-content\/uploads\/2026\/03\/imagem_2026-03-12_184357854-300x169.png 300w, https:\/\/www.correiobraziliense.com.br\/cbradar\/wp-content\/uploads\/2026\/03\/imagem_2026-03-12_184357854-768x432.png 768w, https:\/\/www.correiobraziliense.com.br\/cbradar\/wp-content\/uploads\/2026\/03\/imagem_2026-03-12_184357854-750x422.png 750w, https:\/\/www.correiobraziliense.com.br\/cbradar\/wp-content\/uploads\/2026\/03\/imagem_2026-03-12_184357854-1140x641.png 1140w\" sizes=\"(max-width: 1280px) 100vw, 1280px\" \/><figcaption class=\"wp-element-caption\">Casa de blocos de madeira se encaixando sob a luz do p\u00f4r do sol.<\/figcaption><\/figure><\/div>\n\n\n<h2 class=\"wp-block-heading\">O que garante o isolamento t\u00e9rmico sem materiais sint\u00e9ticos?<\/h2>\n\n\n\n<p>Os amplos espa\u00e7os vazios dentro de cada bloco recebem um preenchimento denso feito exclusivamente com serragem limpa e seca. Esse res\u00edduo fibroso natural atua como uma barreira f\u00edsica robusta e muito eficiente contra a intensa troca de calor com o ambiente.<\/p>\n\n\n\n<p>Essa prote\u00e7\u00e3o cont\u00ednua nas superf\u00edcies evita que o calor agrad\u00e1vel escape no inverno e impede o superaquecimento interno durante as esta\u00e7\u00f5es mais quentes. O uso sustent\u00e1vel da serragem assegura um conforto t\u00e9rmico elevado e reduz o gasto constante com energia el\u00e9trica.<\/p>\n\n\n<div class=\"wp-block-image\">\n<figure class=\"aligncenter size-full\"><img decoding=\"async\" width=\"1280\" height=\"720\" src=\"https:\/\/www.correiobraziliense.com.br\/cbradar\/wp-content\/uploads\/2026\/03\/imagem_2026-03-12_184404155.png\" alt=\"Close macro do encaixe perfeito em cauda de andorinha dos blocos\" class=\"wp-image-207656\" srcset=\"https:\/\/www.correiobraziliense.com.br\/cbradar\/wp-content\/uploads\/2026\/03\/imagem_2026-03-12_184404155.png 1280w, https:\/\/www.correiobraziliense.com.br\/cbradar\/wp-content\/uploads\/2026\/03\/imagem_2026-03-12_184404155-300x169.png 300w, https:\/\/www.correiobraziliense.com.br\/cbradar\/wp-content\/uploads\/2026\/03\/imagem_2026-03-12_184404155-768x432.png 768w, https:\/\/www.correiobraziliense.com.br\/cbradar\/wp-content\/uploads\/2026\/03\/imagem_2026-03-12_184404155-750x422.png 750w, https:\/\/www.correiobraziliense.com.br\/cbradar\/wp-content\/uploads\/2026\/03\/imagem_2026-03-12_184404155-1140x641.png 1140w\" sizes=\"(max-width: 1280px) 100vw, 1280px\" \/><figcaption class=\"wp-element-caption\">Close macro do encaixe perfeito em cauda de andorinha dos blocos<\/figcaption><\/figure><\/div>\n\n\n<h2 class=\"wp-block-heading\">Quais s\u00e3o os maiores benef\u00edcios pr\u00e1ticos da montagem a seco?<\/h2>\n\n\n\n<p>A completa aus\u00eancia de cimento, areia e \u00e1gua no canteiro de obras caracteriza uma opera\u00e7\u00e3o estrutural impecavelmente limpa. Esse processo otimizado poupa recursos h\u00eddricos valiosos e elimina os atrasos frequentes causados pelo longo tempo de secagem das alvenarias comuns de tijolo.<\/p>\n\n\n\n<p>A log\u00edstica de transporte eficiente atrai moradores que buscam enorme praticidade para o seu projeto habitacional. Leia atentamente as principais vantagens t\u00e9cnicas proporcionadas por esse modelo inteligente:<\/p>\n\n\n\n<ul class=\"wp-block-list\">\n<li>Redu\u00e7\u00e3o dr\u00e1stica do volume de entulho t\u00f3xico e desperd\u00edcio de insumos.<\/li>\n\n\n\n<li>Montagem extremamente silenciosa que respeita a harmonia da vizinhan\u00e7a local.<\/li>\n\n\n\n<li>Reaproveitamento integral de todas as pe\u00e7as em caso de futura desmontagem.<\/li>\n\n\n\n<li>Isen\u00e7\u00e3o de produtos qu\u00edmicos vol\u00e1teis que prejudicam a qualidade respirat\u00f3ria.<\/li>\n<\/ul>\n\n\n\n<p>No v\u00eddeo a seguir, o perfil do <strong><em>Leandro Guerra<\/em><\/strong>, com mais de 200 mil seguidores, mostra um pouco do sistema:<\/p>\n\n\n\n<blockquote class=\"instagram-media\" data-instgrm-captioned data-instgrm-permalink=\"https:\/\/www.instagram.com\/reel\/DVANYWpDsiZ\/?utm_source=ig_embed&amp;utm_campaign=loading\" data-instgrm-version=\"14\" style=\" background:#FFF; border:0; border-radius:3px; box-shadow:0 0 1px 0 rgba(0,0,0,0.5),0 1px 10px 0 rgba(0,0,0,0.15); margin: 1px; max-width:540px; min-width:326px; padding:0; width:99.375%; width:-webkit-calc(100% - 2px); width:calc(100% - 2px);\"><div style=\"padding:16px;\"> <a href=\"https:\/\/www.instagram.com\/reel\/DVANYWpDsiZ\/?utm_source=ig_embed&amp;utm_campaign=loading\" style=\" background:#FFFFFF; line-height:0; padding:0 0; text-align:center; text-decoration:none; width:100%;\" target=\"_blank\"> <div style=\" display: flex; flex-direction: row; align-items: center;\"> <div style=\"background-color: #F4F4F4; border-radius: 50%; flex-grow: 0; height: 40px; margin-right: 14px; width: 40px;\"><\/div> <div style=\"display: flex; flex-direction: column; flex-grow: 1; justify-content: center;\"> <div style=\" background-color: #F4F4F4; border-radius: 4px; flex-grow: 0; height: 14px; margin-bottom: 6px; width: 100px;\"><\/div> <div style=\" background-color: #F4F4F4; border-radius: 4px; flex-grow: 0; height: 14px; width: 60px;\"><\/div><\/div><\/div><div style=\"padding: 19% 0;\"><\/div> <div style=\"display:block; height:50px; margin:0 auto 12px; width:50px;\"><svg width=\"50px\" height=\"50px\" viewBox=\"0 0 60 60\" version=\"1.1\" xmlns=\"https:\/\/www.w3.org\/2000\/svg\" xmlns:xlink=\"https:\/\/www.w3.org\/1999\/xlink\"><g stroke=\"none\" stroke-width=\"1\" fill=\"none\" fill-rule=\"evenodd\"><g transform=\"translate(-511.000000, -20.000000)\" fill=\"#000000\"><g><path d=\"M556.869,30.41 C554.814,30.41 553.148,32.076 553.148,34.131 C553.148,36.186 554.814,37.852 556.869,37.852 C558.924,37.852 560.59,36.186 560.59,34.131 C560.59,32.076 558.924,30.41 556.869,30.41 M541,60.657 C535.114,60.657 530.342,55.887 530.342,50 C530.342,44.114 535.114,39.342 541,39.342 C546.887,39.342 551.658,44.114 551.658,50 C551.658,55.887 546.887,60.657 541,60.657 M541,33.886 C532.1,33.886 524.886,41.1 524.886,50 C524.886,58.899 532.1,66.113 541,66.113 C549.9,66.113 557.115,58.899 557.115,50 C557.115,41.1 549.9,33.886 541,33.886 M565.378,62.101 C565.244,65.022 564.756,66.606 564.346,67.663 C563.803,69.06 563.154,70.057 562.106,71.106 C561.058,72.155 560.06,72.803 558.662,73.347 C557.607,73.757 556.021,74.244 553.102,74.378 C549.944,74.521 548.997,74.552 541,74.552 C533.003,74.552 532.056,74.521 528.898,74.378 C525.979,74.244 524.393,73.757 523.338,73.347 C521.94,72.803 520.942,72.155 519.894,71.106 C518.846,70.057 518.197,69.06 517.654,67.663 C517.244,66.606 516.755,65.022 516.623,62.101 C516.479,58.943 516.448,57.996 516.448,50 C516.448,42.003 516.479,41.056 516.623,37.899 C516.755,34.978 517.244,33.391 517.654,32.338 C518.197,30.938 518.846,29.942 519.894,28.894 C520.942,27.846 521.94,27.196 523.338,26.654 C524.393,26.244 525.979,25.756 528.898,25.623 C532.057,25.479 533.004,25.448 541,25.448 C548.997,25.448 549.943,25.479 553.102,25.623 C556.021,25.756 557.607,26.244 558.662,26.654 C560.06,27.196 561.058,27.846 562.106,28.894 C563.154,29.942 563.803,30.938 564.346,32.338 C564.756,33.391 565.244,34.978 565.378,37.899 C565.522,41.056 565.552,42.003 565.552,50 C565.552,57.996 565.522,58.943 565.378,62.101 M570.82,37.631 C570.674,34.438 570.167,32.258 569.425,30.349 C568.659,28.377 567.633,26.702 565.965,25.035 C564.297,23.368 562.623,22.342 560.652,21.575 C558.743,20.834 556.562,20.326 553.369,20.18 C550.169,20.033 549.148,20 541,20 C532.853,20 531.831,20.033 528.631,20.18 C525.438,20.326 523.257,20.834 521.349,21.575 C519.376,22.342 517.703,23.368 516.035,25.035 C514.368,26.702 513.342,28.377 512.574,30.349 C511.834,32.258 511.326,34.438 511.181,37.631 C511.035,40.831 511,41.851 511,50 C511,58.147 511.035,59.17 511.181,62.369 C511.326,65.562 511.834,67.743 512.574,69.651 C513.342,71.625 514.368,73.296 516.035,74.965 C517.703,76.634 519.376,77.658 521.349,78.425 C523.257,79.167 525.438,79.673 528.631,79.82 C531.831,79.965 532.853,80.001 541,80.001 C549.148,80.001 550.169,79.965 553.369,79.82 C556.562,79.673 558.743,79.167 560.652,78.425 C562.623,77.658 564.297,76.634 565.965,74.965 C567.633,73.296 568.659,71.625 569.425,69.651 C570.167,67.743 570.674,65.562 570.82,62.369 C570.966,59.17 571,58.147 571,50 C571,41.851 570.966,40.831 570.82,37.631\"><\/path><\/g><\/g><\/g><\/svg><\/div><div style=\"padding-top: 8px;\"> <div style=\" color:#3897f0; font-family:Arial,sans-serif; font-size:14px; font-style:normal; font-weight:550; line-height:18px;\">Ver essa foto no Instagram<\/div><\/div><div style=\"padding: 12.5% 0;\"><\/div> <div style=\"display: flex; flex-direction: row; margin-bottom: 14px; align-items: center;\"><div> <div style=\"background-color: #F4F4F4; border-radius: 50%; height: 12.5px; width: 12.5px; transform: translateX(0px) translateY(7px);\"><\/div> <div style=\"background-color: #F4F4F4; height: 12.5px; transform: rotate(-45deg) translateX(3px) translateY(1px); width: 12.5px; flex-grow: 0; margin-right: 14px; margin-left: 2px;\"><\/div> <div style=\"background-color: #F4F4F4; border-radius: 50%; height: 12.5px; width: 12.5px; transform: translateX(9px) translateY(-18px);\"><\/div><\/div><div style=\"margin-left: 8px;\"> <div style=\" background-color: #F4F4F4; border-radius: 50%; flex-grow: 0; height: 20px; width: 20px;\"><\/div> <div style=\" width: 0; height: 0; border-top: 2px solid transparent; border-left: 6px solid #f4f4f4; border-bottom: 2px solid transparent; transform: translateX(16px) translateY(-4px) rotate(30deg)\"><\/div><\/div><div style=\"margin-left: auto;\"> <div style=\" width: 0px; border-top: 8px solid #F4F4F4; border-right: 8px solid transparent; transform: translateY(16px);\"><\/div> <div style=\" background-color: #F4F4F4; flex-grow: 0; height: 12px; width: 16px; transform: translateY(-4px);\"><\/div> <div style=\" width: 0; height: 0; border-top: 8px solid #F4F4F4; border-left: 8px solid transparent; transform: translateY(-4px) translateX(8px);\"><\/div><\/div><\/div> <div style=\"display: flex; flex-direction: column; flex-grow: 1; justify-content: center; margin-bottom: 24px;\"> <div style=\" background-color: #F4F4F4; border-radius: 4px; flex-grow: 0; height: 14px; margin-bottom: 6px; width: 224px;\"><\/div> <div style=\" background-color: #F4F4F4; border-radius: 4px; flex-grow: 0; height: 14px; width: 144px;\"><\/div><\/div><\/a><p style=\" color:#c9c8cd; font-family:Arial,sans-serif; font-size:14px; line-height:17px; margin-bottom:0; margin-top:8px; overflow:hidden; padding:8px 0 7px; text-align:center; text-overflow:ellipsis; white-space:nowrap;\"><a href=\"https:\/\/www.instagram.com\/reel\/DVANYWpDsiZ\/?utm_source=ig_embed&amp;utm_campaign=loading\" style=\" color:#c9c8cd; font-family:Arial,sans-serif; font-size:14px; font-style:normal; font-weight:normal; line-height:17px; text-decoration:none;\" target=\"_blank\">Um post compartilhado por Leandro Guerra (@fazteufuturo)<\/a><\/p><\/div><\/blockquote>\n<script async src=\"\/\/www.instagram.com\/embed.js\"><\/script>\n\n\n\n<p>Leia tamb\u00e9m: <a href=\"https:\/\/www.correiobraziliense.com.br\/cbradar\/o-verdadeiro-significado-de-esconder-um-potinho-com-cristais-brancos-de-tempero-atras-da-porta\/\" target=\"_blank\" rel=\"noreferrer noopener\">O verdadeiro significado de esconder um potinho com cristais brancos de tempero atr\u00e1s da porta<\/a><\/p>\n\n\n\n<h2 class=\"wp-block-heading\">Como o sistema franc\u00eas de blocos de madeira suporta ventos severos?<\/h2>\n\n\n\n<p>O travamento mec\u00e2nico cria uma redoma incrivelmente r\u00edgida que distribui a for\u00e7a bruta das rajadas de vento de maneira uniforme. A elasticidade caracter\u00edstica do material org\u00e2nico absorve impactos intensos e tremores de terra sem apresentar rachaduras perigosas ao longo do tempo.<\/p>\n\n\n\n<p>O excelente desempenho arquitet\u00f4nico atende aos rigorosos padr\u00f5es de seguran\u00e7a exigidos pelo <strong><a href=\"https:\/\/passiv.de\/\" target=\"_blank\" rel=\"noreferrer noopener\">Passivhaus Institut<\/a><\/strong>. A chancela internacional atesta a imensa durabilidade contra fatores clim\u00e1ticos extremos, tempestades repentinas e varia\u00e7\u00f5es bruscas de umidade no ar.<\/p>\n\n\n\n<h3 class=\"wp-block-heading\">\u00c9 obrigat\u00f3rio construir uma funda\u00e7\u00e3o tradicional de cimento?<\/h3>\n\n\n\n<p>A leveza do conjunto estrutural dispensa sapatas profundas de concreto armado na grande maioria dos terrenos rurais e urbanos. Bases elevadas sobre fortes estacas met\u00e1licas niveladoras suportam o peso total da resid\u00eancia com facilidade e protegem o assoalho contra infiltra\u00e7\u00f5es pluviais.<\/p>\n\n\n\n<p>O pequeno distanciamento do solo cria um v\u00e3o livre e ventilado que afasta insetos rasteiros e preserva as qualidades t\u00e9rmicas do piso inferior intactas. Esse afastamento estrat\u00e9gico garante prote\u00e7\u00e3o extra contra alagamentos e o ac\u00famulo indesejado de vapores \u00famidos prejudiciais.<\/p>\n\n\n\n<h2 class=\"wp-block-heading\">Como o tratamento org\u00e2nico protege contra pragas comuns?<\/h2>\n\n\n\n<p>A integridade f\u00edsica dos m\u00f3dulos vazados depende de um processo rigoroso de secagem em fornos industriais controlados. A retirada minuciosa da seiva natural torna o ambiente hostil e indigesto para infesta\u00e7\u00f5es severas de cupins e fungos que causam apodrecimento celular.<\/p>\n\n\n\n<p>Tratamentos de superf\u00edcie baseados em \u00f3leos vegetais nutritivos criam uma pel\u00edcula impermeabilizante segura contra chuvas laterais constantes. A manuten\u00e7\u00e3o b\u00e1sica preventiva exige apenas reaplica\u00e7\u00f5es anuais peri\u00f3dicas desses selantes naturais para manter a beleza r\u00fastica e a fun\u00e7\u00e3o hidrof\u00f3bica intactas.<\/p>\n\n\n<div class=\"wp-block-image\">\n<figure class=\"aligncenter size-full\"><img decoding=\"async\" width=\"1280\" height=\"720\" src=\"https:\/\/www.correiobraziliense.com.br\/cbradar\/wp-content\/uploads\/2026\/03\/imagem_2026-03-12_184417872.png\" alt=\"Vis\u00e3o do morador montando a base da casa sobre estacas met\u00e1licas.\" class=\"wp-image-207655\" srcset=\"https:\/\/www.correiobraziliense.com.br\/cbradar\/wp-content\/uploads\/2026\/03\/imagem_2026-03-12_184417872.png 1280w, https:\/\/www.correiobraziliense.com.br\/cbradar\/wp-content\/uploads\/2026\/03\/imagem_2026-03-12_184417872-300x169.png 300w, https:\/\/www.correiobraziliense.com.br\/cbradar\/wp-content\/uploads\/2026\/03\/imagem_2026-03-12_184417872-768x432.png 768w, https:\/\/www.correiobraziliense.com.br\/cbradar\/wp-content\/uploads\/2026\/03\/imagem_2026-03-12_184417872-750x422.png 750w, https:\/\/www.correiobraziliense.com.br\/cbradar\/wp-content\/uploads\/2026\/03\/imagem_2026-03-12_184417872-1140x641.png 1140w\" sizes=\"(max-width: 1280px) 100vw, 1280px\" \/><figcaption class=\"wp-element-caption\">Vis\u00e3o do morador montando a base da casa sobre estacas met\u00e1licas.<\/figcaption><\/figure><\/div>\n\n\n<h2 class=\"wp-block-heading\">Por que essa t\u00e9cnica modular define a arquitetura respons\u00e1vel?<\/h2>\n\n\n\n<p>A substitui\u00e7\u00e3o completa de minerais poluentes por recursos vegetais renov\u00e1veis marca um avan\u00e7o humano definitivo na engenharia habitacional civil. Erguer tetos s\u00f3lidos em prazos t\u00e3o curtos devolve tempo valioso \u00e0s fam\u00edlias e diminui drasticamente o rastro de carbono da civiliza\u00e7\u00e3o.<\/p>\n\n\n\n<p>A perfeita harmonia entre o design sim\u00e9trico e a reten\u00e7\u00e3o t\u00e9rmica prova que morar de forma luxuosa n\u00e3o exige danos irrevers\u00edveis aos ecossistemas. O constante avan\u00e7o tecnol\u00f3gico oferece autonomia absoluta para quem busca propriedades totalmente independentes e ecologicamente corretas em qualquer regi\u00e3o.<\/p>\n","protected":false},"excerpt":{"rendered":"<p>O sistema franc\u00eas de blocos de madeira transforma a constru\u00e7\u00e3o moderna ao criar uma resid\u00eancia t\u00e9rmica em 15 dias sem gerar entulhos industriais. O m\u00e9todo inovador elimina totalmente o uso de argamassa, cimento e ferragens pesadas na etapa de montagem. Como funciona a uni\u00e3o mec\u00e2nica das paredes? O m\u00e9todo construtivo desenvolvido na Fran\u00e7a utiliza pe\u00e7as [&hellip;]<\/p>\n","protected":false},"author":11,"featured_media":208361,"comment_status":"open","ping_status":"open","sticky":false,"template":"","format":"standard","meta":{"_yoast_wpseo_focuskw":"sistema franc\u00eas de blocos de madeira","_yoast_wpseo_title":"","_yoast_wpseo_metadesc":"Uma t\u00e9cnica de montagem modular sem argamassa ergue resid\u00eancias isoladas termicamente de forma r\u00e1pida, limpa e altamente resistente a fatores clim\u00e1ticos.","jnews-multi-image_gallery":[],"jnews_single_post":{"format":"standard"},"jnews_primary_category":[],"jnews_social_meta":[],"jnews_override_counter":[],"footnotes":""},"categories":[143],"tags":[549,11541,490,14124],"class_list":["post-207652","post","type-post","status-publish","format-standard","has-post-thumbnail","hentry","category-casa-e-decoracao","tag-arquitetura","tag-construcao","tag-inovacao","tag-obra"],"yoast_head":"<!-- This site is optimized with the Yoast SEO plugin v24.6 - https:\/\/yoast.com\/wordpress\/plugins\/seo\/ -->\n<title>Sem pregos, parafusos ou cimento: o sistema franc\u00eas de blocos de madeira que permite montar uma casa t\u00e9rmica em 15 dias - Correio Braziliense - Radar<\/title>\n<meta name=\"description\" content=\"Uma t\u00e9cnica de montagem modular sem argamassa ergue resid\u00eancias isoladas termicamente de forma r\u00e1pida, limpa e altamente resistente a fatores clim\u00e1ticos.\" \/>\n<meta name=\"robots\" content=\"index, follow, max-snippet:-1, max-image-preview:large, max-video-preview:-1\" \/>\n<link rel=\"canonical\" href=\"https:\/\/www.correiobraziliense.com.br\/cbradar\/sem-pregos-parafusos-ou-cimento-o-sistema-frances-de-blocos-de-madeira-que-permite-montar-uma-casa-termica-em-15-dias\/\" \/>\n<meta property=\"og:locale\" content=\"pt_BR\" \/>\n<meta property=\"og:type\" content=\"article\" \/>\n<meta property=\"og:title\" content=\"Sem pregos, parafusos ou cimento: o sistema franc\u00eas de blocos de madeira que permite montar uma casa t\u00e9rmica em 15 dias - Correio Braziliense - Radar\" \/>\n<meta property=\"og:description\" content=\"Uma t\u00e9cnica de montagem modular sem argamassa ergue resid\u00eancias isoladas termicamente de forma r\u00e1pida, limpa e altamente resistente a fatores clim\u00e1ticos.\" \/>\n<meta property=\"og:url\" content=\"https:\/\/www.correiobraziliense.com.br\/cbradar\/sem-pregos-parafusos-ou-cimento-o-sistema-frances-de-blocos-de-madeira-que-permite-montar-uma-casa-termica-em-15-dias\/\" \/>\n<meta property=\"og:site_name\" content=\"Correio Braziliense - Radar\" \/>\n<meta property=\"article:published_time\" content=\"2026-03-15T19:55:00+00:00\" \/>\n<meta property=\"og:image\" content=\"https:\/\/www.correiobraziliense.com.br\/cbradar\/wp-content\/uploads\/2026\/03\/imagem_2026-03-13_212938553.png\" \/>\n\t<meta property=\"og:image:width\" content=\"1280\" \/>\n\t<meta property=\"og:image:height\" content=\"720\" \/>\n\t<meta property=\"og:image:type\" content=\"image\/png\" \/>\n<meta name=\"author\" content=\"Paulo Custodio\" \/>\n<meta name=\"twitter:card\" content=\"summary_large_image\" \/>\n<meta name=\"twitter:label1\" content=\"Escrito por\" \/>\n\t<meta name=\"twitter:data1\" content=\"Paulo Custodio\" \/>\n\t<meta name=\"twitter:label2\" content=\"Est. tempo de leitura\" \/>\n\t<meta name=\"twitter:data2\" content=\"6 minutos\" \/>\n<!-- \/ Yoast SEO plugin. -->","yoast_head_json":{"title":"Sem pregos, parafusos ou cimento: o sistema franc\u00eas de blocos de madeira que permite montar uma casa t\u00e9rmica em 15 dias - Correio Braziliense - Radar","description":"Uma t\u00e9cnica de montagem modular sem argamassa ergue resid\u00eancias isoladas termicamente de forma r\u00e1pida, limpa e altamente resistente a fatores clim\u00e1ticos.","robots":{"index":"index","follow":"follow","max-snippet":"max-snippet:-1","max-image-preview":"max-image-preview:large","max-video-preview":"max-video-preview:-1"},"canonical":"https:\/\/www.correiobraziliense.com.br\/cbradar\/sem-pregos-parafusos-ou-cimento-o-sistema-frances-de-blocos-de-madeira-que-permite-montar-uma-casa-termica-em-15-dias\/","og_locale":"pt_BR","og_type":"article","og_title":"Sem pregos, parafusos ou cimento: o sistema franc\u00eas de blocos de madeira que permite montar uma casa t\u00e9rmica em 15 dias - Correio Braziliense - Radar","og_description":"Uma t\u00e9cnica de montagem modular sem argamassa ergue resid\u00eancias isoladas termicamente de forma r\u00e1pida, limpa e altamente resistente a fatores clim\u00e1ticos.","og_url":"https:\/\/www.correiobraziliense.com.br\/cbradar\/sem-pregos-parafusos-ou-cimento-o-sistema-frances-de-blocos-de-madeira-que-permite-montar-uma-casa-termica-em-15-dias\/","og_site_name":"Correio Braziliense - Radar","article_published_time":"2026-03-15T19:55:00+00:00","og_image":[{"width":1280,"height":720,"url":"https:\/\/www.correiobraziliense.com.br\/cbradar\/wp-content\/uploads\/2026\/03\/imagem_2026-03-13_212938553.png","type":"image\/png"}],"author":"Paulo Custodio","twitter_card":"summary_large_image","twitter_misc":{"Escrito por":"Paulo Custodio","Est. tempo de leitura":"6 minutos"},"schema":{"@context":"https:\/\/schema.org","@graph":[{"@type":"WebPage","@id":"https:\/\/www.correiobraziliense.com.br\/cbradar\/sem-pregos-parafusos-ou-cimento-o-sistema-frances-de-blocos-de-madeira-que-permite-montar-uma-casa-termica-em-15-dias\/","url":"https:\/\/www.correiobraziliense.com.br\/cbradar\/sem-pregos-parafusos-ou-cimento-o-sistema-frances-de-blocos-de-madeira-que-permite-montar-uma-casa-termica-em-15-dias\/","name":"Sem pregos, parafusos ou cimento: o sistema franc\u00eas de blocos de madeira que permite montar uma casa t\u00e9rmica em 15 dias - Correio Braziliense - Radar","isPartOf":{"@id":"https:\/\/www.correiobraziliense.com.br\/cbradar\/#website"},"primaryImageOfPage":{"@id":"https:\/\/www.correiobraziliense.com.br\/cbradar\/sem-pregos-parafusos-ou-cimento-o-sistema-frances-de-blocos-de-madeira-que-permite-montar-uma-casa-termica-em-15-dias\/#primaryimage"},"image":{"@id":"https:\/\/www.correiobraziliense.com.br\/cbradar\/sem-pregos-parafusos-ou-cimento-o-sistema-frances-de-blocos-de-madeira-que-permite-montar-uma-casa-termica-em-15-dias\/#primaryimage"},"thumbnailUrl":"https:\/\/www.correiobraziliense.com.br\/cbradar\/wp-content\/uploads\/2026\/03\/imagem_2026-03-13_212938553.png","datePublished":"2026-03-15T19:55:00+00:00","author":{"@id":"https:\/\/www.correiobraziliense.com.br\/cbradar\/#\/schema\/person\/4cec7857301a9a1a2ef249893cd908d3"},"description":"Uma t\u00e9cnica de montagem modular sem argamassa ergue resid\u00eancias isoladas termicamente de forma r\u00e1pida, limpa e altamente resistente a fatores clim\u00e1ticos.","breadcrumb":{"@id":"https:\/\/www.correiobraziliense.com.br\/cbradar\/sem-pregos-parafusos-ou-cimento-o-sistema-frances-de-blocos-de-madeira-que-permite-montar-uma-casa-termica-em-15-dias\/#breadcrumb"},"inLanguage":"pt-BR","potentialAction":[{"@type":"ReadAction","target":["https:\/\/www.correiobraziliense.com.br\/cbradar\/sem-pregos-parafusos-ou-cimento-o-sistema-frances-de-blocos-de-madeira-que-permite-montar-uma-casa-termica-em-15-dias\/"]}]},{"@type":"ImageObject","inLanguage":"pt-BR","@id":"https:\/\/www.correiobraziliense.com.br\/cbradar\/sem-pregos-parafusos-ou-cimento-o-sistema-frances-de-blocos-de-madeira-que-permite-montar-uma-casa-termica-em-15-dias\/#primaryimage","url":"https:\/\/www.correiobraziliense.com.br\/cbradar\/wp-content\/uploads\/2026\/03\/imagem_2026-03-13_212938553.png","contentUrl":"https:\/\/www.correiobraziliense.com.br\/cbradar\/wp-content\/uploads\/2026\/03\/imagem_2026-03-13_212938553.png","width":1280,"height":720,"caption":"Trabalhador preenchendo o bloco de madeira com serragem isolante."},{"@type":"BreadcrumbList","@id":"https:\/\/www.correiobraziliense.com.br\/cbradar\/sem-pregos-parafusos-ou-cimento-o-sistema-frances-de-blocos-de-madeira-que-permite-montar-uma-casa-termica-em-15-dias\/#breadcrumb","itemListElement":[{"@type":"ListItem","position":1,"name":"In\u00edcio","item":"https:\/\/www.correiobraziliense.com.br\/cbradar\/"},{"@type":"ListItem","position":2,"name":"Sem pregos, parafusos ou cimento: o sistema franc\u00eas de blocos de madeira que permite montar uma casa t\u00e9rmica em 15 dias"}]},{"@type":"WebSite","@id":"https:\/\/www.correiobraziliense.com.br\/cbradar\/#website","url":"https:\/\/www.correiobraziliense.com.br\/cbradar\/","name":"Correio Braziliense - Radar","description":"Acompanhe as \u00faltimas not\u00edcias e fique bem informado sobre tudo o que acontece no Brasil e no mundo.","potentialAction":[{"@type":"SearchAction","target":{"@type":"EntryPoint","urlTemplate":"https:\/\/www.correiobraziliense.com.br\/cbradar\/?s={search_term_string}"},"query-input":{"@type":"PropertyValueSpecification","valueRequired":true,"valueName":"search_term_string"}}],"inLanguage":"pt-BR"},{"@type":"Person","@id":"https:\/\/www.correiobraziliense.com.br\/cbradar\/#\/schema\/person\/4cec7857301a9a1a2ef249893cd908d3","name":"Paulo Custodio","image":{"@type":"ImageObject","inLanguage":"pt-BR","@id":"https:\/\/www.correiobraziliense.com.br\/cbradar\/#\/schema\/person\/image\/","url":"https:\/\/secure.gravatar.com\/avatar\/bcd67168d1534e8fcf4f45c726a87cea?s=96&d=mm&r=g","contentUrl":"https:\/\/secure.gravatar.com\/avatar\/bcd67168d1534e8fcf4f45c726a87cea?s=96&d=mm&r=g","caption":"Paulo Custodio"},"sameAs":["https:\/\/www.correiobraziliense.com.br\/cbradar"],"url":"https:\/\/www.correiobraziliense.com.br\/cbradar\/author\/paulomyth\/"}]}},"_links":{"self":[{"href":"https:\/\/www.correiobraziliense.com.br\/cbradar\/wp-json\/wp\/v2\/posts\/207652","targetHints":{"allow":["GET"]}}],"collection":[{"href":"https:\/\/www.correiobraziliense.com.br\/cbradar\/wp-json\/wp\/v2\/posts"}],"about":[{"href":"https:\/\/www.correiobraziliense.com.br\/cbradar\/wp-json\/wp\/v2\/types\/post"}],"author":[{"embeddable":true,"href":"https:\/\/www.correiobraziliense.com.br\/cbradar\/wp-json\/wp\/v2\/users\/11"}],"replies":[{"embeddable":true,"href":"https:\/\/www.correiobraziliense.com.br\/cbradar\/wp-json\/wp\/v2\/comments?post=207652"}],"version-history":[{"count":2,"href":"https:\/\/www.correiobraziliense.com.br\/cbradar\/wp-json\/wp\/v2\/posts\/207652\/revisions"}],"predecessor-version":[{"id":208362,"href":"https:\/\/www.correiobraziliense.com.br\/cbradar\/wp-json\/wp\/v2\/posts\/207652\/revisions\/208362"}],"wp:featuredmedia":[{"embeddable":true,"href":"https:\/\/www.correiobraziliense.com.br\/cbradar\/wp-json\/wp\/v2\/media\/208361"}],"wp:attachment":[{"href":"https:\/\/www.correiobraziliense.com.br\/cbradar\/wp-json\/wp\/v2\/media?parent=207652"}],"wp:term":[{"taxonomy":"category","embeddable":true,"href":"https:\/\/www.correiobraziliense.com.br\/cbradar\/wp-json\/wp\/v2\/categories?post=207652"},{"taxonomy":"post_tag","embeddable":true,"href":"https:\/\/www.correiobraziliense.com.br\/cbradar\/wp-json\/wp\/v2\/tags?post=207652"}],"curies":[{"name":"wp","href":"https:\/\/api.w.org\/{rel}","templated":true}]}}