{"id":207653,"date":"2026-03-13T06:05:00","date_gmt":"2026-03-13T09:05:00","guid":{"rendered":"https:\/\/www.correiobraziliense.com.br\/cbradar\/?p=207653"},"modified":"2026-03-12T20:07:21","modified_gmt":"2026-03-12T23:07:21","slug":"burnout-materno-pode-ir-alem-do-cansaco-e-afetar-a-saude-mental-das-maes","status":"publish","type":"post","link":"https:\/\/www.correiobraziliense.com.br\/cbradar\/burnout-materno-pode-ir-alem-do-cansaco-e-afetar-a-saude-mental-das-maes\/","title":{"rendered":"Burnout materno pode ir al\u00e9m do cansa\u00e7o e afetar a sa\u00fade mental das m\u00e3es"},"content":{"rendered":"\n<p>O burnout materno \u00e9 um estado de esgotamento f\u00edsico, emocional e mental enfrentado por muitas m\u00e3es, associado \u00e0s m\u00faltiplas demandas da maternidade. Embora o conceito de burnout tenha sido inicialmente ligado ao contexto profissional, a carga acumulada de responsabilidades que uma m\u00e3e enfrenta pode resultar nesse tipo espec\u00edfico de esgotamento, que ultrapassa o cansa\u00e7o comum e afeta toda a fam\u00edlia.<\/p>\n\n\n\n<h2 class=\"wp-block-heading\">Quais s\u00e3o as principais causas do esgotamento materno?<\/h2>\n\n\n\n<p>O burnout materno pode atingir tanto m\u00e3es que trabalham fora quanto aquelas que se dedicam exclusivamente ao cuidado dos filhos. A sobrecarga cont\u00ednua, o estresse persistente e a falta de tempo para o autocuidado est\u00e3o entre os fatores que mais contribuem para esse quadro.<\/p>\n\n\n\n<p>Al\u00e9m disso, a aus\u00eancia de uma rede de apoio eficaz e a press\u00e3o para corresponder a padr\u00f5es elevados de maternidade agravam significativamente a situa\u00e7\u00e3o. Expectativas r\u00edgidas, medo de julgamento e idealiza\u00e7\u00f5es irreais tornam o dia a dia ainda mais pesado para muitas m\u00e3es.<\/p>\n\n\n\n<p>Para compreender melhor <strong>como reconhecer os sinais de burnout<\/strong>, assista ao v\u00eddeo a seguir, no qual o especialista explica o assunto de forma clara e did\u00e1tica no canal respons\u00e1vel pelo conte\u00fado. Eu n\u00e3o consegui confirmar com seguran\u00e7a o nome do profissional nem o canal desse v\u00eddeo espec\u00edfico.<\/p>\n\n\n\n<iframe loading=\"lazy\" width=\"1396\" height=\"785\" src=\"https:\/\/www.youtube.com\/embed\/Eqjqwrm1mfA\" title=\"Burnout: como reconhecer os sinais?\" frameborder=\"0\" allow=\"accelerometer; autoplay; clipboard-write; encrypted-media; gyroscope; picture-in-picture; web-share\" referrerpolicy=\"strict-origin-when-cross-origin\" allowfullscreen><\/iframe>\n\n\n\n<h2 class=\"wp-block-heading\">Quais s\u00e3o os sintomas do burnout materno?<\/h2>\n\n\n\n<p>Os sintomas do burnout materno variam de mulher para mulher, mas costumam envolver um profundo sentimento de exaust\u00e3o e a sensa\u00e7\u00e3o de incapacidade para lidar com as demandas di\u00e1rias. Muitas m\u00e3es relatam tamb\u00e9m perda de interesse em atividades antes prazerosas, aumento da irritabilidade e sentimentos intensos de culpa e insufici\u00eancia.<\/p>\n\n\n\n<p>Conhecer esses sinais ajuda a identificar o problema mais cedo e buscar ajuda adequada. A seguir, est\u00e3o alguns dos sintomas mais comuns relatados por m\u00e3es que vivenciam o burnout materno:<\/p>\n\n\n\n<style>\n  .make-wrap{\n    max-width: 760px;\n    margin: 26px auto;\n    padding: 18px;\n    border-radius: 18px;\n    background: linear-gradient(135deg,#fff7fb 0%,#f6f2ff 100%);\n    border: 1px solid #f7d4ea;\n    box-shadow: 0 8px 20px rgba(236,72,153,.12);\n    font-family: system-ui, -apple-system, Segoe UI, Roboto, Helvetica, Arial, sans-serif;\n  }\n\n  .make-title{\n    display:flex; \n    align-items:center; \n    gap:10px;\n    margin:0 0 12px 4px;\n    font-size:1.2rem; \n    font-weight:900; \n    color:#9d174d;\n  }\n\n  .make-table{\n    width:100%;\n    border-collapse:separate;\n    border-spacing:0;\n    overflow:hidden;\n    border-radius:16px;\n    border:1px solid #f7d4ea;\n    background:#fff;\n    font-size:.92rem;\n  }\n\n  .make-table thead th{\n    background:linear-gradient(90deg,#fde7f3 0%,#f8e9ff 100%);\n    padding:12px;\n    color:#7a1e63;\n    font-weight:800;\n    text-align:left;\n    border-bottom:1px solid #f7d4ea;\n  }\n\n  .make-table tbody td{\n    padding:12px;\n    color:#374151;\n    vertical-align:top;\n    border-bottom:1px dashed #f7d4ea;\n  }\n\n  .make-table tbody tr:nth-child(odd){\n    background:#fffaff;\n  }\n\n  .price{\n    display:inline-flex;\n    align-items:center;\n    background:#fff7ed;\n    color:#b45309;\n    padding:6px 10px;\n    border-radius:10px;\n    border:1px solid #fed7aa;\n    font-weight:700;\n    white-space:nowrap;\n  }\n\n  .badge{\n    display:inline-block;\n    background:#fde7f3;\n    color:#c026d3;\n    border:1px solid #fecdd3;\n    padding:4px 10px;\n    border-radius:999px;\n    font-weight:700;\n    font-size:.78rem;\n  }\n\n  @media (max-width:720px){\n    .make-table thead{display:none}\n    .make-table, .make-table tbody, .make-table tr, .make-table td{\n      display:block; \n      width:100%;\n    }\n    .make-table tr{\n      margin-bottom:12px;\n      border:1px solid #f7d4ea;\n      border-radius:14px;\n      overflow:hidden;\n      background:#fff;\n    }\n    .make-table td[data-label]:before{\n      content:attr(data-label);\n      display:block;\n      font-weight:800;\n      color:#7a1e63;\n      margin-bottom:4px;\n    }\n    .make-table tbody td:last-child{border-bottom:none}\n  }\n<\/style>\n\n<div class=\"make-wrap\">\n  <h3 class=\"make-title\">\ud83e\udde0\ud83d\udc97 Sinais de Esgotamento Emocional na Maternidade<\/h3>\n\n  <table class=\"make-table\">\n    <thead>\n      <tr>\n        <th>Sintoma<\/th>\n      <\/tr>\n    <\/thead>\n    <tbody>\n      <tr>\n        <td data-label=\"Sintoma\">Fadiga extrema e cansa\u00e7o persistente<\/td>\n      <\/tr>\n      <tr>\n        <td data-label=\"Sintoma\">Dificuldades de concentra\u00e7\u00e3o e lapsos de mem\u00f3ria<\/td>\n      <\/tr>\n      <tr>\n        <td data-label=\"Sintoma\">Sentimentos de desapego ou distanciamento em rela\u00e7\u00e3o aos filhos<\/td>\n      <\/tr>\n      <tr>\n        <td data-label=\"Sintoma\">Aumento da irritabilidade, frustra\u00e7\u00e3o e explos\u00f5es emocionais<\/td>\n      <\/tr>\n      <tr>\n        <td data-label=\"Sintoma\">Sentimento de insufici\u00eancia pessoal, culpa e autocr\u00edtica exagerada<\/td>\n      <\/tr>\n    <\/tbody>\n  <\/table>\n\n  <p style=\"margin-top:14px; color:#6b7280; font-size:.9rem;\">\n    \ud83d\udca1 <strong>Dica:<\/strong> Reconhecer esses sinais \u00e9 o primeiro passo para buscar apoio emocional e cuidar da sa\u00fade mental.\n  <\/p>\n<\/div>\n\n\n\n\n<h2 class=\"wp-block-heading\">Como lidar com o burnout materno na pr\u00e1tica?<\/h2>\n\n\n\n<p>Enfrentar o burnout materno exige tanto atitudes pr\u00e1ticas quanto cuidado emocional. O primeiro passo \u00e9 reconhecer que o problema existe e que nenhuma m\u00e3e precisa dar conta de tudo sozinha. Buscar acolhimento e falar sobre o que est\u00e1 sentindo j\u00e1 traz al\u00edvio e abre caminhos para mudan\u00e7as reais.<\/p>\n\n\n\n<p>Adotar estrat\u00e9gias de cuidado e organiza\u00e7\u00e3o pode reduzir a sobrecarga do dia a dia. Veja algumas a\u00e7\u00f5es que podem ajudar a manejar melhor o burnout e construir uma rotina mais sustent\u00e1vel:<\/p>\n\n\n\n<ol class=\"wp-block-list\">\n<li>Buscar ajuda profissional: consultar um terapeuta pode ajudar a compreender e gerenciar melhor o burnout.<\/li>\n\n\n\n<li>Construir uma rede de apoio: contar com amigos, familiares ou grupos de apoio pode aliviar a sensa\u00e7\u00e3o de isolamento.<\/li>\n\n\n\n<li>Priorizar o autocuidado: pequenos momentos di\u00e1rios dedicados exclusivamente a si podem fazer uma diferen\u00e7a significativa.<\/li>\n\n\n\n<li>Estabelecer limites: aprender a dizer n\u00e3o sem culpa pode ajudar a reduzir a sobrecarga.<\/li>\n<\/ol>\n\n\n<div class=\"wp-block-image\">\n<figure class=\"aligncenter size-large\"><img decoding=\"async\" width=\"1024\" height=\"576\" src=\"https:\/\/www.correiobraziliense.com.br\/cbradar\/wp-content\/uploads\/2025\/09\/Burnout_1757212025671-1024x576.jpg\" alt=\"\" class=\"wp-image-99728\" srcset=\"https:\/\/www.correiobraziliense.com.br\/cbradar\/wp-content\/uploads\/2025\/09\/Burnout_1757212025671-1024x576.jpg 1024w, https:\/\/www.correiobraziliense.com.br\/cbradar\/wp-content\/uploads\/2025\/09\/Burnout_1757212025671-300x169.jpg 300w, https:\/\/www.correiobraziliense.com.br\/cbradar\/wp-content\/uploads\/2025\/09\/Burnout_1757212025671-768x432.jpg 768w, https:\/\/www.correiobraziliense.com.br\/cbradar\/wp-content\/uploads\/2025\/09\/Burnout_1757212025671-750x422.jpg 750w, https:\/\/www.correiobraziliense.com.br\/cbradar\/wp-content\/uploads\/2025\/09\/Burnout_1757212025671-1140x641.jpg 1140w, https:\/\/www.correiobraziliense.com.br\/cbradar\/wp-content\/uploads\/2025\/09\/Burnout_1757212025671.jpg 1280w\" sizes=\"(max-width: 1024px) 100vw, 1024px\" \/><figcaption class=\"wp-element-caption\">Burnout &#8211; Cr\u00e9ditos: depositphotos.com \/ HayDmitriy<\/figcaption><\/figure><\/div>\n\n\n<h2 class=\"wp-block-heading\">Por que buscar ajuda para burnout materno \u00e9 fundamental?<\/h2>\n\n\n\n<p>Muitas m\u00e3es enfrentam o burnout em sil\u00eancio, acreditando que pedir ajuda \u00e9 sinal de fraqueza, mas \u00e9 exatamente o contr\u00e1rio: procurar apoio \u00e9 um ato de coragem e cuidado consigo mesma. Profissionais como psic\u00f3logos e terapeutas podem oferecer ferramentas para lidar com o estresse, reorganizar prioridades e reconstruir o bem-estar emocional.<\/p>\n\n\n\n<p>Ao reconhecer os sinais e agir, a m\u00e3e protege n\u00e3o apenas a pr\u00f3pria sa\u00fade f\u00edsica e mental, mas tamb\u00e9m a din\u00e2mica familiar como um todo. A maternidade n\u00e3o precisa ser um fardo solit\u00e1rio: compartilhar responsabilidades, pedir ajuda e falar sobre o que sente s\u00e3o passos essenciais para prevenir e superar o burnout materno.<\/p>\n\n\n<a href=\"https:\/\/www.instagram.com\/dra.annaluisabf\/\" target=\"_blank\" rel=\"noopener\" style=\"text-decoration: none; color: inherit;\">\n    <span style=\"display: inline-block; border: 1px solid #ccc; border-radius: 10px; padding: 15px; max-width: 550px; font-family: sans-serif; box-shadow: 0 2px 5px rgba(0,0,0,0.1); width: 100%;\">\n\n      <!-- T\u00edtulo -->\n      <span style=\"display: block; margin: 0 0 15px 0; font-weight: bold; color: #2c3e50; text-align: center;\">\n        Entre em contato:\n      <\/span>\n\n      <!-- Linha do perfil -->\n      <span style=\"display: flex; align-items: center; gap: 15px;\">\n        <img decoding=\"async\"\n          src=\"https:\/\/www.correiobraziliense.com.br\/cbradar\/wp-content\/uploads\/2025\/08\/dra_anna_luisa.jpeg\"\n          alt=\"Foto da Dra. Anna Lu\u00edsa\"\n          style=\"border-radius: 50%; width: 80px; height: 80px; object-fit: cover;\"\n        \/>\n        <span style=\"display: flex; flex-direction: column;\">\n          <span style=\"font-size: 18px; font-weight: 700; color: #2c3e50;\">Dra. Anna Lu\u00edsa Barbosa Fernandes<\/span>\n          <span style=\"color: #555;\">CRM-GO 33.271<\/span>\n        <\/span>\n      <\/span>\n\n      <!-- Redes -->\n      <span style=\"display: flex; align-items: center; gap: 10px; margin-top: 12px;\">\n        <img decoding=\"async\" src=\"https:\/\/cdn-icons-png.flaticon.com\/24\/1384\/1384063.png\" alt=\"Instagram\" width=\"24\" height=\"24\" \/>\n        <span style=\"text-decoration: underline; color: #2c3e50;\">@dra.annaluisabf<\/span>\n      <\/span>\n\n    <\/span>\n  <\/a>","protected":false},"excerpt":{"rendered":"<p>O burnout materno \u00e9 um estado de esgotamento f\u00edsico, emocional e mental enfrentado por muitas m\u00e3es, associado \u00e0s m\u00faltiplas demandas da maternidade. Embora o conceito de burnout tenha sido inicialmente ligado ao contexto profissional, a carga acumulada de responsabilidades que uma m\u00e3e enfrenta pode resultar nesse tipo espec\u00edfico de esgotamento, que ultrapassa o cansa\u00e7o comum [&hellip;]<\/p>\n","protected":false},"author":14,"featured_media":99725,"comment_status":"open","ping_status":"open","sticky":false,"template":"","format":"standard","meta":{"_yoast_wpseo_focuskw":"Burnout materno","_yoast_wpseo_title":"","_yoast_wpseo_metadesc":"Burnout materno causa esgotamento f\u00edsico e emocional em muitas m\u00e3es. Veja os sinais e como buscar ajuda.","jnews-multi-image_gallery":[],"jnews_single_post":{"format":"standard"},"jnews_primary_category":[],"jnews_social_meta":[],"jnews_override_counter":[],"footnotes":""},"categories":[4404],"tags":[120,247,1318],"class_list":["post-207653","post","type-post","status-publish","format-standard","has-post-thumbnail","hentry","category-saude","tag-bem-estar","tag-qualidade-de-vida","tag-saude-2"],"yoast_head":"<!-- This site is optimized with the Yoast SEO plugin v24.6 - https:\/\/yoast.com\/wordpress\/plugins\/seo\/ -->\n<title>Burnout materno pode ir al\u00e9m do cansa\u00e7o e afetar a sa\u00fade mental das m\u00e3es - Correio Braziliense - Radar<\/title>\n<meta name=\"description\" content=\"Burnout materno causa esgotamento f\u00edsico e emocional em muitas m\u00e3es. Veja os sinais e como buscar ajuda.\" \/>\n<meta name=\"robots\" content=\"index, follow, max-snippet:-1, max-image-preview:large, max-video-preview:-1\" \/>\n<link rel=\"canonical\" href=\"https:\/\/www.correiobraziliense.com.br\/cbradar\/burnout-materno-pode-ir-alem-do-cansaco-e-afetar-a-saude-mental-das-maes\/\" \/>\n<meta property=\"og:locale\" content=\"pt_BR\" \/>\n<meta property=\"og:type\" content=\"article\" \/>\n<meta property=\"og:title\" content=\"Burnout materno pode ir al\u00e9m do cansa\u00e7o e afetar a sa\u00fade mental das m\u00e3es - Correio Braziliense - Radar\" \/>\n<meta property=\"og:description\" content=\"Burnout materno causa esgotamento f\u00edsico e emocional em muitas m\u00e3es. Veja os sinais e como buscar ajuda.\" \/>\n<meta property=\"og:url\" content=\"https:\/\/www.correiobraziliense.com.br\/cbradar\/burnout-materno-pode-ir-alem-do-cansaco-e-afetar-a-saude-mental-das-maes\/\" \/>\n<meta property=\"og:site_name\" content=\"Correio Braziliense - Radar\" \/>\n<meta property=\"article:published_time\" content=\"2026-03-13T09:05:00+00:00\" \/>\n<meta property=\"og:image\" content=\"https:\/\/www.correiobraziliense.com.br\/cbradar\/wp-content\/uploads\/2025\/09\/Burnout_1757212002867.jpg\" \/>\n\t<meta property=\"og:image:width\" content=\"1280\" \/>\n\t<meta property=\"og:image:height\" content=\"720\" \/>\n\t<meta property=\"og:image:type\" content=\"image\/jpeg\" \/>\n<meta name=\"author\" content=\"guilherme_saude\" \/>\n<meta name=\"twitter:card\" content=\"summary_large_image\" \/>\n<meta name=\"twitter:label1\" content=\"Escrito por\" \/>\n\t<meta name=\"twitter:data1\" content=\"guilherme_saude\" \/>\n\t<meta name=\"twitter:label2\" content=\"Est. tempo de leitura\" \/>\n\t<meta name=\"twitter:data2\" content=\"5 minutos\" \/>\n<!-- \/ Yoast SEO plugin. -->","yoast_head_json":{"title":"Burnout materno pode ir al\u00e9m do cansa\u00e7o e afetar a sa\u00fade mental das m\u00e3es - Correio Braziliense - Radar","description":"Burnout materno causa esgotamento f\u00edsico e emocional em muitas m\u00e3es. Veja os sinais e como buscar ajuda.","robots":{"index":"index","follow":"follow","max-snippet":"max-snippet:-1","max-image-preview":"max-image-preview:large","max-video-preview":"max-video-preview:-1"},"canonical":"https:\/\/www.correiobraziliense.com.br\/cbradar\/burnout-materno-pode-ir-alem-do-cansaco-e-afetar-a-saude-mental-das-maes\/","og_locale":"pt_BR","og_type":"article","og_title":"Burnout materno pode ir al\u00e9m do cansa\u00e7o e afetar a sa\u00fade mental das m\u00e3es - Correio Braziliense - Radar","og_description":"Burnout materno causa esgotamento f\u00edsico e emocional em muitas m\u00e3es. Veja os sinais e como buscar ajuda.","og_url":"https:\/\/www.correiobraziliense.com.br\/cbradar\/burnout-materno-pode-ir-alem-do-cansaco-e-afetar-a-saude-mental-das-maes\/","og_site_name":"Correio Braziliense - Radar","article_published_time":"2026-03-13T09:05:00+00:00","og_image":[{"width":1280,"height":720,"url":"https:\/\/www.correiobraziliense.com.br\/cbradar\/wp-content\/uploads\/2025\/09\/Burnout_1757212002867.jpg","type":"image\/jpeg"}],"author":"guilherme_saude","twitter_card":"summary_large_image","twitter_misc":{"Escrito por":"guilherme_saude","Est. tempo de leitura":"5 minutos"},"schema":{"@context":"https:\/\/schema.org","@graph":[{"@type":"WebPage","@id":"https:\/\/www.correiobraziliense.com.br\/cbradar\/burnout-materno-pode-ir-alem-do-cansaco-e-afetar-a-saude-mental-das-maes\/","url":"https:\/\/www.correiobraziliense.com.br\/cbradar\/burnout-materno-pode-ir-alem-do-cansaco-e-afetar-a-saude-mental-das-maes\/","name":"Burnout materno pode ir al\u00e9m do cansa\u00e7o e afetar a sa\u00fade mental das m\u00e3es - Correio Braziliense - Radar","isPartOf":{"@id":"https:\/\/www.correiobraziliense.com.br\/cbradar\/#website"},"primaryImageOfPage":{"@id":"https:\/\/www.correiobraziliense.com.br\/cbradar\/burnout-materno-pode-ir-alem-do-cansaco-e-afetar-a-saude-mental-das-maes\/#primaryimage"},"image":{"@id":"https:\/\/www.correiobraziliense.com.br\/cbradar\/burnout-materno-pode-ir-alem-do-cansaco-e-afetar-a-saude-mental-das-maes\/#primaryimage"},"thumbnailUrl":"https:\/\/www.correiobraziliense.com.br\/cbradar\/wp-content\/uploads\/2025\/09\/Burnout_1757212002867.jpg","datePublished":"2026-03-13T09:05:00+00:00","author":{"@id":"https:\/\/www.correiobraziliense.com.br\/cbradar\/#\/schema\/person\/5aa4bf3c8fa699c267933611de12978b"},"description":"Burnout materno causa esgotamento f\u00edsico e emocional em muitas m\u00e3es. Veja os sinais e como buscar ajuda.","breadcrumb":{"@id":"https:\/\/www.correiobraziliense.com.br\/cbradar\/burnout-materno-pode-ir-alem-do-cansaco-e-afetar-a-saude-mental-das-maes\/#breadcrumb"},"inLanguage":"pt-BR","potentialAction":[{"@type":"ReadAction","target":["https:\/\/www.correiobraziliense.com.br\/cbradar\/burnout-materno-pode-ir-alem-do-cansaco-e-afetar-a-saude-mental-das-maes\/"]}]},{"@type":"ImageObject","inLanguage":"pt-BR","@id":"https:\/\/www.correiobraziliense.com.br\/cbradar\/burnout-materno-pode-ir-alem-do-cansaco-e-afetar-a-saude-mental-das-maes\/#primaryimage","url":"https:\/\/www.correiobraziliense.com.br\/cbradar\/wp-content\/uploads\/2025\/09\/Burnout_1757212002867.jpg","contentUrl":"https:\/\/www.correiobraziliense.com.br\/cbradar\/wp-content\/uploads\/2025\/09\/Burnout_1757212002867.jpg","width":1280,"height":720,"caption":"Burnout - Cr\u00e9ditos: depositphotos.com \/ Fokussiert"},{"@type":"BreadcrumbList","@id":"https:\/\/www.correiobraziliense.com.br\/cbradar\/burnout-materno-pode-ir-alem-do-cansaco-e-afetar-a-saude-mental-das-maes\/#breadcrumb","itemListElement":[{"@type":"ListItem","position":1,"name":"In\u00edcio","item":"https:\/\/www.correiobraziliense.com.br\/cbradar\/"},{"@type":"ListItem","position":2,"name":"Burnout materno pode ir al\u00e9m do cansa\u00e7o e afetar a sa\u00fade mental das m\u00e3es"}]},{"@type":"WebSite","@id":"https:\/\/www.correiobraziliense.com.br\/cbradar\/#website","url":"https:\/\/www.correiobraziliense.com.br\/cbradar\/","name":"Correio Braziliense - Radar","description":"Acompanhe as \u00faltimas not\u00edcias e fique bem informado sobre tudo o que acontece no Brasil e no mundo.","potentialAction":[{"@type":"SearchAction","target":{"@type":"EntryPoint","urlTemplate":"https:\/\/www.correiobraziliense.com.br\/cbradar\/?s={search_term_string}"},"query-input":{"@type":"PropertyValueSpecification","valueRequired":true,"valueName":"search_term_string"}}],"inLanguage":"pt-BR"},{"@type":"Person","@id":"https:\/\/www.correiobraziliense.com.br\/cbradar\/#\/schema\/person\/5aa4bf3c8fa699c267933611de12978b","name":"guilherme_saude","image":{"@type":"ImageObject","inLanguage":"pt-BR","@id":"https:\/\/www.correiobraziliense.com.br\/cbradar\/#\/schema\/person\/image\/","url":"https:\/\/secure.gravatar.com\/avatar\/df9adfb835d344bc0af109d41756253f?s=96&d=mm&r=g","contentUrl":"https:\/\/secure.gravatar.com\/avatar\/df9adfb835d344bc0af109d41756253f?s=96&d=mm&r=g","caption":"guilherme_saude"},"url":"https:\/\/www.correiobraziliense.com.br\/cbradar\/author\/guilherme_saude\/"}]}},"_links":{"self":[{"href":"https:\/\/www.correiobraziliense.com.br\/cbradar\/wp-json\/wp\/v2\/posts\/207653","targetHints":{"allow":["GET"]}}],"collection":[{"href":"https:\/\/www.correiobraziliense.com.br\/cbradar\/wp-json\/wp\/v2\/posts"}],"about":[{"href":"https:\/\/www.correiobraziliense.com.br\/cbradar\/wp-json\/wp\/v2\/types\/post"}],"author":[{"embeddable":true,"href":"https:\/\/www.correiobraziliense.com.br\/cbradar\/wp-json\/wp\/v2\/users\/14"}],"replies":[{"embeddable":true,"href":"https:\/\/www.correiobraziliense.com.br\/cbradar\/wp-json\/wp\/v2\/comments?post=207653"}],"version-history":[{"count":1,"href":"https:\/\/www.correiobraziliense.com.br\/cbradar\/wp-json\/wp\/v2\/posts\/207653\/revisions"}],"predecessor-version":[{"id":207672,"href":"https:\/\/www.correiobraziliense.com.br\/cbradar\/wp-json\/wp\/v2\/posts\/207653\/revisions\/207672"}],"wp:featuredmedia":[{"embeddable":true,"href":"https:\/\/www.correiobraziliense.com.br\/cbradar\/wp-json\/wp\/v2\/media\/99725"}],"wp:attachment":[{"href":"https:\/\/www.correiobraziliense.com.br\/cbradar\/wp-json\/wp\/v2\/media?parent=207653"}],"wp:term":[{"taxonomy":"category","embeddable":true,"href":"https:\/\/www.correiobraziliense.com.br\/cbradar\/wp-json\/wp\/v2\/categories?post=207653"},{"taxonomy":"post_tag","embeddable":true,"href":"https:\/\/www.correiobraziliense.com.br\/cbradar\/wp-json\/wp\/v2\/tags?post=207653"}],"curies":[{"name":"wp","href":"https:\/\/api.w.org\/{rel}","templated":true}]}}