{"id":207726,"date":"2026-03-13T21:05:00","date_gmt":"2026-03-14T00:05:00","guid":{"rendered":"https:\/\/www.correiobraziliense.com.br\/cbradar\/?p=207726"},"modified":"2026-03-13T08:15:44","modified_gmt":"2026-03-13T11:15:44","slug":"modelo-de-qualidade-de-vida-e-educacao-essa-cidade-brasileira-proxima-ao-paraguai-e-a-forca-economica-de-sua-regiao","status":"publish","type":"post","link":"https:\/\/www.correiobraziliense.com.br\/cbradar\/modelo-de-qualidade-de-vida-e-educacao-essa-cidade-brasileira-proxima-ao-paraguai-e-a-forca-economica-de-sua-regiao\/","title":{"rendered":"Modelo de qualidade de vida e educa\u00e7\u00e3o, essa cidade brasileira pr\u00f3xima ao Paraguai \u00e9 a for\u00e7a econ\u00f4mica de sua regi\u00e3o"},"content":{"rendered":"\n<p><strong>Dourados<\/strong>, a Capital do Sudoeste de Mato Grosso do Sul, fica a 225 km de <strong>Campo Grande<\/strong>. Fundada em <strong>1935<\/strong>, a cidade sul-mato-grossense equilibra o ritmo acelerado do campo com um ambiente acad\u00eamico diversificado.<\/p>\n\n\n\n<h2 class=\"wp-block-heading\">O que faz de Dourados o principal polo do sudoeste estadual?<\/h2>\n\n\n\n<p>O munic\u00edpio atua como centro de servi\u00e7os e com\u00e9rcio para cerca de 30 cidades vizinhas, consolidando sua for\u00e7a econ\u00f4mica regional. O territ\u00f3rio abriga grandes ind\u00fastrias voltadas ao processamento de gr\u00e3os e carne, al\u00e9m de apresentar com\u00e9rcio extremamente din\u00e2mico.<\/p>\n\n\n\n<p>A presen\u00e7a da <strong>Universidade Federal da Grande Dourados (UFGD)<\/strong> fortalece o ambiente cient\u00edfico e atrai estudantes de todo o pa\u00eds. Essa uni\u00e3o entre o saber acad\u00eamico e as demandas do mercado gera m\u00e3o de obra qualificada e fomenta o surgimento de novos neg\u00f3cios locais.<\/p>\n\n\n<div class=\"wp-block-image\">\n<figure class=\"aligncenter size-large\"><img decoding=\"async\" width=\"1024\" height=\"576\" src=\"https:\/\/www.correiobraziliense.com.br\/cbradar\/wp-content\/uploads\/2025\/06\/dourados_1750481284081-1024x576.jpg\" alt=\"Cresce 24% o n\u00famero de brasileiros se mudando para essa cidade com alta qualidade de vida e pr\u00f3xima ao Paraguai\" class=\"wp-image-56715\" srcset=\"https:\/\/www.correiobraziliense.com.br\/cbradar\/wp-content\/uploads\/2025\/06\/dourados_1750481284081-1024x576.jpg 1024w, https:\/\/www.correiobraziliense.com.br\/cbradar\/wp-content\/uploads\/2025\/06\/dourados_1750481284081-300x169.jpg 300w, https:\/\/www.correiobraziliense.com.br\/cbradar\/wp-content\/uploads\/2025\/06\/dourados_1750481284081-768x432.jpg 768w, https:\/\/www.correiobraziliense.com.br\/cbradar\/wp-content\/uploads\/2025\/06\/dourados_1750481284081-750x422.jpg 750w, https:\/\/www.correiobraziliense.com.br\/cbradar\/wp-content\/uploads\/2025\/06\/dourados_1750481284081-1140x641.jpg 1140w, https:\/\/www.correiobraziliense.com.br\/cbradar\/wp-content\/uploads\/2025\/06\/dourados_1750481284081.jpg 1280w\" sizes=\"(max-width: 1024px) 100vw, 1024px\" \/><figcaption class=\"wp-element-caption\">Dourados, MS \u00e9 conhecida como \u201cPortal do Mercosul\u201d e se destaca pela economia diversificada, universidades e qualidade de vida no interior. \/\/ Cr\u00e9ditos: depositphotos.com \/ rafapress<\/figcaption><\/figure><\/div>\n\n\n<h2 class=\"wp-block-heading\">Vale a pena estabelecer resid\u00eancia no interior sul-mato-grossense?<\/h2>\n\n\n\n<p>A mudan\u00e7a traz benef\u00edcios s\u00f3lidos, visto que os dados do <strong>Instituto Brasileiro de Geografia e Estat\u00edstica (<a href=\"https:\/\/cidades.ibge.gov.br\/brasil\/ms\/dourados\/panorama\" target=\"_blank\" rel=\"noreferrer noopener\">IBGE<\/a>)<\/strong> apontam um IDH de 0,747. O indicador \u00e9 considerado alto e espelha os investimentos constantes em infraestrutura urbana e acesso facilitado ao sistema de sa\u00fade.<\/p>\n\n\n\n<p>A malha vi\u00e1ria ampla permite deslocamentos r\u00e1pidos entre os distritos residenciais e a regi\u00e3o central, onde se concentra a maior parte dos servi\u00e7os. O planejamento p\u00fablico recente tamb\u00e9m prioriza a expans\u00e3o de \u00e1reas verdes e a seguran\u00e7a comunit\u00e1ria nos bairros afastados.<\/p>\n\n\n\n<p><strong>Dourados, considerada a melhor cidade do interior do Mato Grosso do Sul por sua pujan\u00e7a econ\u00f4mica e acad\u00eamica. <\/strong>O v\u00eddeo \u00e9 do canal <strong>Cidades do Interior<\/strong>, que conta com mais de <strong>73 mil inscritos,<\/strong> e destaca o forte agroneg\u00f3cio, a infraestrutura universit\u00e1ria e op\u00e7\u00f5es de lazer como o Parque Antenor Martins:<\/p>\n\n\n\n<figure class=\"wp-block-embed aligncenter is-type-video is-provider-youtube wp-block-embed-youtube wp-embed-aspect-16-9 wp-has-aspect-ratio\"><div class=\"wp-block-embed__wrapper\">\n<div class=\"jeg_video_container jeg_video_content\"><iframe loading=\"lazy\" title=\"DOURADOS - MS | A MELHOR CIDADE do interior do Mato Grosso do Sul\" width=\"500\" height=\"281\" src=\"https:\/\/www.youtube.com\/embed\/MpAlO85BPz0?feature=oembed\" frameborder=\"0\" allow=\"accelerometer; autoplay; clipboard-write; encrypted-media; gyroscope; picture-in-picture; web-share\" referrerpolicy=\"strict-origin-when-cross-origin\" allowfullscreen><\/iframe><\/div>\n<\/div><\/figure>\n\n\n\n<h2 class=\"wp-block-heading\">Quantos habitantes vivem na segunda maior cidade do estado?<\/h2>\n\n\n\n<p>O levantamento demogr\u00e1fico oficial contabilizou <strong>243.367 habitantes<\/strong>, que ocupam uma vasta \u00e1rea territorial de <strong>4.062 km\u00b2<\/strong>. Essa densidade moderada assegura a disponibilidade de im\u00f3veis espa\u00e7osos e loteamentos planejados com \u00e1reas de lazer integradas.<\/p>\n\n\n\n<p>A economia plural sustenta a capacidade de investimento da gest\u00e3o municipal na manuten\u00e7\u00e3o das vias p\u00fablicas. O aeroporto regional garante conectividade eficiente com as principais capitais brasileiras, facilitando viagens corporativas e familiares.<\/p>\n\n\n<div class=\"wp-block-image\">\n<figure class=\"aligncenter size-large\"><img decoding=\"async\" width=\"1024\" height=\"576\" src=\"https:\/\/www.correiobraziliense.com.br\/cbradar\/wp-content\/uploads\/2025\/06\/Edicoes-15-1-1024x576.png\" alt=\"Cidade universit\u00e1ria atrai jovens e impressiona com educa\u00e7\u00e3o de ponta\" class=\"wp-image-56711\" srcset=\"https:\/\/www.correiobraziliense.com.br\/cbradar\/wp-content\/uploads\/2025\/06\/Edicoes-15-1-1024x576.png 1024w, https:\/\/www.correiobraziliense.com.br\/cbradar\/wp-content\/uploads\/2025\/06\/Edicoes-15-1-300x169.png 300w, https:\/\/www.correiobraziliense.com.br\/cbradar\/wp-content\/uploads\/2025\/06\/Edicoes-15-1-768x432.png 768w, https:\/\/www.correiobraziliense.com.br\/cbradar\/wp-content\/uploads\/2025\/06\/Edicoes-15-1-750x422.png 750w, https:\/\/www.correiobraziliense.com.br\/cbradar\/wp-content\/uploads\/2025\/06\/Edicoes-15-1-1140x641.png 1140w, https:\/\/www.correiobraziliense.com.br\/cbradar\/wp-content\/uploads\/2025\/06\/Edicoes-15-1.png 1280w\" sizes=\"(max-width: 1024px) 100vw, 1024px\" \/><figcaption class=\"wp-element-caption\">Dourados, MS \u00e9 um centro de desenvolvimento, educa\u00e7\u00e3o e bem-estar, conhecida como o \u201cPortal do Mercosul\u201d. \/\/ Reprodu\u00e7\u00e3o: Wikipedia<\/figcaption><\/figure><\/div>\n\n\n<h2 class=\"wp-block-heading\">Como os moradores aproveitam o cotidiano douradense?<\/h2>\n\n\n\n<p><strong>A viv\u00eancia local harmoniza o contato com as ra\u00edzes culturais e a frequ\u00eancia em estabelecimentos modernos.<\/strong> Os residentes possuem op\u00e7\u00f5es acess\u00edveis que preenchem as horas vagas com conforto e aprendizado hist\u00f3rico.<\/p>\n\n\n\n<ul class=\"wp-block-list\">\n<li><strong>Parques Urbanos:<\/strong> Pistas de caminhada iluminadas e espa\u00e7os para atividades f\u00edsicas ao ar livre.<\/li>\n\n\n\n<li><strong>Roteiros Culturais:<\/strong> Visitas guiadas \u00e0 <strong>Reserva Ind\u00edgena<\/strong>, promovendo a integra\u00e7\u00e3o e o respeito \u00e0s tradi\u00e7\u00f5es nativas.<\/li>\n\n\n\n<li><strong>Gastronomia:<\/strong> Churrascarias tradicionais e restaurantes universit\u00e1rios que movimentam a cena noturna.<\/li>\n\n\n\n<li><strong>Eventos Regionais:<\/strong> Feiras de agroneg\u00f3cio e mostras liter\u00e1rias organizadas pelas universidades.<\/li>\n<\/ul>\n\n\n\n<p><strong>Leia tamb\u00e9m: <a href=\"https:\/\/www.correiobraziliense.com.br\/cbradar\/com-400-quilos-de-ouro-em-uma-igreja-essa-cidade-brasileira-mantem-tres-seculos-atras-preservados-e-visita-la-e-como-uma-viagem-no-tempo\/\" target=\"_blank\" rel=\"noreferrer noopener\">Com 400 quilos de ouro em uma igreja, essa cidade brasileira mant\u00e9m tr\u00eas s\u00e9culos atr\u00e1s preservados e visit\u00e1-la \u00e9 como uma viagem no tempo.<\/a><\/strong><\/p>\n\n\n\n<h2 class=\"wp-block-heading\">Qual a temperatura m\u00e9dia registrada na regi\u00e3o?<\/h2>\n\n\n\n<p>A regi\u00e3o apresenta clima tropical \u00famido, caracterizado por per\u00edodos de calor intenso no ver\u00e3o e momentos secos durante o inverno. A altitude de <strong>430 metros<\/strong> favorece ventos agrad\u00e1veis nas tardes de outono. A temperatura mais baixa registrada foi de <strong>1,7\u00b0C<\/strong> em junho de 2025.<\/p>\n\n\n\n<div class=\"google-auto-ads-ignore\" style=\"font-family: 'Segoe UI', Roboto, -apple-system, sans-serif; max-width: 850px; margin: 20px auto; box-sizing: border-box; background-color: #ffffff; -webkit-font-smoothing: antialiased; text-rendering: optimizeLegibility;\">\n    \n    <div style=\"background: #fffcfc; border-radius: 20px; overflow: hidden; border: 1px solid #bae6fd; display: flex; flex-direction: column; box-shadow: 0 4px 15px rgba(2, 132, 199, 0.05);\">\n        \n        <div style=\"background: linear-gradient(135deg, #38bdf8 0%, #0284c7 100%); padding: 20px 30px; text-align: left;\">\n            <div style=\"font-size: 24px; font-weight: 800; color: #ffffff; letter-spacing: -0.5px; line-height: 1.2;\">\n                Sazonalidade e condi\u00e7\u00f5es para atividades\n            <\/div>\n            <div style=\"font-size: 14px; color: #e0f2fe; margin-top: 4px; font-weight: 500; opacity: 0.9;\">\n                An\u00e1lise clim\u00e1tica detalhada para planejamento de viagem e roteiros urbanos e de lazer\n            <\/div>\n        <\/div>\n\n        <div style=\"padding: 15px;\">\n            <div style=\"display: grid; width: 100%; grid-template-columns: 1fr 0.8fr 2.2fr; gap: 1px; background-color: #7dd3fc; border-radius: 12px; border: 1px solid #7dd3fc; overflow: hidden;\">\n                \n                <div style=\"background: #f0f9ff; padding: 10px; font-weight: 800; font-size: 11px; text-transform: uppercase; color: #0c4a6e; text-align: center;\">Per\u00edodo<\/div>\n                <div style=\"background: #f0f9ff; padding: 10px; font-weight: 800; font-size: 11px; text-transform: uppercase; color: #0c4a6e; text-align: center;\">Temp. M\u00e9dia<\/div>\n                <div style=\"background: #f0f9ff; padding: 10px; font-weight: 800; font-size: 11px; text-transform: uppercase; color: #0c4a6e; text-align: center;\">Atividades Recomendadas<\/div>\n\n                <div style=\"background: #ffffff; padding: 12px; font-weight: 800; color: #0284c7; font-size: 14px; display: flex; align-items: center; justify-content: center; text-align: center;\">Janeiro-Mar\u00e7o<\/div>\n                <div style=\"background: #ffffff; padding: 12px; display: flex; align-items: center; justify-content: center; gap: 6px;\">\n                    <span style=\"font-size: 13px; font-weight: 700; color: #1e293b;\">22\u00b0C a 31\u00b0C<\/span>\n                    <span style=\"font-size: 14px;\">\u2600\ufe0f<\/span>\n                <\/div>\n                <div style=\"background: #ffffff; padding: 12px; font-size: 13px; line-height: 1.4; color: #1e293b; display: flex; align-items: center;\">Shoppings climatizados, piscinas em clubes e com\u00e9rcio central.<\/div>\n\n                <div style=\"background: #f8fafc; padding: 12px; font-weight: 800; color: #0284c7; font-size: 14px; display: flex; align-items: center; justify-content: center; text-align: center;\">Abril-Junho<\/div>\n                <div style=\"background: #f8fafc; padding: 12px; display: flex; align-items: center; justify-content: center; gap: 6px;\">\n                    <span style=\"font-size: 13px; font-weight: 700; color: #1e293b;\">16\u00b0C a 27\u00b0C<\/span>\n                    <span style=\"font-size: 14px;\">\ud83d\udeb4<\/span>\n                <\/div>\n                <div style=\"background: #f8fafc; padding: 12px; font-size: 13px; line-height: 1.4; color: #1e293b; display: flex; align-items: center;\">Parques ecol\u00f3gicos, ciclismo e \u00e1reas de lazer de condom\u00ednios.<\/div>\n\n                <div style=\"background: #ffffff; padding: 12px; font-weight: 800; color: #0284c7; font-size: 14px; display: flex; align-items: center; justify-content: center; text-align: center;\">Julho-Setembro<\/div>\n                <div style=\"background: #ffffff; padding: 12px; display: flex; align-items: center; justify-content: center; gap: 6px;\">\n                    <span style=\"font-size: 13px; font-weight: 700; color: #1e293b;\">14\u00b0C a 28\u00b0C<\/span>\n                    <span style=\"font-size: 14px;\">\ud83c\udfad<\/span>\n                <\/div>\n                <div style=\"background: #ffffff; padding: 12px; font-size: 13px; line-height: 1.4; color: #1e293b; display: flex; align-items: center;\">Festivais locais, caldos noturnos e teatros universit\u00e1rios.<\/div>\n\n                <div style=\"background: #f8fafc; padding: 12px; font-weight: 800; color: #0284c7; font-size: 14px; display: flex; align-items: center; justify-content: center; text-align: center;\">Outubro-Dezembro<\/div>\n                <div style=\"background: #f8fafc; padding: 12px; display: flex; align-items: center; justify-content: center; gap: 6px;\">\n                    <span style=\"font-size: 13px; font-weight: 700; color: #1e293b;\">20\u00b0C a 30\u00b0C<\/span>\n                    <span style=\"font-size: 14px;\">\ud83c\udf3a<\/span>\n                <\/div>\n                <div style=\"background: #f8fafc; padding: 12px; font-size: 13px; line-height: 1.4; color: #1e293b; display: flex; align-items: center;\">Passeios familiares em pra\u00e7as e encontros em cafeterias.<\/div>\n            <\/div>\n        <\/div>\n\n        <div style=\"padding: 10px 30px; background: #f0f9ff; border-top: 1px solid #bae6fd; font-size: 12px; color: #0c4a6e; font-style: italic; display: flex; align-items: center; gap: 8px; font-weight: 600;\">\n            <div style=\"width: 6px; height: 6px; background: #0284c7; border-radius: 50%;\"><\/div>\n            Informa\u00e7\u00e3o: O per\u00edodo entre abril e junho oferece o clima mais agrad\u00e1vel para atividades f\u00edsicas ao ar livre.\n        <\/div>\n        \n    <\/div>\n<\/div>\n\n\n\n<p><em>Baseado em dados clim\u00e1ticos aproximados aos do <strong><a href=\"https:\/\/www.climatempo.com.br\/climatologia\/213\/dourados-ms\" target=\"_blank\" rel=\"noreferrer noopener\">Climatempo<\/a>.<\/strong><\/em><\/p>\n\n\n<div class=\"wp-block-image\">\n<figure class=\"aligncenter size-large\"><img decoding=\"async\" width=\"1024\" height=\"576\" src=\"https:\/\/www.correiobraziliense.com.br\/cbradar\/wp-content\/uploads\/2025\/06\/dourados_1750481315536-1024x576.jpg\" alt=\"Cresce 24% o n\u00famero de brasileiros se mudando para essa cidade com alta qualidade de vida e pr\u00f3xima ao Paraguai\" class=\"wp-image-56718\" srcset=\"https:\/\/www.correiobraziliense.com.br\/cbradar\/wp-content\/uploads\/2025\/06\/dourados_1750481315536-1024x576.jpg 1024w, https:\/\/www.correiobraziliense.com.br\/cbradar\/wp-content\/uploads\/2025\/06\/dourados_1750481315536-300x169.jpg 300w, https:\/\/www.correiobraziliense.com.br\/cbradar\/wp-content\/uploads\/2025\/06\/dourados_1750481315536-768x432.jpg 768w, https:\/\/www.correiobraziliense.com.br\/cbradar\/wp-content\/uploads\/2025\/06\/dourados_1750481315536-750x422.jpg 750w, https:\/\/www.correiobraziliense.com.br\/cbradar\/wp-content\/uploads\/2025\/06\/dourados_1750481315536-1140x641.jpg 1140w, https:\/\/www.correiobraziliense.com.br\/cbradar\/wp-content\/uploads\/2025\/06\/dourados_1750481315536.jpg 1280w\" sizes=\"(max-width: 1024px) 100vw, 1024px\" \/><figcaption class=\"wp-element-caption\">Dourados, MS combina desenvolvimento econ\u00f4mico, ensino superior de refer\u00eancia e conforto para morar no centro-sul de Mato Grosso do Sul. \/\/ Cr\u00e9ditos: depositphotos.com \/ rafapress<\/figcaption><\/figure><\/div>\n\n\n<h2 class=\"wp-block-heading\">Os motivos para viver em Dourados<\/h2>\n\n\n\n<p><strong>Escolher a principal localidade do sudoeste do Mato Grosso do Sul significa aliar oportunidades profissionais abundantes com um ritmo mais tranquilo.<\/strong> O munic\u00edpio entrega progresso t\u00e9cnico sem perder o acolhimento caracter\u00edstico do ambiente rural.<\/p>\n\n\n\n<ul class=\"wp-block-list\">\n<li><strong>Forma\u00e7\u00e3o acad\u00eamica:<\/strong> Rede de ensino forte com dezenas de gradua\u00e7\u00f5es federais e estaduais dispon\u00edveis.<\/li>\n\n\n\n<li><strong>Economia aquecida:<\/strong> Demanda constante por trabalhadores na agroind\u00fastria, log\u00edstica e varejo.<\/li>\n\n\n\n<li><strong>Organiza\u00e7\u00e3o espacial:<\/strong> Tr\u00e2nsito funcional e acesso descomplicado a hospitais de refer\u00eancia.<\/li>\n<\/ul>\n\n\n\n<p>Re\u00fana sua fam\u00edlia, pesquise os bairros pr\u00f3ximos aos campi universit\u00e1rios e organize uma visita para sentir de perto o potencial da regi\u00e3o.<\/p>\n","protected":false},"excerpt":{"rendered":"<p>Dourados, a Capital do Sudoeste de Mato Grosso do Sul, fica a 225 km de Campo Grande. Fundada em 1935, a cidade sul-mato-grossense equilibra o ritmo acelerado do campo com um ambiente acad\u00eamico diversificado. O que faz de Dourados o principal polo do sudoeste estadual? O munic\u00edpio atua como centro de servi\u00e7os e com\u00e9rcio para [&hellip;]<\/p>\n","protected":false},"author":8,"featured_media":207932,"comment_status":"open","ping_status":"open","sticky":false,"template":"","format":"standard","meta":{"_yoast_wpseo_focuskw":"cidade brasileira","_yoast_wpseo_title":"","_yoast_wpseo_metadesc":"Com educa\u00e7\u00e3o de qualidade e economia forte, essa cidade brasileira pr\u00f3xima ao Paraguai se tornou destaque em desenvolvimento regional.","jnews-multi-image_gallery":[],"jnews_single_post":{"format":"standard"},"jnews_primary_category":[],"jnews_social_meta":[],"jnews_override_counter":[],"footnotes":""},"categories":[108,111],"tags":[1255,1256],"class_list":["post-207726","post","type-post","status-publish","format-standard","has-post-thumbnail","hentry","category-cidades","category-turismo","tag-dourados","tag-mato-grosso-do-sul"],"yoast_head":"<!-- This site is optimized with the Yoast SEO plugin v24.6 - https:\/\/yoast.com\/wordpress\/plugins\/seo\/ -->\n<title>Modelo de qualidade de vida e educa\u00e7\u00e3o, essa cidade brasileira pr\u00f3xima ao Paraguai \u00e9 a for\u00e7a econ\u00f4mica de sua regi\u00e3o - Correio Braziliense - Radar<\/title>\n<meta name=\"description\" content=\"Com educa\u00e7\u00e3o de qualidade e economia forte, essa cidade brasileira pr\u00f3xima ao Paraguai se tornou destaque em desenvolvimento regional.\" \/>\n<meta name=\"robots\" content=\"index, follow, max-snippet:-1, max-image-preview:large, max-video-preview:-1\" \/>\n<link rel=\"canonical\" href=\"https:\/\/www.correiobraziliense.com.br\/cbradar\/modelo-de-qualidade-de-vida-e-educacao-essa-cidade-brasileira-proxima-ao-paraguai-e-a-forca-economica-de-sua-regiao\/\" \/>\n<meta property=\"og:locale\" content=\"pt_BR\" \/>\n<meta property=\"og:type\" content=\"article\" \/>\n<meta property=\"og:title\" content=\"Modelo de qualidade de vida e educa\u00e7\u00e3o, essa cidade brasileira pr\u00f3xima ao Paraguai \u00e9 a for\u00e7a econ\u00f4mica de sua regi\u00e3o - Correio Braziliense - Radar\" \/>\n<meta property=\"og:description\" content=\"Com educa\u00e7\u00e3o de qualidade e economia forte, essa cidade brasileira pr\u00f3xima ao Paraguai se tornou destaque em desenvolvimento regional.\" \/>\n<meta property=\"og:url\" content=\"https:\/\/www.correiobraziliense.com.br\/cbradar\/modelo-de-qualidade-de-vida-e-educacao-essa-cidade-brasileira-proxima-ao-paraguai-e-a-forca-economica-de-sua-regiao\/\" \/>\n<meta property=\"og:site_name\" content=\"Correio Braziliense - Radar\" \/>\n<meta property=\"article:published_time\" content=\"2026-03-14T00:05:00+00:00\" \/>\n<meta property=\"og:image\" content=\"https:\/\/www.correiobraziliense.com.br\/cbradar\/wp-content\/uploads\/2026\/03\/aaa-2026-03-13T081335.554.png\" \/>\n\t<meta property=\"og:image:width\" content=\"1280\" \/>\n\t<meta property=\"og:image:height\" content=\"720\" \/>\n\t<meta property=\"og:image:type\" content=\"image\/png\" \/>\n<meta name=\"author\" content=\"Maura Pereira\" \/>\n<meta name=\"twitter:card\" content=\"summary_large_image\" \/>\n<meta name=\"twitter:label1\" content=\"Escrito por\" \/>\n\t<meta name=\"twitter:data1\" content=\"Maura Pereira\" \/>\n\t<meta name=\"twitter:label2\" content=\"Est. tempo de leitura\" \/>\n\t<meta name=\"twitter:data2\" content=\"6 minutos\" \/>\n<!-- \/ Yoast SEO plugin. -->","yoast_head_json":{"title":"Modelo de qualidade de vida e educa\u00e7\u00e3o, essa cidade brasileira pr\u00f3xima ao Paraguai \u00e9 a for\u00e7a econ\u00f4mica de sua regi\u00e3o - Correio Braziliense - Radar","description":"Com educa\u00e7\u00e3o de qualidade e economia forte, essa cidade brasileira pr\u00f3xima ao Paraguai se tornou destaque em desenvolvimento regional.","robots":{"index":"index","follow":"follow","max-snippet":"max-snippet:-1","max-image-preview":"max-image-preview:large","max-video-preview":"max-video-preview:-1"},"canonical":"https:\/\/www.correiobraziliense.com.br\/cbradar\/modelo-de-qualidade-de-vida-e-educacao-essa-cidade-brasileira-proxima-ao-paraguai-e-a-forca-economica-de-sua-regiao\/","og_locale":"pt_BR","og_type":"article","og_title":"Modelo de qualidade de vida e educa\u00e7\u00e3o, essa cidade brasileira pr\u00f3xima ao Paraguai \u00e9 a for\u00e7a econ\u00f4mica de sua regi\u00e3o - Correio Braziliense - Radar","og_description":"Com educa\u00e7\u00e3o de qualidade e economia forte, essa cidade brasileira pr\u00f3xima ao Paraguai se tornou destaque em desenvolvimento regional.","og_url":"https:\/\/www.correiobraziliense.com.br\/cbradar\/modelo-de-qualidade-de-vida-e-educacao-essa-cidade-brasileira-proxima-ao-paraguai-e-a-forca-economica-de-sua-regiao\/","og_site_name":"Correio Braziliense - Radar","article_published_time":"2026-03-14T00:05:00+00:00","og_image":[{"width":1280,"height":720,"url":"https:\/\/www.correiobraziliense.com.br\/cbradar\/wp-content\/uploads\/2026\/03\/aaa-2026-03-13T081335.554.png","type":"image\/png"}],"author":"Maura Pereira","twitter_card":"summary_large_image","twitter_misc":{"Escrito por":"Maura Pereira","Est. tempo de leitura":"6 minutos"},"schema":{"@context":"https:\/\/schema.org","@graph":[{"@type":"WebPage","@id":"https:\/\/www.correiobraziliense.com.br\/cbradar\/modelo-de-qualidade-de-vida-e-educacao-essa-cidade-brasileira-proxima-ao-paraguai-e-a-forca-economica-de-sua-regiao\/","url":"https:\/\/www.correiobraziliense.com.br\/cbradar\/modelo-de-qualidade-de-vida-e-educacao-essa-cidade-brasileira-proxima-ao-paraguai-e-a-forca-economica-de-sua-regiao\/","name":"Modelo de qualidade de vida e educa\u00e7\u00e3o, essa cidade brasileira pr\u00f3xima ao Paraguai \u00e9 a for\u00e7a econ\u00f4mica de sua regi\u00e3o - Correio Braziliense - Radar","isPartOf":{"@id":"https:\/\/www.correiobraziliense.com.br\/cbradar\/#website"},"primaryImageOfPage":{"@id":"https:\/\/www.correiobraziliense.com.br\/cbradar\/modelo-de-qualidade-de-vida-e-educacao-essa-cidade-brasileira-proxima-ao-paraguai-e-a-forca-economica-de-sua-regiao\/#primaryimage"},"image":{"@id":"https:\/\/www.correiobraziliense.com.br\/cbradar\/modelo-de-qualidade-de-vida-e-educacao-essa-cidade-brasileira-proxima-ao-paraguai-e-a-forca-economica-de-sua-regiao\/#primaryimage"},"thumbnailUrl":"https:\/\/www.correiobraziliense.com.br\/cbradar\/wp-content\/uploads\/2026\/03\/aaa-2026-03-13T081335.554.png","datePublished":"2026-03-14T00:05:00+00:00","author":{"@id":"https:\/\/www.correiobraziliense.com.br\/cbradar\/#\/schema\/person\/4053c651a9bfc785afc6f4cbc9032fd3"},"description":"Com educa\u00e7\u00e3o de qualidade e economia forte, essa cidade brasileira pr\u00f3xima ao Paraguai se tornou destaque em desenvolvimento regional.","breadcrumb":{"@id":"https:\/\/www.correiobraziliense.com.br\/cbradar\/modelo-de-qualidade-de-vida-e-educacao-essa-cidade-brasileira-proxima-ao-paraguai-e-a-forca-economica-de-sua-regiao\/#breadcrumb"},"inLanguage":"pt-BR","potentialAction":[{"@type":"ReadAction","target":["https:\/\/www.correiobraziliense.com.br\/cbradar\/modelo-de-qualidade-de-vida-e-educacao-essa-cidade-brasileira-proxima-ao-paraguai-e-a-forca-economica-de-sua-regiao\/"]}]},{"@type":"ImageObject","inLanguage":"pt-BR","@id":"https:\/\/www.correiobraziliense.com.br\/cbradar\/modelo-de-qualidade-de-vida-e-educacao-essa-cidade-brasileira-proxima-ao-paraguai-e-a-forca-economica-de-sua-regiao\/#primaryimage","url":"https:\/\/www.correiobraziliense.com.br\/cbradar\/wp-content\/uploads\/2026\/03\/aaa-2026-03-13T081335.554.png","contentUrl":"https:\/\/www.correiobraziliense.com.br\/cbradar\/wp-content\/uploads\/2026\/03\/aaa-2026-03-13T081335.554.png","width":1280,"height":720,"caption":"A viv\u00eancia local harmoniza o contato com as ra\u00edzes culturais e a frequ\u00eancia em estabelecimentos modernos. \/ Imagem ilustrativa"},{"@type":"BreadcrumbList","@id":"https:\/\/www.correiobraziliense.com.br\/cbradar\/modelo-de-qualidade-de-vida-e-educacao-essa-cidade-brasileira-proxima-ao-paraguai-e-a-forca-economica-de-sua-regiao\/#breadcrumb","itemListElement":[{"@type":"ListItem","position":1,"name":"In\u00edcio","item":"https:\/\/www.correiobraziliense.com.br\/cbradar\/"},{"@type":"ListItem","position":2,"name":"Modelo de qualidade de vida e educa\u00e7\u00e3o, essa cidade brasileira pr\u00f3xima ao Paraguai \u00e9 a for\u00e7a econ\u00f4mica de sua regi\u00e3o"}]},{"@type":"WebSite","@id":"https:\/\/www.correiobraziliense.com.br\/cbradar\/#website","url":"https:\/\/www.correiobraziliense.com.br\/cbradar\/","name":"Correio Braziliense - Radar","description":"Acompanhe as \u00faltimas not\u00edcias e fique bem informado sobre tudo o que acontece no Brasil e no mundo.","potentialAction":[{"@type":"SearchAction","target":{"@type":"EntryPoint","urlTemplate":"https:\/\/www.correiobraziliense.com.br\/cbradar\/?s={search_term_string}"},"query-input":{"@type":"PropertyValueSpecification","valueRequired":true,"valueName":"search_term_string"}}],"inLanguage":"pt-BR"},{"@type":"Person","@id":"https:\/\/www.correiobraziliense.com.br\/cbradar\/#\/schema\/person\/4053c651a9bfc785afc6f4cbc9032fd3","name":"Maura Pereira","image":{"@type":"ImageObject","inLanguage":"pt-BR","@id":"https:\/\/www.correiobraziliense.com.br\/cbradar\/#\/schema\/person\/image\/","url":"https:\/\/secure.gravatar.com\/avatar\/3effd6bdadfa447f15089c7f7144eaa6?s=96&d=mm&r=g","contentUrl":"https:\/\/secure.gravatar.com\/avatar\/3effd6bdadfa447f15089c7f7144eaa6?s=96&d=mm&r=g","caption":"Maura Pereira"},"sameAs":["https:\/\/www.correiobraziliense.com.br\/"],"url":"https:\/\/www.correiobraziliense.com.br\/cbradar\/author\/mauramyth\/"}]}},"_links":{"self":[{"href":"https:\/\/www.correiobraziliense.com.br\/cbradar\/wp-json\/wp\/v2\/posts\/207726","targetHints":{"allow":["GET"]}}],"collection":[{"href":"https:\/\/www.correiobraziliense.com.br\/cbradar\/wp-json\/wp\/v2\/posts"}],"about":[{"href":"https:\/\/www.correiobraziliense.com.br\/cbradar\/wp-json\/wp\/v2\/types\/post"}],"author":[{"embeddable":true,"href":"https:\/\/www.correiobraziliense.com.br\/cbradar\/wp-json\/wp\/v2\/users\/8"}],"replies":[{"embeddable":true,"href":"https:\/\/www.correiobraziliense.com.br\/cbradar\/wp-json\/wp\/v2\/comments?post=207726"}],"version-history":[{"count":11,"href":"https:\/\/www.correiobraziliense.com.br\/cbradar\/wp-json\/wp\/v2\/posts\/207726\/revisions"}],"predecessor-version":[{"id":207933,"href":"https:\/\/www.correiobraziliense.com.br\/cbradar\/wp-json\/wp\/v2\/posts\/207726\/revisions\/207933"}],"wp:featuredmedia":[{"embeddable":true,"href":"https:\/\/www.correiobraziliense.com.br\/cbradar\/wp-json\/wp\/v2\/media\/207932"}],"wp:attachment":[{"href":"https:\/\/www.correiobraziliense.com.br\/cbradar\/wp-json\/wp\/v2\/media?parent=207726"}],"wp:term":[{"taxonomy":"category","embeddable":true,"href":"https:\/\/www.correiobraziliense.com.br\/cbradar\/wp-json\/wp\/v2\/categories?post=207726"},{"taxonomy":"post_tag","embeddable":true,"href":"https:\/\/www.correiobraziliense.com.br\/cbradar\/wp-json\/wp\/v2\/tags?post=207726"}],"curies":[{"name":"wp","href":"https:\/\/api.w.org\/{rel}","templated":true}]}}