{"id":20779,"date":"2025-04-13T18:23:00","date_gmt":"2025-04-13T21:23:00","guid":{"rendered":"https:\/\/www.correiobraziliense.com.br\/cbradar\/?p=20779"},"modified":"2025-04-10T15:03:37","modified_gmt":"2025-04-10T18:03:37","slug":"nova-solucao-para-quem-sofre-com-dores-de-cabeca-esta-neste-simples-kit","status":"publish","type":"post","link":"https:\/\/www.correiobraziliense.com.br\/cbradar\/nova-solucao-para-quem-sofre-com-dores-de-cabeca-esta-neste-simples-kit\/","title":{"rendered":"Nova solu\u00e7\u00e3o para quem sofre com dores de cabe\u00e7a est\u00e1 neste simples kit!"},"content":{"rendered":"\n<p>As <a href=\"https:\/\/pt.wikipedia.org\/wiki\/Cefaleia\" target=\"_blank\" rel=\"noreferrer noopener\">dores de cabe\u00e7a<\/a> e enxaquecas podem ser extremamente inc\u00f4modas e debilitantes, afetando a nossa <a href=\"https:\/\/www.correiobraziliense.com.br\/cbradar\/alivie-a-tensao-no-seu-pescoco-e-ombros-seguindo-essa-simples-tarefa-de-15-minutos\/\" target=\"_blank\" rel=\"noreferrer noopener\">capacidade <\/a>de realizar as tarefas di\u00e1rias e aproveitar a vida. Em vez de depender exclusivamente de analg\u00e9sicos convencionais, muitas vezes podemos encontrar al\u00edvio eficaz e natural atrav\u00e9s de rem\u00e9dios caseiros e ingredientes que a natureza nos oferece. Montar um <strong>kit de rem\u00e9dios naturais<\/strong> para dores de cabe\u00e7a e enxaqueca pode ser uma forma pr\u00e1tica e segura de ter \u00e0 m\u00e3o op\u00e7\u00f5es para aliviar o desconforto de maneira suave.<\/p>\n\n\n\n<h2 class=\"wp-block-heading\">Ervas e especiarias poderosas para aliviar a dor de cabe\u00e7a<\/h2>\n\n\n<div class=\"wp-block-image\">\n<figure class=\"aligncenter size-large\"><img decoding=\"async\" width=\"1024\" height=\"576\" src=\"https:\/\/www.correiobraziliense.com.br\/cbradar\/wp-content\/uploads\/2025\/03\/dor-de-cabeca_1743083558288-1024x576.jpg\" alt=\"Nova solu\u00e7\u00e3o para quem sofre com dores de cabe\u00e7a est\u00e1 neste simples kit!\" class=\"wp-image-16378\" srcset=\"https:\/\/www.correiobraziliense.com.br\/cbradar\/wp-content\/uploads\/2025\/03\/dor-de-cabeca_1743083558288-1024x576.jpg 1024w, https:\/\/www.correiobraziliense.com.br\/cbradar\/wp-content\/uploads\/2025\/03\/dor-de-cabeca_1743083558288-300x169.jpg 300w, https:\/\/www.correiobraziliense.com.br\/cbradar\/wp-content\/uploads\/2025\/03\/dor-de-cabeca_1743083558288-768x432.jpg 768w, https:\/\/www.correiobraziliense.com.br\/cbradar\/wp-content\/uploads\/2025\/03\/dor-de-cabeca_1743083558288-750x422.jpg 750w, https:\/\/www.correiobraziliense.com.br\/cbradar\/wp-content\/uploads\/2025\/03\/dor-de-cabeca_1743083558288-1140x641.jpg 1140w, https:\/\/www.correiobraziliense.com.br\/cbradar\/wp-content\/uploads\/2025\/03\/dor-de-cabeca_1743083558288.jpg 1280w\" sizes=\"(max-width: 1024px) 100vw, 1024px\" \/><figcaption class=\"wp-element-caption\">Mulher com dor &#8211; Cr\u00e9ditos: depositphotos.com \/ DimaGavrish<\/figcaption><\/figure><\/div>\n\n\n<h3 class=\"wp-block-heading\">Gengibre: anti-inflamat\u00f3rio e analg\u00e9sico natural<\/h3>\n\n\n\n<p>O <strong>gengibre<\/strong> possui propriedades anti-inflamat\u00f3rias e analg\u00e9sicas que podem ajudar a aliviar diversos tipos de dores de cabe\u00e7a, incluindo enxaquecas e dores de cabe\u00e7a tensionais. Tamb\u00e9m pode ajudar a reduzir n\u00e1useas que muitas vezes acompanham a enxaqueca. Tenha gengibre fresco em casa para preparar ch\u00e1s ou utilize em p\u00f3 em outras prepara\u00e7\u00f5es.<\/p>\n\n\n\n<h3 class=\"wp-block-heading\">Hortel\u00e3-Pimenta: relaxante muscular e aliviadora de tens\u00e3o<\/h3>\n\n\n\n<p>A <strong>hortel\u00e3-pimenta<\/strong> possui propriedades relaxantes musculares e pode ajudar a aliviar a tens\u00e3o no pesco\u00e7o e nos ombros, que frequentemente contribuem para dores de cabe\u00e7a tensionais. O ch\u00e1 de hortel\u00e3-pimenta \u00e9 refrescante e pode ser uma \u00f3tima op\u00e7\u00e3o.<\/p>\n\n\n\n<h3 class=\"wp-block-heading\">Camomila: calmante e relaxante, ideal para dores de cabe\u00e7a tensionais<\/h3>\n\n\n\n<p>A <strong>camomila<\/strong> \u00e9 conhecida por suas propriedades calmantes e relaxantes. O ch\u00e1 de camomila pode ajudar a aliviar a ansiedade<sup> 1<\/sup> e a tens\u00e3o, sendo especialmente \u00fatil para dores de cabe\u00e7a tensionais causadas por estresse. \u00a0<a href=\"https:\/\/www.fillovita.com.br\/produto\/cha-de-camomila-flor\" target=\"_blank\" rel=\"noreferrer noopener\"><\/a><\/p>\n\n\n\n<h3 class=\"wp-block-heading\">Lavanda: relaxante e pode ajudar com dores de cabe\u00e7a causadas por estresse<\/h3>\n\n\n\n<p>A <strong>lavanda<\/strong> possui um aroma floral relaxante que pode ajudar a aliviar o estresse e a ansiedade, que muitas vezes desencadeiam ou pioram as dores de cabe\u00e7a. Ter flores secas de lavanda para preparar um ch\u00e1 ou \u00f3leo essencial para aromaterapia pode ser \u00fatil.<\/p>\n\n\n\n<h3 class=\"wp-block-heading\">Alecrim: estimulante e pode aliviar dores de cabe\u00e7a leves<\/h3>\n\n\n\n<p>O <strong>alecrim<\/strong> \u00e9 conhecido por suas propriedades estimulantes e pode ajudar a aliviar dores de cabe\u00e7a leves e a fadiga mental que \u00e0s vezes as acompanha. Prepare um ch\u00e1 de alecrim ou utilize o \u00f3leo essencial para inala\u00e7\u00e3o.<\/p>\n\n\n\n<h3 class=\"wp-block-heading\">Salgueiro Branco: fonte natural de salicilato (similar \u00e0 aspirina)<\/h3>\n\n\n\n<p>A casca do <strong>salgueiro branco<\/strong> cont\u00e9m salicilato, um composto similar ao \u00e1cido acetilsalic\u00edlico (aspirina). Ter a casca seca para preparar um ch\u00e1 pode ser uma op\u00e7\u00e3o natural para aliviar a dor de cabe\u00e7a.<\/p>\n\n\n\n<h3 class=\"wp-block-heading\">Erva-Mate: pode ajudar em dores de cabe\u00e7a leves e fadiga<\/h3>\n\n\n\n<p>A <strong>erva-mate<\/strong> cont\u00e9m cafe\u00edna e outros compostos que podem ajudar a aliviar dores de cabe\u00e7a leves e a combater a fadiga que pode estar associada \u00e0 dor. Prepare um chimarr\u00e3o ou um ch\u00e1 de erva-mate.<\/p>\n\n\n\n<h2 class=\"wp-block-heading\">\u00d3leos essenciais para al\u00edvio da dor de cabe\u00e7a<\/h2>\n\n\n\n<h3 class=\"wp-block-heading\">\u00d3leo Essencial de Hortel\u00e3-Pimenta<\/h3>\n\n\n\n<p>Possui propriedades refrescantes e analg\u00e9sicas. Pode ser dilu\u00eddo em um \u00f3leo carreador e aplicado nas t\u00eamporas e na nuca para aliviar a dor de cabe\u00e7a tensional.<\/p>\n\n\n\n<h3 class=\"wp-block-heading\">\u00d3leo Essencial de Lavanda<\/h3>\n\n\n\n<p>Conhecido por suas propriedades calmantes e relaxantes. Pode ser inalado diretamente do frasco, utilizado em um difusor ou aplicado topicamente (dilu\u00eddo) nas t\u00eamporas e pulsos.<\/p>\n\n\n\n<h3 class=\"wp-block-heading\">\u00d3leo Essencial de Eucalipto<\/h3>\n\n\n\n<p>Possui propriedades descongestionantes e pode ser \u00fatil para aliviar dores de cabe\u00e7a sinusais. Utilize em inala\u00e7\u00f5es com vapor.<\/p>\n\n\n\n<h3 class=\"wp-block-heading\">\u00d3leo Essencial de Alecrim<\/h3>\n\n\n\n<p>Estimulante e aliviador de tens\u00e3o. Pode ser inalado ou aplicado topicamente (dilu\u00eddo) nas t\u00eamporas e nuca.<\/p>\n\n\n\n<h3 class=\"wp-block-heading\">\u00d3leo Essencial de Camomila Romana<\/h3>\n\n\n\n<p>Possui propriedades calmantes e anti-inflamat\u00f3rias. Pode ser utilizado em um difusor ou aplicado topicamente (dilu\u00eddo).<\/p>\n\n\n\n<h2 class=\"wp-block-heading\">Outros rem\u00e9dios naturais e t\u00e9cnicas para al\u00edvio da dor de cabe\u00e7a<\/h2>\n\n\n\n<h3 class=\"wp-block-heading\">Compressa fria<\/h3>\n\n\n\n<p>Aplicar uma compressa fria na testa, t\u00eamporas ou nuca pode ajudar a reduzir a inflama\u00e7\u00e3o e aliviar a dor de cabe\u00e7a.<\/p>\n\n\n\n<h3 class=\"wp-block-heading\">Compressa quente<\/h3>\n\n\n\n<p>Aplicar uma compressa quente na nuca ou nos ombros pode ajudar a relaxar a tens\u00e3o muscular, aliviando dores de cabe\u00e7a tensionais.<\/p>\n\n\n\n<h3 class=\"wp-block-heading\">Magn\u00e9sio<\/h3>\n\n\n\n<p>A defici\u00eancia de magn\u00e9sio pode estar relacionada a dores de cabe\u00e7a. Incluir alimentos ricos em magn\u00e9sio na dieta ou considerar a suplementa\u00e7\u00e3o (com orienta\u00e7\u00e3o profissional) pode ser \u00fatil.<\/p>\n\n\n\n<h3 class=\"wp-block-heading\">Acupuntura<\/h3>\n\n\n\n<p>Acupuntura \u00e9 uma terapia complementar que pode ajudar a aliviar a dor de cabe\u00e7a em algumas pessoas.<\/p>\n\n\n\n<h3 class=\"wp-block-heading\">Massagem<\/h3>\n\n\n\n<p>Massagear a regi\u00e3o do pesco\u00e7o, ombros e t\u00eamporas pode ajudar a relaxar a tens\u00e3o muscular e aliviar a dor de cabe\u00e7a.<\/p>\n\n\n\n<h3 class=\"wp-block-heading\">Hidrata\u00e7\u00e3o Adequada<\/h3>\n\n\n\n<p>A desidrata\u00e7\u00e3o \u00e9 uma causa comum de dores de cabe\u00e7a. Certifique-se de beber \u00e1gua suficiente ao longo do dia.<\/p>\n\n\n\n<h2 class=\"wp-block-heading\">Dicas importantes para o uso de rem\u00e9dios naturais para dores de cabe\u00e7a<\/h2>\n\n\n\n<p>Comece utilizando os rem\u00e9dios naturais assim que sentir os primeiros sinais da dor de cabe\u00e7a. Experimente diferentes op\u00e7\u00f5es para descobrir o que funciona melhor para voc\u00ea. Mantenha-se hidratado e adote um estilo de vida saud\u00e1vel para ajudar a prevenir dores de cabe\u00e7a.<\/p>\n\n\n\n<h2 class=\"wp-block-heading\">Quando procurar ajuda m\u00e9dica para dores de cabe\u00e7a<\/h2>\n\n\n\n<p>Se voc\u00ea sofre de dores de cabe\u00e7a frequentes, intensas ou acompanhadas de outros sintomas preocupantes, como febre, rigidez na nuca, altera\u00e7\u00f5es na vis\u00e3o ou perda de consci\u00eancia, procure ajuda m\u00e9dica imediatamente.<\/p>\n","protected":false},"excerpt":{"rendered":"<p>As dores de cabe\u00e7a e enxaquecas podem ser extremamente inc\u00f4modas e debilitantes, afetando a nossa capacidade de realizar as tarefas di\u00e1rias e aproveitar a vida. Em vez de depender exclusivamente de analg\u00e9sicos convencionais, muitas vezes podemos encontrar al\u00edvio eficaz e natural atrav\u00e9s de rem\u00e9dios caseiros e ingredientes que a natureza nos oferece. Montar um kit [&hellip;]<\/p>\n","protected":false},"author":11,"featured_media":20844,"comment_status":"open","ping_status":"open","sticky":false,"template":"","format":"standard","meta":{"_yoast_wpseo_focuskw":"dores de cabe\u00e7a","_yoast_wpseo_title":"","_yoast_wpseo_metadesc":"Um kit simples pode ser a nova solu\u00e7\u00e3o para quem sofre com dores de cabe\u00e7a e busca al\u00edvio r\u00e1pido e eficaz em 2025!","jnews-multi-image_gallery":[],"jnews_single_post":{"format":"standard"},"jnews_primary_category":[],"jnews_social_meta":[],"jnews_override_counter":[],"footnotes":""},"categories":[119],"tags":[1320,1619,565],"class_list":["post-20779","post","type-post","status-publish","format-standard","has-post-thumbnail","hentry","category-bem-estar","tag-bem-estar-2","tag-dor-de-cabeca","tag-saude"],"yoast_head":"<!-- This site is optimized with the Yoast SEO plugin v24.6 - https:\/\/yoast.com\/wordpress\/plugins\/seo\/ -->\n<title>Nova solu\u00e7\u00e3o para quem sofre com dores de cabe\u00e7a est\u00e1 neste simples kit! - Correio Braziliense - Radar<\/title>\n<meta name=\"description\" content=\"Um kit simples pode ser a nova solu\u00e7\u00e3o para quem sofre com dores de cabe\u00e7a e busca al\u00edvio r\u00e1pido e eficaz em 2025!\" \/>\n<meta name=\"robots\" content=\"index, follow, max-snippet:-1, max-image-preview:large, max-video-preview:-1\" \/>\n<link rel=\"canonical\" href=\"https:\/\/www.correiobraziliense.com.br\/cbradar\/nova-solucao-para-quem-sofre-com-dores-de-cabeca-esta-neste-simples-kit\/\" \/>\n<meta property=\"og:locale\" content=\"pt_BR\" \/>\n<meta property=\"og:type\" content=\"article\" \/>\n<meta property=\"og:title\" content=\"Nova solu\u00e7\u00e3o para quem sofre com dores de cabe\u00e7a est\u00e1 neste simples kit! - Correio Braziliense - Radar\" \/>\n<meta property=\"og:description\" content=\"Um kit simples pode ser a nova solu\u00e7\u00e3o para quem sofre com dores de cabe\u00e7a e busca al\u00edvio r\u00e1pido e eficaz em 2025!\" \/>\n<meta property=\"og:url\" content=\"https:\/\/www.correiobraziliense.com.br\/cbradar\/nova-solucao-para-quem-sofre-com-dores-de-cabeca-esta-neste-simples-kit\/\" \/>\n<meta property=\"og:site_name\" content=\"Correio Braziliense - Radar\" \/>\n<meta property=\"article:published_time\" content=\"2025-04-13T21:23:00+00:00\" \/>\n<meta property=\"og:image\" content=\"https:\/\/www.correiobraziliense.com.br\/cbradar\/wp-content\/uploads\/2025\/04\/dor-de-cabeca_1744119470365.jpg\" \/>\n\t<meta property=\"og:image:width\" content=\"1280\" \/>\n\t<meta property=\"og:image:height\" content=\"720\" \/>\n\t<meta property=\"og:image:type\" content=\"image\/jpeg\" \/>\n<meta name=\"author\" content=\"Paulo Custodio\" \/>\n<meta name=\"twitter:card\" content=\"summary_large_image\" \/>\n<meta name=\"twitter:label1\" content=\"Escrito por\" \/>\n\t<meta name=\"twitter:data1\" content=\"Paulo Custodio\" \/>\n\t<meta name=\"twitter:label2\" content=\"Est. tempo de leitura\" \/>\n\t<meta name=\"twitter:data2\" content=\"5 minutos\" \/>\n<!-- \/ Yoast SEO plugin. -->","yoast_head_json":{"title":"Nova solu\u00e7\u00e3o para quem sofre com dores de cabe\u00e7a est\u00e1 neste simples kit! - Correio Braziliense - Radar","description":"Um kit simples pode ser a nova solu\u00e7\u00e3o para quem sofre com dores de cabe\u00e7a e busca al\u00edvio r\u00e1pido e eficaz em 2025!","robots":{"index":"index","follow":"follow","max-snippet":"max-snippet:-1","max-image-preview":"max-image-preview:large","max-video-preview":"max-video-preview:-1"},"canonical":"https:\/\/www.correiobraziliense.com.br\/cbradar\/nova-solucao-para-quem-sofre-com-dores-de-cabeca-esta-neste-simples-kit\/","og_locale":"pt_BR","og_type":"article","og_title":"Nova solu\u00e7\u00e3o para quem sofre com dores de cabe\u00e7a est\u00e1 neste simples kit! - Correio Braziliense - Radar","og_description":"Um kit simples pode ser a nova solu\u00e7\u00e3o para quem sofre com dores de cabe\u00e7a e busca al\u00edvio r\u00e1pido e eficaz em 2025!","og_url":"https:\/\/www.correiobraziliense.com.br\/cbradar\/nova-solucao-para-quem-sofre-com-dores-de-cabeca-esta-neste-simples-kit\/","og_site_name":"Correio Braziliense - Radar","article_published_time":"2025-04-13T21:23:00+00:00","og_image":[{"width":1280,"height":720,"url":"https:\/\/www.correiobraziliense.com.br\/cbradar\/wp-content\/uploads\/2025\/04\/dor-de-cabeca_1744119470365.jpg","type":"image\/jpeg"}],"author":"Paulo Custodio","twitter_card":"summary_large_image","twitter_misc":{"Escrito por":"Paulo Custodio","Est. tempo de leitura":"5 minutos"},"schema":{"@context":"https:\/\/schema.org","@graph":[{"@type":"WebPage","@id":"https:\/\/www.correiobraziliense.com.br\/cbradar\/nova-solucao-para-quem-sofre-com-dores-de-cabeca-esta-neste-simples-kit\/","url":"https:\/\/www.correiobraziliense.com.br\/cbradar\/nova-solucao-para-quem-sofre-com-dores-de-cabeca-esta-neste-simples-kit\/","name":"Nova solu\u00e7\u00e3o para quem sofre com dores de cabe\u00e7a est\u00e1 neste simples kit! - Correio Braziliense - Radar","isPartOf":{"@id":"https:\/\/www.correiobraziliense.com.br\/cbradar\/#website"},"primaryImageOfPage":{"@id":"https:\/\/www.correiobraziliense.com.br\/cbradar\/nova-solucao-para-quem-sofre-com-dores-de-cabeca-esta-neste-simples-kit\/#primaryimage"},"image":{"@id":"https:\/\/www.correiobraziliense.com.br\/cbradar\/nova-solucao-para-quem-sofre-com-dores-de-cabeca-esta-neste-simples-kit\/#primaryimage"},"thumbnailUrl":"https:\/\/www.correiobraziliense.com.br\/cbradar\/wp-content\/uploads\/2025\/04\/dor-de-cabeca_1744119470365.jpg","datePublished":"2025-04-13T21:23:00+00:00","author":{"@id":"https:\/\/www.correiobraziliense.com.br\/cbradar\/#\/schema\/person\/4cec7857301a9a1a2ef249893cd908d3"},"description":"Um kit simples pode ser a nova solu\u00e7\u00e3o para quem sofre com dores de cabe\u00e7a e busca al\u00edvio r\u00e1pido e eficaz em 2025!","breadcrumb":{"@id":"https:\/\/www.correiobraziliense.com.br\/cbradar\/nova-solucao-para-quem-sofre-com-dores-de-cabeca-esta-neste-simples-kit\/#breadcrumb"},"inLanguage":"pt-BR","potentialAction":[{"@type":"ReadAction","target":["https:\/\/www.correiobraziliense.com.br\/cbradar\/nova-solucao-para-quem-sofre-com-dores-de-cabeca-esta-neste-simples-kit\/"]}]},{"@type":"ImageObject","inLanguage":"pt-BR","@id":"https:\/\/www.correiobraziliense.com.br\/cbradar\/nova-solucao-para-quem-sofre-com-dores-de-cabeca-esta-neste-simples-kit\/#primaryimage","url":"https:\/\/www.correiobraziliense.com.br\/cbradar\/wp-content\/uploads\/2025\/04\/dor-de-cabeca_1744119470365.jpg","contentUrl":"https:\/\/www.correiobraziliense.com.br\/cbradar\/wp-content\/uploads\/2025\/04\/dor-de-cabeca_1744119470365.jpg","width":1280,"height":720,"caption":"Dor - Cr\u00e9ditos: depositphotos.com \/ HayDmitriy"},{"@type":"BreadcrumbList","@id":"https:\/\/www.correiobraziliense.com.br\/cbradar\/nova-solucao-para-quem-sofre-com-dores-de-cabeca-esta-neste-simples-kit\/#breadcrumb","itemListElement":[{"@type":"ListItem","position":1,"name":"In\u00edcio","item":"https:\/\/www.correiobraziliense.com.br\/cbradar\/"},{"@type":"ListItem","position":2,"name":"Nova solu\u00e7\u00e3o para quem sofre com dores de cabe\u00e7a est\u00e1 neste simples kit!"}]},{"@type":"WebSite","@id":"https:\/\/www.correiobraziliense.com.br\/cbradar\/#website","url":"https:\/\/www.correiobraziliense.com.br\/cbradar\/","name":"Correio Braziliense - Radar","description":"Acompanhe as \u00faltimas not\u00edcias e fique bem informado sobre tudo o que acontece no Brasil e no mundo.","potentialAction":[{"@type":"SearchAction","target":{"@type":"EntryPoint","urlTemplate":"https:\/\/www.correiobraziliense.com.br\/cbradar\/?s={search_term_string}"},"query-input":{"@type":"PropertyValueSpecification","valueRequired":true,"valueName":"search_term_string"}}],"inLanguage":"pt-BR"},{"@type":"Person","@id":"https:\/\/www.correiobraziliense.com.br\/cbradar\/#\/schema\/person\/4cec7857301a9a1a2ef249893cd908d3","name":"Paulo Custodio","image":{"@type":"ImageObject","inLanguage":"pt-BR","@id":"https:\/\/www.correiobraziliense.com.br\/cbradar\/#\/schema\/person\/image\/","url":"https:\/\/secure.gravatar.com\/avatar\/bcd67168d1534e8fcf4f45c726a87cea?s=96&d=mm&r=g","contentUrl":"https:\/\/secure.gravatar.com\/avatar\/bcd67168d1534e8fcf4f45c726a87cea?s=96&d=mm&r=g","caption":"Paulo Custodio"},"sameAs":["https:\/\/www.correiobraziliense.com.br\/cbradar"],"url":"https:\/\/www.correiobraziliense.com.br\/cbradar\/author\/paulomyth\/"}]}},"_links":{"self":[{"href":"https:\/\/www.correiobraziliense.com.br\/cbradar\/wp-json\/wp\/v2\/posts\/20779","targetHints":{"allow":["GET"]}}],"collection":[{"href":"https:\/\/www.correiobraziliense.com.br\/cbradar\/wp-json\/wp\/v2\/posts"}],"about":[{"href":"https:\/\/www.correiobraziliense.com.br\/cbradar\/wp-json\/wp\/v2\/types\/post"}],"author":[{"embeddable":true,"href":"https:\/\/www.correiobraziliense.com.br\/cbradar\/wp-json\/wp\/v2\/users\/11"}],"replies":[{"embeddable":true,"href":"https:\/\/www.correiobraziliense.com.br\/cbradar\/wp-json\/wp\/v2\/comments?post=20779"}],"version-history":[{"count":3,"href":"https:\/\/www.correiobraziliense.com.br\/cbradar\/wp-json\/wp\/v2\/posts\/20779\/revisions"}],"predecessor-version":[{"id":20860,"href":"https:\/\/www.correiobraziliense.com.br\/cbradar\/wp-json\/wp\/v2\/posts\/20779\/revisions\/20860"}],"wp:featuredmedia":[{"embeddable":true,"href":"https:\/\/www.correiobraziliense.com.br\/cbradar\/wp-json\/wp\/v2\/media\/20844"}],"wp:attachment":[{"href":"https:\/\/www.correiobraziliense.com.br\/cbradar\/wp-json\/wp\/v2\/media?parent=20779"}],"wp:term":[{"taxonomy":"category","embeddable":true,"href":"https:\/\/www.correiobraziliense.com.br\/cbradar\/wp-json\/wp\/v2\/categories?post=20779"},{"taxonomy":"post_tag","embeddable":true,"href":"https:\/\/www.correiobraziliense.com.br\/cbradar\/wp-json\/wp\/v2\/tags?post=20779"}],"curies":[{"name":"wp","href":"https:\/\/api.w.org\/{rel}","templated":true}]}}