{"id":207790,"date":"2026-03-17T00:45:00","date_gmt":"2026-03-17T03:45:00","guid":{"rendered":"https:\/\/www.correiobraziliense.com.br\/cbradar\/?p=207790"},"modified":"2026-03-16T23:18:09","modified_gmt":"2026-03-17T02:18:09","slug":"a-vida-inteira-pendurou-o-aromatizador-da-privada-de-forma-errada-e-este-e-o-truque-correto-para-ele-durar-meses","status":"publish","type":"post","link":"https:\/\/www.correiobraziliense.com.br\/cbradar\/a-vida-inteira-pendurou-o-aromatizador-da-privada-de-forma-errada-e-este-e-o-truque-correto-para-ele-durar-meses\/","title":{"rendered":"A vida inteira pendurou o aromatizador da privada de forma errada e este \u00e9 o truque correto para ele durar meses"},"content":{"rendered":"\n<p>O modo como voc\u00ea fixa o <strong>aromatizador da privada<\/strong> afeta diretamente a durabilidade do produto. O truque correto consiste em prender a haste pl\u00e1stica por dentro da borda, garantindo espuma a cada descarga sem derreter o bloco rapidamente.<\/p>\n\n\n\n<h2 class=\"wp-block-heading\">Como funciona o design original do suporte pl\u00e1stico?<\/h2>\n\n\n\n<p>A maioria das pessoas estica a haste flex\u00edvel e pendura o suporte por fora da porcelana. Isso deixa o produto solto e muito exposto ao fluxo principal de \u00e1gua, o que dissolve a barra de sab\u00e3o em poucos dias.<\/p>\n\n\n\n<p>Os fabricantes desenharam essa haste para ser tensionada internamente. O design tradicional do <a href=\"https:\/\/pt.wikipedia.org\/wiki\/Vaso_sanit%C3%A1rio\" target=\"_blank\" rel=\"noreferrer noopener\">vaso sanit\u00e1rio<\/a> possui uma cavidade na borda, criada justamente para direcionar a \u00e1gua de forma circular e oferecer press\u00e3o estrutural para fixar o clipe.<\/p>\n\n\n<div class=\"wp-block-image\">\n<figure class=\"aligncenter size-full\"><img decoding=\"async\" width=\"1280\" height=\"720\" src=\"https:\/\/www.correiobraziliense.com.br\/cbradar\/wp-content\/uploads\/2026\/03\/imagem_2026-03-13_023119404.png\" alt=\"Detalhe de aromatizador fixado internamente na porcelana branca impec\u00e1vel.\" class=\"wp-image-207794\" srcset=\"https:\/\/www.correiobraziliense.com.br\/cbradar\/wp-content\/uploads\/2026\/03\/imagem_2026-03-13_023119404.png 1280w, https:\/\/www.correiobraziliense.com.br\/cbradar\/wp-content\/uploads\/2026\/03\/imagem_2026-03-13_023119404-300x169.png 300w, https:\/\/www.correiobraziliense.com.br\/cbradar\/wp-content\/uploads\/2026\/03\/imagem_2026-03-13_023119404-768x432.png 768w, https:\/\/www.correiobraziliense.com.br\/cbradar\/wp-content\/uploads\/2026\/03\/imagem_2026-03-13_023119404-750x422.png 750w, https:\/\/www.correiobraziliense.com.br\/cbradar\/wp-content\/uploads\/2026\/03\/imagem_2026-03-13_023119404-1140x641.png 1140w\" sizes=\"(max-width: 1280px) 100vw, 1280px\" \/><figcaption class=\"wp-element-caption\">Detalhe de aromatizador fixado internamente na porcelana branca impec\u00e1vel.<\/figcaption><\/figure><\/div>\n\n\n<h2 class=\"wp-block-heading\">Qual \u00e9 o passo a passo para encaixar corretamente?<\/h2>\n\n\n\n<p>Voc\u00ea precisa empurrar o gancho de pl\u00e1stico diretamente para dentro do v\u00e3o interno da borda, em vez de envolv\u00ea-lo ao redor do exterior da lou\u00e7a.<\/p>\n\n\n\n<p>Siga as etapas exatas para realizar a instala\u00e7\u00e3o segura no seu banheiro:<\/p>\n\n\n\n<ul class=\"wp-block-list\">\n<li>Levante a tampa e o assento completamente para ter vis\u00e3o livre.<\/li>\n\n\n\n<li>Identifique a cavidade de sa\u00edda de \u00e1gua sob a borda de porcelana.<\/li>\n\n\n\n<li>Empurre a haste flex\u00edvel do bloco para dentro desse v\u00e3o at\u00e9 sentir travar.<\/li>\n<\/ul>\n\n\n\n<h3 class=\"wp-block-heading\">Todos os tipos de suportes funcionam assim?<\/h3>\n\n\n\n<p>A grande maioria dos modelos vendidos em supermercados possui esse padr\u00e3o flex\u00edvel. As marcas desenvolvem o pl\u00e1stico com uma mem\u00f3ria el\u00e1stica que se adapta perfeitamente ao formato interno da lou\u00e7a, independentemente da marca do aparelho que voc\u00ea utiliza.<\/p>\n\n\n<div class=\"wp-block-image\">\n<figure class=\"aligncenter size-full\"><img decoding=\"async\" width=\"1280\" height=\"720\" src=\"https:\/\/www.correiobraziliense.com.br\/cbradar\/wp-content\/uploads\/2026\/03\/imagem_2026-03-13_023107493.png\" alt=\"Banheiro brasileiro limpo e seco, destacando a higiene do ambiente.\" class=\"wp-image-207796\" srcset=\"https:\/\/www.correiobraziliense.com.br\/cbradar\/wp-content\/uploads\/2026\/03\/imagem_2026-03-13_023107493.png 1280w, https:\/\/www.correiobraziliense.com.br\/cbradar\/wp-content\/uploads\/2026\/03\/imagem_2026-03-13_023107493-300x169.png 300w, https:\/\/www.correiobraziliense.com.br\/cbradar\/wp-content\/uploads\/2026\/03\/imagem_2026-03-13_023107493-768x432.png 768w, https:\/\/www.correiobraziliense.com.br\/cbradar\/wp-content\/uploads\/2026\/03\/imagem_2026-03-13_023107493-750x422.png 750w, https:\/\/www.correiobraziliense.com.br\/cbradar\/wp-content\/uploads\/2026\/03\/imagem_2026-03-13_023107493-1140x641.png 1140w\" sizes=\"(max-width: 1280px) 100vw, 1280px\" \/><figcaption class=\"wp-element-caption\">Banheiro brasileiro limpo e seco, destacando a higiene do ambiente.<\/figcaption><\/figure><\/div>\n\n\n<h2 class=\"wp-block-heading\">Por que essa mudan\u00e7a de posi\u00e7\u00e3o economiza o produto?<\/h2>\n\n\n\n<p>Quando alojado dentro da borda, o bloco recebe uma quantidade controlada de l\u00edquido. Ele n\u00e3o sofre o impacto total da \u00e1gua, impedindo a dissolu\u00e7\u00e3o imediata dos agentes qu\u00edmicos de limpeza e mantendo a a\u00e7\u00e3o antibacteriana por semanas.<\/p>\n\n\n\n<p>Analise a diferen\u00e7a de rendimento pr\u00e1tico entre os dois m\u00e9todos de fixa\u00e7\u00e3o na sua casa:<\/p>\n\n\n\n<figure class=\"wp-block-table\"><table class=\"has-fixed-layout\"><tbody><tr><th>M\u00e9todo<\/th><th>Durabilidade m\u00e9dia<\/th><th>Dissolu\u00e7\u00e3o<\/th><\/tr><tr><td>Comum (por fora)<\/td><td><strong>3 a 5 dias<\/strong><\/td><td>Acelerada<\/td><\/tr><tr><td>Truque da borda<\/td><td>At\u00e9 <strong>4 semanas<\/strong><\/td><td>Gradual<\/td><\/tr><\/tbody><\/table><\/figure>\n\n\n\n<h2 class=\"wp-block-heading\">Existem outros benef\u00edcios para a higiene do banheiro?<\/h2>\n\n\n\n<p>O encaixe interno impede que respingos contaminados alcancem o exterior da bacia. Quando o suporte fica pendurado por fora, a \u00e1gua suja pode escorrer pela haste pl\u00e1stica e pingar no piso, criando um foco perigoso de bact\u00e9rias.<\/p>\n\n\n\n<p>Ao travar a pe\u00e7a inteiramente na \u00e1rea interna, todo o ciclo de lavagem ocorre direto para o esgoto. Voc\u00ea garante um ambiente sempre seco e elimina a necessidade de higienizar o ch\u00e3o ao redor da lou\u00e7a diariamente.<\/p>\n\n\n<div class=\"wp-block-image\">\n<figure class=\"aligncenter size-full\"><img decoding=\"async\" width=\"1280\" height=\"720\" src=\"https:\/\/www.correiobraziliense.com.br\/cbradar\/wp-content\/uploads\/2026\/03\/imagem_2026-03-13_023128870.png\" alt=\"Vis\u00e3o em primeira pessoa da descarga gerando espuma com o bloco oculto.\" class=\"wp-image-207795\" srcset=\"https:\/\/www.correiobraziliense.com.br\/cbradar\/wp-content\/uploads\/2026\/03\/imagem_2026-03-13_023128870.png 1280w, https:\/\/www.correiobraziliense.com.br\/cbradar\/wp-content\/uploads\/2026\/03\/imagem_2026-03-13_023128870-300x169.png 300w, https:\/\/www.correiobraziliense.com.br\/cbradar\/wp-content\/uploads\/2026\/03\/imagem_2026-03-13_023128870-768x432.png 768w, https:\/\/www.correiobraziliense.com.br\/cbradar\/wp-content\/uploads\/2026\/03\/imagem_2026-03-13_023128870-750x422.png 750w, https:\/\/www.correiobraziliense.com.br\/cbradar\/wp-content\/uploads\/2026\/03\/imagem_2026-03-13_023128870-1140x641.png 1140w\" sizes=\"(max-width: 1280px) 100vw, 1280px\" \/><figcaption class=\"wp-element-caption\">Vis\u00e3o em primeira pessoa da descarga gerando espuma com o bloco oculto.<\/figcaption><\/figure><\/div>\n\n\n<h2 class=\"wp-block-heading\">Onde posicionar o bloco para obter o melhor resultado?<\/h2>\n\n\n\n<p>Evite a parte traseira da bacia, pois ali a press\u00e3o h\u00eddrica \u00e9 muito mais forte e agressiva. O local ideal fica nas laterais ou perto da parte frontal, onde o fluxo desce de maneira suave e constante.<\/p>\n\n\n\n<p>O posicionamento correto otimiza a lavagem e ajuda na conserva\u00e7\u00e3o. Uma descarga gasta muitos litros, e aproveitar bem esse volume alinha-se \u00e0s diretrizes da <strong><a href=\"https:\/\/www.gov.br\/ana\/pt-br\/assuntos\/saneamento-basico\" target=\"_blank\" rel=\"noreferrer noopener\">Ag\u00eancia Nacional de \u00c1guas<\/a><\/strong> sobre a efici\u00eancia e intelig\u00eancia no uso dos recursos residenciais.<\/p>\n\n\n\n<h2 class=\"wp-block-heading\">Vale a pena adotar essa nova rotina de limpeza?<\/h2>\n\n\n\n<p>A ado\u00e7\u00e3o desse pequeno ajuste transforma a sua rotina de manuten\u00e7\u00e3o dom\u00e9stica. O ambiente permanece aromatizado por muito mais tempo e o aspecto visual fica limpo, j\u00e1 que nenhuma haste colorida fica pendurada para o lado de fora.<\/p>\n\n\n\n<p>Voc\u00ea para de gastar com itens que desaparecem rapidamente. Aplique essa t\u00e9cnica hoje e observe como uma altera\u00e7\u00e3o simples na montagem traz um benef\u00edcio pr\u00e1tico e altamente econ\u00f4mico para as finan\u00e7as do seu lar.<\/p>\n","protected":false},"excerpt":{"rendered":"<p>O modo como voc\u00ea fixa o aromatizador da privada afeta diretamente a durabilidade do produto. O truque correto consiste em prender a haste pl\u00e1stica por dentro da borda, garantindo espuma a cada descarga sem derreter o bloco rapidamente. Como funciona o design original do suporte pl\u00e1stico? A maioria das pessoas estica a haste flex\u00edvel e [&hellip;]<\/p>\n","protected":false},"author":11,"featured_media":209604,"comment_status":"open","ping_status":"open","sticky":false,"template":"","format":"standard","meta":{"_yoast_wpseo_focuskw":"aromatizador da privada","_yoast_wpseo_title":"","_yoast_wpseo_metadesc":"Aprenda o m\u00e9todo exato para fixar o bloco sanit\u00e1rio no vaso, evitar o desperd\u00edcio com as descargas e manter o banheiro cheiroso por muito mais tempo.","jnews-multi-image_gallery":[],"jnews_single_post":{"format":"standard"},"jnews_primary_category":[],"jnews_social_meta":[],"jnews_override_counter":[],"footnotes":""},"categories":[143],"tags":[4985,16073,16074,5877],"class_list":["post-207790","post","type-post","status-publish","format-standard","has-post-thumbnail","hentry","category-casa-e-decoracao","tag-banheiro","tag-bloco-sanitario","tag-economia-no-lar","tag-limpeza-domestica"],"yoast_head":"<!-- This site is optimized with the Yoast SEO plugin v24.6 - https:\/\/yoast.com\/wordpress\/plugins\/seo\/ -->\n<title>A vida inteira pendurou o aromatizador da privada de forma errada e este \u00e9 o truque correto para ele durar meses - Correio Braziliense - Radar<\/title>\n<meta name=\"description\" content=\"Aprenda o m\u00e9todo exato para fixar o bloco sanit\u00e1rio no vaso, evitar o desperd\u00edcio com as descargas e manter o banheiro cheiroso por muito mais tempo.\" \/>\n<meta name=\"robots\" content=\"index, follow, max-snippet:-1, max-image-preview:large, max-video-preview:-1\" \/>\n<link rel=\"canonical\" href=\"https:\/\/www.correiobraziliense.com.br\/cbradar\/a-vida-inteira-pendurou-o-aromatizador-da-privada-de-forma-errada-e-este-e-o-truque-correto-para-ele-durar-meses\/\" \/>\n<meta property=\"og:locale\" content=\"pt_BR\" \/>\n<meta property=\"og:type\" content=\"article\" \/>\n<meta property=\"og:title\" content=\"A vida inteira pendurou o aromatizador da privada de forma errada e este \u00e9 o truque correto para ele durar meses - Correio Braziliense - Radar\" \/>\n<meta property=\"og:description\" content=\"Aprenda o m\u00e9todo exato para fixar o bloco sanit\u00e1rio no vaso, evitar o desperd\u00edcio com as descargas e manter o banheiro cheiroso por muito mais tempo.\" \/>\n<meta property=\"og:url\" content=\"https:\/\/www.correiobraziliense.com.br\/cbradar\/a-vida-inteira-pendurou-o-aromatizador-da-privada-de-forma-errada-e-este-e-o-truque-correto-para-ele-durar-meses\/\" \/>\n<meta property=\"og:site_name\" content=\"Correio Braziliense - Radar\" \/>\n<meta property=\"article:published_time\" content=\"2026-03-17T03:45:00+00:00\" \/>\n<meta property=\"og:image\" content=\"https:\/\/www.correiobraziliense.com.br\/cbradar\/wp-content\/uploads\/2026\/03\/freepik__interior-de-vaso-sanitrio-branco-com-aromatizador-__96432.jpeg\" \/>\n\t<meta property=\"og:image:width\" content=\"1280\" \/>\n\t<meta property=\"og:image:height\" content=\"720\" \/>\n\t<meta property=\"og:image:type\" content=\"image\/jpeg\" \/>\n<meta name=\"author\" content=\"Paulo Custodio\" \/>\n<meta name=\"twitter:card\" content=\"summary_large_image\" \/>\n<meta name=\"twitter:label1\" content=\"Escrito por\" \/>\n\t<meta name=\"twitter:data1\" content=\"Paulo Custodio\" \/>\n\t<meta name=\"twitter:label2\" content=\"Est. tempo de leitura\" \/>\n\t<meta name=\"twitter:data2\" content=\"5 minutos\" \/>\n<!-- \/ Yoast SEO plugin. -->","yoast_head_json":{"title":"A vida inteira pendurou o aromatizador da privada de forma errada e este \u00e9 o truque correto para ele durar meses - Correio Braziliense - Radar","description":"Aprenda o m\u00e9todo exato para fixar o bloco sanit\u00e1rio no vaso, evitar o desperd\u00edcio com as descargas e manter o banheiro cheiroso por muito mais tempo.","robots":{"index":"index","follow":"follow","max-snippet":"max-snippet:-1","max-image-preview":"max-image-preview:large","max-video-preview":"max-video-preview:-1"},"canonical":"https:\/\/www.correiobraziliense.com.br\/cbradar\/a-vida-inteira-pendurou-o-aromatizador-da-privada-de-forma-errada-e-este-e-o-truque-correto-para-ele-durar-meses\/","og_locale":"pt_BR","og_type":"article","og_title":"A vida inteira pendurou o aromatizador da privada de forma errada e este \u00e9 o truque correto para ele durar meses - Correio Braziliense - Radar","og_description":"Aprenda o m\u00e9todo exato para fixar o bloco sanit\u00e1rio no vaso, evitar o desperd\u00edcio com as descargas e manter o banheiro cheiroso por muito mais tempo.","og_url":"https:\/\/www.correiobraziliense.com.br\/cbradar\/a-vida-inteira-pendurou-o-aromatizador-da-privada-de-forma-errada-e-este-e-o-truque-correto-para-ele-durar-meses\/","og_site_name":"Correio Braziliense - Radar","article_published_time":"2026-03-17T03:45:00+00:00","og_image":[{"width":1280,"height":720,"url":"https:\/\/www.correiobraziliense.com.br\/cbradar\/wp-content\/uploads\/2026\/03\/freepik__interior-de-vaso-sanitrio-branco-com-aromatizador-__96432.jpeg","type":"image\/jpeg"}],"author":"Paulo Custodio","twitter_card":"summary_large_image","twitter_misc":{"Escrito por":"Paulo Custodio","Est. tempo de leitura":"5 minutos"},"schema":{"@context":"https:\/\/schema.org","@graph":[{"@type":"WebPage","@id":"https:\/\/www.correiobraziliense.com.br\/cbradar\/a-vida-inteira-pendurou-o-aromatizador-da-privada-de-forma-errada-e-este-e-o-truque-correto-para-ele-durar-meses\/","url":"https:\/\/www.correiobraziliense.com.br\/cbradar\/a-vida-inteira-pendurou-o-aromatizador-da-privada-de-forma-errada-e-este-e-o-truque-correto-para-ele-durar-meses\/","name":"A vida inteira pendurou o aromatizador da privada de forma errada e este \u00e9 o truque correto para ele durar meses - Correio Braziliense - Radar","isPartOf":{"@id":"https:\/\/www.correiobraziliense.com.br\/cbradar\/#website"},"primaryImageOfPage":{"@id":"https:\/\/www.correiobraziliense.com.br\/cbradar\/a-vida-inteira-pendurou-o-aromatizador-da-privada-de-forma-errada-e-este-e-o-truque-correto-para-ele-durar-meses\/#primaryimage"},"image":{"@id":"https:\/\/www.correiobraziliense.com.br\/cbradar\/a-vida-inteira-pendurou-o-aromatizador-da-privada-de-forma-errada-e-este-e-o-truque-correto-para-ele-durar-meses\/#primaryimage"},"thumbnailUrl":"https:\/\/www.correiobraziliense.com.br\/cbradar\/wp-content\/uploads\/2026\/03\/freepik__interior-de-vaso-sanitrio-branco-com-aromatizador-__96432.jpeg","datePublished":"2026-03-17T03:45:00+00:00","author":{"@id":"https:\/\/www.correiobraziliense.com.br\/cbradar\/#\/schema\/person\/4cec7857301a9a1a2ef249893cd908d3"},"description":"Aprenda o m\u00e9todo exato para fixar o bloco sanit\u00e1rio no vaso, evitar o desperd\u00edcio com as descargas e manter o banheiro cheiroso por muito mais tempo.","breadcrumb":{"@id":"https:\/\/www.correiobraziliense.com.br\/cbradar\/a-vida-inteira-pendurou-o-aromatizador-da-privada-de-forma-errada-e-este-e-o-truque-correto-para-ele-durar-meses\/#breadcrumb"},"inLanguage":"pt-BR","potentialAction":[{"@type":"ReadAction","target":["https:\/\/www.correiobraziliense.com.br\/cbradar\/a-vida-inteira-pendurou-o-aromatizador-da-privada-de-forma-errada-e-este-e-o-truque-correto-para-ele-durar-meses\/"]}]},{"@type":"ImageObject","inLanguage":"pt-BR","@id":"https:\/\/www.correiobraziliense.com.br\/cbradar\/a-vida-inteira-pendurou-o-aromatizador-da-privada-de-forma-errada-e-este-e-o-truque-correto-para-ele-durar-meses\/#primaryimage","url":"https:\/\/www.correiobraziliense.com.br\/cbradar\/wp-content\/uploads\/2026\/03\/freepik__interior-de-vaso-sanitrio-branco-com-aromatizador-__96432.jpeg","contentUrl":"https:\/\/www.correiobraziliense.com.br\/cbradar\/wp-content\/uploads\/2026\/03\/freepik__interior-de-vaso-sanitrio-branco-com-aromatizador-__96432.jpeg","width":1280,"height":720,"caption":"Aromatizadores sanit\u00e1rios liberam fragr\u00e2ncia e detergente a cada descarga do vaso"},{"@type":"BreadcrumbList","@id":"https:\/\/www.correiobraziliense.com.br\/cbradar\/a-vida-inteira-pendurou-o-aromatizador-da-privada-de-forma-errada-e-este-e-o-truque-correto-para-ele-durar-meses\/#breadcrumb","itemListElement":[{"@type":"ListItem","position":1,"name":"In\u00edcio","item":"https:\/\/www.correiobraziliense.com.br\/cbradar\/"},{"@type":"ListItem","position":2,"name":"A vida inteira pendurou o aromatizador da privada de forma errada e este \u00e9 o truque correto para ele durar meses"}]},{"@type":"WebSite","@id":"https:\/\/www.correiobraziliense.com.br\/cbradar\/#website","url":"https:\/\/www.correiobraziliense.com.br\/cbradar\/","name":"Correio Braziliense - Radar","description":"Acompanhe as \u00faltimas not\u00edcias e fique bem informado sobre tudo o que acontece no Brasil e no mundo.","potentialAction":[{"@type":"SearchAction","target":{"@type":"EntryPoint","urlTemplate":"https:\/\/www.correiobraziliense.com.br\/cbradar\/?s={search_term_string}"},"query-input":{"@type":"PropertyValueSpecification","valueRequired":true,"valueName":"search_term_string"}}],"inLanguage":"pt-BR"},{"@type":"Person","@id":"https:\/\/www.correiobraziliense.com.br\/cbradar\/#\/schema\/person\/4cec7857301a9a1a2ef249893cd908d3","name":"Paulo Custodio","image":{"@type":"ImageObject","inLanguage":"pt-BR","@id":"https:\/\/www.correiobraziliense.com.br\/cbradar\/#\/schema\/person\/image\/","url":"https:\/\/secure.gravatar.com\/avatar\/bcd67168d1534e8fcf4f45c726a87cea?s=96&d=mm&r=g","contentUrl":"https:\/\/secure.gravatar.com\/avatar\/bcd67168d1534e8fcf4f45c726a87cea?s=96&d=mm&r=g","caption":"Paulo Custodio"},"sameAs":["https:\/\/www.correiobraziliense.com.br\/cbradar"],"url":"https:\/\/www.correiobraziliense.com.br\/cbradar\/author\/paulomyth\/"}]}},"_links":{"self":[{"href":"https:\/\/www.correiobraziliense.com.br\/cbradar\/wp-json\/wp\/v2\/posts\/207790","targetHints":{"allow":["GET"]}}],"collection":[{"href":"https:\/\/www.correiobraziliense.com.br\/cbradar\/wp-json\/wp\/v2\/posts"}],"about":[{"href":"https:\/\/www.correiobraziliense.com.br\/cbradar\/wp-json\/wp\/v2\/types\/post"}],"author":[{"embeddable":true,"href":"https:\/\/www.correiobraziliense.com.br\/cbradar\/wp-json\/wp\/v2\/users\/11"}],"replies":[{"embeddable":true,"href":"https:\/\/www.correiobraziliense.com.br\/cbradar\/wp-json\/wp\/v2\/comments?post=207790"}],"version-history":[{"count":1,"href":"https:\/\/www.correiobraziliense.com.br\/cbradar\/wp-json\/wp\/v2\/posts\/207790\/revisions"}],"predecessor-version":[{"id":207797,"href":"https:\/\/www.correiobraziliense.com.br\/cbradar\/wp-json\/wp\/v2\/posts\/207790\/revisions\/207797"}],"wp:featuredmedia":[{"embeddable":true,"href":"https:\/\/www.correiobraziliense.com.br\/cbradar\/wp-json\/wp\/v2\/media\/209604"}],"wp:attachment":[{"href":"https:\/\/www.correiobraziliense.com.br\/cbradar\/wp-json\/wp\/v2\/media?parent=207790"}],"wp:term":[{"taxonomy":"category","embeddable":true,"href":"https:\/\/www.correiobraziliense.com.br\/cbradar\/wp-json\/wp\/v2\/categories?post=207790"},{"taxonomy":"post_tag","embeddable":true,"href":"https:\/\/www.correiobraziliense.com.br\/cbradar\/wp-json\/wp\/v2\/tags?post=207790"}],"curies":[{"name":"wp","href":"https:\/\/api.w.org\/{rel}","templated":true}]}}