{"id":207798,"date":"2026-03-17T01:55:00","date_gmt":"2026-03-17T04:55:00","guid":{"rendered":"https:\/\/www.correiobraziliense.com.br\/cbradar\/?p=207798"},"modified":"2026-03-16T23:18:29","modified_gmt":"2026-03-17T02:18:29","slug":"o-utensilio-de-cozinha-comum-que-deve-colocar-junto-as-bananas-para-que-elas-nao-escurecam-e-durem-semanas-frescas","status":"publish","type":"post","link":"https:\/\/www.correiobraziliense.com.br\/cbradar\/o-utensilio-de-cozinha-comum-que-deve-colocar-junto-as-bananas-para-que-elas-nao-escurecam-e-durem-semanas-frescas\/","title":{"rendered":"O utens\u00edlio de cozinha comum que deve colocar junto \u00e0s bananas para que elas n\u00e3o escure\u00e7am e durem semanas frescas"},"content":{"rendered":"\n<p>Colocar um objeto met\u00e1lico <strong>junto \u00e0s bananas<\/strong> \u00e9 o truque definitivo para evitar o escurecimento r\u00e1pido na sua fruteira. Essa t\u00e9cnica caseira simples atrasa o amadurecimento natural da fruta, garantindo sabor fresco e economia financeira durante semanas seguidas.<\/p>\n\n\n\n<h2 class=\"wp-block-heading\">Por que as bananas escurecem t\u00e3o r\u00e1pido na fruteira?<\/h2>\n\n\n\n<p>A fruta continua seu processo biol\u00f3gico de matura\u00e7\u00e3o mesmo ap\u00f3s a colheita no campo, liberando um g\u00e1s natural constante chamado <strong><a href=\"https:\/\/pt.wikipedia.org\/wiki\/Etileno\" target=\"_blank\" rel=\"noreferrer noopener\">etileno<\/a><\/strong>. Esse composto qu\u00edmico invis\u00edvel age diretamente nas fibras vegetais da casca, quebrando os \u00e1cidos e transformando o amido interno em a\u00e7\u00facar.<\/p>\n\n\n\n<p>Quando a penca fica abafada na temperatura ambiente da cozinha, a concentra\u00e7\u00e3o desse g\u00e1s aumenta drasticamente ao redor do cacho. Isso cria um ciclo de oxida\u00e7\u00e3o acelerado, fazendo com que o cimento celular se rompa e a polpa perca a sua firmeza em poucos dias.<\/p>\n\n\n<div class=\"wp-block-image\">\n<figure class=\"aligncenter size-full\"><img decoding=\"async\" width=\"1280\" height=\"720\" src=\"https:\/\/www.correiobraziliense.com.br\/cbradar\/wp-content\/uploads\/2026\/03\/imagem_2026-03-13_023721552.png\" alt=\"Close detalhado de m\u00e3os envolvendo o talo da banana com papel-alum\u00ednio.\" class=\"wp-image-207800\" srcset=\"https:\/\/www.correiobraziliense.com.br\/cbradar\/wp-content\/uploads\/2026\/03\/imagem_2026-03-13_023721552.png 1280w, https:\/\/www.correiobraziliense.com.br\/cbradar\/wp-content\/uploads\/2026\/03\/imagem_2026-03-13_023721552-300x169.png 300w, https:\/\/www.correiobraziliense.com.br\/cbradar\/wp-content\/uploads\/2026\/03\/imagem_2026-03-13_023721552-768x432.png 768w, https:\/\/www.correiobraziliense.com.br\/cbradar\/wp-content\/uploads\/2026\/03\/imagem_2026-03-13_023721552-750x422.png 750w, https:\/\/www.correiobraziliense.com.br\/cbradar\/wp-content\/uploads\/2026\/03\/imagem_2026-03-13_023721552-1140x641.png 1140w\" sizes=\"(max-width: 1280px) 100vw, 1280px\" \/><figcaption class=\"wp-element-caption\">Close detalhado de m\u00e3os envolvendo o talo da banana com papel-alum\u00ednio.<\/figcaption><\/figure><\/div>\n\n\n<h2 class=\"wp-block-heading\">Qual \u00e9 o objeto met\u00e1lico que salva as suas frutas?<\/h2>\n\n\n\n<p>O segredo pr\u00e1tico para barrar essa degrada\u00e7\u00e3o r\u00e1pida \u00e9 usar um simples talher de <strong>a\u00e7o inoxid\u00e1vel<\/strong> ou uma pequena bola de <strong>papel-alum\u00ednio<\/strong>. Esses itens met\u00e1licos s\u00e3o excelentes condutores t\u00e9rmicos e alteram a microtemperatura ao redor do cacho no ambiente de armazenamento.<\/p>\n\n\n\n<p>Ao colocar o metal diretamente em contato com os talos maduros, voc\u00ea cria um ponto de resfriamento muito sutil. Essa leve mudan\u00e7a f\u00edsica no ambiente imediato ajuda a dissipar o calor gerado pela respira\u00e7\u00e3o di\u00e1ria do alimento e atrasa o surgimento de manchas.<\/p>\n\n\n\n<h3 class=\"wp-block-heading\">Qualquer tipo de metal funciona nesse processo?<\/h3>\n\n\n\n<p>O <strong>a\u00e7o inoxid\u00e1vel<\/strong> e o alum\u00ednio puro entregam os melhores resultados pr\u00e1ticos na conserva\u00e7\u00e3o caseira di\u00e1ria. Evite utilizar metais ferrosos n\u00e3o tratados, pois a umidade comum da cozinha pode causar ferrugem grave e acabar contaminando a casca da sua fruta limpa.<\/p>\n\n\n<div class=\"wp-block-image\">\n<figure class=\"aligncenter size-full\"><img decoding=\"async\" width=\"1280\" height=\"720\" src=\"https:\/\/www.correiobraziliense.com.br\/cbradar\/wp-content\/uploads\/2026\/03\/imagem_2026-03-13_023732513.png\" alt=\"Homem posicionando a fruteira em um local ventilado e iluminado da cozinha.\" class=\"wp-image-207801\" srcset=\"https:\/\/www.correiobraziliense.com.br\/cbradar\/wp-content\/uploads\/2026\/03\/imagem_2026-03-13_023732513.png 1280w, https:\/\/www.correiobraziliense.com.br\/cbradar\/wp-content\/uploads\/2026\/03\/imagem_2026-03-13_023732513-300x169.png 300w, https:\/\/www.correiobraziliense.com.br\/cbradar\/wp-content\/uploads\/2026\/03\/imagem_2026-03-13_023732513-768x432.png 768w, https:\/\/www.correiobraziliense.com.br\/cbradar\/wp-content\/uploads\/2026\/03\/imagem_2026-03-13_023732513-750x422.png 750w, https:\/\/www.correiobraziliense.com.br\/cbradar\/wp-content\/uploads\/2026\/03\/imagem_2026-03-13_023732513-1140x641.png 1140w\" sizes=\"(max-width: 1280px) 100vw, 1280px\" \/><figcaption class=\"wp-element-caption\">Homem posicionando a fruteira em um local ventilado e iluminado da cozinha.<\/figcaption><\/figure><\/div>\n\n\n<h2 class=\"wp-block-heading\">Como a presen\u00e7a do metal atrasa o amadurecimento?<\/h2>\n\n\n\n<p>O utens\u00edlio atua como um dissipador natural de temperatura e tamb\u00e9m cria uma barreira f\u00edsica m\u00ednima que interfere na concentra\u00e7\u00e3o gasosa. A superf\u00edcie fria do inox dificulta o ac\u00famulo daquele g\u00e1s de matura\u00e7\u00e3o agressivo exatamente ao redor da coroa da penca amarela.<\/p>\n\n\n\n<p>Al\u00e9m do efeito t\u00e9rmico constante, o alum\u00ednio amassa facilmente e bloqueia os poros do talo quando enrolado na ponta superior. Essa combina\u00e7\u00e3o inteligente de isolamento da coroa e resfriamento met\u00e1lico impede que a casca oxide e fique preta antes do tempo previsto.<\/p>\n\n\n\n<p>Leia tamb\u00e9m: <a href=\"https:\/\/www.correiobraziliense.com.br\/cbradar\/o-verdadeiro-significado-de-esconder-um-potinho-com-cristais-brancos-de-tempero-atras-da-porta\/\" target=\"_blank\" rel=\"noreferrer noopener\">O verdadeiro significado de esconder um potinho com cristais brancos de tempero atr\u00e1s da porta<\/a><\/p>\n\n\n\n<h2 class=\"wp-block-heading\">Quais s\u00e3o os passos para aplicar esse truque em casa?<\/h2>\n\n\n\n<p>A aplica\u00e7\u00e3o dessa t\u00e9cnica exige apenas que o seu recipiente esteja completamente limpo, seco e alocado em um local bem arejado. O calor externo do ambiente acima de <strong>25\u00b0C<\/strong> anula facilmente o efeito estabilizador que o objeto met\u00e1lico tenta proporcionar.<\/p>\n\n\n\n<p>Siga as etapas exatas para garantir a efic\u00e1cia do m\u00e9todo na sua rotina dom\u00e9stica:<\/p>\n\n\n\n<ul class=\"wp-block-list\">\n<li>Separe as frutas do cacho original, mantendo o talo superior intacto em cada unidade amarela.<\/li>\n\n\n\n<li>Enrole um peda\u00e7o de <strong>papel-alum\u00ednio<\/strong> bem apertado na coroa isolada de cada fruta.<\/li>\n\n\n\n<li>Coloque uma colher limpa de metal na base da fruteira, encostando suavemente nas cascas.<\/li>\n<\/ul>\n\n\n<div class=\"wp-block-image\">\n<figure class=\"aligncenter size-full\"><img decoding=\"async\" width=\"1280\" height=\"720\" src=\"https:\/\/www.correiobraziliense.com.br\/cbradar\/wp-content\/uploads\/2026\/03\/imagem_2026-03-13_023740094.png\" alt=\"Vis\u00e3o em primeira pessoa de uma banana perfeitamente amarela e preservada.\" class=\"wp-image-207799\" srcset=\"https:\/\/www.correiobraziliense.com.br\/cbradar\/wp-content\/uploads\/2026\/03\/imagem_2026-03-13_023740094.png 1280w, https:\/\/www.correiobraziliense.com.br\/cbradar\/wp-content\/uploads\/2026\/03\/imagem_2026-03-13_023740094-300x169.png 300w, https:\/\/www.correiobraziliense.com.br\/cbradar\/wp-content\/uploads\/2026\/03\/imagem_2026-03-13_023740094-768x432.png 768w, https:\/\/www.correiobraziliense.com.br\/cbradar\/wp-content\/uploads\/2026\/03\/imagem_2026-03-13_023740094-750x422.png 750w, https:\/\/www.correiobraziliense.com.br\/cbradar\/wp-content\/uploads\/2026\/03\/imagem_2026-03-13_023740094-1140x641.png 1140w\" sizes=\"(max-width: 1280px) 100vw, 1280px\" \/><figcaption class=\"wp-element-caption\">Vis\u00e3o em primeira pessoa de uma banana perfeitamente amarela e preservada.<\/figcaption><\/figure><\/div>\n\n\n<h2 class=\"wp-block-heading\">Onde posicionar a fruteira para maximizar o resultado?<\/h2>\n\n\n\n<p>O ambiente exato ao redor da vasilha influencia totalmente a conserva\u00e7\u00e3o prolongada. Posicionar a sua bacia perto do fog\u00e3o ou do micro-ondas transfere calor para a casca, destruindo a capacidade de resfriamento cont\u00ednuo que a colher de metal trabalha para manter.<\/p>\n\n\n\n<p>O local ideal deve ser sempre o ponto mais fresco e ventilado da sua bancada principal. A circula\u00e7\u00e3o de ar ininterrupta afasta os gases residuais pesados, trabalhando em conjunto com os materiais met\u00e1licos para que as suas compras alcancem at\u00e9 <strong>3 semanas<\/strong> frescas.<\/p>\n\n\n\n<h2 class=\"wp-block-heading\">O m\u00e9todo reduz o desperd\u00edcio alimentar na rotina?<\/h2>\n\n\n\n<p>Aplicar essa barreira f\u00edsica isolante estende a validade da sua feira semanal de forma absurdamente segura e econ\u00f4mica. Quando o alimento demora muitos dias para escurecer, a fam\u00edlia tem tempo de sobra para consumir tudo e n\u00e3o joga dinheiro ganho com esfor\u00e7o no lixo.<\/p>\n\n\n\n<p>O descarte massivo de vegetais \u00e9 um desafio global grav\u00edssimo. Usar t\u00e1ticas de f\u00edsica b\u00e1sica para preservar a comida apoia o or\u00e7amento dom\u00e9stico mensal e colabora com a sustentabilidade do planeta.<\/p>\n","protected":false},"excerpt":{"rendered":"<p>Colocar um objeto met\u00e1lico junto \u00e0s bananas \u00e9 o truque definitivo para evitar o escurecimento r\u00e1pido na sua fruteira. Essa t\u00e9cnica caseira simples atrasa o amadurecimento natural da fruta, garantindo sabor fresco e economia financeira durante semanas seguidas. Por que as bananas escurecem t\u00e3o r\u00e1pido na fruteira? A fruta continua seu processo biol\u00f3gico de matura\u00e7\u00e3o [&hellip;]<\/p>\n","protected":false},"author":11,"featured_media":209603,"comment_status":"open","ping_status":"open","sticky":false,"template":"","format":"standard","meta":{"_yoast_wpseo_focuskw":"junto \u00e0s bananas","_yoast_wpseo_title":"","_yoast_wpseo_metadesc":"Aprenda o truque caseiro que utiliza um simples objeto de metal para bloquear a oxida\u00e7\u00e3o natural, mantendo as suas frutas amarelas e saborosas por semanas.","jnews-multi-image_gallery":[],"jnews_single_post":{"format":"standard"},"jnews_primary_category":[],"jnews_social_meta":[],"jnews_override_counter":[],"footnotes":""},"categories":[143],"tags":[1434,16076,5872,16075],"class_list":["post-207798","post","type-post","status-publish","format-standard","has-post-thumbnail","hentry","category-casa-e-decoracao","tag-conservacao-de-alimentos","tag-desperdicio-zero","tag-dicas-de-cozinha","tag-papel-aluminio-3"],"yoast_head":"<!-- This site is optimized with the Yoast SEO plugin v24.6 - https:\/\/yoast.com\/wordpress\/plugins\/seo\/ -->\n<title>O utens\u00edlio de cozinha comum que deve colocar junto \u00e0s bananas para que elas n\u00e3o escure\u00e7am e durem semanas frescas - Correio Braziliense - Radar<\/title>\n<meta name=\"description\" content=\"Aprenda o truque caseiro que utiliza um simples objeto de metal para bloquear a oxida\u00e7\u00e3o natural, mantendo as suas frutas amarelas e saborosas por semanas.\" \/>\n<meta name=\"robots\" content=\"index, follow, max-snippet:-1, max-image-preview:large, max-video-preview:-1\" \/>\n<link rel=\"canonical\" href=\"https:\/\/www.correiobraziliense.com.br\/cbradar\/o-utensilio-de-cozinha-comum-que-deve-colocar-junto-as-bananas-para-que-elas-nao-escurecam-e-durem-semanas-frescas\/\" \/>\n<meta property=\"og:locale\" content=\"pt_BR\" \/>\n<meta property=\"og:type\" content=\"article\" \/>\n<meta property=\"og:title\" content=\"O utens\u00edlio de cozinha comum que deve colocar junto \u00e0s bananas para que elas n\u00e3o escure\u00e7am e durem semanas frescas - Correio Braziliense - Radar\" \/>\n<meta property=\"og:description\" content=\"Aprenda o truque caseiro que utiliza um simples objeto de metal para bloquear a oxida\u00e7\u00e3o natural, mantendo as suas frutas amarelas e saborosas por semanas.\" \/>\n<meta property=\"og:url\" content=\"https:\/\/www.correiobraziliense.com.br\/cbradar\/o-utensilio-de-cozinha-comum-que-deve-colocar-junto-as-bananas-para-que-elas-nao-escurecam-e-durem-semanas-frescas\/\" \/>\n<meta property=\"og:site_name\" content=\"Correio Braziliense - Radar\" \/>\n<meta property=\"article:published_time\" content=\"2026-03-17T04:55:00+00:00\" \/>\n<meta property=\"og:image\" content=\"https:\/\/www.correiobraziliense.com.br\/cbradar\/wp-content\/uploads\/2026\/03\/freepik__cacho-de-bananas-amarelas-em-uma-fruteira-de-cozin__96434.jpeg\" \/>\n\t<meta property=\"og:image:width\" content=\"1280\" \/>\n\t<meta property=\"og:image:height\" content=\"720\" \/>\n\t<meta property=\"og:image:type\" content=\"image\/jpeg\" \/>\n<meta name=\"author\" content=\"Paulo Custodio\" \/>\n<meta name=\"twitter:card\" content=\"summary_large_image\" \/>\n<meta name=\"twitter:label1\" content=\"Escrito por\" \/>\n\t<meta name=\"twitter:data1\" content=\"Paulo Custodio\" \/>\n\t<meta name=\"twitter:label2\" content=\"Est. tempo de leitura\" \/>\n\t<meta name=\"twitter:data2\" content=\"5 minutos\" \/>\n<!-- \/ Yoast SEO plugin. -->","yoast_head_json":{"title":"O utens\u00edlio de cozinha comum que deve colocar junto \u00e0s bananas para que elas n\u00e3o escure\u00e7am e durem semanas frescas - Correio Braziliense - Radar","description":"Aprenda o truque caseiro que utiliza um simples objeto de metal para bloquear a oxida\u00e7\u00e3o natural, mantendo as suas frutas amarelas e saborosas por semanas.","robots":{"index":"index","follow":"follow","max-snippet":"max-snippet:-1","max-image-preview":"max-image-preview:large","max-video-preview":"max-video-preview:-1"},"canonical":"https:\/\/www.correiobraziliense.com.br\/cbradar\/o-utensilio-de-cozinha-comum-que-deve-colocar-junto-as-bananas-para-que-elas-nao-escurecam-e-durem-semanas-frescas\/","og_locale":"pt_BR","og_type":"article","og_title":"O utens\u00edlio de cozinha comum que deve colocar junto \u00e0s bananas para que elas n\u00e3o escure\u00e7am e durem semanas frescas - Correio Braziliense - Radar","og_description":"Aprenda o truque caseiro que utiliza um simples objeto de metal para bloquear a oxida\u00e7\u00e3o natural, mantendo as suas frutas amarelas e saborosas por semanas.","og_url":"https:\/\/www.correiobraziliense.com.br\/cbradar\/o-utensilio-de-cozinha-comum-que-deve-colocar-junto-as-bananas-para-que-elas-nao-escurecam-e-durem-semanas-frescas\/","og_site_name":"Correio Braziliense - Radar","article_published_time":"2026-03-17T04:55:00+00:00","og_image":[{"width":1280,"height":720,"url":"https:\/\/www.correiobraziliense.com.br\/cbradar\/wp-content\/uploads\/2026\/03\/freepik__cacho-de-bananas-amarelas-em-uma-fruteira-de-cozin__96434.jpeg","type":"image\/jpeg"}],"author":"Paulo Custodio","twitter_card":"summary_large_image","twitter_misc":{"Escrito por":"Paulo Custodio","Est. tempo de leitura":"5 minutos"},"schema":{"@context":"https:\/\/schema.org","@graph":[{"@type":"WebPage","@id":"https:\/\/www.correiobraziliense.com.br\/cbradar\/o-utensilio-de-cozinha-comum-que-deve-colocar-junto-as-bananas-para-que-elas-nao-escurecam-e-durem-semanas-frescas\/","url":"https:\/\/www.correiobraziliense.com.br\/cbradar\/o-utensilio-de-cozinha-comum-que-deve-colocar-junto-as-bananas-para-que-elas-nao-escurecam-e-durem-semanas-frescas\/","name":"O utens\u00edlio de cozinha comum que deve colocar junto \u00e0s bananas para que elas n\u00e3o escure\u00e7am e durem semanas frescas - Correio Braziliense - Radar","isPartOf":{"@id":"https:\/\/www.correiobraziliense.com.br\/cbradar\/#website"},"primaryImageOfPage":{"@id":"https:\/\/www.correiobraziliense.com.br\/cbradar\/o-utensilio-de-cozinha-comum-que-deve-colocar-junto-as-bananas-para-que-elas-nao-escurecam-e-durem-semanas-frescas\/#primaryimage"},"image":{"@id":"https:\/\/www.correiobraziliense.com.br\/cbradar\/o-utensilio-de-cozinha-comum-que-deve-colocar-junto-as-bananas-para-que-elas-nao-escurecam-e-durem-semanas-frescas\/#primaryimage"},"thumbnailUrl":"https:\/\/www.correiobraziliense.com.br\/cbradar\/wp-content\/uploads\/2026\/03\/freepik__cacho-de-bananas-amarelas-em-uma-fruteira-de-cozin__96434.jpeg","datePublished":"2026-03-17T04:55:00+00:00","author":{"@id":"https:\/\/www.correiobraziliense.com.br\/cbradar\/#\/schema\/person\/4cec7857301a9a1a2ef249893cd908d3"},"description":"Aprenda o truque caseiro que utiliza um simples objeto de metal para bloquear a oxida\u00e7\u00e3o natural, mantendo as suas frutas amarelas e saborosas por semanas.","breadcrumb":{"@id":"https:\/\/www.correiobraziliense.com.br\/cbradar\/o-utensilio-de-cozinha-comum-que-deve-colocar-junto-as-bananas-para-que-elas-nao-escurecam-e-durem-semanas-frescas\/#breadcrumb"},"inLanguage":"pt-BR","potentialAction":[{"@type":"ReadAction","target":["https:\/\/www.correiobraziliense.com.br\/cbradar\/o-utensilio-de-cozinha-comum-que-deve-colocar-junto-as-bananas-para-que-elas-nao-escurecam-e-durem-semanas-frescas\/"]}]},{"@type":"ImageObject","inLanguage":"pt-BR","@id":"https:\/\/www.correiobraziliense.com.br\/cbradar\/o-utensilio-de-cozinha-comum-que-deve-colocar-junto-as-bananas-para-que-elas-nao-escurecam-e-durem-semanas-frescas\/#primaryimage","url":"https:\/\/www.correiobraziliense.com.br\/cbradar\/wp-content\/uploads\/2026\/03\/freepik__cacho-de-bananas-amarelas-em-uma-fruteira-de-cozin__96434.jpeg","contentUrl":"https:\/\/www.correiobraziliense.com.br\/cbradar\/wp-content\/uploads\/2026\/03\/freepik__cacho-de-bananas-amarelas-em-uma-fruteira-de-cozin__96434.jpeg","width":1280,"height":720,"caption":"Bananas amadurecem mais r\u00e1pido por causa do g\u00e1s etileno liberado pela pr\u00f3pria fruta"},{"@type":"BreadcrumbList","@id":"https:\/\/www.correiobraziliense.com.br\/cbradar\/o-utensilio-de-cozinha-comum-que-deve-colocar-junto-as-bananas-para-que-elas-nao-escurecam-e-durem-semanas-frescas\/#breadcrumb","itemListElement":[{"@type":"ListItem","position":1,"name":"In\u00edcio","item":"https:\/\/www.correiobraziliense.com.br\/cbradar\/"},{"@type":"ListItem","position":2,"name":"O utens\u00edlio de cozinha comum que deve colocar junto \u00e0s bananas para que elas n\u00e3o escure\u00e7am e durem semanas frescas"}]},{"@type":"WebSite","@id":"https:\/\/www.correiobraziliense.com.br\/cbradar\/#website","url":"https:\/\/www.correiobraziliense.com.br\/cbradar\/","name":"Correio Braziliense - Radar","description":"Acompanhe as \u00faltimas not\u00edcias e fique bem informado sobre tudo o que acontece no Brasil e no mundo.","potentialAction":[{"@type":"SearchAction","target":{"@type":"EntryPoint","urlTemplate":"https:\/\/www.correiobraziliense.com.br\/cbradar\/?s={search_term_string}"},"query-input":{"@type":"PropertyValueSpecification","valueRequired":true,"valueName":"search_term_string"}}],"inLanguage":"pt-BR"},{"@type":"Person","@id":"https:\/\/www.correiobraziliense.com.br\/cbradar\/#\/schema\/person\/4cec7857301a9a1a2ef249893cd908d3","name":"Paulo Custodio","image":{"@type":"ImageObject","inLanguage":"pt-BR","@id":"https:\/\/www.correiobraziliense.com.br\/cbradar\/#\/schema\/person\/image\/","url":"https:\/\/secure.gravatar.com\/avatar\/bcd67168d1534e8fcf4f45c726a87cea?s=96&d=mm&r=g","contentUrl":"https:\/\/secure.gravatar.com\/avatar\/bcd67168d1534e8fcf4f45c726a87cea?s=96&d=mm&r=g","caption":"Paulo Custodio"},"sameAs":["https:\/\/www.correiobraziliense.com.br\/cbradar"],"url":"https:\/\/www.correiobraziliense.com.br\/cbradar\/author\/paulomyth\/"}]}},"_links":{"self":[{"href":"https:\/\/www.correiobraziliense.com.br\/cbradar\/wp-json\/wp\/v2\/posts\/207798","targetHints":{"allow":["GET"]}}],"collection":[{"href":"https:\/\/www.correiobraziliense.com.br\/cbradar\/wp-json\/wp\/v2\/posts"}],"about":[{"href":"https:\/\/www.correiobraziliense.com.br\/cbradar\/wp-json\/wp\/v2\/types\/post"}],"author":[{"embeddable":true,"href":"https:\/\/www.correiobraziliense.com.br\/cbradar\/wp-json\/wp\/v2\/users\/11"}],"replies":[{"embeddable":true,"href":"https:\/\/www.correiobraziliense.com.br\/cbradar\/wp-json\/wp\/v2\/comments?post=207798"}],"version-history":[{"count":1,"href":"https:\/\/www.correiobraziliense.com.br\/cbradar\/wp-json\/wp\/v2\/posts\/207798\/revisions"}],"predecessor-version":[{"id":207802,"href":"https:\/\/www.correiobraziliense.com.br\/cbradar\/wp-json\/wp\/v2\/posts\/207798\/revisions\/207802"}],"wp:featuredmedia":[{"embeddable":true,"href":"https:\/\/www.correiobraziliense.com.br\/cbradar\/wp-json\/wp\/v2\/media\/209603"}],"wp:attachment":[{"href":"https:\/\/www.correiobraziliense.com.br\/cbradar\/wp-json\/wp\/v2\/media?parent=207798"}],"wp:term":[{"taxonomy":"category","embeddable":true,"href":"https:\/\/www.correiobraziliense.com.br\/cbradar\/wp-json\/wp\/v2\/categories?post=207798"},{"taxonomy":"post_tag","embeddable":true,"href":"https:\/\/www.correiobraziliense.com.br\/cbradar\/wp-json\/wp\/v2\/tags?post=207798"}],"curies":[{"name":"wp","href":"https:\/\/api.w.org\/{rel}","templated":true}]}}