{"id":207822,"date":"2026-03-13T07:55:00","date_gmt":"2026-03-13T10:55:00","guid":{"rendered":"https:\/\/www.correiobraziliense.com.br\/cbradar\/?p=207822"},"modified":"2026-03-13T06:27:37","modified_gmt":"2026-03-13T09:27:37","slug":"com-400-quilos-de-ouro-em-uma-igreja-essa-cidade-brasileira-mantem-tres-seculos-atras-preservados-e-visita-la-e-como-uma-viagem-no-tempo","status":"publish","type":"post","link":"https:\/\/www.correiobraziliense.com.br\/cbradar\/com-400-quilos-de-ouro-em-uma-igreja-essa-cidade-brasileira-mantem-tres-seculos-atras-preservados-e-visita-la-e-como-uma-viagem-no-tempo\/","title":{"rendered":"Com 400 quilos de ouro em uma igreja, essa cidade brasileira mant\u00e9m tr\u00eas s\u00e9culos atr\u00e1s preservados e visit\u00e1-la \u00e9 como uma viagem no tempo"},"content":{"rendered":"\n<p>Ladeiras de pedra, casar\u00f5es brancos com esquadrias coloridas e o som dos sinos ecoando entre montanhas. <strong>Ouro Preto<\/strong>, na regi\u00e3o central de <strong>Minas Gerais<\/strong>, foi a primeira cidade brasileira inscrita na Lista do Patrim\u00f4nio Mundial da <strong>UNESCO<\/strong>, em <strong>1980<\/strong>, e segue intacta o suficiente para fazer qualquer visitante sentir que cruzou tr\u00eas s\u00e9culos em uma s\u00f3 caminhada.<\/p>\n\n\n\n<h2 class=\"wp-block-heading\">A cidade que nasceu do ouro escuro das montanhas<\/h2>\n\n\n\n<p>No final do s\u00e9culo XVII, bandeirantes paulistas encontraram ouro recoberto por uma camada de \u00f3xido de ferro, com apar\u00eancia escura. A cor incomum batizou a regi\u00e3o e, mais tarde, a pr\u00f3pria cidade. Os arraiais de garimpo se uniram e, em <strong>1711<\/strong>, formaram <strong>Vila Rica<\/strong>, elevada a capital da Capitania de Minas Gerais em 1720.<\/p>\n\n\n\n<p>Foi nesse cen\u00e1rio de riqueza e tens\u00e3o colonial que eclodiu a <strong>Inconfid\u00eancia Mineira<\/strong>, em 1789. O l\u00edder do movimento, <strong>Joaquim Jos\u00e9 da Silva Xavier<\/strong>, o <strong>Tiradentes<\/strong>, teve a cabe\u00e7a exposta na pra\u00e7a que hoje leva seu nome. O <a href=\"http:\/\/portal.iphan.gov.br\/pagina\/detalhes\/30\" target=\"_blank\" rel=\"noreferrer noopener\"><strong>IPHAN<\/strong><\/a> tombou o conjunto arquitet\u00f4nico e urban\u00edstico da cidade em 1938, cinco anos ap\u00f3s ela ser declarada Monumento Nacional.<\/p>\n\n\n<div class=\"wp-block-image\">\n<figure class=\"aligncenter size-large\"><img decoding=\"async\" width=\"1024\" height=\"576\" src=\"https:\/\/www.correiobraziliense.com.br\/cbradar\/wp-content\/uploads\/2025\/02\/Ouro-Preto_1740200148774-1024x576.jpg\" alt=\"Fundada em 1711, uma cidade em Minas Gerais tem 90% da sua arquitetura preservada e leva seus visitantes para uma viagem ao passado\" class=\"wp-image-4931\" srcset=\"https:\/\/www.correiobraziliense.com.br\/cbradar\/wp-content\/uploads\/2025\/02\/Ouro-Preto_1740200148774-1024x576.jpg 1024w, https:\/\/www.correiobraziliense.com.br\/cbradar\/wp-content\/uploads\/2025\/02\/Ouro-Preto_1740200148774-300x169.jpg 300w, https:\/\/www.correiobraziliense.com.br\/cbradar\/wp-content\/uploads\/2025\/02\/Ouro-Preto_1740200148774-768x432.jpg 768w, https:\/\/www.correiobraziliense.com.br\/cbradar\/wp-content\/uploads\/2025\/02\/Ouro-Preto_1740200148774-750x422.jpg 750w, https:\/\/www.correiobraziliense.com.br\/cbradar\/wp-content\/uploads\/2025\/02\/Ouro-Preto_1740200148774-1140x641.jpg 1140w, https:\/\/www.correiobraziliense.com.br\/cbradar\/wp-content\/uploads\/2025\/02\/Ouro-Preto_1740200148774.jpg 1280w\" sizes=\"(max-width: 1024px) 100vw, 1024px\" \/><figcaption class=\"wp-element-caption\">Em Ouro Preto, explore igrejas barrocas, museus e o charme das ladeiras cheias de hist\u00f3ria. \/\/ Cr\u00e9ditos: depositphotos.com \/ diegograndi<\/figcaption><\/figure><\/div>\n\n\n<h2 class=\"wp-block-heading\">O que visitar nas ladeiras da antiga Vila Rica?<\/h2>\n\n\n\n<p><strong>S\u00e3o mais de 20 igrejas e capelas, museus, minas e mirantes distribu\u00eddos por um centro hist\u00f3rico compacto. <\/strong>O melhor jeito de explorar \u00e9 a p\u00e9, com cal\u00e7ado firme e disposi\u00e7\u00e3o para subir e descer.<\/p>\n\n\n\n<ul class=\"wp-block-list\">\n<li><strong>Igreja de S\u00e3o Francisco de Assis<\/strong>: obra-prima de <strong>Aleijadinho<\/strong>. O medalh\u00e3o de pedra-sab\u00e3o na fachada e o forro pintado por <strong>Mestre Ata\u00edde<\/strong>, que levou 10 anos para concluir a cena que imita o c\u00e9u e d\u00e1 a impress\u00e3o de infinito, fazem desta uma das maiores refer\u00eancias do barroco mundial.<\/li>\n\n\n\n<li><strong>Bas\u00edlica de Nossa Senhora do Pilar<\/strong>: a fachada s\u00f3bria esconde um interior com mais de 400 kg de ouro e 400 kg de prata nos entalhes e altares. No subsolo, o Museu de Arte Sacra complementa a visita.<\/li>\n\n\n\n<li><strong>Museu da Inconfid\u00eancia<\/strong>: instalado na antiga Casa de C\u00e2mara e Cadeia, na <strong>Pra\u00e7a Tiradentes<\/strong>, re\u00fane documentos, mobili\u00e1rio e obras de arte do per\u00edodo colonial.<\/li>\n\n\n\n<li><strong>Mina da Passagem<\/strong>: entre Ouro Preto e <strong>Mariana<\/strong>, \u00e9 a maior mina de ouro aberta \u00e0 visita\u00e7\u00e3o no mundo. O acesso \u00e9 feito por um carrinho sobre trilhos antigos que desce at\u00e9 os t\u00faneis submersos.<\/li>\n\n\n\n<li><strong>Passeio de trem at\u00e9 Mariana<\/strong>: a composi\u00e7\u00e3o parte da esta\u00e7\u00e3o de 1888 e percorre trilhos entre montanhas e vegeta\u00e7\u00e3o nativa. Uma das experi\u00eancias mais fotografadas da regi\u00e3o.<\/li>\n<\/ul>\n\n\n\n<p><strong>Explore a hist\u00f3ria viva de Ouro Preto, a primeira cidade brasileira declarada Patrim\u00f4nio Mundial pela UNESCO. <\/strong>O v\u00eddeo \u00e9 do canal <strong>Brazil for Travelers<\/strong>, que conta com mais de <strong>7 mil inscritos<\/strong>, e detalha as obras de Aleijadinho, a revolu\u00e7\u00e3o da Inconfid\u00eancia Mineira e cachoeiras deslumbrantes:<\/p>\n\n\n\n<figure class=\"wp-block-embed aligncenter is-type-video is-provider-youtube wp-block-embed-youtube wp-embed-aspect-16-9 wp-has-aspect-ratio\"><div class=\"wp-block-embed__wrapper\">\n<div class=\"jeg_video_container jeg_video_content\"><iframe loading=\"lazy\" title=\"Ouro Preto Brazil \ud83c\udde7\ud83c\uddf7 | The Gold Rush City You MUST Visit\" width=\"500\" height=\"281\" src=\"https:\/\/www.youtube.com\/embed\/w0RyPwjVy2w?feature=oembed\" frameborder=\"0\" allow=\"accelerometer; autoplay; clipboard-write; encrypted-media; gyroscope; picture-in-picture; web-share\" referrerpolicy=\"strict-origin-when-cross-origin\" allowfullscreen><\/iframe><\/div>\n<\/div><\/figure>\n\n\n\n<h2 class=\"wp-block-heading\">Que sabores a antiga capital mineira guarda na mesa?<\/h2>\n\n\n\n<p><strong>A gastronomia de Ouro Preto carrega a heran\u00e7a das cozinhas ind\u00edgena, africana e portuguesa que se encontraram nas montanhas.<\/strong> Muitos restaurantes servem os pratos em panelas de pedra-sab\u00e3o, tradi\u00e7\u00e3o que atravessa gera\u00e7\u00f5es.<\/p>\n\n\n\n<ul class=\"wp-block-list\">\n<li><strong>Frango com quiabo<\/strong>: o cl\u00e1ssico mineiro, cozido lentamente at\u00e9 a carne se desfazer, com temperos de horta.<\/li>\n\n\n\n<li><strong>Tutu de feij\u00e3o<\/strong>: creme denso de feij\u00e3o acompanhado de couve refogada, torresmo, lingui\u00e7a e ovo frito.<\/li>\n\n\n\n<li><strong>Feij\u00e3o tropeiro<\/strong>: mistura de feij\u00e3o com farinha de mandioca, ovos, lingui\u00e7a e couve, heran\u00e7a dos tropeiros que cruzavam a serra.<\/li>\n\n\n\n<li><strong>Goiabada casc\u00e3o de S\u00e3o Bartolomeu<\/strong>: produzida da mesma forma desde o s\u00e9culo XVIII no distrito de <strong>S\u00e3o Bartolomeu<\/strong>, registrada como patrim\u00f4nio cultural imaterial de Minas Gerais.<\/li>\n<\/ul>\n\n\n<div class=\"wp-block-image\">\n<figure class=\"aligncenter size-large\"><img decoding=\"async\" width=\"1024\" height=\"576\" src=\"https:\/\/www.correiobraziliense.com.br\/cbradar\/wp-content\/uploads\/2025\/02\/Ouro-Preto_1740200160283-1024x576.jpg\" alt=\"Com mais de 20 igrejas barrocas e gastronomia mineira, a antiga Vila Rica a 1.179m de altitude oferece uma viagem \u00e9pica no tempo\" class=\"wp-image-4930\" srcset=\"https:\/\/www.correiobraziliense.com.br\/cbradar\/wp-content\/uploads\/2025\/02\/Ouro-Preto_1740200160283-1024x576.jpg 1024w, https:\/\/www.correiobraziliense.com.br\/cbradar\/wp-content\/uploads\/2025\/02\/Ouro-Preto_1740200160283-300x169.jpg 300w, https:\/\/www.correiobraziliense.com.br\/cbradar\/wp-content\/uploads\/2025\/02\/Ouro-Preto_1740200160283-768x432.jpg 768w, https:\/\/www.correiobraziliense.com.br\/cbradar\/wp-content\/uploads\/2025\/02\/Ouro-Preto_1740200160283-750x422.jpg 750w, https:\/\/www.correiobraziliense.com.br\/cbradar\/wp-content\/uploads\/2025\/02\/Ouro-Preto_1740200160283-1140x641.jpg 1140w, https:\/\/www.correiobraziliense.com.br\/cbradar\/wp-content\/uploads\/2025\/02\/Ouro-Preto_1740200160283.jpg 1280w\" sizes=\"(max-width: 1024px) 100vw, 1024px\" \/><figcaption class=\"wp-element-caption\">Ouro Preto, MG, \u00e9 uma cidade hist\u00f3rica do ciclo do ouro, com arquitetura colonial preservada. \/\/ Cr\u00e9ditos: depositphotos.com \/ diegograndi<\/figcaption><\/figure><\/div>\n\n\n<p><strong>Leia tamb\u00e9m: <a href=\"https:\/\/www.correiobraziliense.com.br\/cbradar\/antigo-coracao-economico-do-brasil-imperio-essa-cidade-dos-baroes-ja-produziu-a-maior-parte-do-cafe-do-mundo\/\" target=\"_blank\" rel=\"noreferrer noopener\">Antigo cora\u00e7\u00e3o econ\u00f4mico do Brasil Imp\u00e9rio, essa &#8220;Cidade dos Bar\u00f5es&#8221; j\u00e1 produziu a maior parte do caf\u00e9 do mundo.<\/a><\/strong><\/p>\n\n\n\n<h2 class=\"wp-block-heading\">Quando o clima favorece cada tipo de passeio?<\/h2>\n\n\n\n<p>A altitude de 1.179 metros na <strong>Serra do Espinha\u00e7o<\/strong> deixa as temperaturas mais amenas que no restante de Minas. O inverno seco \u00e9 a melhor \u00e9poca para percorrer igrejas e museus sem chuva. No ver\u00e3o, pancadas concentradas \u00e0 tarde pedem manh\u00e3s ativas e tardes em espa\u00e7os cobertos.<\/p>\n\n\n\n<div class=\"google-auto-ads-ignore\" style=\"font-family: 'Segoe UI', Roboto, -apple-system, sans-serif; max-width: 850px; margin: 20px auto; box-sizing: border-box; background-color: #ffffff; -webkit-font-smoothing: antialiased; text-rendering: optimizeLegibility;\">\n    \n    <div style=\"background: #fffcfc; border-radius: 20px; overflow: hidden; border: 1px solid #bae6fd; display: flex; flex-direction: column; box-shadow: 0 4px 15px rgba(2, 132, 199, 0.05);\">\n        \n        <div style=\"background: linear-gradient(135deg, #38bdf8 0%, #0284c7 100%); padding: 20px 30px; text-align: left;\">\n            <div style=\"font-size: 24px; font-weight: 800; color: #ffffff; letter-spacing: -0.5px; line-height: 1.2;\">\n                Sazonalidade e condi\u00e7\u00f5es para atividades\n            <\/div>\n            <div style=\"font-size: 14px; color: #e0f2fe; margin-top: 4px; font-weight: 500; opacity: 0.9;\">\n                An\u00e1lise clim\u00e1tica detalhada para planejamento de viagem e roteiros hist\u00f3ricos e culturais\n            <\/div>\n        <\/div>\n\n        <div style=\"padding: 15px;\">\n            <div style=\"display: grid; width: 100%; grid-template-columns: 0.8fr 0.7fr 1fr 0.7fr 1.8fr; gap: 1px; background-color: #7dd3fc; border-radius: 12px; border: 1px solid #7dd3fc; overflow: hidden;\">\n                \n                <div style=\"background: #f0f9ff; padding: 10px; font-weight: 800; font-size: 11px; text-transform: uppercase; color: #0c4a6e; text-align: center;\">Esta\u00e7\u00e3o<\/div>\n                <div style=\"background: #f0f9ff; padding: 10px; font-weight: 800; font-size: 11px; text-transform: uppercase; color: #0c4a6e; text-align: center;\">Meses<\/div>\n                <div style=\"background: #f0f9ff; padding: 10px; font-weight: 800; font-size: 11px; text-transform: uppercase; color: #0c4a6e; text-align: center;\">Temperatura<\/div>\n                <div style=\"background: #f0f9ff; padding: 10px; font-weight: 800; font-size: 11px; text-transform: uppercase; color: #0c4a6e; text-align: center;\">Chuva<\/div>\n                <div style=\"background: #f0f9ff; padding: 10px; font-weight: 800; font-size: 11px; text-transform: uppercase; color: #0c4a6e; text-align: center;\">O que fazer<\/div>\n\n                <div style=\"background: #ffffff; padding: 12px; font-weight: 800; color: #0284c7; font-size: 14px; display: flex; align-items: center; justify-content: center;\">Ver\u00e3o<\/div>\n                <div style=\"background: #ffffff; padding: 12px; font-size: 13px; color: #1e293b; font-weight: 600; display: flex; align-items: center; justify-content: center;\">Dez-Fev<\/div>\n                <div style=\"background: #ffffff; padding: 12px; display: flex; align-items: center; justify-content: center; gap: 6px;\">\n                    <span style=\"font-size: 13px; font-weight: 700; color: #1e293b;\">15-25\u00b0C<\/span>\n                    <span style=\"font-size: 14px;\">\u2600\ufe0f<\/span>\n                <\/div>\n                <div style=\"background: #ffffff; padding: 12px; font-size: 13px; color: #4b5563; font-weight: 600; display: flex; align-items: center; justify-content: center;\">Alta<\/div>\n                <div style=\"background: #ffffff; padding: 12px; font-size: 13px; line-height: 1.4; color: #1e293b; display: flex; align-items: center;\">Igrejas e museus pela manh\u00e3.<\/div>\n\n                <div style=\"background: #f8fafc; padding: 12px; font-weight: 800; color: #0284c7; font-size: 14px; display: flex; align-items: center; justify-content: center;\">Outono<\/div>\n                <div style=\"background: #f8fafc; padding: 12px; font-size: 13px; color: #1e293b; font-weight: 600; display: flex; align-items: center; justify-content: center;\">Mar-Mai<\/div>\n                <div style=\"background: #f8fafc; padding: 12px; display: flex; align-items: center; justify-content: center; gap: 6px;\">\n                    <span style=\"font-size: 13px; font-weight: 700; color: #1e293b;\">12-23\u00b0C<\/span>\n                    <span style=\"font-size: 14px;\">\ud83c\udf42<\/span>\n                <\/div>\n                <div style=\"background: #f8fafc; padding: 12px; font-size: 13px; color: #4b5563; font-weight: 600; display: flex; align-items: center; justify-content: center;\">M\u00e9dia<\/div>\n                <div style=\"background: #f8fafc; padding: 12px; font-size: 13px; line-height: 1.4; color: #1e293b; display: flex; align-items: center;\">Trilhas e minas.<\/div>\n\n                <div style=\"background: #ffffff; padding: 12px; font-weight: 800; color: #0284c7; font-size: 14px; display: flex; align-items: center; justify-content: center;\">Inverno<\/div>\n                <div style=\"background: #ffffff; padding: 12px; font-size: 13px; color: #1e293b; font-weight: 600; display: flex; align-items: center; justify-content: center;\">Jun-Ago<\/div>\n                <div style=\"background: #ffffff; padding: 12px; display: flex; align-items: center; justify-content: center; gap: 6px;\">\n                    <span style=\"font-size: 13px; font-weight: 700; color: #1e293b;\">8-20\u00b0C<\/span>\n                    <span style=\"font-size: 14px;\">\u2744\ufe0f<\/span>\n                <\/div>\n                <div style=\"background: #ffffff; padding: 12px; font-size: 13px; color: #4b5563; font-weight: 600; display: flex; align-items: center; justify-content: center;\">Baixa<\/div>\n                <div style=\"background: #ffffff; padding: 12px; font-size: 13px; line-height: 1.4; color: #1e293b; display: flex; align-items: center;\">Roteiro completo a p\u00e9.<\/div>\n\n                <div style=\"background: #f8fafc; padding: 12px; font-weight: 800; color: #0284c7; font-size: 14px; display: flex; align-items: center; justify-content: center;\">Primavera<\/div>\n                <div style=\"background: #f8fafc; padding: 12px; font-size: 13px; color: #1e293b; font-weight: 600; display: flex; align-items: center; justify-content: center;\">Set-Nov<\/div>\n                <div style=\"background: #f8fafc; padding: 12px; display: flex; align-items: center; justify-content: center; gap: 6px;\">\n                    <span style=\"font-size: 13px; font-weight: 700; color: #1e293b;\">13-24\u00b0C<\/span>\n                    <span style=\"font-size: 14px;\">\ud83c\udf3a<\/span>\n                <\/div>\n                <div style=\"background: #f8fafc; padding: 12px; font-size: 13px; color: #4b5563; font-weight: 600; display: flex; align-items: center; justify-content: center;\">M\u00e9dia<\/div>\n                <div style=\"background: #f8fafc; padding: 12px; font-size: 13px; line-height: 1.4; color: #1e293b; display: flex; align-items: center;\">Passeio de trem e mirantes.<\/div>\n            <\/div>\n        <\/div>\n\n        <div style=\"padding: 10px 30px; background: #f0f9ff; border-top: 1px solid #bae6fd; font-size: 12px; color: #0c4a6e; font-style: italic; display: flex; align-items: center; gap: 8px; font-weight: 600;\">\n            <div style=\"width: 6px; height: 6px; background: #0284c7; border-radius: 50%;\"><\/div>\n            Informa\u00e7\u00e3o: O inverno \u00e9 o per\u00edodo mais recomendado para caminhadas extensas pelo centro hist\u00f3rico.\n        <\/div>\n        \n    <\/div>\n<\/div>\n\n\n\n<p><em>Temperaturas aproximadas com base no <a href=\"https:\/\/www.climatempo.com.br\/previsao-do-tempo\/cidade\/170\/ouropreto-mg\" target=\"_blank\" rel=\"noreferrer noopener\"><strong>Climatempo<\/strong><\/a>. Condi\u00e7\u00f5es podem variar.<\/em><\/p>\n\n\n<div class=\"wp-block-image\">\n<figure class=\"aligncenter size-large\"><img decoding=\"async\" width=\"1024\" height=\"576\" src=\"https:\/\/www.correiobraziliense.com.br\/cbradar\/wp-content\/uploads\/2025\/06\/ouro-preto_1749324881923-1024x576.jpg\" alt=\"Fundada em 1711, uma cidade em Minas Gerais tem 90% da sua arquitetura preservada e leva seus visitantes para uma viagem ao passado\" class=\"wp-image-49817\" srcset=\"https:\/\/www.correiobraziliense.com.br\/cbradar\/wp-content\/uploads\/2025\/06\/ouro-preto_1749324881923-1024x576.jpg 1024w, https:\/\/www.correiobraziliense.com.br\/cbradar\/wp-content\/uploads\/2025\/06\/ouro-preto_1749324881923-300x169.jpg 300w, https:\/\/www.correiobraziliense.com.br\/cbradar\/wp-content\/uploads\/2025\/06\/ouro-preto_1749324881923-768x432.jpg 768w, https:\/\/www.correiobraziliense.com.br\/cbradar\/wp-content\/uploads\/2025\/06\/ouro-preto_1749324881923-750x422.jpg 750w, https:\/\/www.correiobraziliense.com.br\/cbradar\/wp-content\/uploads\/2025\/06\/ouro-preto_1749324881923-1140x641.jpg 1140w, https:\/\/www.correiobraziliense.com.br\/cbradar\/wp-content\/uploads\/2025\/06\/ouro-preto_1749324881923.jpg 1280w\" sizes=\"(max-width: 1024px) 100vw, 1024px\" \/><figcaption class=\"wp-element-caption\">Encante-se com Ouro Preto, onde arte barroca e hist\u00f3ria viva se unem em ruas de pedra \u00fanicas. \/\/ Cr\u00e9ditos: depositphotos.com \/ fredpinheiro.hotmail.com.br<\/figcaption><\/figure><\/div>\n\n\n<h2 class=\"wp-block-heading\">Como chegar \u00e0 cidade patrim\u00f4nio da humanidade?<\/h2>\n\n\n\n<p>Ouro Preto fica a cerca de 100 km de <strong>Belo Horizonte<\/strong> pela <strong>BR-356<\/strong>, percurso de aproximadamente 1h30 de carro. O aeroporto mais pr\u00f3ximo \u00e9 o <strong>Internacional de Confins<\/strong>. H\u00e1 linhas regulares de \u00f4nibus a partir da capital mineira, com sa\u00eddas frequentes da rodovi\u00e1ria. Dentro da cidade, o estacionamento no centro hist\u00f3rico \u00e9 limitado, por isso estacionamentos pagos s\u00e3o a melhor op\u00e7\u00e3o para quem chega de carro.<\/p>\n\n\n\n<h2 class=\"wp-block-heading\">Suba as ladeiras e viva a hist\u00f3ria do Brasil<\/h2>\n\n\n\n<p><strong>Poucas cidades do mundo preservam com tanta integridade o cen\u00e1rio de tr\u00eas s\u00e9culos atr\u00e1s.<\/strong> Em Ouro Preto, cada esquina entrega um peda\u00e7o da hist\u00f3ria brasileira, da f\u00e9 esculpida em ouro ao grito de liberdade dos inconfidentes, passado pelo sabor de uma goiabada casc\u00e3o feita do mesmo jeito desde o tempo de Vila Rica.<\/p>\n\n\n\n<p>Voc\u00ea precisa subir essas ladeiras pelo menos uma vez na vida e sentir, no ritmo dos pr\u00f3prios passos, por que a <a href=\"https:\/\/whc.unesco.org\/en\/list\/124\/\" target=\"_blank\" rel=\"noreferrer noopener\"><strong>UNESCO<\/strong><\/a> escolheu essa cidade como o primeiro patrim\u00f4nio cultural do Brasil.<\/p>\n","protected":false},"excerpt":{"rendered":"<p>Ladeiras de pedra, casar\u00f5es brancos com esquadrias coloridas e o som dos sinos ecoando entre montanhas. Ouro Preto, na regi\u00e3o central de Minas Gerais, foi a primeira cidade brasileira inscrita na Lista do Patrim\u00f4nio Mundial da UNESCO, em 1980, e segue intacta o suficiente para fazer qualquer visitante sentir que cruzou tr\u00eas s\u00e9culos em uma [&hellip;]<\/p>\n","protected":false},"author":8,"featured_media":174318,"comment_status":"open","ping_status":"open","sticky":false,"template":"","format":"standard","meta":{"_yoast_wpseo_focuskw":"cidade brasileira","_yoast_wpseo_title":"","_yoast_wpseo_metadesc":"Uma cidade brasileira hist\u00f3rica preserva mais de tr\u00eas s\u00e9culos de arquitetura colonial e abriga uma igreja decorada com 400 quilos de ouro.","jnews-multi-image_gallery":[],"jnews_single_post":{"format":"standard"},"jnews_primary_category":[],"jnews_social_meta":[],"jnews_override_counter":[],"footnotes":""},"categories":[108,111],"tags":[388,963],"class_list":["post-207822","post","type-post","status-publish","format-standard","has-post-thumbnail","hentry","category-cidades","category-turismo","tag-minas-gerais","tag-ouro-preto"],"yoast_head":"<!-- This site is optimized with the Yoast SEO plugin v24.6 - https:\/\/yoast.com\/wordpress\/plugins\/seo\/ -->\n<title>Com 400 quilos de ouro em uma igreja, essa cidade brasileira mant\u00e9m tr\u00eas s\u00e9culos atr\u00e1s preservados e visit\u00e1-la \u00e9 como uma viagem no tempo - Correio Braziliense - Radar<\/title>\n<meta name=\"description\" content=\"Uma cidade brasileira hist\u00f3rica preserva mais de tr\u00eas s\u00e9culos de arquitetura colonial e abriga uma igreja decorada com 400 quilos de ouro.\" \/>\n<meta name=\"robots\" content=\"index, follow, max-snippet:-1, max-image-preview:large, max-video-preview:-1\" \/>\n<link rel=\"canonical\" href=\"https:\/\/www.correiobraziliense.com.br\/cbradar\/com-400-quilos-de-ouro-em-uma-igreja-essa-cidade-brasileira-mantem-tres-seculos-atras-preservados-e-visita-la-e-como-uma-viagem-no-tempo\/\" \/>\n<meta property=\"og:locale\" content=\"pt_BR\" \/>\n<meta property=\"og:type\" content=\"article\" \/>\n<meta property=\"og:title\" content=\"Com 400 quilos de ouro em uma igreja, essa cidade brasileira mant\u00e9m tr\u00eas s\u00e9culos atr\u00e1s preservados e visit\u00e1-la \u00e9 como uma viagem no tempo - Correio Braziliense - Radar\" \/>\n<meta property=\"og:description\" content=\"Uma cidade brasileira hist\u00f3rica preserva mais de tr\u00eas s\u00e9culos de arquitetura colonial e abriga uma igreja decorada com 400 quilos de ouro.\" \/>\n<meta property=\"og:url\" content=\"https:\/\/www.correiobraziliense.com.br\/cbradar\/com-400-quilos-de-ouro-em-uma-igreja-essa-cidade-brasileira-mantem-tres-seculos-atras-preservados-e-visita-la-e-como-uma-viagem-no-tempo\/\" \/>\n<meta property=\"og:site_name\" content=\"Correio Braziliense - Radar\" \/>\n<meta property=\"article:published_time\" content=\"2026-03-13T10:55:00+00:00\" \/>\n<meta property=\"og:image\" content=\"https:\/\/www.correiobraziliense.com.br\/cbradar\/wp-content\/uploads\/2026\/01\/Brasil-colonial_1768276514598.jpg\" \/>\n\t<meta property=\"og:image:width\" content=\"1280\" \/>\n\t<meta property=\"og:image:height\" content=\"720\" \/>\n\t<meta property=\"og:image:type\" content=\"image\/jpeg\" \/>\n<meta name=\"author\" content=\"Maura Pereira\" \/>\n<meta name=\"twitter:card\" content=\"summary_large_image\" \/>\n<meta name=\"twitter:label1\" content=\"Escrito por\" \/>\n\t<meta name=\"twitter:data1\" content=\"Maura Pereira\" \/>\n\t<meta name=\"twitter:label2\" content=\"Est. tempo de leitura\" \/>\n\t<meta name=\"twitter:data2\" content=\"7 minutos\" \/>\n<!-- \/ Yoast SEO plugin. -->","yoast_head_json":{"title":"Com 400 quilos de ouro em uma igreja, essa cidade brasileira mant\u00e9m tr\u00eas s\u00e9culos atr\u00e1s preservados e visit\u00e1-la \u00e9 como uma viagem no tempo - Correio Braziliense - Radar","description":"Uma cidade brasileira hist\u00f3rica preserva mais de tr\u00eas s\u00e9culos de arquitetura colonial e abriga uma igreja decorada com 400 quilos de ouro.","robots":{"index":"index","follow":"follow","max-snippet":"max-snippet:-1","max-image-preview":"max-image-preview:large","max-video-preview":"max-video-preview:-1"},"canonical":"https:\/\/www.correiobraziliense.com.br\/cbradar\/com-400-quilos-de-ouro-em-uma-igreja-essa-cidade-brasileira-mantem-tres-seculos-atras-preservados-e-visita-la-e-como-uma-viagem-no-tempo\/","og_locale":"pt_BR","og_type":"article","og_title":"Com 400 quilos de ouro em uma igreja, essa cidade brasileira mant\u00e9m tr\u00eas s\u00e9culos atr\u00e1s preservados e visit\u00e1-la \u00e9 como uma viagem no tempo - Correio Braziliense - Radar","og_description":"Uma cidade brasileira hist\u00f3rica preserva mais de tr\u00eas s\u00e9culos de arquitetura colonial e abriga uma igreja decorada com 400 quilos de ouro.","og_url":"https:\/\/www.correiobraziliense.com.br\/cbradar\/com-400-quilos-de-ouro-em-uma-igreja-essa-cidade-brasileira-mantem-tres-seculos-atras-preservados-e-visita-la-e-como-uma-viagem-no-tempo\/","og_site_name":"Correio Braziliense - Radar","article_published_time":"2026-03-13T10:55:00+00:00","og_image":[{"width":1280,"height":720,"url":"https:\/\/www.correiobraziliense.com.br\/cbradar\/wp-content\/uploads\/2026\/01\/Brasil-colonial_1768276514598.jpg","type":"image\/jpeg"}],"author":"Maura Pereira","twitter_card":"summary_large_image","twitter_misc":{"Escrito por":"Maura Pereira","Est. tempo de leitura":"7 minutos"},"schema":{"@context":"https:\/\/schema.org","@graph":[{"@type":"WebPage","@id":"https:\/\/www.correiobraziliense.com.br\/cbradar\/com-400-quilos-de-ouro-em-uma-igreja-essa-cidade-brasileira-mantem-tres-seculos-atras-preservados-e-visita-la-e-como-uma-viagem-no-tempo\/","url":"https:\/\/www.correiobraziliense.com.br\/cbradar\/com-400-quilos-de-ouro-em-uma-igreja-essa-cidade-brasileira-mantem-tres-seculos-atras-preservados-e-visita-la-e-como-uma-viagem-no-tempo\/","name":"Com 400 quilos de ouro em uma igreja, essa cidade brasileira mant\u00e9m tr\u00eas s\u00e9culos atr\u00e1s preservados e visit\u00e1-la \u00e9 como uma viagem no tempo - Correio Braziliense - Radar","isPartOf":{"@id":"https:\/\/www.correiobraziliense.com.br\/cbradar\/#website"},"primaryImageOfPage":{"@id":"https:\/\/www.correiobraziliense.com.br\/cbradar\/com-400-quilos-de-ouro-em-uma-igreja-essa-cidade-brasileira-mantem-tres-seculos-atras-preservados-e-visita-la-e-como-uma-viagem-no-tempo\/#primaryimage"},"image":{"@id":"https:\/\/www.correiobraziliense.com.br\/cbradar\/com-400-quilos-de-ouro-em-uma-igreja-essa-cidade-brasileira-mantem-tres-seculos-atras-preservados-e-visita-la-e-como-uma-viagem-no-tempo\/#primaryimage"},"thumbnailUrl":"https:\/\/www.correiobraziliense.com.br\/cbradar\/wp-content\/uploads\/2026\/01\/Brasil-colonial_1768276514598.jpg","datePublished":"2026-03-13T10:55:00+00:00","author":{"@id":"https:\/\/www.correiobraziliense.com.br\/cbradar\/#\/schema\/person\/4053c651a9bfc785afc6f4cbc9032fd3"},"description":"Uma cidade brasileira hist\u00f3rica preserva mais de tr\u00eas s\u00e9culos de arquitetura colonial e abriga uma igreja decorada com 400 quilos de ouro.","breadcrumb":{"@id":"https:\/\/www.correiobraziliense.com.br\/cbradar\/com-400-quilos-de-ouro-em-uma-igreja-essa-cidade-brasileira-mantem-tres-seculos-atras-preservados-e-visita-la-e-como-uma-viagem-no-tempo\/#breadcrumb"},"inLanguage":"pt-BR","potentialAction":[{"@type":"ReadAction","target":["https:\/\/www.correiobraziliense.com.br\/cbradar\/com-400-quilos-de-ouro-em-uma-igreja-essa-cidade-brasileira-mantem-tres-seculos-atras-preservados-e-visita-la-e-como-uma-viagem-no-tempo\/"]}]},{"@type":"ImageObject","inLanguage":"pt-BR","@id":"https:\/\/www.correiobraziliense.com.br\/cbradar\/com-400-quilos-de-ouro-em-uma-igreja-essa-cidade-brasileira-mantem-tres-seculos-atras-preservados-e-visita-la-e-como-uma-viagem-no-tempo\/#primaryimage","url":"https:\/\/www.correiobraziliense.com.br\/cbradar\/wp-content\/uploads\/2026\/01\/Brasil-colonial_1768276514598.jpg","contentUrl":"https:\/\/www.correiobraziliense.com.br\/cbradar\/wp-content\/uploads\/2026\/01\/Brasil-colonial_1768276514598.jpg","width":1280,"height":720,"caption":"Deixe-se encantar pelas ladeiras de Ouro Preto, ber\u00e7o do barroco com obras de Aleijadinho que inspiram admira\u00e7\u00e3o eterna. \/\/ Cr\u00e9ditos: depositphotos.com \/ dabldy"},{"@type":"BreadcrumbList","@id":"https:\/\/www.correiobraziliense.com.br\/cbradar\/com-400-quilos-de-ouro-em-uma-igreja-essa-cidade-brasileira-mantem-tres-seculos-atras-preservados-e-visita-la-e-como-uma-viagem-no-tempo\/#breadcrumb","itemListElement":[{"@type":"ListItem","position":1,"name":"In\u00edcio","item":"https:\/\/www.correiobraziliense.com.br\/cbradar\/"},{"@type":"ListItem","position":2,"name":"Com 400 quilos de ouro em uma igreja, essa cidade brasileira mant\u00e9m tr\u00eas s\u00e9culos atr\u00e1s preservados e visit\u00e1-la \u00e9 como uma viagem no tempo"}]},{"@type":"WebSite","@id":"https:\/\/www.correiobraziliense.com.br\/cbradar\/#website","url":"https:\/\/www.correiobraziliense.com.br\/cbradar\/","name":"Correio Braziliense - Radar","description":"Acompanhe as \u00faltimas not\u00edcias e fique bem informado sobre tudo o que acontece no Brasil e no mundo.","potentialAction":[{"@type":"SearchAction","target":{"@type":"EntryPoint","urlTemplate":"https:\/\/www.correiobraziliense.com.br\/cbradar\/?s={search_term_string}"},"query-input":{"@type":"PropertyValueSpecification","valueRequired":true,"valueName":"search_term_string"}}],"inLanguage":"pt-BR"},{"@type":"Person","@id":"https:\/\/www.correiobraziliense.com.br\/cbradar\/#\/schema\/person\/4053c651a9bfc785afc6f4cbc9032fd3","name":"Maura Pereira","image":{"@type":"ImageObject","inLanguage":"pt-BR","@id":"https:\/\/www.correiobraziliense.com.br\/cbradar\/#\/schema\/person\/image\/","url":"https:\/\/secure.gravatar.com\/avatar\/3effd6bdadfa447f15089c7f7144eaa6?s=96&d=mm&r=g","contentUrl":"https:\/\/secure.gravatar.com\/avatar\/3effd6bdadfa447f15089c7f7144eaa6?s=96&d=mm&r=g","caption":"Maura Pereira"},"sameAs":["https:\/\/www.correiobraziliense.com.br\/"],"url":"https:\/\/www.correiobraziliense.com.br\/cbradar\/author\/mauramyth\/"}]}},"_links":{"self":[{"href":"https:\/\/www.correiobraziliense.com.br\/cbradar\/wp-json\/wp\/v2\/posts\/207822","targetHints":{"allow":["GET"]}}],"collection":[{"href":"https:\/\/www.correiobraziliense.com.br\/cbradar\/wp-json\/wp\/v2\/posts"}],"about":[{"href":"https:\/\/www.correiobraziliense.com.br\/cbradar\/wp-json\/wp\/v2\/types\/post"}],"author":[{"embeddable":true,"href":"https:\/\/www.correiobraziliense.com.br\/cbradar\/wp-json\/wp\/v2\/users\/8"}],"replies":[{"embeddable":true,"href":"https:\/\/www.correiobraziliense.com.br\/cbradar\/wp-json\/wp\/v2\/comments?post=207822"}],"version-history":[{"count":16,"href":"https:\/\/www.correiobraziliense.com.br\/cbradar\/wp-json\/wp\/v2\/posts\/207822\/revisions"}],"predecessor-version":[{"id":207846,"href":"https:\/\/www.correiobraziliense.com.br\/cbradar\/wp-json\/wp\/v2\/posts\/207822\/revisions\/207846"}],"wp:featuredmedia":[{"embeddable":true,"href":"https:\/\/www.correiobraziliense.com.br\/cbradar\/wp-json\/wp\/v2\/media\/174318"}],"wp:attachment":[{"href":"https:\/\/www.correiobraziliense.com.br\/cbradar\/wp-json\/wp\/v2\/media?parent=207822"}],"wp:term":[{"taxonomy":"category","embeddable":true,"href":"https:\/\/www.correiobraziliense.com.br\/cbradar\/wp-json\/wp\/v2\/categories?post=207822"},{"taxonomy":"post_tag","embeddable":true,"href":"https:\/\/www.correiobraziliense.com.br\/cbradar\/wp-json\/wp\/v2\/tags?post=207822"}],"curies":[{"name":"wp","href":"https:\/\/api.w.org\/{rel}","templated":true}]}}