{"id":207829,"date":"2026-03-13T12:45:00","date_gmt":"2026-03-13T15:45:00","guid":{"rendered":"https:\/\/www.correiobraziliense.com.br\/cbradar\/?p=207829"},"modified":"2026-03-13T07:26:46","modified_gmt":"2026-03-13T10:26:46","slug":"com-21-ilhas-vulcanicas-230-especies-de-peixes-e-praia-eleita-a-melhor-do-mundo-esse-lugar-no-brasil-se-tornou-um-sonho-para-os-gringos","status":"publish","type":"post","link":"https:\/\/www.correiobraziliense.com.br\/cbradar\/com-21-ilhas-vulcanicas-230-especies-de-peixes-e-praia-eleita-a-melhor-do-mundo-esse-lugar-no-brasil-se-tornou-um-sonho-para-os-gringos\/","title":{"rendered":"Com 21 ilhas vulc\u00e2nicas, 230 esp\u00e9cies de peixes e praia eleita a melhor do mundo, esse lugar no Brasil se tornou um sonho para os gringos"},"content":{"rendered":"\n<p>A 350 km da costa de <strong>Pernambuco<\/strong>, um arquip\u00e9lago de origem vulc\u00e2nica guarda o mar mais transparente do <strong>Brasil<\/strong>. <strong>Fernando de Noronha<\/strong> foi o primeiro Patrim\u00f4nio Natural da Humanidade no pa\u00eds, reconhecido pela <strong>UNESCO<\/strong> em <strong>2001<\/strong>, e segue como refer\u00eancia mundial em mergulho, preserva\u00e7\u00e3o, turismo controlado e a melhor praia.<\/p>\n\n\n\n<h2 class=\"wp-block-heading\">Mais de 500 anos de hist\u00f3ria entre fortes e pres\u00eddios<\/h2>\n\n\n\n<p>O arquip\u00e9lago entrou nos registros em 1503, descrito pelo navegador <strong>Am\u00e9rico Vesp\u00facio<\/strong>. Nos s\u00e9culos seguintes, serviu como ponto de defesa militar, com dez fortifica\u00e7\u00f5es erguidas entre os s\u00e9culos XVII e XVIII. A mais imponente, a <strong>Fortaleza de Nossa Senhora dos Rem\u00e9dios<\/strong> (1737), ainda marca a paisagem da <a href=\"https:\/\/www.noronha.pe.gov.br\/turismo\/\" target=\"_blank\" rel=\"noreferrer noopener\"><strong>Vila dos Rem\u00e9dios<\/strong><\/a>.<\/p>\n\n\n\n<p>A ilha tamb\u00e9m funcionou como pres\u00eddio comum por d\u00e9cadas. Os pr\u00f3prios presos ergueram o patrim\u00f4nio edificado e o sistema vi\u00e1rio que liga vilas e fortes. Em 1890, todos os capoeiristas do Brasil foram desterrados para Noronha, considerados &#8220;desordeiros&#8221;. O naturalista <strong>Charles Darwin<\/strong> passou pelo arquip\u00e9lago em 1832, durante a viagem que resultaria na Teoria da Evolu\u00e7\u00e3o. Em 1988, a maior parte da \u00e1rea foi transformada em <strong>Parque Nacional Marinho<\/strong>, e em 2017 o <a href=\"https:\/\/www.gov.br\/turismo\/pt-br\/assuntos\/noticias\/um-tour-pelo-patrimonio-natural-e-cultural-de-fernando-de-noronha\" target=\"_blank\" rel=\"noreferrer noopener\"><strong>IPHAN<\/strong><\/a> tombou o conjunto hist\u00f3rico como Patrim\u00f4nio Cultural do Brasil.<\/p>\n\n\n<div class=\"wp-block-image\">\n<figure class=\"aligncenter size-large\"><img decoding=\"async\" width=\"1024\" height=\"576\" src=\"https:\/\/www.correiobraziliense.com.br\/cbradar\/wp-content\/uploads\/2025\/06\/Fernando-de-Noronha_1750570483165-1024x576.jpg\" alt=\"Um para\u00edso ecol\u00f3gico brasileiro, considerado um dos mais bonitos do mundo, \u00e9 famoso ao unir preserva\u00e7\u00e3o ambiental e turismo luxuoso\" class=\"wp-image-57354\" srcset=\"https:\/\/www.correiobraziliense.com.br\/cbradar\/wp-content\/uploads\/2025\/06\/Fernando-de-Noronha_1750570483165-1024x576.jpg 1024w, https:\/\/www.correiobraziliense.com.br\/cbradar\/wp-content\/uploads\/2025\/06\/Fernando-de-Noronha_1750570483165-300x169.jpg 300w, https:\/\/www.correiobraziliense.com.br\/cbradar\/wp-content\/uploads\/2025\/06\/Fernando-de-Noronha_1750570483165-768x432.jpg 768w, https:\/\/www.correiobraziliense.com.br\/cbradar\/wp-content\/uploads\/2025\/06\/Fernando-de-Noronha_1750570483165-750x422.jpg 750w, https:\/\/www.correiobraziliense.com.br\/cbradar\/wp-content\/uploads\/2025\/06\/Fernando-de-Noronha_1750570483165-1140x641.jpg 1140w, https:\/\/www.correiobraziliense.com.br\/cbradar\/wp-content\/uploads\/2025\/06\/Fernando-de-Noronha_1750570483165.jpg 1280w\" sizes=\"(max-width: 1024px) 100vw, 1024px\" \/><figcaption class=\"wp-element-caption\">Noronha \u00e9 Patrim\u00f4nio Natural da Humanidade pela UNESCO e limita visitantes para preservar o ecossistema. \/\/ Cr\u00e9ditos: depositphotos.com \/ nachosuch<\/figcaption><\/figure><\/div>\n\n\n<h2 class=\"wp-block-heading\">Quais praias merecem cada minuto na ilha?<\/h2>\n\n\n\n<p><strong>As 21 ilhas somam apenas 17 km\u00b2, mas concentram algumas das praias mais premiadas do planeta. <\/strong>O arquip\u00e9lago se divide entre o &#8220;mar de dentro&#8221;, com \u00e1guas calmas, e o &#8220;mar de fora&#8221;, voltado para ondas e correntes.<\/p>\n\n\n\n<ul class=\"wp-block-list\">\n<li><strong>Ba\u00eda do Sancho<\/strong>: eleita a melhor praia do mundo pelo TripAdvisor, acessada por escadas \u00edngreme cravadas na fal\u00e9sia. Pared\u00f5es de pedra e visibilidade que passa dos 30 metros.<\/li>\n\n\n\n<li><strong>Ba\u00eda dos Porcos<\/strong>: piscinas naturais na mar\u00e9 baixa com vista frontal para o <strong>Morro Dois Irm\u00e3os<\/strong>, o cart\u00e3o-postal do arquip\u00e9lago.<\/li>\n\n\n\n<li><strong>Praia do Le\u00e3o<\/strong>: principal \u00e1rea de desova de tartarugas marinhas, monitorada por projetos de conserva\u00e7\u00e3o.<\/li>\n\n\n\n<li><strong>Praia da Cacimba do Padre<\/strong>: ondas fortes que atraem surfistas, com o Dois Irm\u00e3os ao fundo.<\/li>\n\n\n\n<li><strong>Ba\u00eda dos Golfinhos<\/strong>: abriga a maior concentra\u00e7\u00e3o de golfinhos-rotadores do Atl\u00e2ntico Sul, com cerca de 3 mil exemplares. \u00c9 proibido entrar na \u00e1gua, mas o mirante oferece observa\u00e7\u00e3o privilegiada.<\/li>\n<\/ul>\n\n\n\n<p><strong>Fernando de Noronha abriga algumas das praias mais bonitas do mundo.<\/strong> O v\u00eddeo \u00e9 do canal <strong>Viagens Cine<\/strong>, que conta com mais de <strong>317 mil inscritos<\/strong>, e apresenta roteiros imperd\u00edveis pela Ba\u00eda do Sancho, Ba\u00eda dos Porcos e o ic\u00f4nico Morro Dois Irm\u00e3os:<\/p>\n\n\n\n<figure class=\"wp-block-embed aligncenter is-type-video is-provider-youtube wp-block-embed-youtube wp-embed-aspect-16-9 wp-has-aspect-ratio\"><div class=\"wp-block-embed__wrapper\">\n<div class=\"jeg_video_container jeg_video_content\"><iframe loading=\"lazy\" title=\"Fernando de Noronha: O que Fazer e Melhores Praias - Ba\u00eda do Sancho 4k\" width=\"500\" height=\"281\" src=\"https:\/\/www.youtube.com\/embed\/g4tePM4JmH8?feature=oembed\" frameborder=\"0\" allow=\"accelerometer; autoplay; clipboard-write; encrypted-media; gyroscope; picture-in-picture; web-share\" referrerpolicy=\"strict-origin-when-cross-origin\" allowfullscreen><\/iframe><\/div>\n<\/div><\/figure>\n\n\n\n<h2 class=\"wp-block-heading\">O que fazer al\u00e9m das praias em Noronha?<\/h2>\n\n\n\n<p><strong>Mergulho, trilhas e hist\u00f3ria dividem o roteiro com o mar. <\/strong>A visibilidade subaqu\u00e1tica pode chegar a 50 metros, e a temperatura da \u00e1gua dispensa roupa de neoprene.<\/p>\n\n\n\n<ul class=\"wp-block-list\">\n<li><strong>Mergulho na Caverna da Sapata<\/strong>: a cerca de 20 metros de profundidade, com possibilidade de avistar tubar\u00f5es-lixa descansando no fundo.<\/li>\n\n\n\n<li><strong>Naufr\u00e1gio do Porto de Santo Ant\u00f4nio<\/strong>: recifes artificiais formados por embarca\u00e7\u00f5es submersas, com grande concentra\u00e7\u00e3o de tartarugas e peixes.<\/li>\n\n\n\n<li><strong>Ilhatur<\/strong>: passeio de buggy que percorre as principais praias ao longo de um dia inteiro, com parada para p\u00f4r do sol nas ru\u00ednas do Forte do Boldr\u00f3.<\/li>\n\n\n\n<li><strong>Passeio de barco pelo mar de dentro<\/strong>: sa\u00edda do Porto de Santo Ant\u00f4nio at\u00e9 a Ponta da Sapata, com parada na Ba\u00eda do Sancho para mergulho livre.<\/li>\n\n\n\n<li><strong>Trilha da Costa dos Mirantes<\/strong>: percurso terrestre com vistas panor\u00e2micas de fal\u00e9sias, praias e forma\u00e7\u00f5es rochosas.<\/li>\n<\/ul>\n\n\n<div class=\"wp-block-image\">\n<figure class=\"aligncenter size-large\"><img decoding=\"async\" width=\"1024\" height=\"576\" src=\"https:\/\/www.correiobraziliense.com.br\/cbradar\/wp-content\/uploads\/2025\/02\/Fernando-de-Noronha_1739517599057-1024x576.jpg\" alt=\"Eleita 7 vezes a melhor praia do mundo, esse arquip\u00e9lago vulc\u00e2nico com 21 ilhas j\u00e1 foi pres\u00eddio pol\u00edtico\" class=\"wp-image-2706\" srcset=\"https:\/\/www.correiobraziliense.com.br\/cbradar\/wp-content\/uploads\/2025\/02\/Fernando-de-Noronha_1739517599057-1024x576.jpg 1024w, https:\/\/www.correiobraziliense.com.br\/cbradar\/wp-content\/uploads\/2025\/02\/Fernando-de-Noronha_1739517599057-300x169.jpg 300w, https:\/\/www.correiobraziliense.com.br\/cbradar\/wp-content\/uploads\/2025\/02\/Fernando-de-Noronha_1739517599057-768x432.jpg 768w, https:\/\/www.correiobraziliense.com.br\/cbradar\/wp-content\/uploads\/2025\/02\/Fernando-de-Noronha_1739517599057-750x422.jpg 750w, https:\/\/www.correiobraziliense.com.br\/cbradar\/wp-content\/uploads\/2025\/02\/Fernando-de-Noronha_1739517599057-1140x641.jpg 1140w, https:\/\/www.correiobraziliense.com.br\/cbradar\/wp-content\/uploads\/2025\/02\/Fernando-de-Noronha_1739517599057.jpg 1280w\" sizes=\"(max-width: 1024px) 100vw, 1024px\" \/><figcaption class=\"wp-element-caption\">Conhe\u00e7a Fernando de Noronha, para\u00edso brasileiro com praias exuberantes e natureza preservada. \/\/ Cr\u00e9ditos: depositphotos.com \/ KcrisRamos<\/figcaption><\/figure><\/div>\n\n\n<h2 class=\"wp-block-heading\">Que sabores o mar coloca na mesa noronhense?<\/h2>\n\n\n\n<p>A gastronomia de Noronha une a tradi\u00e7\u00e3o pernambucana ao frescor dos pescados tirados do mar na mesma manh\u00e3. Quase tudo que n\u00e3o \u00e9 pescado chega do continente, a 350 km de navio ou avi\u00e3o, o que explica os pre\u00e7os elevados.<\/p>\n\n\n\n<ul class=\"wp-block-list\">\n<li><strong>Peixe na folha de bananeira<\/strong>: prato onipresente na ilha, assado na brasa com temperos simples e servido com macaxeira.<\/li>\n\n\n\n<li><strong>Bolinho de tubalhau<\/strong>: feito com carne de tubar\u00e3o salgada e mandioca, especialidade do <strong>Museu dos Tubar\u00f5es<\/strong>.<\/li>\n\n\n\n<li><strong>Camar\u00e3o ao molho de jerimum<\/strong>: crust\u00e1ceo fresco com ab\u00f3bora regional, presen\u00e7a constante nos card\u00e1pios autorais.<\/li>\n\n\n\n<li><strong>Caipirinha de caju<\/strong>: a fruta local substitui o lim\u00e3o e entrega um sabor que combina com o p\u00f4r do sol visto do <strong>Bar do Meio<\/strong>.<\/li>\n<\/ul>\n\n\n\n<p><strong>Leia tamb\u00e9m: <a href=\"https:\/\/www.correiobraziliense.com.br\/cbradar\/antigo-coracao-economico-do-brasil-imperio-essa-cidade-dos-baroes-ja-produziu-a-maior-parte-do-cafe-do-mundo\/\" target=\"_blank\" rel=\"noreferrer noopener\">Antigo cora\u00e7\u00e3o econ\u00f4mico do Brasil Imp\u00e9rio, essa &#8220;Cidade dos Bar\u00f5es&#8221; j\u00e1 produziu a maior parte do caf\u00e9 do mundo.<\/a><\/strong><\/p>\n\n\n<div class=\"wp-block-image\">\n<figure class=\"aligncenter size-large\"><img decoding=\"async\" width=\"1024\" height=\"576\" src=\"https:\/\/www.correiobraziliense.com.br\/cbradar\/wp-content\/uploads\/2025\/06\/Fernando-de-Noronha_1750570559032-1024x576.jpg\" alt=\"Essa ilha paradis\u00edaca est\u00e1 conquistando turistas com suas \u00e1guas cristalinas que parecem de outro mundo\" class=\"wp-image-57356\" srcset=\"https:\/\/www.correiobraziliense.com.br\/cbradar\/wp-content\/uploads\/2025\/06\/Fernando-de-Noronha_1750570559032-1024x576.jpg 1024w, https:\/\/www.correiobraziliense.com.br\/cbradar\/wp-content\/uploads\/2025\/06\/Fernando-de-Noronha_1750570559032-300x169.jpg 300w, https:\/\/www.correiobraziliense.com.br\/cbradar\/wp-content\/uploads\/2025\/06\/Fernando-de-Noronha_1750570559032-768x432.jpg 768w, https:\/\/www.correiobraziliense.com.br\/cbradar\/wp-content\/uploads\/2025\/06\/Fernando-de-Noronha_1750570559032-750x422.jpg 750w, https:\/\/www.correiobraziliense.com.br\/cbradar\/wp-content\/uploads\/2025\/06\/Fernando-de-Noronha_1750570559032-1140x641.jpg 1140w, https:\/\/www.correiobraziliense.com.br\/cbradar\/wp-content\/uploads\/2025\/06\/Fernando-de-Noronha_1750570559032.jpg 1280w\" sizes=\"(max-width: 1024px) 100vw, 1024px\" \/><figcaption class=\"wp-element-caption\">A ilha possui cerca de 3.000 habitantes e recebe limite di\u00e1rio de 500 turistas para conserva\u00e7\u00e3o ambiental. \/\/ Cr\u00e9ditos: depositphotos.com \/ diegograndi<\/figcaption><\/figure><\/div>\n\n\n<h2 class=\"wp-block-heading\">Quando o clima favorece cada tipo de experi\u00eancia?<\/h2>\n\n\n\n<p>O arquip\u00e9lago tem clima tropical oce\u00e2nico, com duas esta\u00e7\u00f5es bem definidas: seca (agosto a janeiro) e chuvosa (fevereiro a julho). A \u00e1gua \u00e9 morna o ano inteiro.<\/p>\n\n\n\n<div class=\"google-auto-ads-ignore\" style=\"font-family: 'Segoe UI', Roboto, -apple-system, sans-serif; max-width: 850px; margin: 20px auto; box-sizing: border-box; background-color: #ffffff; -webkit-font-smoothing: antialiased; text-rendering: optimizeLegibility;\">\n    \n    <div style=\"background: #fffcfc; border-radius: 20px; overflow: hidden; border: 1px solid #bae6fd; display: flex; flex-direction: column; box-shadow: 0 4px 15px rgba(2, 132, 199, 0.05);\">\n        \n        <div style=\"background: linear-gradient(135deg, #38bdf8 0%, #0284c7 100%); padding: 20px 30px; text-align: left;\">\n            <div style=\"font-size: 24px; font-weight: 800; color: #ffffff; letter-spacing: -0.5px; line-height: 1.2;\">\n                Sazonalidade e condi\u00e7\u00f5es para atividades\n            <\/div>\n            <div style=\"font-size: 14px; color: #e0f2fe; margin-top: 4px; font-weight: 500; opacity: 0.9;\">\n                An\u00e1lise clim\u00e1tica detalhada para planejamento de viagem e roteiros n\u00e1uticos e naturais\n            <\/div>\n        <\/div>\n\n        <div style=\"padding: 15px;\">\n            <div style=\"display: grid; width: 100%; grid-template-columns: 0.8fr 0.7fr 1fr 0.7fr 1.8fr; gap: 1px; background-color: #7dd3fc; border-radius: 12px; border: 1px solid #7dd3fc; overflow: hidden;\">\n                \n                <div style=\"background: #f0f9ff; padding: 10px; font-weight: 800; font-size: 11px; text-transform: uppercase; color: #0c4a6e; text-align: center;\">Esta\u00e7\u00e3o<\/div>\n                <div style=\"background: #f0f9ff; padding: 10px; font-weight: 800; font-size: 11px; text-transform: uppercase; color: #0c4a6e; text-align: center;\">Meses<\/div>\n                <div style=\"background: #f0f9ff; padding: 10px; font-weight: 800; font-size: 11px; text-transform: uppercase; color: #0c4a6e; text-align: center;\">Temperatura<\/div>\n                <div style=\"background: #f0f9ff; padding: 10px; font-weight: 800; font-size: 11px; text-transform: uppercase; color: #0c4a6e; text-align: center;\">Chuva<\/div>\n                <div style=\"background: #f0f9ff; padding: 10px; font-weight: 800; font-size: 11px; text-transform: uppercase; color: #0c4a6e; text-align: center;\">O que fazer<\/div>\n\n                <div style=\"background: #ffffff; padding: 12px; font-weight: 800; color: #0284c7; font-size: 14px; display: flex; align-items: center; justify-content: center;\">Seca<\/div>\n                <div style=\"background: #ffffff; padding: 12px; font-size: 13px; color: #1e293b; font-weight: 600; display: flex; align-items: center; justify-content: center;\">Ago-Jan<\/div>\n                <div style=\"background: #ffffff; padding: 12px; display: flex; align-items: center; justify-content: center; gap: 6px;\">\n                    <span style=\"font-size: 13px; font-weight: 700; color: #1e293b;\">27-31\u00b0C<\/span>\n                    <span style=\"font-size: 14px;\">\u2600\ufe0f<\/span>\n                <\/div>\n                <div style=\"background: #ffffff; padding: 12px; font-size: 13px; color: #4b5563; font-weight: 600; display: flex; align-items: center; justify-content: center;\">Baixa<\/div>\n                <div style=\"background: #ffffff; padding: 12px; font-size: 13px; line-height: 1.4; color: #1e293b; display: flex; align-items: center;\">Mergulho, praias e snorkel.<\/div>\n\n                <div style=\"background: #f8fafc; padding: 12px; font-weight: 800; color: #0284c7; font-size: 14px; display: flex; align-items: center; justify-content: center;\">Chuvosa<\/div>\n                <div style=\"background: #f8fafc; padding: 12px; font-size: 13px; color: #1e293b; font-weight: 600; display: flex; align-items: center; justify-content: center;\">Fev-Jul<\/div>\n                <div style=\"background: #f8fafc; padding: 12px; display: flex; align-items: center; justify-content: center; gap: 6px;\">\n                    <span style=\"font-size: 13px; font-weight: 700; color: #1e293b;\">25-29\u00b0C<\/span>\n                    <span style=\"font-size: 14px;\">\ud83c\udf27\ufe0f<\/span>\n                <\/div>\n                <div style=\"background: #f8fafc; padding: 12px; font-size: 13px; color: #4b5563; font-weight: 600; display: flex; align-items: center; justify-content: center;\">Alta<\/div>\n                <div style=\"background: #f8fafc; padding: 12px; font-size: 13px; line-height: 1.4; color: #1e293b; display: flex; align-items: center;\">Surf, trilhas e observa\u00e7\u00e3o de golfinhos.<\/div>\n            <\/div>\n        <\/div>\n\n        <div style=\"padding: 10px 30px; background: #f0f9ff; border-top: 1px solid #bae6fd; font-size: 12px; color: #0c4a6e; font-style: italic; display: flex; align-items: center; gap: 8px; font-weight: 600;\">\n            <div style=\"width: 6px; height: 6px; background: #0284c7; border-radius: 50%;\"><\/div>\n            Informa\u00e7\u00e3o: O per\u00edodo de seca \u00e9 ideal para mergulho devido \u00e0 excelente visibilidade da \u00e1gua.\n        <\/div>\n        \n    <\/div>\n<\/div>\n\n\n\n<p><em>Temperaturas aproximadas com base no <a href=\"https:\/\/www.climatempo.com.br\/previsao-do-tempo\/cidade\/1565\/fernandodenoronha-pe\" target=\"_blank\" rel=\"noreferrer noopener\"><strong>Climatempo<\/strong><\/a>. Condi\u00e7\u00f5es podem variar.<\/em><\/p>\n\n\n\n<h2 class=\"wp-block-heading\">Como chegar ao arquip\u00e9lago pernambucano?<\/h2>\n\n\n\n<p>Voos partem diariamente de <strong>Recife<\/strong> (1h10) e <strong>Natal<\/strong> (1h), operados por <strong>Azul<\/strong> e <strong>Gol<\/strong>. \u00c9 obrigat\u00f3rio pagar a Taxa de Preserva\u00e7\u00e3o Ambiental (TPA), cobrada por dia de perman\u00eancia, al\u00e9m do ingresso do <strong>Parque Nacional Marinho<\/strong> para acessar praias como Sancho e Atalaia. A locomo\u00e7\u00e3o na ilha \u00e9 feita por buggy, t\u00e1xi ou \u00f4nibus circular. N\u00e3o h\u00e1 barracas na maioria das praias, por isso leve \u00e1gua e lanche na mochila.<\/p>\n\n\n\n<h2 class=\"wp-block-heading\">Mergulhe ao menos uma vez nesse peda\u00e7o do Atl\u00e2ntico<\/h2>\n\n\n\n<p>Fernando de Noronha entrega o que nenhum filtro de foto consegue reproduzir: um mar que muda de cor a cada metro, golfinhos que giram no ar antes de mergulhar e um sil\u00eancio que s\u00f3 existe quando se est\u00e1 a 350 km do continente. Cada trilha, cada mergulho e cada p\u00f4r do sol nas ru\u00ednas de um forte colonial refor\u00e7am por que a UNESCO escolheu esse arquip\u00e9lago como patrim\u00f4nio de toda a humanidade.<\/p>\n\n\n\n<p>Voc\u00ea precisa pisar nessa ilha pelo menos uma vez e sentir, com os pr\u00f3prios olhos debaixo d&#8217;\u00e1gua, por que Noronha \u00e9 o peda\u00e7o do Brasil que o mar decidiu guardar s\u00f3 para quem faz por merecer.<\/p>\n","protected":false},"excerpt":{"rendered":"<p>A 350 km da costa de Pernambuco, um arquip\u00e9lago de origem vulc\u00e2nica guarda o mar mais transparente do Brasil. Fernando de Noronha foi o primeiro Patrim\u00f4nio Natural da Humanidade no pa\u00eds, reconhecido pela UNESCO em 2001, e segue como refer\u00eancia mundial em mergulho, preserva\u00e7\u00e3o, turismo controlado e a melhor praia. Mais de 500 anos de [&hellip;]<\/p>\n","protected":false},"author":8,"featured_media":187169,"comment_status":"open","ping_status":"open","sticky":false,"template":"","format":"standard","meta":{"_yoast_wpseo_focuskw":"melhor praia","_yoast_wpseo_title":"","_yoast_wpseo_metadesc":"Natureza preservada, ilhas vulc\u00e2nicas e mar cristalino fazem desse destino brasileiro um dos mais cobi\u00e7ados por turistas estrangeiros..","jnews-multi-image_gallery":[],"jnews_single_post":{"format":"standard"},"jnews_primary_category":[],"jnews_social_meta":[],"jnews_override_counter":[],"footnotes":""},"categories":[108,111],"tags":[699,940],"class_list":["post-207829","post","type-post","status-publish","format-standard","has-post-thumbnail","hentry","category-cidades","category-turismo","tag-fernando-de-noronha","tag-pernambuco"],"yoast_head":"<!-- This site is optimized with the Yoast SEO plugin v24.6 - https:\/\/yoast.com\/wordpress\/plugins\/seo\/ -->\n<title>Com 21 ilhas vulc\u00e2nicas, 230 esp\u00e9cies de peixes e praia eleita a melhor do mundo, esse lugar no Brasil se tornou um sonho para os gringos - Correio Braziliense - Radar<\/title>\n<meta name=\"description\" content=\"Natureza preservada, ilhas vulc\u00e2nicas e mar cristalino fazem desse destino brasileiro um dos mais cobi\u00e7ados por turistas estrangeiros..\" \/>\n<meta name=\"robots\" content=\"index, follow, max-snippet:-1, max-image-preview:large, max-video-preview:-1\" \/>\n<link rel=\"canonical\" href=\"https:\/\/www.correiobraziliense.com.br\/cbradar\/com-21-ilhas-vulcanicas-230-especies-de-peixes-e-praia-eleita-a-melhor-do-mundo-esse-lugar-no-brasil-se-tornou-um-sonho-para-os-gringos\/\" \/>\n<meta property=\"og:locale\" content=\"pt_BR\" \/>\n<meta property=\"og:type\" content=\"article\" \/>\n<meta property=\"og:title\" content=\"Com 21 ilhas vulc\u00e2nicas, 230 esp\u00e9cies de peixes e praia eleita a melhor do mundo, esse lugar no Brasil se tornou um sonho para os gringos - Correio Braziliense - Radar\" \/>\n<meta property=\"og:description\" content=\"Natureza preservada, ilhas vulc\u00e2nicas e mar cristalino fazem desse destino brasileiro um dos mais cobi\u00e7ados por turistas estrangeiros..\" \/>\n<meta property=\"og:url\" content=\"https:\/\/www.correiobraziliense.com.br\/cbradar\/com-21-ilhas-vulcanicas-230-especies-de-peixes-e-praia-eleita-a-melhor-do-mundo-esse-lugar-no-brasil-se-tornou-um-sonho-para-os-gringos\/\" \/>\n<meta property=\"og:site_name\" content=\"Correio Braziliense - Radar\" \/>\n<meta property=\"article:published_time\" content=\"2026-03-13T15:45:00+00:00\" \/>\n<meta property=\"og:image\" content=\"https:\/\/www.correiobraziliense.com.br\/cbradar\/wp-content\/uploads\/2026\/02\/aaa-2026-02-04T033904.760.png\" \/>\n\t<meta property=\"og:image:width\" content=\"1280\" \/>\n\t<meta property=\"og:image:height\" content=\"720\" \/>\n\t<meta property=\"og:image:type\" content=\"image\/png\" \/>\n<meta name=\"author\" content=\"Maura Pereira\" \/>\n<meta name=\"twitter:card\" content=\"summary_large_image\" \/>\n<meta name=\"twitter:label1\" content=\"Escrito por\" \/>\n\t<meta name=\"twitter:data1\" content=\"Maura Pereira\" \/>\n\t<meta name=\"twitter:label2\" content=\"Est. tempo de leitura\" \/>\n\t<meta name=\"twitter:data2\" content=\"7 minutos\" \/>\n<!-- \/ Yoast SEO plugin. -->","yoast_head_json":{"title":"Com 21 ilhas vulc\u00e2nicas, 230 esp\u00e9cies de peixes e praia eleita a melhor do mundo, esse lugar no Brasil se tornou um sonho para os gringos - Correio Braziliense - Radar","description":"Natureza preservada, ilhas vulc\u00e2nicas e mar cristalino fazem desse destino brasileiro um dos mais cobi\u00e7ados por turistas estrangeiros..","robots":{"index":"index","follow":"follow","max-snippet":"max-snippet:-1","max-image-preview":"max-image-preview:large","max-video-preview":"max-video-preview:-1"},"canonical":"https:\/\/www.correiobraziliense.com.br\/cbradar\/com-21-ilhas-vulcanicas-230-especies-de-peixes-e-praia-eleita-a-melhor-do-mundo-esse-lugar-no-brasil-se-tornou-um-sonho-para-os-gringos\/","og_locale":"pt_BR","og_type":"article","og_title":"Com 21 ilhas vulc\u00e2nicas, 230 esp\u00e9cies de peixes e praia eleita a melhor do mundo, esse lugar no Brasil se tornou um sonho para os gringos - Correio Braziliense - Radar","og_description":"Natureza preservada, ilhas vulc\u00e2nicas e mar cristalino fazem desse destino brasileiro um dos mais cobi\u00e7ados por turistas estrangeiros..","og_url":"https:\/\/www.correiobraziliense.com.br\/cbradar\/com-21-ilhas-vulcanicas-230-especies-de-peixes-e-praia-eleita-a-melhor-do-mundo-esse-lugar-no-brasil-se-tornou-um-sonho-para-os-gringos\/","og_site_name":"Correio Braziliense - Radar","article_published_time":"2026-03-13T15:45:00+00:00","og_image":[{"width":1280,"height":720,"url":"https:\/\/www.correiobraziliense.com.br\/cbradar\/wp-content\/uploads\/2026\/02\/aaa-2026-02-04T033904.760.png","type":"image\/png"}],"author":"Maura Pereira","twitter_card":"summary_large_image","twitter_misc":{"Escrito por":"Maura Pereira","Est. tempo de leitura":"7 minutos"},"schema":{"@context":"https:\/\/schema.org","@graph":[{"@type":"WebPage","@id":"https:\/\/www.correiobraziliense.com.br\/cbradar\/com-21-ilhas-vulcanicas-230-especies-de-peixes-e-praia-eleita-a-melhor-do-mundo-esse-lugar-no-brasil-se-tornou-um-sonho-para-os-gringos\/","url":"https:\/\/www.correiobraziliense.com.br\/cbradar\/com-21-ilhas-vulcanicas-230-especies-de-peixes-e-praia-eleita-a-melhor-do-mundo-esse-lugar-no-brasil-se-tornou-um-sonho-para-os-gringos\/","name":"Com 21 ilhas vulc\u00e2nicas, 230 esp\u00e9cies de peixes e praia eleita a melhor do mundo, esse lugar no Brasil se tornou um sonho para os gringos - Correio Braziliense - Radar","isPartOf":{"@id":"https:\/\/www.correiobraziliense.com.br\/cbradar\/#website"},"primaryImageOfPage":{"@id":"https:\/\/www.correiobraziliense.com.br\/cbradar\/com-21-ilhas-vulcanicas-230-especies-de-peixes-e-praia-eleita-a-melhor-do-mundo-esse-lugar-no-brasil-se-tornou-um-sonho-para-os-gringos\/#primaryimage"},"image":{"@id":"https:\/\/www.correiobraziliense.com.br\/cbradar\/com-21-ilhas-vulcanicas-230-especies-de-peixes-e-praia-eleita-a-melhor-do-mundo-esse-lugar-no-brasil-se-tornou-um-sonho-para-os-gringos\/#primaryimage"},"thumbnailUrl":"https:\/\/www.correiobraziliense.com.br\/cbradar\/wp-content\/uploads\/2026\/02\/aaa-2026-02-04T033904.760.png","datePublished":"2026-03-13T15:45:00+00:00","author":{"@id":"https:\/\/www.correiobraziliense.com.br\/cbradar\/#\/schema\/person\/4053c651a9bfc785afc6f4cbc9032fd3"},"description":"Natureza preservada, ilhas vulc\u00e2nicas e mar cristalino fazem desse destino brasileiro um dos mais cobi\u00e7ados por turistas estrangeiros..","breadcrumb":{"@id":"https:\/\/www.correiobraziliense.com.br\/cbradar\/com-21-ilhas-vulcanicas-230-especies-de-peixes-e-praia-eleita-a-melhor-do-mundo-esse-lugar-no-brasil-se-tornou-um-sonho-para-os-gringos\/#breadcrumb"},"inLanguage":"pt-BR","potentialAction":[{"@type":"ReadAction","target":["https:\/\/www.correiobraziliense.com.br\/cbradar\/com-21-ilhas-vulcanicas-230-especies-de-peixes-e-praia-eleita-a-melhor-do-mundo-esse-lugar-no-brasil-se-tornou-um-sonho-para-os-gringos\/"]}]},{"@type":"ImageObject","inLanguage":"pt-BR","@id":"https:\/\/www.correiobraziliense.com.br\/cbradar\/com-21-ilhas-vulcanicas-230-especies-de-peixes-e-praia-eleita-a-melhor-do-mundo-esse-lugar-no-brasil-se-tornou-um-sonho-para-os-gringos\/#primaryimage","url":"https:\/\/www.correiobraziliense.com.br\/cbradar\/wp-content\/uploads\/2026\/02\/aaa-2026-02-04T033904.760.png","contentUrl":"https:\/\/www.correiobraziliense.com.br\/cbradar\/wp-content\/uploads\/2026\/02\/aaa-2026-02-04T033904.760.png","width":1280,"height":720,"caption":"O roteiro em Fernando de Noronha se divide entre as praias do Mar de Dentro, voltadas para o continente e com \u00e1guas mais calmas, e o Mar de Fora, onde a natureza \u00e9 mais selvagem. \/ Imagem Ilustrativa"},{"@type":"BreadcrumbList","@id":"https:\/\/www.correiobraziliense.com.br\/cbradar\/com-21-ilhas-vulcanicas-230-especies-de-peixes-e-praia-eleita-a-melhor-do-mundo-esse-lugar-no-brasil-se-tornou-um-sonho-para-os-gringos\/#breadcrumb","itemListElement":[{"@type":"ListItem","position":1,"name":"In\u00edcio","item":"https:\/\/www.correiobraziliense.com.br\/cbradar\/"},{"@type":"ListItem","position":2,"name":"Com 21 ilhas vulc\u00e2nicas, 230 esp\u00e9cies de peixes e praia eleita a melhor do mundo, esse lugar no Brasil se tornou um sonho para os gringos"}]},{"@type":"WebSite","@id":"https:\/\/www.correiobraziliense.com.br\/cbradar\/#website","url":"https:\/\/www.correiobraziliense.com.br\/cbradar\/","name":"Correio Braziliense - Radar","description":"Acompanhe as \u00faltimas not\u00edcias e fique bem informado sobre tudo o que acontece no Brasil e no mundo.","potentialAction":[{"@type":"SearchAction","target":{"@type":"EntryPoint","urlTemplate":"https:\/\/www.correiobraziliense.com.br\/cbradar\/?s={search_term_string}"},"query-input":{"@type":"PropertyValueSpecification","valueRequired":true,"valueName":"search_term_string"}}],"inLanguage":"pt-BR"},{"@type":"Person","@id":"https:\/\/www.correiobraziliense.com.br\/cbradar\/#\/schema\/person\/4053c651a9bfc785afc6f4cbc9032fd3","name":"Maura Pereira","image":{"@type":"ImageObject","inLanguage":"pt-BR","@id":"https:\/\/www.correiobraziliense.com.br\/cbradar\/#\/schema\/person\/image\/","url":"https:\/\/secure.gravatar.com\/avatar\/3effd6bdadfa447f15089c7f7144eaa6?s=96&d=mm&r=g","contentUrl":"https:\/\/secure.gravatar.com\/avatar\/3effd6bdadfa447f15089c7f7144eaa6?s=96&d=mm&r=g","caption":"Maura Pereira"},"sameAs":["https:\/\/www.correiobraziliense.com.br\/"],"url":"https:\/\/www.correiobraziliense.com.br\/cbradar\/author\/mauramyth\/"}]}},"_links":{"self":[{"href":"https:\/\/www.correiobraziliense.com.br\/cbradar\/wp-json\/wp\/v2\/posts\/207829","targetHints":{"allow":["GET"]}}],"collection":[{"href":"https:\/\/www.correiobraziliense.com.br\/cbradar\/wp-json\/wp\/v2\/posts"}],"about":[{"href":"https:\/\/www.correiobraziliense.com.br\/cbradar\/wp-json\/wp\/v2\/types\/post"}],"author":[{"embeddable":true,"href":"https:\/\/www.correiobraziliense.com.br\/cbradar\/wp-json\/wp\/v2\/users\/8"}],"replies":[{"embeddable":true,"href":"https:\/\/www.correiobraziliense.com.br\/cbradar\/wp-json\/wp\/v2\/comments?post=207829"}],"version-history":[{"count":11,"href":"https:\/\/www.correiobraziliense.com.br\/cbradar\/wp-json\/wp\/v2\/posts\/207829\/revisions"}],"predecessor-version":[{"id":207891,"href":"https:\/\/www.correiobraziliense.com.br\/cbradar\/wp-json\/wp\/v2\/posts\/207829\/revisions\/207891"}],"wp:featuredmedia":[{"embeddable":true,"href":"https:\/\/www.correiobraziliense.com.br\/cbradar\/wp-json\/wp\/v2\/media\/187169"}],"wp:attachment":[{"href":"https:\/\/www.correiobraziliense.com.br\/cbradar\/wp-json\/wp\/v2\/media?parent=207829"}],"wp:term":[{"taxonomy":"category","embeddable":true,"href":"https:\/\/www.correiobraziliense.com.br\/cbradar\/wp-json\/wp\/v2\/categories?post=207829"},{"taxonomy":"post_tag","embeddable":true,"href":"https:\/\/www.correiobraziliense.com.br\/cbradar\/wp-json\/wp\/v2\/tags?post=207829"}],"curies":[{"name":"wp","href":"https:\/\/api.w.org\/{rel}","templated":true}]}}