{"id":207934,"date":"2026-03-14T06:15:44","date_gmt":"2026-03-14T09:15:44","guid":{"rendered":"https:\/\/www.correiobraziliense.com.br\/cbradar\/?p=207934"},"modified":"2026-03-13T21:09:01","modified_gmt":"2026-03-14T00:09:01","slug":"essa-sobremesa-sem-acucar-e-cremosa-rapida-de-fazer-e-perfeita-para-quando-bate-vontade-de-doce","status":"publish","type":"post","link":"https:\/\/www.correiobraziliense.com.br\/cbradar\/essa-sobremesa-sem-acucar-e-cremosa-rapida-de-fazer-e-perfeita-para-quando-bate-vontade-de-doce\/","title":{"rendered":"Essa sobremesa sem a\u00e7\u00facar \u00e9 cremosa, r\u00e1pida de fazer e perfeita para quando bate vontade de doce"},"content":{"rendered":"\n<p>Sabe aquele momento depois do almo\u00e7o em que bate uma vontade enorme de comer um doce, mas voc\u00ea lembra da <b>dieta<\/b>, do a\u00e7\u00facar, da sa\u00fade\u2026 e desiste? O tiramis\u00f9 sem a\u00e7\u00facar chega justamente para esses momentos: \u00e9 uma sobremesa r\u00e1pida, cremosa, bem <b>caseira<\/b> e com aquele sabor marcante de caf\u00e9, feita para quem quer reduzir o a\u00e7\u00facar sem abrir m\u00e3o do prazer de comer algo <b>gostoso<\/b>.<\/p>\n\n\n\n<h2 class=\"wp-block-heading\">O que \u00e9 tiramis\u00f9 sem a\u00e7\u00facar e como ele se diferencia do tradicional<\/h2>\n\n\n\n<p>O tiramis\u00f9 sem a\u00e7\u00facar \u00e9 a vers\u00e3o mais leve da cl\u00e1ssica <b>sobremesa<\/b> italiana em camadas: biscoitos embebidos em caf\u00e9, creme de queijo bem aerado e cacau em p\u00f3 por cima. A grande diferen\u00e7a \u00e9 que, aqui, o <b>a\u00e7\u00facar<\/b> d\u00e1 lugar a ado\u00e7antes culin\u00e1rios, que ado\u00e7am sem carregar tanto nas calorias ou nos picos de <b>glicose<\/b>.<\/p>\n\n\n\n<p>Em vez de biscoitos comuns, voc\u00ea pode usar biscoitos champagne sem a\u00e7\u00facar ou <b>integrais<\/b>, sempre de olho no r\u00f3tulo. No creme, mascarpone ou cream cheese com creme de leite formam uma base fofa e suave, ado\u00e7ada aos poucos, enquanto o cacau em p\u00f3 100% entra para dar o toque intenso de <b>chocolate<\/b>, sem a\u00e7\u00facar refinado, mantendo o sabor ao mesmo tempo <b>marcante<\/b> e equilibrado.<\/p>\n\n\n<div class=\"wp-block-image\">\n<figure class=\"aligncenter size-full\"><img decoding=\"async\" width=\"1280\" height=\"720\" src=\"https:\/\/www.correiobraziliense.com.br\/cbradar\/wp-content\/uploads\/2026\/03\/tiramisu-_1773406053319.jpg\" alt=\"\" class=\"wp-image-207970\" srcset=\"https:\/\/www.correiobraziliense.com.br\/cbradar\/wp-content\/uploads\/2026\/03\/tiramisu-_1773406053319.jpg 1280w, https:\/\/www.correiobraziliense.com.br\/cbradar\/wp-content\/uploads\/2026\/03\/tiramisu-_1773406053319-300x169.jpg 300w, https:\/\/www.correiobraziliense.com.br\/cbradar\/wp-content\/uploads\/2026\/03\/tiramisu-_1773406053319-768x432.jpg 768w, https:\/\/www.correiobraziliense.com.br\/cbradar\/wp-content\/uploads\/2026\/03\/tiramisu-_1773406053319-750x422.jpg 750w, https:\/\/www.correiobraziliense.com.br\/cbradar\/wp-content\/uploads\/2026\/03\/tiramisu-_1773406053319-1140x641.jpg 1140w\" sizes=\"(max-width: 1280px) 100vw, 1280px\" \/><figcaption class=\"wp-element-caption\">O tiramis\u00f9 sem a\u00e7\u00facar \u00e9 a vers\u00e3o mais leve da cl\u00e1ssica sobremesa italiana em camadas &#8211; Cr\u00e9ditos: depositphotos.com \/ alex9500<\/figcaption><\/figure><\/div>\n\n\n<p>Leia tamb\u00e9m:&nbsp;<a href=\"https:\/\/www.correiobraziliense.com.br\/cbradar\/receitas-com-frango-ricas-em-proteina-que-ajudam-no-ganho-e-preservacao-muscular\/\" target=\"_blank\" rel=\"noopener\">Receitas com frango ricas em prote\u00edna que ajudam no ganho e preserva\u00e7\u00e3o muscular<\/a><\/p>\n\n\n\n<h2 class=\"wp-block-heading\">Como preparar tiramis\u00f9 sem a\u00e7\u00facar passo a passo em casa<\/h2>\n\n\n\n<p>Uma das grandes gra\u00e7as desse doce \u00e9 a <b>praticidade<\/b>: n\u00e3o precisa de forno, nem de mil utens\u00edlios. Basta preparar o caf\u00e9, bater o creme e montar as camadas em um refrat\u00e1rio ou em ta\u00e7as individuais, deixando a geladeira fazer a m\u00e1gica de <b>firmar<\/b> tudo e real\u00e7ar os <b>sabores<\/b>.<\/p>\n\n\n\n<p>Mesmo quem n\u00e3o tem tanta intimidade com a <b>cozinha<\/b> consegue preparar um tiramis\u00f9 sem a\u00e7\u00facar em poucos minutos, seguindo um passo a passo simples e direto, ideal tamb\u00e9m para quem quer uma sobremesa mais <b>leve<\/b> para o dia a dia, sem abrir m\u00e3o de um toque de <b>sofistica\u00e7\u00e3o<\/b> na apresenta\u00e7\u00e3o.<\/p>\n\n\n\n<ol class=\"wp-block-list\">\n<li>Preparar uma x\u00edcara de <b>caf\u00e9<\/b> forte, deixar esfriar bem e, se quiser, ado\u00e7ar levemente com <b>ado\u00e7ante<\/b>.<\/li>\n\n\n\n<li>Bater cerca de 200 g de <b>mascarpone<\/b> (ou cream cheese) com 200 ml de creme de leite at\u00e9 ficar cremoso e firme.<\/li>\n\n\n\n<li>Adicionar ado\u00e7ante culin\u00e1rio aos poucos e, se desejar, um pouco de ess\u00eancia de <b>baunilha<\/b> para <b>aromatizar<\/b>.<\/li>\n\n\n\n<li>Umedecer rapidamente os biscoitos sem a\u00e7\u00facar no caf\u00e9 frio, sem encharcar para n\u00e3o <b>desmancharem<\/b>.<\/li>\n\n\n\n<li>Montar camadas alternadas de <b>biscoito<\/b> e creme, terminando com o creme na parte de <b>cima<\/b>.<\/li>\n\n\n\n<li>Polvilhar cacau em p\u00f3 sem <b>a\u00e7\u00facar<\/b> por cima e levar \u00e0 geladeira por pelo menos 2 a 4 <b>horas<\/b>.<\/li>\n<\/ol>\n\n\n\n<p>Se voc\u00ea gostar de um toque mais <b>adulto<\/b>, pode acrescentar um pouco de rum ou licor de caf\u00e9 no caf\u00e9 usado para umedecer os biscoitos. S\u00f3 lembre de checar se a bebida n\u00e3o tem <b>a\u00e7\u00facar<\/b> e se combina com seus objetivos de <b>alimenta\u00e7\u00e3o<\/b>. Separamos esse v\u00eddeo do canal <a href=\"https:\/\/www.youtube.com\/@chef.marcelohorta\" target=\"_blank\" rel=\"noreferrer noopener\">Marcelo Horta<\/a> ensinando a fazer essa receita:<\/p>\n\n\n\n<figure class=\"wp-block-embed is-type-video is-provider-youtube wp-block-embed-youtube wp-embed-aspect-16-9 wp-has-aspect-ratio\"><div class=\"wp-block-embed__wrapper\">\n<div class=\"jeg_video_container jeg_video_content\"><iframe loading=\"lazy\" title=\"O Melhor Tiramis\u00f9 Sem Gl\u00faten e Sem Leite do Mundo | Marcelo Horta\" width=\"500\" height=\"281\" src=\"https:\/\/www.youtube.com\/embed\/ijNpLNZB-yo?feature=oembed\" frameborder=\"0\" allow=\"accelerometer; autoplay; clipboard-write; encrypted-media; gyroscope; picture-in-picture; web-share\" referrerpolicy=\"strict-origin-when-cross-origin\" allowfullscreen><\/iframe><\/div>\n<\/div><\/figure>\n\n\n\n<h2 class=\"wp-block-heading\">Quais cuidados ter ao fazer tiramis\u00f9 sem a\u00e7\u00facar em minutos<\/h2>\n\n\n\n<p>Para o tiramis\u00f9 sem a\u00e7\u00facar ficar <b>gostoso<\/b> de verdade, alguns detalhes fazem muita diferen\u00e7a, como escolher bem o ado\u00e7ante e respeitar o tempo de geladeira. Assim, voc\u00ea garante um creme <b>firme<\/b>, um sabor equilibrado e camadas que n\u00e3o desmontam na hora de <b>servir<\/b>.<\/p>\n\n\n\n<p>Tamb\u00e9m vale prestar aten\u00e7\u00e3o em alguns cuidados b\u00e1sicos para manter a sobremesa segura, saborosa e mais alinhada com a sua <b>rotina<\/b>:<\/p>\n\n\n\n<ul class=\"wp-block-list\">\n<li><strong>Escolha dos biscoitos:<\/strong> conferir no r\u00f3tulo se realmente n\u00e3o h\u00e1 a\u00e7\u00facares <b>adicionados<\/b>.<\/li>\n\n\n\n<li><strong>Uso de ovos crus:<\/strong> se usar receitas com ovos, dar prefer\u00eancia a gemas <b>pasteurizadas<\/b>.<\/li>\n\n\n\n<li><strong>Refrigera\u00e7\u00e3o adequada:<\/strong> manter sempre na <b>geladeira<\/b> at\u00e9 a hora de servir.<\/li>\n\n\n\n<li><strong>Controle de por\u00e7\u00f5es:<\/strong> mesmo sem a\u00e7\u00facar refinado, ainda \u00e9 uma sobremesa <b>cal\u00f3rica<\/b>.<\/li>\n<\/ul>\n\n\n\n<h2 class=\"wp-block-heading\">Como adaptar o tiramis\u00f9 sem a\u00e7\u00facar para diferentes necessidades alimentares<\/h2>\n\n\n\n<p>A boa not\u00edcia \u00e9 que o tiramis\u00f9 sem a\u00e7\u00facar \u00e9 bem <b>flex\u00edvel<\/b> e pode ser ajustado ao seu estilo de alimenta\u00e7\u00e3o. D\u00e1 para trocar o creme de leite por creme vegetal, usar biscoitos integrais sem a\u00e7\u00facar, vers\u00f5es sem gl\u00faten ou at\u00e9 substituir os biscoitos por uma base de bolo <b>low<\/b> carb para variar um pouco a <b>textura<\/b>.<\/p>\n\n\n\n<p>Para quem tem diabetes ou faz dietas com controle rigoroso de <b>carboidratos<\/b>, o ideal \u00e9 conversar com um profissional de sa\u00fade para entender como encaixar essa sobremesa na rotina. Assim, o <b>tiramis\u00f9<\/b> sem a\u00e7\u00facar entra como um mimo ocasional, para matar a vontade de doce de forma mais <b>consciente<\/b>, sem tanta culpa e com mais prazer.<\/p>\n","protected":false},"excerpt":{"rendered":"<p>Sabe aquele momento depois do almo\u00e7o em que bate uma vontade enorme de comer um doce, mas voc\u00ea lembra da dieta, do a\u00e7\u00facar, da sa\u00fade\u2026 e desiste? O tiramis\u00f9 sem a\u00e7\u00facar chega justamente para esses momentos: \u00e9 uma sobremesa r\u00e1pida, cremosa, bem caseira e com aquele sabor marcante de caf\u00e9, feita para quem quer reduzir [&hellip;]<\/p>\n","protected":false},"author":9,"featured_media":208340,"comment_status":"open","ping_status":"open","sticky":false,"template":"","format":"standard","meta":{"_yoast_wpseo_focuskw":"tiramis\u00f9 sem a\u00e7\u00facar","_yoast_wpseo_title":"","_yoast_wpseo_metadesc":"Aprenda a fazer tiramis\u00f9 sem a\u00e7\u00facar: sobremesa cremosa com caf\u00e9, cacau e creme suave, perfeita para quem quer reduzir o a\u00e7\u00facar.","jnews-multi-image_gallery":[],"jnews_single_post":{"format":"standard"},"jnews_primary_category":[],"jnews_social_meta":[],"jnews_override_counter":[],"footnotes":""},"categories":[119,4404],"tags":[16080,16081,16079],"class_list":["post-207934","post","type-post","status-publish","format-standard","has-post-thumbnail","hentry","category-bem-estar","category-saude","tag-sem-acucar","tag-sobremesa-sem-acucar","tag-tiramisu"],"yoast_head":"<!-- This site is optimized with the Yoast SEO plugin v24.6 - https:\/\/yoast.com\/wordpress\/plugins\/seo\/ -->\n<title>Essa sobremesa sem a\u00e7\u00facar \u00e9 cremosa, r\u00e1pida de fazer e perfeita para quando bate vontade de doce - Correio Braziliense - Radar<\/title>\n<meta name=\"description\" content=\"Aprenda a fazer tiramis\u00f9 sem a\u00e7\u00facar: sobremesa cremosa com caf\u00e9, cacau e creme suave, perfeita para quem quer reduzir o a\u00e7\u00facar.\" \/>\n<meta name=\"robots\" content=\"index, follow, max-snippet:-1, max-image-preview:large, max-video-preview:-1\" \/>\n<link rel=\"canonical\" href=\"https:\/\/www.correiobraziliense.com.br\/cbradar\/essa-sobremesa-sem-acucar-e-cremosa-rapida-de-fazer-e-perfeita-para-quando-bate-vontade-de-doce\/\" \/>\n<meta property=\"og:locale\" content=\"pt_BR\" \/>\n<meta property=\"og:type\" content=\"article\" \/>\n<meta property=\"og:title\" content=\"Essa sobremesa sem a\u00e7\u00facar \u00e9 cremosa, r\u00e1pida de fazer e perfeita para quando bate vontade de doce - Correio Braziliense - Radar\" \/>\n<meta property=\"og:description\" content=\"Aprenda a fazer tiramis\u00f9 sem a\u00e7\u00facar: sobremesa cremosa com caf\u00e9, cacau e creme suave, perfeita para quem quer reduzir o a\u00e7\u00facar.\" \/>\n<meta property=\"og:url\" content=\"https:\/\/www.correiobraziliense.com.br\/cbradar\/essa-sobremesa-sem-acucar-e-cremosa-rapida-de-fazer-e-perfeita-para-quando-bate-vontade-de-doce\/\" \/>\n<meta property=\"og:site_name\" content=\"Correio Braziliense - Radar\" \/>\n<meta property=\"article:published_time\" content=\"2026-03-14T09:15:44+00:00\" \/>\n<meta property=\"og:image\" content=\"https:\/\/www.correiobraziliense.com.br\/cbradar\/wp-content\/uploads\/2026\/03\/tiramisu-_1773446920475.jpg\" \/>\n\t<meta property=\"og:image:width\" content=\"1280\" \/>\n\t<meta property=\"og:image:height\" content=\"720\" \/>\n\t<meta property=\"og:image:type\" content=\"image\/jpeg\" \/>\n<meta name=\"author\" content=\"Daniely Cardoso\" \/>\n<meta name=\"twitter:card\" content=\"summary_large_image\" \/>\n<meta name=\"twitter:label1\" content=\"Escrito por\" \/>\n\t<meta name=\"twitter:data1\" content=\"Daniely Cardoso\" \/>\n\t<meta name=\"twitter:label2\" content=\"Est. tempo de leitura\" \/>\n\t<meta name=\"twitter:data2\" content=\"5 minutos\" \/>\n<!-- \/ Yoast SEO plugin. -->","yoast_head_json":{"title":"Essa sobremesa sem a\u00e7\u00facar \u00e9 cremosa, r\u00e1pida de fazer e perfeita para quando bate vontade de doce - Correio Braziliense - Radar","description":"Aprenda a fazer tiramis\u00f9 sem a\u00e7\u00facar: sobremesa cremosa com caf\u00e9, cacau e creme suave, perfeita para quem quer reduzir o a\u00e7\u00facar.","robots":{"index":"index","follow":"follow","max-snippet":"max-snippet:-1","max-image-preview":"max-image-preview:large","max-video-preview":"max-video-preview:-1"},"canonical":"https:\/\/www.correiobraziliense.com.br\/cbradar\/essa-sobremesa-sem-acucar-e-cremosa-rapida-de-fazer-e-perfeita-para-quando-bate-vontade-de-doce\/","og_locale":"pt_BR","og_type":"article","og_title":"Essa sobremesa sem a\u00e7\u00facar \u00e9 cremosa, r\u00e1pida de fazer e perfeita para quando bate vontade de doce - Correio Braziliense - Radar","og_description":"Aprenda a fazer tiramis\u00f9 sem a\u00e7\u00facar: sobremesa cremosa com caf\u00e9, cacau e creme suave, perfeita para quem quer reduzir o a\u00e7\u00facar.","og_url":"https:\/\/www.correiobraziliense.com.br\/cbradar\/essa-sobremesa-sem-acucar-e-cremosa-rapida-de-fazer-e-perfeita-para-quando-bate-vontade-de-doce\/","og_site_name":"Correio Braziliense - Radar","article_published_time":"2026-03-14T09:15:44+00:00","og_image":[{"width":1280,"height":720,"url":"https:\/\/www.correiobraziliense.com.br\/cbradar\/wp-content\/uploads\/2026\/03\/tiramisu-_1773446920475.jpg","type":"image\/jpeg"}],"author":"Daniely Cardoso","twitter_card":"summary_large_image","twitter_misc":{"Escrito por":"Daniely Cardoso","Est. tempo de leitura":"5 minutos"},"schema":{"@context":"https:\/\/schema.org","@graph":[{"@type":"WebPage","@id":"https:\/\/www.correiobraziliense.com.br\/cbradar\/essa-sobremesa-sem-acucar-e-cremosa-rapida-de-fazer-e-perfeita-para-quando-bate-vontade-de-doce\/","url":"https:\/\/www.correiobraziliense.com.br\/cbradar\/essa-sobremesa-sem-acucar-e-cremosa-rapida-de-fazer-e-perfeita-para-quando-bate-vontade-de-doce\/","name":"Essa sobremesa sem a\u00e7\u00facar \u00e9 cremosa, r\u00e1pida de fazer e perfeita para quando bate vontade de doce - Correio Braziliense - Radar","isPartOf":{"@id":"https:\/\/www.correiobraziliense.com.br\/cbradar\/#website"},"primaryImageOfPage":{"@id":"https:\/\/www.correiobraziliense.com.br\/cbradar\/essa-sobremesa-sem-acucar-e-cremosa-rapida-de-fazer-e-perfeita-para-quando-bate-vontade-de-doce\/#primaryimage"},"image":{"@id":"https:\/\/www.correiobraziliense.com.br\/cbradar\/essa-sobremesa-sem-acucar-e-cremosa-rapida-de-fazer-e-perfeita-para-quando-bate-vontade-de-doce\/#primaryimage"},"thumbnailUrl":"https:\/\/www.correiobraziliense.com.br\/cbradar\/wp-content\/uploads\/2026\/03\/tiramisu-_1773446920475.jpg","datePublished":"2026-03-14T09:15:44+00:00","author":{"@id":"https:\/\/www.correiobraziliense.com.br\/cbradar\/#\/schema\/person\/7356666e12ec0ee53f348ee5db227032"},"description":"Aprenda a fazer tiramis\u00f9 sem a\u00e7\u00facar: sobremesa cremosa com caf\u00e9, cacau e creme suave, perfeita para quem quer reduzir o a\u00e7\u00facar.","breadcrumb":{"@id":"https:\/\/www.correiobraziliense.com.br\/cbradar\/essa-sobremesa-sem-acucar-e-cremosa-rapida-de-fazer-e-perfeita-para-quando-bate-vontade-de-doce\/#breadcrumb"},"inLanguage":"pt-BR","potentialAction":[{"@type":"ReadAction","target":["https:\/\/www.correiobraziliense.com.br\/cbradar\/essa-sobremesa-sem-acucar-e-cremosa-rapida-de-fazer-e-perfeita-para-quando-bate-vontade-de-doce\/"]}]},{"@type":"ImageObject","inLanguage":"pt-BR","@id":"https:\/\/www.correiobraziliense.com.br\/cbradar\/essa-sobremesa-sem-acucar-e-cremosa-rapida-de-fazer-e-perfeita-para-quando-bate-vontade-de-doce\/#primaryimage","url":"https:\/\/www.correiobraziliense.com.br\/cbradar\/wp-content\/uploads\/2026\/03\/tiramisu-_1773446920475.jpg","contentUrl":"https:\/\/www.correiobraziliense.com.br\/cbradar\/wp-content\/uploads\/2026\/03\/tiramisu-_1773446920475.jpg","width":1280,"height":720,"caption":"O tiramis\u00f9 sem a\u00e7\u00facar \u00e9 a vers\u00e3o mais leve da cl\u00e1ssica sobremesa italiana em camadas - Cr\u00e9ditos: depositphotos.com \/ serezniy"},{"@type":"BreadcrumbList","@id":"https:\/\/www.correiobraziliense.com.br\/cbradar\/essa-sobremesa-sem-acucar-e-cremosa-rapida-de-fazer-e-perfeita-para-quando-bate-vontade-de-doce\/#breadcrumb","itemListElement":[{"@type":"ListItem","position":1,"name":"In\u00edcio","item":"https:\/\/www.correiobraziliense.com.br\/cbradar\/"},{"@type":"ListItem","position":2,"name":"Essa sobremesa sem a\u00e7\u00facar \u00e9 cremosa, r\u00e1pida de fazer e perfeita para quando bate vontade de doce"}]},{"@type":"WebSite","@id":"https:\/\/www.correiobraziliense.com.br\/cbradar\/#website","url":"https:\/\/www.correiobraziliense.com.br\/cbradar\/","name":"Correio Braziliense - Radar","description":"Acompanhe as \u00faltimas not\u00edcias e fique bem informado sobre tudo o que acontece no Brasil e no mundo.","potentialAction":[{"@type":"SearchAction","target":{"@type":"EntryPoint","urlTemplate":"https:\/\/www.correiobraziliense.com.br\/cbradar\/?s={search_term_string}"},"query-input":{"@type":"PropertyValueSpecification","valueRequired":true,"valueName":"search_term_string"}}],"inLanguage":"pt-BR"},{"@type":"Person","@id":"https:\/\/www.correiobraziliense.com.br\/cbradar\/#\/schema\/person\/7356666e12ec0ee53f348ee5db227032","name":"Daniely Cardoso","image":{"@type":"ImageObject","inLanguage":"pt-BR","@id":"https:\/\/www.correiobraziliense.com.br\/cbradar\/#\/schema\/person\/image\/","url":"https:\/\/secure.gravatar.com\/avatar\/4b80ddbd124d1f071b626d52d62e5dff?s=96&d=mm&r=g","contentUrl":"https:\/\/secure.gravatar.com\/avatar\/4b80ddbd124d1f071b626d52d62e5dff?s=96&d=mm&r=g","caption":"Daniely Cardoso"},"description":"Redatora nos portais CB Radar e EM Foco, formada pela Universidade Federal de Goi\u00e1s, em Goi\u00e2nia. Apaixonada por comunica\u00e7\u00e3o, arte, decora\u00e7\u00e3o e tend\u00eancias, atuo na produ\u00e7\u00e3o de conte\u00fados envolventes sobre curiosidades, moda, beleza e paisagismo, sempre com um olhar atento \u00e0s novidades do momento.","sameAs":["https:\/\/www.correiobraziliense.com.br\/cbradar"],"url":"https:\/\/www.correiobraziliense.com.br\/cbradar\/author\/danielymyth\/"}]}},"_links":{"self":[{"href":"https:\/\/www.correiobraziliense.com.br\/cbradar\/wp-json\/wp\/v2\/posts\/207934","targetHints":{"allow":["GET"]}}],"collection":[{"href":"https:\/\/www.correiobraziliense.com.br\/cbradar\/wp-json\/wp\/v2\/posts"}],"about":[{"href":"https:\/\/www.correiobraziliense.com.br\/cbradar\/wp-json\/wp\/v2\/types\/post"}],"author":[{"embeddable":true,"href":"https:\/\/www.correiobraziliense.com.br\/cbradar\/wp-json\/wp\/v2\/users\/9"}],"replies":[{"embeddable":true,"href":"https:\/\/www.correiobraziliense.com.br\/cbradar\/wp-json\/wp\/v2\/comments?post=207934"}],"version-history":[{"count":2,"href":"https:\/\/www.correiobraziliense.com.br\/cbradar\/wp-json\/wp\/v2\/posts\/207934\/revisions"}],"predecessor-version":[{"id":207971,"href":"https:\/\/www.correiobraziliense.com.br\/cbradar\/wp-json\/wp\/v2\/posts\/207934\/revisions\/207971"}],"wp:featuredmedia":[{"embeddable":true,"href":"https:\/\/www.correiobraziliense.com.br\/cbradar\/wp-json\/wp\/v2\/media\/208340"}],"wp:attachment":[{"href":"https:\/\/www.correiobraziliense.com.br\/cbradar\/wp-json\/wp\/v2\/media?parent=207934"}],"wp:term":[{"taxonomy":"category","embeddable":true,"href":"https:\/\/www.correiobraziliense.com.br\/cbradar\/wp-json\/wp\/v2\/categories?post=207934"},{"taxonomy":"post_tag","embeddable":true,"href":"https:\/\/www.correiobraziliense.com.br\/cbradar\/wp-json\/wp\/v2\/tags?post=207934"}],"curies":[{"name":"wp","href":"https:\/\/api.w.org\/{rel}","templated":true}]}}