{"id":207938,"date":"2026-03-14T09:25:22","date_gmt":"2026-03-14T12:25:22","guid":{"rendered":"https:\/\/www.correiobraziliense.com.br\/cbradar\/?p=207938"},"modified":"2026-03-13T23:19:20","modified_gmt":"2026-03-14T02:19:20","slug":"4-corretivos-nacionais-que-cobrem-bem-as-olheiras-sem-craquelar-ao-longo-do-dia","status":"publish","type":"post","link":"https:\/\/www.correiobraziliense.com.br\/cbradar\/4-corretivos-nacionais-que-cobrem-bem-as-olheiras-sem-craquelar-ao-longo-do-dia\/","title":{"rendered":"4 corretivos nacionais que cobrem bem as olheiras sem craquelar ao longo do dia"},"content":{"rendered":"\n<p>Voc\u00ea j\u00e1 reparou como, \u00e0s vezes, o <b>corretivo<\/b> parece piorar o aspecto das <b>olheiras<\/b> em vez de ajudar? Entre tantas op\u00e7\u00f5es nas farm\u00e1cias e perfumarias, achar <b>corretivos nacionais<\/b> que cobrem bem sem craquelar ainda \u00e9 dif\u00edcil para muita gente. Ele precisa disfar\u00e7ar olheiras, manchas e pequenas <b>imperfei\u00e7\u00f5es<\/b>, mas sem pesar ou marcar as linhas de express\u00e3o com o passar das horas.<\/p>\n\n\n\n<h2 class=\"wp-block-heading\">O que um bom corretivo nacional precisa entregar para funcionar no dia a dia<\/h2>\n\n\n\n<p>Um <b>corretivo<\/b> realmente eficiente une tr\u00eas pontos: boa <b>cobertura<\/b>, durabilidade e <b>conforto<\/b> na pele. Ele deve suavizar olheiras e manchas com pouca quantidade de produto, sem a necessidade de muitas camadas que deixam o visual pesado.<\/p>\n\n\n\n<p>A <b>durabilidade<\/b> est\u00e1 ligada \u00e0 capacidade de n\u00e3o escorrer, acumular ou <b>craquelar<\/b> ao longo do dia. J\u00e1 o conforto vem de f\u00f3rmulas <b>equilibradas<\/b>: muito secas tendem a marcar, muito cremosas podem acumular. Texturas l\u00edquidas com acabamento cremoso ou semi-matte costumam ser mais vers\u00e1teis para diferentes peles.<\/p>\n\n\n<div class=\"wp-block-image\">\n<figure class=\"aligncenter size-full\"><img decoding=\"async\" width=\"1280\" height=\"720\" src=\"https:\/\/www.correiobraziliense.com.br\/cbradar\/wp-content\/uploads\/2026\/03\/maquiagem-base_1773407894969.jpg\" alt=\"\" class=\"wp-image-208017\" srcset=\"https:\/\/www.correiobraziliense.com.br\/cbradar\/wp-content\/uploads\/2026\/03\/maquiagem-base_1773407894969.jpg 1280w, https:\/\/www.correiobraziliense.com.br\/cbradar\/wp-content\/uploads\/2026\/03\/maquiagem-base_1773407894969-300x169.jpg 300w, https:\/\/www.correiobraziliense.com.br\/cbradar\/wp-content\/uploads\/2026\/03\/maquiagem-base_1773407894969-768x432.jpg 768w, https:\/\/www.correiobraziliense.com.br\/cbradar\/wp-content\/uploads\/2026\/03\/maquiagem-base_1773407894969-750x422.jpg 750w, https:\/\/www.correiobraziliense.com.br\/cbradar\/wp-content\/uploads\/2026\/03\/maquiagem-base_1773407894969-1140x641.jpg 1140w\" sizes=\"(max-width: 1280px) 100vw, 1280px\" \/><figcaption class=\"wp-element-caption\">Ele deve suavizar olheiras e manchas com pouca quantidade de produto &#8211; Cr\u00e9ditos: depositphotos.com \/ Arch88<\/figcaption><\/figure><\/div>\n\n\n<p>Leia tamb\u00e9m:&nbsp;<a href=\"https:\/\/www.correiobraziliense.com.br\/cbradar\/5-perfumes-do-boticario-que-duram-o-dia-inteiro-e-sao-mais-baratos-que-muitos-importados\/\" target=\"_blank\" rel=\"noopener\">5 perfumes do Botic\u00e1rio que duram o dia inteiro e s\u00e3o mais baratos que muitos importados<\/a><\/p>\n\n\n\n<h2 class=\"wp-block-heading\">Quais cuidados evitam que o corretivo craquele na pele<\/h2>\n\n\n\n<p>Mais do que a <b>marca<\/b>, a forma de preparar a pele e aplicar o <b>produto<\/b> influencia direto no <b>resultado<\/b>. Pele ressecada, excesso de p\u00f3 e camadas grossas s\u00e3o alguns dos motivos para o corretivo abrir ou marcar com o tempo, principalmente na regi\u00e3o abaixo dos olhos.<\/p>\n\n\n\n<p>Usar um bom <b>hidratante<\/b>, e quando necess\u00e1rio um primer espec\u00edfico para a \u00e1rea dos olhos, deixa a superf\u00edcie mais <b>lisa<\/b>. Isso ajuda os <b>corretivos nacionais<\/b> que cobrem bem sem craquelar a entregarem o melhor desempenho poss\u00edvel, desde que usados com modera\u00e7\u00e3o e bem esfumados.<\/p>\n\n\n\n<h2 class=\"wp-block-heading\">Quais s\u00e3o 4 corretivos nacionais que cobrem bem sem craquelar<\/h2>\n\n\n\n<p>No mercado brasileiro, algumas op\u00e7\u00f5es ganharam fama por combinar boa&nbsp;<strong>cobertura<\/strong>&nbsp;com um acabamento que n\u00e3o pesa.&nbsp;A seguir, est\u00e3o quatro corretivos nacionais que costumam funcionar bem para&nbsp;<strong>olheiras<\/strong>,&nbsp;manchas&nbsp;e marquinhas, desde que respeitando o tipo de pele e a forma de&nbsp;<strong>aplica\u00e7\u00e3o<\/strong>.<\/p>\n\n\n\n<ul class=\"wp-block-list\">\n<li><strong>Quem Disse, Berenice? Corretivo Alta Cobertura<\/strong><br>Este corretivo \u00e9 conhecido pela cobertura\u00a0<strong>alta<\/strong>\u00a0com textura cremosa, mas n\u00e3o t\u00e3o grossa a ponto de ficar pesada.\u00a0Em peles normais a secas, funciona muito bem quando usado com um bom\u00a0<strong>hidratante<\/strong>\u00a0na \u00e1rea dos olhos, ajudando a disfar\u00e7ar olheiras sem marcar tanto, e pode ser combinado com uma camada fina de p\u00f3 para maior\u00a0<strong>durabilidade<\/strong>.<\/li>\n<\/ul>\n\n\n\n<figure class=\"wp-block-embed is-type-rich is-provider-pinterest wp-block-embed-pinterest\"><div class=\"wp-block-embed__wrapper\">\n<iframe loading=\"lazy\" title=\"Corretivo L\u00edquido Quem Disse, Berenice? Tint Alta Cobertura Laranja 9ml | Beleza na Web\" src=\"https:\/\/assets.pinterest.com\/ext\/embed.html?id=4609363979751978112&#038;src=oembed\" height=\"550\" width=\"450\" frameborder=\"0\" scrolling=\"no\" ><\/iframe>\n<\/div><\/figure>\n\n\n\n<ul class=\"wp-block-list\">\n<li><strong>Tracta Corretivo L\u00edquido (linha de alta cobertura)<\/strong><br>O corretivo l\u00edquido da Tracta tem textura mais\u00a0<strong>fluida<\/strong>, o que facilita espalhar e fazer camadas fininhas. Ele \u00e9 bastante procurado por quem tem olheiras mais\u00a0<strong>escuras<\/strong>\u00a0e quer um acabamento confort\u00e1vel para fotos e eventos, principalmente se a regi\u00e3o estiver bem hidratada antes; em peles oleosas, funciona melhor quando selado com um p\u00f3\u00a0<strong>fininho<\/strong>.<\/li>\n<\/ul>\n\n\n\n<figure class=\"wp-block-embed is-type-rich is-provider-pinterest wp-block-embed-pinterest\"><div class=\"wp-block-embed__wrapper\">\n<iframe loading=\"lazy\" title=\"\u2728 Corretivo L\u00edquido Matte 12h Tracta \u2013 TR M\u00e9dia Cobertura (7g) \u2728O aliado perfeito para uma pele impec\u00e1vel! Com acabamento matte natural e cobertura m\u00e9dia, o Corretivo L\u00edquido Matte 12h da Tracta disfar\u00e7a imperfei\u00e7\u00f5es e camufla olheiras, proporcionando uniformidade \u00e0 pele. Sua f\u00f3rmula oil-free \u00e9 resistente ao suor e \u00e0 umidade, garantindo longa dura\u00e7\u00e3o. Enriquecido com extrato de sementes de papoula, hidrata e suaviza a pele, deixando-a firme e radiante. Al\u00e9m disso, \u00e9 vegano, cruelty-free e d...\" src=\"https:\/\/assets.pinterest.com\/ext\/embed.html?id=868702215641641648&#038;src=oembed\" height=\"894\" width=\"450\" frameborder=\"0\" scrolling=\"no\" ><\/iframe>\n<\/div><\/figure>\n\n\n\n<ul class=\"wp-block-list\">\n<li><strong>Vult Corretivo L\u00edquido HD<\/strong><br>O corretivo l\u00edquido HD da Vult foi pensado para um acabamento\u00a0<strong>suave<\/strong>, que funcione bem tanto no dia a dia quanto em fotos de alta defini\u00e7\u00e3o.\u00a0A cobertura \u00e9 de m\u00e9dia a\u00a0<strong>alta<\/strong>, dependendo da quantidade aplicada, e a textura fina ajuda a n\u00e3o pesar, sobretudo em peles mistas e oleosas, que se beneficiam de um leve controle de\u00a0<strong>brilho<\/strong>.<\/li>\n<\/ul>\n\n\n\n<figure class=\"wp-block-embed is-type-rich is-provider-pinterest wp-block-embed-pinterest\"><div class=\"wp-block-embed__wrapper\">\n<iframe loading=\"lazy\" title=\" \" src=\"https:\/\/assets.pinterest.com\/ext\/embed.html?id=442337994663514533&#038;src=oembed\" height=\"898\" width=\"450\" frameborder=\"0\" scrolling=\"no\" ><\/iframe>\n<\/div><\/figure>\n\n\n\n<ul class=\"wp-block-list\">\n<li><strong>Eudora Glam Skin Perfection Corretivo L\u00edquido<\/strong><br>O Glam Skin Perfection, da Eudora, une boa\u00a0<strong>cobertura<\/strong>\u00a0com um visual mais polido, ideal para quem gosta de maquiagem mais caprichada.\u00a0A textura \u00e9 cremosa e seca r\u00e1pido, ent\u00e3o \u00e9 importante aplicar e esfumar logo, em pequenas quantidades, para evitar\u00a0<strong>manchas<\/strong>\u00a0e ac\u00famulo, especialmente nas linhas mais\u00a0<strong>finas<\/strong>.<\/li>\n<\/ul>\n\n\n\n<figure class=\"wp-block-embed is-type-rich is-provider-pinterest wp-block-embed-pinterest\"><div class=\"wp-block-embed__wrapper\">\n<iframe loading=\"lazy\" title=\"Corretivo Eudora Skin Perfection 9 MlsJuF\" src=\"https:\/\/assets.pinterest.com\/ext\/embed.html?id=1015350678505618687&#038;src=oembed\" height=\"550\" width=\"450\" frameborder=\"0\" scrolling=\"no\" ><\/iframe>\n<\/div><\/figure>\n\n\n\n<h2 class=\"wp-block-heading\">Como aplicar o corretivo para potencializar a cobertura e evitar craquelar<\/h2>\n\n\n\n<p>Mesmo um \u00f3timo corretivo pode decepcionar se a pele n\u00e3o estiver preparada ou se a aplica\u00e7\u00e3o for muito&nbsp;<strong>pesada<\/strong>. Alguns passos simples ajudam a melhorar o desempenho de corretivos da Quem Disse, Berenice?, Tracta, Vult e Eudora, deixando o resultado mais&nbsp;<strong>bonito<\/strong>&nbsp;e duradouro, sem perder o aspecto mais&nbsp;<strong>natural<\/strong>.<\/p>\n\n\n\n<ul class=\"wp-block-list\">\n<li><strong>Preparar<\/strong>\u00a0a pele: limpar e hidratar a regi\u00e3o antes da maquiagem, usando produtos adequados ao seu tipo de pele, como um bom\u00a0<strong>hidratante<\/strong>\u00a0leve e, se necess\u00e1rio, um primer espec\u00edfico para\u00a0<strong>poros<\/strong>.<\/li>\n\n\n\n<li><strong>Aplicar<\/strong>\u00a0pouco produto: come\u00e7ar com uma quantidade pequena e construir camadas leves s\u00f3 onde realmente precisa, concentrando o corretivo nas \u00e1reas de maior\u00a0<strong>descolora\u00e7\u00e3o<\/strong>\u00a0e evitando excesso pr\u00f3ximo \u00e0s linhas\u00a0<strong>finas<\/strong>.<\/li>\n\n\n\n<li><strong>Esfumar<\/strong>\u00a0bem: usar esponja \u00famida, pincel ou dedos, com batidinhas suaves em vez de arrastar o corretivo, o que ajuda a manter a\u00a0<strong>cobertura<\/strong>\u00a0no lugar e a criar uma transi\u00e7\u00e3o mais\u00a0<strong>suave<\/strong>\u00a0com a base.<\/li>\n\n\n\n<li><strong>Selar<\/strong>\u00a0levemente: aplicar um p\u00f3 fino, em pouca quantidade, apenas nas \u00e1reas que costumam acumular ou ficar oleosas, dando prefer\u00eancia a p\u00f3s\u00a0<strong>soltos<\/strong>\u00a0e de textura leve para n\u00e3o marcar a\u00a0<strong>textura<\/strong>\u00a0da pele.<\/li>\n\n\n\n<li><strong>Reaplicar<\/strong>\u00a0com cuidado: em dias longos, fazer retoques sutis, evitando empilhar muitas camadas sobre o produto j\u00e1 seco; se necess\u00e1rio, retire o excesso com um len\u00e7o de papel antes de adicionar uma fina nova\u00a0<strong>camada<\/strong>\u00a0de corretivo mais\u00a0<strong>fluido<\/strong>.<\/li>\n<\/ul>\n\n\n\n<p>Quando a escolha do produto combina com esses h\u00e1bitos, os corretivos nacionais dessas marcas tendem a entregar \u00f3tima&nbsp;<strong>cobertura<\/strong>, com menos chance de craquelar e um aspecto mais natural e&nbsp;<strong>uniforme<\/strong>&nbsp;ao longo do dia, mesmo em climas mais&nbsp;<strong>quentes<\/strong>.<\/p>\n","protected":false},"excerpt":{"rendered":"<p>Voc\u00ea j\u00e1 reparou como, \u00e0s vezes, o corretivo parece piorar o aspecto das olheiras em vez de ajudar? Entre tantas op\u00e7\u00f5es nas farm\u00e1cias e perfumarias, achar corretivos nacionais que cobrem bem sem craquelar ainda \u00e9 dif\u00edcil para muita gente. Ele precisa disfar\u00e7ar olheiras, manchas e pequenas imperfei\u00e7\u00f5es, mas sem pesar ou marcar as linhas de [&hellip;]<\/p>\n","protected":false},"author":9,"featured_media":208380,"comment_status":"open","ping_status":"open","sticky":false,"template":"","format":"standard","meta":{"_yoast_wpseo_focuskw":"corretivo nacionais","_yoast_wpseo_title":"","_yoast_wpseo_metadesc":"Descubra 4 corretivos nacionais que cobrem bem olheiras e manchas sem craquelar, com acabamento natural e boa durabilidade.","jnews-multi-image_gallery":[],"jnews_single_post":{"format":"standard"},"jnews_primary_category":[],"jnews_social_meta":[],"jnews_override_counter":[],"footnotes":""},"categories":[124],"tags":[16088,3370,7145],"class_list":["post-207938","post","type-post","status-publish","format-standard","has-post-thumbnail","hentry","category-beleza","tag-corretivos-nacionais","tag-maquiagem","tag-olheiras"],"yoast_head":"<!-- This site is optimized with the Yoast SEO plugin v24.6 - https:\/\/yoast.com\/wordpress\/plugins\/seo\/ -->\n<title>4 corretivos nacionais que cobrem bem as olheiras sem craquelar ao longo do dia - Correio Braziliense - Radar<\/title>\n<meta name=\"description\" content=\"Descubra 4 corretivos nacionais que cobrem bem olheiras e manchas sem craquelar, com acabamento natural e boa durabilidade.\" \/>\n<meta name=\"robots\" content=\"index, follow, max-snippet:-1, max-image-preview:large, max-video-preview:-1\" \/>\n<link rel=\"canonical\" href=\"https:\/\/www.correiobraziliense.com.br\/cbradar\/4-corretivos-nacionais-que-cobrem-bem-as-olheiras-sem-craquelar-ao-longo-do-dia\/\" \/>\n<meta property=\"og:locale\" content=\"pt_BR\" \/>\n<meta property=\"og:type\" content=\"article\" \/>\n<meta property=\"og:title\" content=\"4 corretivos nacionais que cobrem bem as olheiras sem craquelar ao longo do dia - Correio Braziliense - Radar\" \/>\n<meta property=\"og:description\" content=\"Descubra 4 corretivos nacionais que cobrem bem olheiras e manchas sem craquelar, com acabamento natural e boa durabilidade.\" \/>\n<meta property=\"og:url\" content=\"https:\/\/www.correiobraziliense.com.br\/cbradar\/4-corretivos-nacionais-que-cobrem-bem-as-olheiras-sem-craquelar-ao-longo-do-dia\/\" \/>\n<meta property=\"og:site_name\" content=\"Correio Braziliense - Radar\" \/>\n<meta property=\"article:published_time\" content=\"2026-03-14T12:25:22+00:00\" \/>\n<meta property=\"og:image\" content=\"https:\/\/www.correiobraziliense.com.br\/cbradar\/wp-content\/uploads\/2026\/03\/Gemini_Generated_Image_7encyx7encyx7enc-1.png\" \/>\n\t<meta property=\"og:image:width\" content=\"1280\" \/>\n\t<meta property=\"og:image:height\" content=\"720\" \/>\n\t<meta property=\"og:image:type\" content=\"image\/png\" \/>\n<meta name=\"author\" content=\"Daniely Cardoso\" \/>\n<meta name=\"twitter:card\" content=\"summary_large_image\" \/>\n<meta name=\"twitter:label1\" content=\"Escrito por\" \/>\n\t<meta name=\"twitter:data1\" content=\"Daniely Cardoso\" \/>\n\t<meta name=\"twitter:label2\" content=\"Est. tempo de leitura\" \/>\n\t<meta name=\"twitter:data2\" content=\"6 minutos\" \/>\n<!-- \/ Yoast SEO plugin. -->","yoast_head_json":{"title":"4 corretivos nacionais que cobrem bem as olheiras sem craquelar ao longo do dia - Correio Braziliense - Radar","description":"Descubra 4 corretivos nacionais que cobrem bem olheiras e manchas sem craquelar, com acabamento natural e boa durabilidade.","robots":{"index":"index","follow":"follow","max-snippet":"max-snippet:-1","max-image-preview":"max-image-preview:large","max-video-preview":"max-video-preview:-1"},"canonical":"https:\/\/www.correiobraziliense.com.br\/cbradar\/4-corretivos-nacionais-que-cobrem-bem-as-olheiras-sem-craquelar-ao-longo-do-dia\/","og_locale":"pt_BR","og_type":"article","og_title":"4 corretivos nacionais que cobrem bem as olheiras sem craquelar ao longo do dia - Correio Braziliense - Radar","og_description":"Descubra 4 corretivos nacionais que cobrem bem olheiras e manchas sem craquelar, com acabamento natural e boa durabilidade.","og_url":"https:\/\/www.correiobraziliense.com.br\/cbradar\/4-corretivos-nacionais-que-cobrem-bem-as-olheiras-sem-craquelar-ao-longo-do-dia\/","og_site_name":"Correio Braziliense - Radar","article_published_time":"2026-03-14T12:25:22+00:00","og_image":[{"width":1280,"height":720,"url":"https:\/\/www.correiobraziliense.com.br\/cbradar\/wp-content\/uploads\/2026\/03\/Gemini_Generated_Image_7encyx7encyx7enc-1.png","type":"image\/png"}],"author":"Daniely Cardoso","twitter_card":"summary_large_image","twitter_misc":{"Escrito por":"Daniely Cardoso","Est. tempo de leitura":"6 minutos"},"schema":{"@context":"https:\/\/schema.org","@graph":[{"@type":"WebPage","@id":"https:\/\/www.correiobraziliense.com.br\/cbradar\/4-corretivos-nacionais-que-cobrem-bem-as-olheiras-sem-craquelar-ao-longo-do-dia\/","url":"https:\/\/www.correiobraziliense.com.br\/cbradar\/4-corretivos-nacionais-que-cobrem-bem-as-olheiras-sem-craquelar-ao-longo-do-dia\/","name":"4 corretivos nacionais que cobrem bem as olheiras sem craquelar ao longo do dia - Correio Braziliense - Radar","isPartOf":{"@id":"https:\/\/www.correiobraziliense.com.br\/cbradar\/#website"},"primaryImageOfPage":{"@id":"https:\/\/www.correiobraziliense.com.br\/cbradar\/4-corretivos-nacionais-que-cobrem-bem-as-olheiras-sem-craquelar-ao-longo-do-dia\/#primaryimage"},"image":{"@id":"https:\/\/www.correiobraziliense.com.br\/cbradar\/4-corretivos-nacionais-que-cobrem-bem-as-olheiras-sem-craquelar-ao-longo-do-dia\/#primaryimage"},"thumbnailUrl":"https:\/\/www.correiobraziliense.com.br\/cbradar\/wp-content\/uploads\/2026\/03\/Gemini_Generated_Image_7encyx7encyx7enc-1.png","datePublished":"2026-03-14T12:25:22+00:00","author":{"@id":"https:\/\/www.correiobraziliense.com.br\/cbradar\/#\/schema\/person\/7356666e12ec0ee53f348ee5db227032"},"description":"Descubra 4 corretivos nacionais que cobrem bem olheiras e manchas sem craquelar, com acabamento natural e boa durabilidade.","breadcrumb":{"@id":"https:\/\/www.correiobraziliense.com.br\/cbradar\/4-corretivos-nacionais-que-cobrem-bem-as-olheiras-sem-craquelar-ao-longo-do-dia\/#breadcrumb"},"inLanguage":"pt-BR","potentialAction":[{"@type":"ReadAction","target":["https:\/\/www.correiobraziliense.com.br\/cbradar\/4-corretivos-nacionais-que-cobrem-bem-as-olheiras-sem-craquelar-ao-longo-do-dia\/"]}]},{"@type":"ImageObject","inLanguage":"pt-BR","@id":"https:\/\/www.correiobraziliense.com.br\/cbradar\/4-corretivos-nacionais-que-cobrem-bem-as-olheiras-sem-craquelar-ao-longo-do-dia\/#primaryimage","url":"https:\/\/www.correiobraziliense.com.br\/cbradar\/wp-content\/uploads\/2026\/03\/Gemini_Generated_Image_7encyx7encyx7enc-1.png","contentUrl":"https:\/\/www.correiobraziliense.com.br\/cbradar\/wp-content\/uploads\/2026\/03\/Gemini_Generated_Image_7encyx7encyx7enc-1.png","width":1280,"height":720,"caption":"Um corretivo realmente eficiente une tr\u00eas pontos: boa cobertura, durabilidade e conforto na pele"},{"@type":"BreadcrumbList","@id":"https:\/\/www.correiobraziliense.com.br\/cbradar\/4-corretivos-nacionais-que-cobrem-bem-as-olheiras-sem-craquelar-ao-longo-do-dia\/#breadcrumb","itemListElement":[{"@type":"ListItem","position":1,"name":"In\u00edcio","item":"https:\/\/www.correiobraziliense.com.br\/cbradar\/"},{"@type":"ListItem","position":2,"name":"4 corretivos nacionais que cobrem bem as olheiras sem craquelar ao longo do dia"}]},{"@type":"WebSite","@id":"https:\/\/www.correiobraziliense.com.br\/cbradar\/#website","url":"https:\/\/www.correiobraziliense.com.br\/cbradar\/","name":"Correio Braziliense - Radar","description":"Acompanhe as \u00faltimas not\u00edcias e fique bem informado sobre tudo o que acontece no Brasil e no mundo.","potentialAction":[{"@type":"SearchAction","target":{"@type":"EntryPoint","urlTemplate":"https:\/\/www.correiobraziliense.com.br\/cbradar\/?s={search_term_string}"},"query-input":{"@type":"PropertyValueSpecification","valueRequired":true,"valueName":"search_term_string"}}],"inLanguage":"pt-BR"},{"@type":"Person","@id":"https:\/\/www.correiobraziliense.com.br\/cbradar\/#\/schema\/person\/7356666e12ec0ee53f348ee5db227032","name":"Daniely Cardoso","image":{"@type":"ImageObject","inLanguage":"pt-BR","@id":"https:\/\/www.correiobraziliense.com.br\/cbradar\/#\/schema\/person\/image\/","url":"https:\/\/secure.gravatar.com\/avatar\/4b80ddbd124d1f071b626d52d62e5dff?s=96&d=mm&r=g","contentUrl":"https:\/\/secure.gravatar.com\/avatar\/4b80ddbd124d1f071b626d52d62e5dff?s=96&d=mm&r=g","caption":"Daniely Cardoso"},"description":"Redatora nos portais CB Radar e EM Foco, formada pela Universidade Federal de Goi\u00e1s, em Goi\u00e2nia. Apaixonada por comunica\u00e7\u00e3o, arte, decora\u00e7\u00e3o e tend\u00eancias, atuo na produ\u00e7\u00e3o de conte\u00fados envolventes sobre curiosidades, moda, beleza e paisagismo, sempre com um olhar atento \u00e0s novidades do momento.","sameAs":["https:\/\/www.correiobraziliense.com.br\/cbradar"],"url":"https:\/\/www.correiobraziliense.com.br\/cbradar\/author\/danielymyth\/"}]}},"_links":{"self":[{"href":"https:\/\/www.correiobraziliense.com.br\/cbradar\/wp-json\/wp\/v2\/posts\/207938","targetHints":{"allow":["GET"]}}],"collection":[{"href":"https:\/\/www.correiobraziliense.com.br\/cbradar\/wp-json\/wp\/v2\/posts"}],"about":[{"href":"https:\/\/www.correiobraziliense.com.br\/cbradar\/wp-json\/wp\/v2\/types\/post"}],"author":[{"embeddable":true,"href":"https:\/\/www.correiobraziliense.com.br\/cbradar\/wp-json\/wp\/v2\/users\/9"}],"replies":[{"embeddable":true,"href":"https:\/\/www.correiobraziliense.com.br\/cbradar\/wp-json\/wp\/v2\/comments?post=207938"}],"version-history":[{"count":2,"href":"https:\/\/www.correiobraziliense.com.br\/cbradar\/wp-json\/wp\/v2\/posts\/207938\/revisions"}],"predecessor-version":[{"id":208018,"href":"https:\/\/www.correiobraziliense.com.br\/cbradar\/wp-json\/wp\/v2\/posts\/207938\/revisions\/208018"}],"wp:featuredmedia":[{"embeddable":true,"href":"https:\/\/www.correiobraziliense.com.br\/cbradar\/wp-json\/wp\/v2\/media\/208380"}],"wp:attachment":[{"href":"https:\/\/www.correiobraziliense.com.br\/cbradar\/wp-json\/wp\/v2\/media?parent=207938"}],"wp:term":[{"taxonomy":"category","embeddable":true,"href":"https:\/\/www.correiobraziliense.com.br\/cbradar\/wp-json\/wp\/v2\/categories?post=207938"},{"taxonomy":"post_tag","embeddable":true,"href":"https:\/\/www.correiobraziliense.com.br\/cbradar\/wp-json\/wp\/v2\/tags?post=207938"}],"curies":[{"name":"wp","href":"https:\/\/api.w.org\/{rel}","templated":true}]}}