{"id":207939,"date":"2026-03-14T10:05:35","date_gmt":"2026-03-14T13:05:35","guid":{"rendered":"https:\/\/www.correiobraziliense.com.br\/cbradar\/?p=207939"},"modified":"2026-03-13T23:19:39","modified_gmt":"2026-03-14T02:19:39","slug":"sem-farinha-nem-gluten-essa-receita-quase-zero-carboidratos-virou-substituta-do-pao-no-cafe-da-manha","status":"publish","type":"post","link":"https:\/\/www.correiobraziliense.com.br\/cbradar\/sem-farinha-nem-gluten-essa-receita-quase-zero-carboidratos-virou-substituta-do-pao-no-cafe-da-manha\/","title":{"rendered":"Sem farinha nem gl\u00faten, essa receita quase zero carboidratos virou substituta do p\u00e3o no caf\u00e9 da manh\u00e3"},"content":{"rendered":"\n<p>Voc\u00ea j\u00e1 acordou com pressa, sem tempo para preparar nada elaborado, e acabou recorrendo ao <b>p\u00e3ozinho<\/b> de sempre, mesmo querendo algo mais leve e <b>proteico<\/b>? Nos \u00faltimos anos, muita gente tem trocado o p\u00e3o tradicional por op\u00e7\u00f5es sem <b>gl\u00faten<\/b>, com menos carboidratos e mais prote\u00edna, especialmente quem busca algo r\u00e1pido, simples e que sustente bem at\u00e9 a pr\u00f3xima refei\u00e7\u00e3o. Uma dessas alternativas \u00e9 uma <b>receita<\/b> sem farinha, quase zero carboidratos e rica em prote\u00ednas, que tem chamado aten\u00e7\u00e3o pela praticidade e pelos poucos ingredientes.<\/p>\n\n\n\n<h2 class=\"wp-block-heading\">O que \u00e9 essa receita sem gl\u00faten que substitui o p\u00e3o no dia a dia?<\/h2>\n\n\n\n<p>A receita que vem ganhando espa\u00e7o como substituta do p\u00e3o \u00e9 um tipo de <b>p\u00e3o de frigideira<\/b> proteico, feito sem farinha de trigo e sem gl\u00faten. Em vez de usar amidos e cereais, a base leva principalmente <b>ovos<\/b> e <b>queijo cottage<\/b> ou cream cheese, o que resulta em bastante prote\u00edna e poucos carboidratos.<\/p>\n\n\n\n<p>Na textura, lembra uma panquequinha ou um p\u00e3o achatado, com sabor <b>neutro<\/b> e leve. O tempo de preparo costuma ficar entre 3 e 5 minutos, o que \u00e9 perfeito para quem tem uma <b>rotina<\/b> corrida, mas n\u00e3o quer sair de casa de est\u00f4mago vazio ou depender s\u00f3 de <b>caf\u00e9 preto<\/b>.<\/p>\n\n\n<div class=\"wp-block-image\">\n<figure class=\"aligncenter size-full\"><img decoding=\"async\" width=\"1280\" height=\"720\" src=\"https:\/\/www.correiobraziliense.com.br\/cbradar\/wp-content\/uploads\/2026\/03\/wrap_1773407534776.jpg\" alt=\"\" class=\"wp-image-208003\" srcset=\"https:\/\/www.correiobraziliense.com.br\/cbradar\/wp-content\/uploads\/2026\/03\/wrap_1773407534776.jpg 1280w, https:\/\/www.correiobraziliense.com.br\/cbradar\/wp-content\/uploads\/2026\/03\/wrap_1773407534776-300x169.jpg 300w, https:\/\/www.correiobraziliense.com.br\/cbradar\/wp-content\/uploads\/2026\/03\/wrap_1773407534776-768x432.jpg 768w, https:\/\/www.correiobraziliense.com.br\/cbradar\/wp-content\/uploads\/2026\/03\/wrap_1773407534776-750x422.jpg 750w, https:\/\/www.correiobraziliense.com.br\/cbradar\/wp-content\/uploads\/2026\/03\/wrap_1773407534776-1140x641.jpg 1140w\" sizes=\"(max-width: 1280px) 100vw, 1280px\" \/><figcaption class=\"wp-element-caption\">A receita que vem ganhando espa\u00e7o como substituta do p\u00e3o \u00e9 um tipo de p\u00e3o de frigideira proteico &#8211; Cr\u00e9ditos: depositphotos.com \/ timolina<\/figcaption><\/figure><\/div>\n\n\n<p>Leia tamb\u00e9m:&nbsp;<a href=\"https:\/\/www.correiobraziliense.com.br\/cbradar\/como-fazer-feijao-tropeiro-mineiro-tradicional-em-casa-com-esta-receita-simples\/\" target=\"_blank\" rel=\"noopener\">Como fazer feij\u00e3o tropeiro mineiro tradicional em casa com esta receita simples<\/a><\/p>\n\n\n\n<h2 class=\"wp-block-heading\">Como preparar o p\u00e3o proteico quase zero carboidratos de forma simples?<\/h2>\n\n\n\n<p>Para montar essa op\u00e7\u00e3o de caf\u00e9 da manh\u00e3 sem gl\u00faten e sem farinha, o passo a passo \u00e9 bem simples e pode ser adaptado conforme o que voc\u00ea tem em <b>casa<\/b>. A ideia \u00e9 criar um <b>p\u00e3o proteico<\/b>, em que ovos e derivados do leite concentram boa quantidade de prote\u00ednas, com pouqu\u00edssimos carboidratos e possibilidade de ajustar gorduras boas com os recheios.<\/p>\n\n\n\n<ol class=\"wp-block-list\">\n<li><b>Separar<\/b> os ingredientes b\u00e1sicos: normalmente s\u00e3o usados 2 ovos, 2 colheres de sopa de queijo cottage ou <b>cream cheese<\/b>, uma pitada de sal e temperos opcionais.<\/li>\n\n\n\n<li><b>Bater<\/b> a mistura: em uma tigela ou no liquidificador, os ovos s\u00e3o batidos com o queijo at\u00e9 formar um <b>creme<\/b> homog\u00eaneo, sem peda\u00e7os.<\/li>\n\n\n\n<li><b>Aquecer<\/b> a frigideira: uma frigideira antiaderente \u00e9 levemente untada com azeite ou <b>manteiga<\/b>, apenas para evitar que a massa grude.<\/li>\n\n\n\n<li><b>Despejar<\/b> e modelar: a massa \u00e9 colocada na frigideira, espalhando para formar um disco, semelhante a uma panqueca ou a um <b>p\u00e3o<\/b> fino.<\/li>\n\n\n\n<li><b>Dourar<\/b> dos dois lados: cozinha-se em fogo baixo por 2 a 3 minutos de cada lado, at\u00e9 firmar e ficar levemente <b>dourado<\/b>.<\/li>\n<\/ol>\n\n\n\n<p>Ao final, o p\u00e3o proteico pode ser servido inteiro ou dobrado, com recheios como <b>frango desfiado<\/b>, queijo, tomate, folhas verdes ou at\u00e9 pastas \u00e0 base de gr\u00e3o-de-bico e abacate. Tamb\u00e9m funciona bem como <b>lanche<\/b> da tarde, lanche p\u00f3s-treino ou at\u00e9 base para mini-pizzas de frigideira. Separamos esse v\u00eddeo do canal da <a href=\"https:\/\/www.youtube.com\/@NutricionistaPatriciaLeite\" target=\"_blank\" rel=\"noreferrer noopener\">Nutricionista Patricia Leite<\/a> ensinando a fazer esse p\u00e3o:<\/p>\n\n\n\n<figure class=\"wp-block-embed is-type-video is-provider-youtube wp-block-embed-youtube wp-embed-aspect-16-9 wp-has-aspect-ratio\"><div class=\"wp-block-embed__wrapper\">\n<div class=\"jeg_video_container jeg_video_content\"><iframe loading=\"lazy\" title=\"SUBSTITUA O PA\u0303O em 5 MIN, quase ZERO CARBOIDRATOS! Rico em Protei\u0301nas e Fibras (Sem Gl\u00faten) \" width=\"500\" height=\"281\" src=\"https:\/\/www.youtube.com\/embed\/YdNWqaX67NE?feature=oembed\" frameborder=\"0\" allow=\"accelerometer; autoplay; clipboard-write; encrypted-media; gyroscope; picture-in-picture; web-share\" referrerpolicy=\"strict-origin-when-cross-origin\" allowfullscreen><\/iframe><\/div>\n<\/div><\/figure>\n\n\n\n<h2 class=\"wp-block-heading\">Quais s\u00e3o os benef\u00edcios de um caf\u00e9 da manh\u00e3 rico em prote\u00ednas?<\/h2>\n\n\n\n<p>Trocar o p\u00e3o tradicional por uma receita mais proteica e quase sem carboidratos pode ajudar muito quem sente <b>fome<\/b> r\u00e1pido pela manh\u00e3. Um caf\u00e9 da manh\u00e3 com mais <b>prote\u00edna<\/b> costuma trazer saciedade por mais tempo, j\u00e1 que a digest\u00e3o \u00e9 mais lenta do que a de p\u00e3es brancos, bolos e outros carboidratos simples.<\/p>\n\n\n\n<p>Esse tipo de preparo tamb\u00e9m \u00e9 bastante usado por quem treina e quer preservar ou ganhar <b>massa magra<\/b>, j\u00e1 que ovos e latic\u00ednios oferecem amino\u00e1cidos importantes para os m\u00fasculos. Em planejamentos com baixo consumo de <b>carboidratos<\/b>, essa receita costuma aparecer com frequ\u00eancia, justamente por ter um perfil nutricional que se encaixa bem em dietas low carb.<\/p>\n\n\n\n<h2 class=\"wp-block-heading\">Quais vantagens esse p\u00e3o proteico pode trazer para a sua rotina?<\/h2>\n\n\n\n<p>Al\u00e9m dos aspectos nutricionais, muita gente adota essa receita mais pela <b>praticidade<\/b> do que por qualquer outra coisa. Em poucos minutos, com uma tigela e uma frigideira, voc\u00ea tem algo quentinho, que aceita v\u00e1rios recheios e foge da mesmice do p\u00e3o de sempre. Abaixo est\u00e3o algumas <b>vantagens<\/b> que costumam ser relatadas por quem inclui esse p\u00e3o de frigideira no dia a dia:<\/p>\n\n\n\n<ul class=\"wp-block-list\">\n<li><b>Maior saciedade<\/b>, o que pode ajudar a reduzir beliscos e exageros em outras refei\u00e7\u00f5es, contribuindo para melhor controle de <b>peso<\/b>.<\/li>\n\n\n\n<li><b>Apoio<\/b> \u00e0 massa magra, principalmente quando combinado com treino de for\u00e7a ou outras atividades f\u00edsicas, favorecendo melhor <b>desempenho<\/b>.<\/li>\n\n\n\n<li><b>Menor consumo<\/b> de gl\u00faten, interessante para quem tem restri\u00e7\u00e3o ou deseja reduzir a ingest\u00e3o, especialmente em dietas com foco em <b>digest\u00e3o<\/b> mais leve.<\/li>\n\n\n\n<li><b>Praticidade<\/b> no preparo, j\u00e1 que leva poucos minutos e quase n\u00e3o suja lou\u00e7a, facilitando a rotina de quem tem manh\u00e3s <b>corridas<\/b>.<\/li>\n<\/ul>\n\n\n\n<p>Alguns planos alimentares ainda recomendam um <b>equil\u00edbrio<\/b> entre carboidratos complexos, prote\u00ednas e gorduras boas. Nesses casos, esse p\u00e3o de frigideira pode entrar junto com frutas, aveia sem gl\u00faten ou outras fontes de fibras, e n\u00e3o necessariamente no lugar de todos os carboidratos. No fim, essa alternativa pr\u00e1tica e <b>proteica<\/b> pode enriquecer o caf\u00e9 da manh\u00e3 e os lanches, desde que respeite as necessidades individuais e o equil\u00edbrio da <b>alimenta\u00e7\u00e3o<\/b> ao longo do dia.<\/p>\n","protected":false},"excerpt":{"rendered":"<p>Voc\u00ea j\u00e1 acordou com pressa, sem tempo para preparar nada elaborado, e acabou recorrendo ao p\u00e3ozinho de sempre, mesmo querendo algo mais leve e proteico? Nos \u00faltimos anos, muita gente tem trocado o p\u00e3o tradicional por op\u00e7\u00f5es sem gl\u00faten, com menos carboidratos e mais prote\u00edna, especialmente quem busca algo r\u00e1pido, simples e que sustente bem [&hellip;]<\/p>\n","protected":false},"author":9,"featured_media":207370,"comment_status":"open","ping_status":"open","sticky":false,"template":"","format":"standard","meta":{"_yoast_wpseo_focuskw":"receita de p\u00e3o proteico sem farinha","_yoast_wpseo_title":"","_yoast_wpseo_metadesc":"Descubra uma receita de p\u00e3o proteico sem farinha, quase zero carboidratos e pronta em poucos minutos para o caf\u00e9 da manh\u00e3.","jnews-multi-image_gallery":[],"jnews_single_post":{"format":"standard"},"jnews_primary_category":[],"jnews_social_meta":[],"jnews_override_counter":[],"footnotes":""},"categories":[119,4404],"tags":[4319,16090,16089],"class_list":["post-207939","post","type-post","status-publish","format-standard","has-post-thumbnail","hentry","category-bem-estar","category-saude","tag-cafe-da-manha","tag-receita-se-farinha","tag-sem-farinha"],"yoast_head":"<!-- This site is optimized with the Yoast SEO plugin v24.6 - https:\/\/yoast.com\/wordpress\/plugins\/seo\/ -->\n<title>Sem farinha nem gl\u00faten, essa receita quase zero carboidratos virou substituta do p\u00e3o no caf\u00e9 da manh\u00e3 - Correio Braziliense - Radar<\/title>\n<meta name=\"description\" content=\"Descubra uma receita de p\u00e3o proteico sem farinha, quase zero carboidratos e pronta em poucos minutos para o caf\u00e9 da manh\u00e3.\" \/>\n<meta name=\"robots\" content=\"index, follow, max-snippet:-1, max-image-preview:large, max-video-preview:-1\" \/>\n<link rel=\"canonical\" href=\"https:\/\/www.correiobraziliense.com.br\/cbradar\/sem-farinha-nem-gluten-essa-receita-quase-zero-carboidratos-virou-substituta-do-pao-no-cafe-da-manha\/\" \/>\n<meta property=\"og:locale\" content=\"pt_BR\" \/>\n<meta property=\"og:type\" content=\"article\" \/>\n<meta property=\"og:title\" content=\"Sem farinha nem gl\u00faten, essa receita quase zero carboidratos virou substituta do p\u00e3o no caf\u00e9 da manh\u00e3 - Correio Braziliense - Radar\" \/>\n<meta property=\"og:description\" content=\"Descubra uma receita de p\u00e3o proteico sem farinha, quase zero carboidratos e pronta em poucos minutos para o caf\u00e9 da manh\u00e3.\" \/>\n<meta property=\"og:url\" content=\"https:\/\/www.correiobraziliense.com.br\/cbradar\/sem-farinha-nem-gluten-essa-receita-quase-zero-carboidratos-virou-substituta-do-pao-no-cafe-da-manha\/\" \/>\n<meta property=\"og:site_name\" content=\"Correio Braziliense - Radar\" \/>\n<meta property=\"article:published_time\" content=\"2026-03-14T13:05:35+00:00\" \/>\n<meta property=\"og:image\" content=\"https:\/\/www.correiobraziliense.com.br\/cbradar\/wp-content\/uploads\/2026\/03\/Gemini_Generated_Image_hapuf1hapuf1hapu-1.png\" \/>\n\t<meta property=\"og:image:width\" content=\"1280\" \/>\n\t<meta property=\"og:image:height\" content=\"720\" \/>\n\t<meta property=\"og:image:type\" content=\"image\/png\" \/>\n<meta name=\"author\" content=\"Daniely Cardoso\" \/>\n<meta name=\"twitter:card\" content=\"summary_large_image\" \/>\n<meta name=\"twitter:label1\" content=\"Escrito por\" \/>\n\t<meta name=\"twitter:data1\" content=\"Daniely Cardoso\" \/>\n\t<meta name=\"twitter:label2\" content=\"Est. tempo de leitura\" \/>\n\t<meta name=\"twitter:data2\" content=\"6 minutos\" \/>\n<!-- \/ Yoast SEO plugin. -->","yoast_head_json":{"title":"Sem farinha nem gl\u00faten, essa receita quase zero carboidratos virou substituta do p\u00e3o no caf\u00e9 da manh\u00e3 - Correio Braziliense - Radar","description":"Descubra uma receita de p\u00e3o proteico sem farinha, quase zero carboidratos e pronta em poucos minutos para o caf\u00e9 da manh\u00e3.","robots":{"index":"index","follow":"follow","max-snippet":"max-snippet:-1","max-image-preview":"max-image-preview:large","max-video-preview":"max-video-preview:-1"},"canonical":"https:\/\/www.correiobraziliense.com.br\/cbradar\/sem-farinha-nem-gluten-essa-receita-quase-zero-carboidratos-virou-substituta-do-pao-no-cafe-da-manha\/","og_locale":"pt_BR","og_type":"article","og_title":"Sem farinha nem gl\u00faten, essa receita quase zero carboidratos virou substituta do p\u00e3o no caf\u00e9 da manh\u00e3 - Correio Braziliense - Radar","og_description":"Descubra uma receita de p\u00e3o proteico sem farinha, quase zero carboidratos e pronta em poucos minutos para o caf\u00e9 da manh\u00e3.","og_url":"https:\/\/www.correiobraziliense.com.br\/cbradar\/sem-farinha-nem-gluten-essa-receita-quase-zero-carboidratos-virou-substituta-do-pao-no-cafe-da-manha\/","og_site_name":"Correio Braziliense - Radar","article_published_time":"2026-03-14T13:05:35+00:00","og_image":[{"width":1280,"height":720,"url":"https:\/\/www.correiobraziliense.com.br\/cbradar\/wp-content\/uploads\/2026\/03\/Gemini_Generated_Image_hapuf1hapuf1hapu-1.png","type":"image\/png"}],"author":"Daniely Cardoso","twitter_card":"summary_large_image","twitter_misc":{"Escrito por":"Daniely Cardoso","Est. tempo de leitura":"6 minutos"},"schema":{"@context":"https:\/\/schema.org","@graph":[{"@type":"WebPage","@id":"https:\/\/www.correiobraziliense.com.br\/cbradar\/sem-farinha-nem-gluten-essa-receita-quase-zero-carboidratos-virou-substituta-do-pao-no-cafe-da-manha\/","url":"https:\/\/www.correiobraziliense.com.br\/cbradar\/sem-farinha-nem-gluten-essa-receita-quase-zero-carboidratos-virou-substituta-do-pao-no-cafe-da-manha\/","name":"Sem farinha nem gl\u00faten, essa receita quase zero carboidratos virou substituta do p\u00e3o no caf\u00e9 da manh\u00e3 - Correio Braziliense - Radar","isPartOf":{"@id":"https:\/\/www.correiobraziliense.com.br\/cbradar\/#website"},"primaryImageOfPage":{"@id":"https:\/\/www.correiobraziliense.com.br\/cbradar\/sem-farinha-nem-gluten-essa-receita-quase-zero-carboidratos-virou-substituta-do-pao-no-cafe-da-manha\/#primaryimage"},"image":{"@id":"https:\/\/www.correiobraziliense.com.br\/cbradar\/sem-farinha-nem-gluten-essa-receita-quase-zero-carboidratos-virou-substituta-do-pao-no-cafe-da-manha\/#primaryimage"},"thumbnailUrl":"https:\/\/www.correiobraziliense.com.br\/cbradar\/wp-content\/uploads\/2026\/03\/Gemini_Generated_Image_hapuf1hapuf1hapu-1.png","datePublished":"2026-03-14T13:05:35+00:00","author":{"@id":"https:\/\/www.correiobraziliense.com.br\/cbradar\/#\/schema\/person\/7356666e12ec0ee53f348ee5db227032"},"description":"Descubra uma receita de p\u00e3o proteico sem farinha, quase zero carboidratos e pronta em poucos minutos para o caf\u00e9 da manh\u00e3.","breadcrumb":{"@id":"https:\/\/www.correiobraziliense.com.br\/cbradar\/sem-farinha-nem-gluten-essa-receita-quase-zero-carboidratos-virou-substituta-do-pao-no-cafe-da-manha\/#breadcrumb"},"inLanguage":"pt-BR","potentialAction":[{"@type":"ReadAction","target":["https:\/\/www.correiobraziliense.com.br\/cbradar\/sem-farinha-nem-gluten-essa-receita-quase-zero-carboidratos-virou-substituta-do-pao-no-cafe-da-manha\/"]}]},{"@type":"ImageObject","inLanguage":"pt-BR","@id":"https:\/\/www.correiobraziliense.com.br\/cbradar\/sem-farinha-nem-gluten-essa-receita-quase-zero-carboidratos-virou-substituta-do-pao-no-cafe-da-manha\/#primaryimage","url":"https:\/\/www.correiobraziliense.com.br\/cbradar\/wp-content\/uploads\/2026\/03\/Gemini_Generated_Image_hapuf1hapuf1hapu-1.png","contentUrl":"https:\/\/www.correiobraziliense.com.br\/cbradar\/wp-content\/uploads\/2026\/03\/Gemini_Generated_Image_hapuf1hapuf1hapu-1.png","width":1280,"height":720,"caption":"A troca do p\u00e3o pela crepioca sem gl\u00faten \u00e9 comum entre quem sente desconforto com gl\u00faten"},{"@type":"BreadcrumbList","@id":"https:\/\/www.correiobraziliense.com.br\/cbradar\/sem-farinha-nem-gluten-essa-receita-quase-zero-carboidratos-virou-substituta-do-pao-no-cafe-da-manha\/#breadcrumb","itemListElement":[{"@type":"ListItem","position":1,"name":"In\u00edcio","item":"https:\/\/www.correiobraziliense.com.br\/cbradar\/"},{"@type":"ListItem","position":2,"name":"Sem farinha nem gl\u00faten, essa receita quase zero carboidratos virou substituta do p\u00e3o no caf\u00e9 da manh\u00e3"}]},{"@type":"WebSite","@id":"https:\/\/www.correiobraziliense.com.br\/cbradar\/#website","url":"https:\/\/www.correiobraziliense.com.br\/cbradar\/","name":"Correio Braziliense - Radar","description":"Acompanhe as \u00faltimas not\u00edcias e fique bem informado sobre tudo o que acontece no Brasil e no mundo.","potentialAction":[{"@type":"SearchAction","target":{"@type":"EntryPoint","urlTemplate":"https:\/\/www.correiobraziliense.com.br\/cbradar\/?s={search_term_string}"},"query-input":{"@type":"PropertyValueSpecification","valueRequired":true,"valueName":"search_term_string"}}],"inLanguage":"pt-BR"},{"@type":"Person","@id":"https:\/\/www.correiobraziliense.com.br\/cbradar\/#\/schema\/person\/7356666e12ec0ee53f348ee5db227032","name":"Daniely Cardoso","image":{"@type":"ImageObject","inLanguage":"pt-BR","@id":"https:\/\/www.correiobraziliense.com.br\/cbradar\/#\/schema\/person\/image\/","url":"https:\/\/secure.gravatar.com\/avatar\/4b80ddbd124d1f071b626d52d62e5dff?s=96&d=mm&r=g","contentUrl":"https:\/\/secure.gravatar.com\/avatar\/4b80ddbd124d1f071b626d52d62e5dff?s=96&d=mm&r=g","caption":"Daniely Cardoso"},"description":"Redatora nos portais CB Radar e EM Foco, formada pela Universidade Federal de Goi\u00e1s, em Goi\u00e2nia. Apaixonada por comunica\u00e7\u00e3o, arte, decora\u00e7\u00e3o e tend\u00eancias, atuo na produ\u00e7\u00e3o de conte\u00fados envolventes sobre curiosidades, moda, beleza e paisagismo, sempre com um olhar atento \u00e0s novidades do momento.","sameAs":["https:\/\/www.correiobraziliense.com.br\/cbradar"],"url":"https:\/\/www.correiobraziliense.com.br\/cbradar\/author\/danielymyth\/"}]}},"_links":{"self":[{"href":"https:\/\/www.correiobraziliense.com.br\/cbradar\/wp-json\/wp\/v2\/posts\/207939","targetHints":{"allow":["GET"]}}],"collection":[{"href":"https:\/\/www.correiobraziliense.com.br\/cbradar\/wp-json\/wp\/v2\/posts"}],"about":[{"href":"https:\/\/www.correiobraziliense.com.br\/cbradar\/wp-json\/wp\/v2\/types\/post"}],"author":[{"embeddable":true,"href":"https:\/\/www.correiobraziliense.com.br\/cbradar\/wp-json\/wp\/v2\/users\/9"}],"replies":[{"embeddable":true,"href":"https:\/\/www.correiobraziliense.com.br\/cbradar\/wp-json\/wp\/v2\/comments?post=207939"}],"version-history":[{"count":2,"href":"https:\/\/www.correiobraziliense.com.br\/cbradar\/wp-json\/wp\/v2\/posts\/207939\/revisions"}],"predecessor-version":[{"id":208005,"href":"https:\/\/www.correiobraziliense.com.br\/cbradar\/wp-json\/wp\/v2\/posts\/207939\/revisions\/208005"}],"wp:featuredmedia":[{"embeddable":true,"href":"https:\/\/www.correiobraziliense.com.br\/cbradar\/wp-json\/wp\/v2\/media\/207370"}],"wp:attachment":[{"href":"https:\/\/www.correiobraziliense.com.br\/cbradar\/wp-json\/wp\/v2\/media?parent=207939"}],"wp:term":[{"taxonomy":"category","embeddable":true,"href":"https:\/\/www.correiobraziliense.com.br\/cbradar\/wp-json\/wp\/v2\/categories?post=207939"},{"taxonomy":"post_tag","embeddable":true,"href":"https:\/\/www.correiobraziliense.com.br\/cbradar\/wp-json\/wp\/v2\/tags?post=207939"}],"curies":[{"name":"wp","href":"https:\/\/api.w.org\/{rel}","templated":true}]}}