{"id":207940,"date":"2026-03-14T10:45:41","date_gmt":"2026-03-14T13:45:41","guid":{"rendered":"https:\/\/www.correiobraziliense.com.br\/cbradar\/?p=207940"},"modified":"2026-03-13T23:17:39","modified_gmt":"2026-03-14T02:17:39","slug":"a-planta-facil-de-cuidar-que-virou-queridinha-de-quem-busca-hidratacao-natural-para-a-pele","status":"publish","type":"post","link":"https:\/\/www.correiobraziliense.com.br\/cbradar\/a-planta-facil-de-cuidar-que-virou-queridinha-de-quem-busca-hidratacao-natural-para-a-pele\/","title":{"rendered":"A planta f\u00e1cil de cuidar que virou queridinha de quem busca hidrata\u00e7\u00e3o natural para a pele"},"content":{"rendered":"\n<p>Imagine ter, a poucos passos da cozinha ou da varanda, uma planta que ajuda nos <b>cuidados di\u00e1rios<\/b> com a <b>pele<\/b> e ainda deixa a casa mais verde. A babosa, ou <b>aloe vera<\/b>, \u00e9 justamente essa companheira: aparece em cremes, g\u00e9is e xampus, mas tamb\u00e9m pode ser cultivada em vasos simples, perto de janelas bem iluminadas. Ter um p\u00e9 de babosa em casa facilita o acesso \u00e0s folhas frescas, que podem ser usadas em preparos caseiros, sempre com orienta\u00e7\u00e3o adequada.<\/p>\n\n\n\n<h2 class=\"wp-block-heading\">Por que a babosa \u00e9 t\u00e3o falada para cuidar da pele no dia a dia<\/h2>\n\n\n\n<p>A fama da <b>babosa<\/b> para a pele vem do gel transparente que fica dentro das folhas grossas e carnudas. Esse gel \u00e9 rico em \u00e1gua e subst\u00e2ncias como mucilagens, <b>polissacar\u00eddeos<\/b>, vitaminas e minerais, que ajudam a manter a hidrata\u00e7\u00e3o e a sensa\u00e7\u00e3o de suavidade na superf\u00edcie da pele, motivo pelo qual ela aparece em tantos cosm\u00e9ticos corporais e <b>faciais<\/b>.<\/p>\n\n\n\n<p>Em produtos prontos, o extrato de <b>aloe vera<\/b> costuma ser usado para trazer sensa\u00e7\u00e3o de al\u00edvio em \u00e1reas ressecadas, ap\u00f3s sol em excesso ou em peles expostas \u00e0 <b>polui\u00e7\u00e3o<\/b> e ao vento. De modo geral, a babosa \u00e9 associada \u00e0 hidrata\u00e7\u00e3o, apoio \u00e0 elasticidade e apar\u00eancia mais uniforme. J\u00e1 o uso direto da folha em casa deve ser feito com cuidado e, se poss\u00edvel, com orienta\u00e7\u00e3o profissional, especialmente em peles <b>sens\u00edveis<\/b>.<\/p>\n\n\n<div class=\"wp-block-image\">\n<figure class=\"aligncenter size-full\"><img decoding=\"async\" width=\"1280\" height=\"720\" src=\"https:\/\/www.correiobraziliense.com.br\/cbradar\/wp-content\/uploads\/2026\/03\/plantar-babosa_1773408173532.jpg\" alt=\"\" class=\"wp-image-208022\" srcset=\"https:\/\/www.correiobraziliense.com.br\/cbradar\/wp-content\/uploads\/2026\/03\/plantar-babosa_1773408173532.jpg 1280w, https:\/\/www.correiobraziliense.com.br\/cbradar\/wp-content\/uploads\/2026\/03\/plantar-babosa_1773408173532-300x169.jpg 300w, https:\/\/www.correiobraziliense.com.br\/cbradar\/wp-content\/uploads\/2026\/03\/plantar-babosa_1773408173532-768x432.jpg 768w, https:\/\/www.correiobraziliense.com.br\/cbradar\/wp-content\/uploads\/2026\/03\/plantar-babosa_1773408173532-750x422.jpg 750w, https:\/\/www.correiobraziliense.com.br\/cbradar\/wp-content\/uploads\/2026\/03\/plantar-babosa_1773408173532-1140x641.jpg 1140w\" sizes=\"(max-width: 1280px) 100vw, 1280px\" \/><figcaption class=\"wp-element-caption\">A fama da babosa para a pele vem do gel transparente que fica dentro das folhas grossas e carnudas &#8211; Cr\u00e9ditos: depositphotos.com \/ swkunst<\/figcaption><\/figure><\/div>\n\n\n<p>Leia tamb\u00e9m:&nbsp;<a href=\"https:\/\/www.correiobraziliense.com.br\/cbradar\/6-arvores-que-voce-deve-evitar-plantar-em-quintais-pequenos-segundo-paisagistas\/\" target=\"_blank\" rel=\"noopener\">6 \u00e1rvores que voc\u00ea deve evitar plantar em quintais pequenos segundo paisagistas<\/a><\/p>\n\n\n\n<h2 class=\"wp-block-heading\">Como plantar babosa em casa passo a passo de forma simples<\/h2>\n\n\n\n<p>O cultivo da <b>babosa<\/b> \u00e9 considerado f\u00e1cil, pois \u00e9 uma suculenta adaptada a climas quentes e solos mais secos. Para quem mora em apartamento ou casa pequena, o vaso \u00e9 a forma mais pr\u00e1tica de plantio, come\u00e7ando com uma muda saud\u00e1vel ou um \u201cfilhote\u201d retirado da base de uma planta <b>adulta<\/b>.<\/p>\n\n\n\n<ol class=\"wp-block-list\">\n<li><strong>Escolha do vaso<\/strong><br><p>O recipiente precisa ter furos de <b>drenagem<\/b> no fundo para evitar ac\u00famulo de \u00e1gua. Vasos de barro ou cer\u00e2mica ajudam a manter o solo mais arejado, o que favorece o desenvolvimento da raiz da <b>babosa<\/b>.<\/p><\/li>\n\n\n\n<li><strong>Prepara\u00e7\u00e3o do solo<\/strong><br><p>Recomenda-se um substrato <b>bem drenado<\/b>, misturando terra comum, areia grossa e um pouco de mat\u00e9ria org\u00e2nica. A ideia \u00e9 deixar o solo leve, parecido com o usado para suculentas e <b>cactos<\/b>.<\/p><\/li>\n\n\n\n<li><strong>Plantio da muda<\/strong><br><p>A muda de babosa deve ser posicionada de modo que as <b>ra\u00edzes<\/b> fiquem cobertas e a base da folha acima da terra. Depois, aperte levemente o solo ao redor para firmar a planta sem compactar demais, garantindo boa <b>ventila\u00e7\u00e3o<\/b> ao redor da raiz.<\/p><\/li>\n\n\n\n<li><strong>Local ideal<\/strong><br><p>A babosa precisa de boa <b>luminosidade<\/b>. Um local com sol da manh\u00e3 ou luz indireta intensa, como varandas e janelas claras, costuma ser adequado. O sol muito forte do meio-dia pode queimar as folhas, diminuindo a <b>qualidade<\/b> do gel interno.<\/p><\/li>\n\n\n\n<li><strong>Regras de rega<\/strong><br><p>A irriga\u00e7\u00e3o deve ser espa\u00e7ada, esperando o solo secar na superf\u00edcie antes de regar de novo. O excesso de <b>\u00e1gua<\/b> enfraquece as ra\u00edzes e pode provocar apodrecimento e mau cheiro no vaso.<\/p><\/li>\n<\/ol>\n\n\n\n<p>Seguindo esses passos, a planta tende a se desenvolver formando novas <b>folhas<\/b> e brotos laterais. Com o tempo, esses brotos podem ser separados para gerar novas mudas, permitindo ampliar o cultivo dom\u00e9stico ou presentear outras <b>pessoas<\/b>. Separamos esse v\u00eddeo do canal <a href=\"https:\/\/www.youtube.com\/@hortamineira1234\" target=\"_blank\" rel=\"noreferrer noopener\">Horta Mineira<\/a> ensinando a plantar babosa em casa:<\/p>\n\n\n\n<figure class=\"wp-block-embed is-type-video is-provider-youtube wp-block-embed-youtube wp-embed-aspect-16-9 wp-has-aspect-ratio\"><div class=\"wp-block-embed__wrapper\">\n<div class=\"jeg_video_container jeg_video_content\"><iframe loading=\"lazy\" title=\"COMO PLANTAR BABOSA CORRETAMENTE\" width=\"500\" height=\"281\" src=\"https:\/\/www.youtube.com\/embed\/Oizz3ikXqA8?feature=oembed\" frameborder=\"0\" allow=\"accelerometer; autoplay; clipboard-write; encrypted-media; gyroscope; picture-in-picture; web-share\" referrerpolicy=\"strict-origin-when-cross-origin\" allowfullscreen><\/iframe><\/div>\n<\/div><\/figure>\n\n\n\n<h2 class=\"wp-block-heading\">Quais cuidados di\u00e1rios e formas de colher as folhas de babosa<\/h2>\n\n\n\n<p>Depois de plantada, a babosa exige manuten\u00e7\u00e3o simples, mas constante. Observar o aspecto das <b>folhas<\/b> ajuda muito: quando est\u00e3o firmes, cheias e bem verdes, em geral indicam boa adapta\u00e7\u00e3o; j\u00e1 folhas murchas, amareladas ou manchadas podem sinalizar excesso de \u00e1gua, pouca luz ou presen\u00e7a de <b>pragas<\/b>.<\/p>\n\n\n\n<ul class=\"wp-block-list\">\n<li><strong>Luz e temperatura:<\/strong> Prefere clima ameno a quente e tolera bem o <b>calor<\/b>, desde que receba \u00e1gua na medida certa. Em locais muito frios, \u00e9 melhor proteg\u00ea-la de ventos fortes e geadas, evitando danos mais <b>graves<\/b>.<\/li>\n\n\n\n<li><strong>Aduba\u00e7\u00e3o:<\/strong> Pequenas aduba\u00e7\u00f5es org\u00e2nicas, a cada poucos meses, mant\u00eam o solo nutrido. O exagero em fertilizantes <b>qu\u00edmicos<\/b> n\u00e3o \u00e9 indicado para esse tipo de planta, pois pode causar queimaduras nas ra\u00edzes.<\/li>\n\n\n\n<li><strong>Drenagem:<\/strong> Pratinhos sob o vaso n\u00e3o devem acumular \u00e1gua. Um bom <b>escoamento<\/b> \u00e9 essencial para manter as ra\u00edzes saud\u00e1veis e reduzir o risco de fungos e apodrecimento.<\/li>\n<\/ul>\n\n\n\n<p>Para colher a folha de <b>babosa<\/b>, costuma-se escolher as folhas mais externas e desenvolvidas, deixando as internas para crescer. O corte \u00e9 feito pr\u00f3ximo \u00e0 base, com objeto limpo e bem afiado. Ao abrir a folha, surge o gel, que muitas vezes \u00e9 separado da casca e lavado para retirar a parte amarelada, chamada <b>l\u00e1tex<\/b>, que pode ser irritante em algumas pessoas.<\/p>\n\n\n\n<figure class=\"wp-block-embed is-type-rich is-provider-pinterest wp-block-embed-pinterest\"><div class=\"wp-block-embed__wrapper\">\n<iframe loading=\"lazy\" title=\"Propaga\u00e7\u00e3o da Babosa (Aloe vera)\" src=\"https:\/\/assets.pinterest.com\/ext\/embed.html?id=693061830164392146&#038;src=oembed\" height=\"899\" width=\"450\" frameborder=\"0\" scrolling=\"no\" ><\/iframe>\n<\/div><\/figure>\n\n\n\n<h2 class=\"wp-block-heading\">Como usar a babosa em casa com seguran\u00e7a na pele<\/h2>\n\n\n\n<p>Apesar de ser famosa em tratamentos cosm\u00e9ticos, o uso direto do gel caseiro na <b>pele<\/b> pede aten\u00e7\u00e3o. Produtos industrializados passam por testes e controle de qualidade, enquanto a folha rec\u00e9m-colhida n\u00e3o tem esse padr\u00e3o e pode causar rea\u00e7\u00f5es em pessoas sens\u00edveis ou <b>al\u00e9rgicas<\/b>.<\/p>\n\n\n\n<p>Para incluir a babosa na rotina de cuidados sem exageros, vale seguir algumas recomenda\u00e7\u00f5es simples de profissionais de <b>sa\u00fade<\/b>: fazer teste em pequena \u00e1rea da pele antes de aplicar em regi\u00f5es maiores, evitar contato com olhos e mucosas, n\u00e3o usar sobre feridas abertas sem indica\u00e7\u00e3o especializada e buscar orienta\u00e7\u00e3o de dermatologista em casos de doen\u00e7as de pele, como dermatites ou acne intensa. Assim, o cultivo em casa se torna um aliado natural e complementar, sempre apoiado em informa\u00e7\u00e3o <b>confi\u00e1vel<\/b>.<\/p>\n","protected":false},"excerpt":{"rendered":"<p>Imagine ter, a poucos passos da cozinha ou da varanda, uma planta que ajuda nos cuidados di\u00e1rios com a pele e ainda deixa a casa mais verde. A babosa, ou aloe vera, \u00e9 justamente essa companheira: aparece em cremes, g\u00e9is e xampus, mas tamb\u00e9m pode ser cultivada em vasos simples, perto de janelas bem iluminadas. [&hellip;]<\/p>\n","protected":false},"author":9,"featured_media":147134,"comment_status":"open","ping_status":"open","sticky":false,"template":"","format":"standard","meta":{"_yoast_wpseo_focuskw":"Como plantar babosa","_yoast_wpseo_title":"","_yoast_wpseo_metadesc":"Planta f\u00e1cil de cultivar pode ajudar nos cuidados di\u00e1rios com a pele e ainda deixar a casa mais verde e cheia de vida. Saiba como plantar.","jnews-multi-image_gallery":[],"jnews_single_post":{"format":"standard"},"jnews_primary_category":[],"jnews_social_meta":[],"jnews_override_counter":[],"footnotes":""},"categories":[136],"tags":[16091,13611,16092],"class_list":["post-207940","post","type-post","status-publish","format-standard","has-post-thumbnail","hentry","category-jardinagem","tag-babosa-para-a-pele","tag-como-plantar-babosa","tag-planta-para-a-pele"],"yoast_head":"<!-- This site is optimized with the Yoast SEO plugin v24.6 - https:\/\/yoast.com\/wordpress\/plugins\/seo\/ -->\n<title>A planta f\u00e1cil de cuidar que virou queridinha de quem busca hidrata\u00e7\u00e3o natural para a pele - Correio Braziliense - Radar<\/title>\n<meta name=\"description\" content=\"Planta f\u00e1cil de cultivar pode ajudar nos cuidados di\u00e1rios com a pele e ainda deixar a casa mais verde e cheia de vida. Saiba como plantar.\" \/>\n<meta name=\"robots\" content=\"index, follow, max-snippet:-1, max-image-preview:large, max-video-preview:-1\" \/>\n<link rel=\"canonical\" href=\"https:\/\/www.correiobraziliense.com.br\/cbradar\/a-planta-facil-de-cuidar-que-virou-queridinha-de-quem-busca-hidratacao-natural-para-a-pele\/\" \/>\n<meta property=\"og:locale\" content=\"pt_BR\" \/>\n<meta property=\"og:type\" content=\"article\" \/>\n<meta property=\"og:title\" content=\"A planta f\u00e1cil de cuidar que virou queridinha de quem busca hidrata\u00e7\u00e3o natural para a pele - Correio Braziliense - Radar\" \/>\n<meta property=\"og:description\" content=\"Planta f\u00e1cil de cultivar pode ajudar nos cuidados di\u00e1rios com a pele e ainda deixar a casa mais verde e cheia de vida. Saiba como plantar.\" \/>\n<meta property=\"og:url\" content=\"https:\/\/www.correiobraziliense.com.br\/cbradar\/a-planta-facil-de-cuidar-que-virou-queridinha-de-quem-busca-hidratacao-natural-para-a-pele\/\" \/>\n<meta property=\"og:site_name\" content=\"Correio Braziliense - Radar\" \/>\n<meta property=\"article:published_time\" content=\"2026-03-14T13:45:41+00:00\" \/>\n<meta property=\"og:image\" content=\"https:\/\/www.correiobraziliense.com.br\/cbradar\/wp-content\/uploads\/2025\/11\/Gemini_Generated_Image_x6yyu2x6yyu2x6yy-2.png\" \/>\n\t<meta property=\"og:image:width\" content=\"1280\" \/>\n\t<meta property=\"og:image:height\" content=\"720\" \/>\n\t<meta property=\"og:image:type\" content=\"image\/png\" \/>\n<meta name=\"author\" content=\"Daniely Cardoso\" \/>\n<meta name=\"twitter:card\" content=\"summary_large_image\" \/>\n<meta name=\"twitter:label1\" content=\"Escrito por\" \/>\n\t<meta name=\"twitter:data1\" content=\"Daniely Cardoso\" \/>\n\t<meta name=\"twitter:label2\" content=\"Est. tempo de leitura\" \/>\n\t<meta name=\"twitter:data2\" content=\"6 minutos\" \/>\n<!-- \/ Yoast SEO plugin. -->","yoast_head_json":{"title":"A planta f\u00e1cil de cuidar que virou queridinha de quem busca hidrata\u00e7\u00e3o natural para a pele - Correio Braziliense - Radar","description":"Planta f\u00e1cil de cultivar pode ajudar nos cuidados di\u00e1rios com a pele e ainda deixar a casa mais verde e cheia de vida. Saiba como plantar.","robots":{"index":"index","follow":"follow","max-snippet":"max-snippet:-1","max-image-preview":"max-image-preview:large","max-video-preview":"max-video-preview:-1"},"canonical":"https:\/\/www.correiobraziliense.com.br\/cbradar\/a-planta-facil-de-cuidar-que-virou-queridinha-de-quem-busca-hidratacao-natural-para-a-pele\/","og_locale":"pt_BR","og_type":"article","og_title":"A planta f\u00e1cil de cuidar que virou queridinha de quem busca hidrata\u00e7\u00e3o natural para a pele - Correio Braziliense - Radar","og_description":"Planta f\u00e1cil de cultivar pode ajudar nos cuidados di\u00e1rios com a pele e ainda deixar a casa mais verde e cheia de vida. Saiba como plantar.","og_url":"https:\/\/www.correiobraziliense.com.br\/cbradar\/a-planta-facil-de-cuidar-que-virou-queridinha-de-quem-busca-hidratacao-natural-para-a-pele\/","og_site_name":"Correio Braziliense - Radar","article_published_time":"2026-03-14T13:45:41+00:00","og_image":[{"width":1280,"height":720,"url":"https:\/\/www.correiobraziliense.com.br\/cbradar\/wp-content\/uploads\/2025\/11\/Gemini_Generated_Image_x6yyu2x6yyu2x6yy-2.png","type":"image\/png"}],"author":"Daniely Cardoso","twitter_card":"summary_large_image","twitter_misc":{"Escrito por":"Daniely Cardoso","Est. tempo de leitura":"6 minutos"},"schema":{"@context":"https:\/\/schema.org","@graph":[{"@type":"WebPage","@id":"https:\/\/www.correiobraziliense.com.br\/cbradar\/a-planta-facil-de-cuidar-que-virou-queridinha-de-quem-busca-hidratacao-natural-para-a-pele\/","url":"https:\/\/www.correiobraziliense.com.br\/cbradar\/a-planta-facil-de-cuidar-que-virou-queridinha-de-quem-busca-hidratacao-natural-para-a-pele\/","name":"A planta f\u00e1cil de cuidar que virou queridinha de quem busca hidrata\u00e7\u00e3o natural para a pele - Correio Braziliense - Radar","isPartOf":{"@id":"https:\/\/www.correiobraziliense.com.br\/cbradar\/#website"},"primaryImageOfPage":{"@id":"https:\/\/www.correiobraziliense.com.br\/cbradar\/a-planta-facil-de-cuidar-que-virou-queridinha-de-quem-busca-hidratacao-natural-para-a-pele\/#primaryimage"},"image":{"@id":"https:\/\/www.correiobraziliense.com.br\/cbradar\/a-planta-facil-de-cuidar-que-virou-queridinha-de-quem-busca-hidratacao-natural-para-a-pele\/#primaryimage"},"thumbnailUrl":"https:\/\/www.correiobraziliense.com.br\/cbradar\/wp-content\/uploads\/2025\/11\/Gemini_Generated_Image_x6yyu2x6yyu2x6yy-2.png","datePublished":"2026-03-14T13:45:41+00:00","author":{"@id":"https:\/\/www.correiobraziliense.com.br\/cbradar\/#\/schema\/person\/7356666e12ec0ee53f348ee5db227032"},"description":"Planta f\u00e1cil de cultivar pode ajudar nos cuidados di\u00e1rios com a pele e ainda deixar a casa mais verde e cheia de vida. Saiba como plantar.","breadcrumb":{"@id":"https:\/\/www.correiobraziliense.com.br\/cbradar\/a-planta-facil-de-cuidar-que-virou-queridinha-de-quem-busca-hidratacao-natural-para-a-pele\/#breadcrumb"},"inLanguage":"pt-BR","potentialAction":[{"@type":"ReadAction","target":["https:\/\/www.correiobraziliense.com.br\/cbradar\/a-planta-facil-de-cuidar-que-virou-queridinha-de-quem-busca-hidratacao-natural-para-a-pele\/"]}]},{"@type":"ImageObject","inLanguage":"pt-BR","@id":"https:\/\/www.correiobraziliense.com.br\/cbradar\/a-planta-facil-de-cuidar-que-virou-queridinha-de-quem-busca-hidratacao-natural-para-a-pele\/#primaryimage","url":"https:\/\/www.correiobraziliense.com.br\/cbradar\/wp-content\/uploads\/2025\/11\/Gemini_Generated_Image_x6yyu2x6yyu2x6yy-2.png","contentUrl":"https:\/\/www.correiobraziliense.com.br\/cbradar\/wp-content\/uploads\/2025\/11\/Gemini_Generated_Image_x6yyu2x6yyu2x6yy-2.png","width":1280,"height":720,"caption":"O principal benef\u00edcio terap\u00eautico da babosa \u00e9 sua potente a\u00e7\u00e3o cicatrizante e regeneradora"},{"@type":"BreadcrumbList","@id":"https:\/\/www.correiobraziliense.com.br\/cbradar\/a-planta-facil-de-cuidar-que-virou-queridinha-de-quem-busca-hidratacao-natural-para-a-pele\/#breadcrumb","itemListElement":[{"@type":"ListItem","position":1,"name":"In\u00edcio","item":"https:\/\/www.correiobraziliense.com.br\/cbradar\/"},{"@type":"ListItem","position":2,"name":"A planta f\u00e1cil de cuidar que virou queridinha de quem busca hidrata\u00e7\u00e3o natural para a pele"}]},{"@type":"WebSite","@id":"https:\/\/www.correiobraziliense.com.br\/cbradar\/#website","url":"https:\/\/www.correiobraziliense.com.br\/cbradar\/","name":"Correio Braziliense - Radar","description":"Acompanhe as \u00faltimas not\u00edcias e fique bem informado sobre tudo o que acontece no Brasil e no mundo.","potentialAction":[{"@type":"SearchAction","target":{"@type":"EntryPoint","urlTemplate":"https:\/\/www.correiobraziliense.com.br\/cbradar\/?s={search_term_string}"},"query-input":{"@type":"PropertyValueSpecification","valueRequired":true,"valueName":"search_term_string"}}],"inLanguage":"pt-BR"},{"@type":"Person","@id":"https:\/\/www.correiobraziliense.com.br\/cbradar\/#\/schema\/person\/7356666e12ec0ee53f348ee5db227032","name":"Daniely Cardoso","image":{"@type":"ImageObject","inLanguage":"pt-BR","@id":"https:\/\/www.correiobraziliense.com.br\/cbradar\/#\/schema\/person\/image\/","url":"https:\/\/secure.gravatar.com\/avatar\/4b80ddbd124d1f071b626d52d62e5dff?s=96&d=mm&r=g","contentUrl":"https:\/\/secure.gravatar.com\/avatar\/4b80ddbd124d1f071b626d52d62e5dff?s=96&d=mm&r=g","caption":"Daniely Cardoso"},"description":"Redatora nos portais CB Radar e EM Foco, formada pela Universidade Federal de Goi\u00e1s, em Goi\u00e2nia. Apaixonada por comunica\u00e7\u00e3o, arte, decora\u00e7\u00e3o e tend\u00eancias, atuo na produ\u00e7\u00e3o de conte\u00fados envolventes sobre curiosidades, moda, beleza e paisagismo, sempre com um olhar atento \u00e0s novidades do momento.","sameAs":["https:\/\/www.correiobraziliense.com.br\/cbradar"],"url":"https:\/\/www.correiobraziliense.com.br\/cbradar\/author\/danielymyth\/"}]}},"_links":{"self":[{"href":"https:\/\/www.correiobraziliense.com.br\/cbradar\/wp-json\/wp\/v2\/posts\/207940","targetHints":{"allow":["GET"]}}],"collection":[{"href":"https:\/\/www.correiobraziliense.com.br\/cbradar\/wp-json\/wp\/v2\/posts"}],"about":[{"href":"https:\/\/www.correiobraziliense.com.br\/cbradar\/wp-json\/wp\/v2\/types\/post"}],"author":[{"embeddable":true,"href":"https:\/\/www.correiobraziliense.com.br\/cbradar\/wp-json\/wp\/v2\/users\/9"}],"replies":[{"embeddable":true,"href":"https:\/\/www.correiobraziliense.com.br\/cbradar\/wp-json\/wp\/v2\/comments?post=207940"}],"version-history":[{"count":2,"href":"https:\/\/www.correiobraziliense.com.br\/cbradar\/wp-json\/wp\/v2\/posts\/207940\/revisions"}],"predecessor-version":[{"id":208023,"href":"https:\/\/www.correiobraziliense.com.br\/cbradar\/wp-json\/wp\/v2\/posts\/207940\/revisions\/208023"}],"wp:featuredmedia":[{"embeddable":true,"href":"https:\/\/www.correiobraziliense.com.br\/cbradar\/wp-json\/wp\/v2\/media\/147134"}],"wp:attachment":[{"href":"https:\/\/www.correiobraziliense.com.br\/cbradar\/wp-json\/wp\/v2\/media?parent=207940"}],"wp:term":[{"taxonomy":"category","embeddable":true,"href":"https:\/\/www.correiobraziliense.com.br\/cbradar\/wp-json\/wp\/v2\/categories?post=207940"},{"taxonomy":"post_tag","embeddable":true,"href":"https:\/\/www.correiobraziliense.com.br\/cbradar\/wp-json\/wp\/v2\/tags?post=207940"}],"curies":[{"name":"wp","href":"https:\/\/api.w.org\/{rel}","templated":true}]}}