{"id":207942,"date":"2026-03-14T12:55:00","date_gmt":"2026-03-14T15:55:00","guid":{"rendered":"https:\/\/www.correiobraziliense.com.br\/cbradar\/?p=207942"},"modified":"2026-03-13T23:34:22","modified_gmt":"2026-03-14T02:34:22","slug":"as-4-mascaras-de-cilios-nacionais-que-duram-o-dia-todo-e-entregam-volume-e-definicao","status":"publish","type":"post","link":"https:\/\/www.correiobraziliense.com.br\/cbradar\/as-4-mascaras-de-cilios-nacionais-que-duram-o-dia-todo-e-entregam-volume-e-definicao\/","title":{"rendered":"As 4 m\u00e1scaras de c\u00edlios nacionais que duram o dia todo e entregam volume e defini\u00e7\u00e3o"},"content":{"rendered":"\n<p>Voc\u00ea j\u00e1 saiu de casa com a <b>m\u00e1scara de c\u00edlios<\/b> impec\u00e1vel e, poucas horas depois, percebeu tudo borrado ou sem <b>volume<\/b>? Muitas brasileiras vivem essa cena no dia a dia, por isso a m\u00e1scara de c\u00edlios nacional ganhou espa\u00e7o ao unir pre\u00e7o acess\u00edvel, boa durabilidade e f\u00f3rmulas pensadas para o nosso <b>clima<\/b> quente e \u00famido. Hoje, \u00e9 poss\u00edvel encontrar produtos que competem com marcas importadas, oferecendo alongamento, defini\u00e7\u00e3o e curvatura que permanecem bonitos por horas.<\/p>\n\n\n\n<h2 class=\"wp-block-heading\">O que faz uma m\u00e1scara de c\u00edlios nacional durar o dia todo<\/h2>\n\n\n\n<p>A <b>m\u00e1scara de c\u00edlios<\/b> nacional que realmente segura firme ao longo do dia costuma ter tr\u00eas pilares: <b>f\u00f3rmula<\/b> resistente, aplicador eficiente e tempo de secagem equilibrado. As vers\u00f5es \u00e0 prova d\u2019\u00e1gua ou de longa dura\u00e7\u00e3o criam uma esp\u00e9cie de filme em volta dos fios, mantendo o volume e a curvatura mesmo com calor, suor ou correria.<\/p>\n\n\n\n<p>Isso n\u00e3o significa, por\u00e9m, aquele visual pesado ou empelotado. Muitas marcas brasileiras j\u00e1 apostam em <b>texturas<\/b> mais leves, que permitem v\u00e1rias camadas. Assim, voc\u00ea consegue um efeito de c\u00edlios mais <b>cheios<\/b> ou alongados sem exageros, adaptando o resultado ao seu estilo, seja para o trabalho, seja para um <b>evento<\/b> especial.<\/p>\n\n\n<div class=\"wp-block-image\">\n<figure class=\"aligncenter size-full\"><img decoding=\"async\" width=\"1280\" height=\"720\" src=\"https:\/\/www.correiobraziliense.com.br\/cbradar\/wp-content\/uploads\/2026\/03\/Gemini_Generated_Image_yv0ybcyv0ybcyv0y-1.png\" alt=\"\" class=\"wp-image-208042\" srcset=\"https:\/\/www.correiobraziliense.com.br\/cbradar\/wp-content\/uploads\/2026\/03\/Gemini_Generated_Image_yv0ybcyv0ybcyv0y-1.png 1280w, https:\/\/www.correiobraziliense.com.br\/cbradar\/wp-content\/uploads\/2026\/03\/Gemini_Generated_Image_yv0ybcyv0ybcyv0y-1-300x169.png 300w, https:\/\/www.correiobraziliense.com.br\/cbradar\/wp-content\/uploads\/2026\/03\/Gemini_Generated_Image_yv0ybcyv0ybcyv0y-1-768x432.png 768w, https:\/\/www.correiobraziliense.com.br\/cbradar\/wp-content\/uploads\/2026\/03\/Gemini_Generated_Image_yv0ybcyv0ybcyv0y-1-750x422.png 750w, https:\/\/www.correiobraziliense.com.br\/cbradar\/wp-content\/uploads\/2026\/03\/Gemini_Generated_Image_yv0ybcyv0ybcyv0y-1-1140x641.png 1140w\" sizes=\"(max-width: 1280px) 100vw, 1280px\" \/><figcaption class=\"wp-element-caption\">O aplicador \u00e9 quase metade do segredo da m\u00e1scara<\/figcaption><\/figure><\/div>\n\n\n<p>Leia tamb\u00e9m:&nbsp;<a href=\"https:\/\/www.correiobraziliense.com.br\/cbradar\/5-perfumes-do-boticario-que-duram-o-dia-inteiro-e-sao-mais-baratos-que-muitos-importados\/\" target=\"_blank\" rel=\"noopener\">5 perfumes do Botic\u00e1rio que duram o dia inteiro e s\u00e3o mais baratos que muitos importados<\/a><\/p>\n\n\n\n<h2 class=\"wp-block-heading\">Como o formato do aplicador interfere no resultado<\/h2>\n\n\n\n<p>O <b>aplicador<\/b> \u00e9 quase metade do segredo da m\u00e1scara. Escovas em formato de ampulheta costumam criar mais <b>volume<\/b>, \u201cabra\u00e7ando\u201d melhor os fios, enquanto vers\u00f5es finas com cerdas curtas alcan\u00e7am at\u00e9 os c\u00edlios menores, ajudando na defini\u00e7\u00e3o e evitando aquele aspecto <b>grudado<\/b>.<\/p>\n\n\n\n<p>Na pr\u00e1tica, muita gente escolhe a m\u00e1scara olhando justamente o pincel: se ele alcan\u00e7a a <b>raiz<\/b>, se distribui o produto de forma uniforme e se ajuda a deixar o olhar mais <b>aberto<\/b>. Um bom aplicador tamb\u00e9m reduz a necessidade de <b>retoques<\/b> ao longo do dia, j\u00e1 que a primeira aplica\u00e7\u00e3o fica mais precisa.<\/p>\n\n\n\n<h2 class=\"wp-block-heading\">Quais m\u00e1scaras de c\u00edlios nacionais se destacam pela longa dura\u00e7\u00e3o<\/h2>\n\n\n\n<p>No mercado brasileiro em 2026, algumas m\u00e1scaras chamam aten\u00e7\u00e3o por unir efeito bonito e boa fixa\u00e7\u00e3o, atendendo desde quem gosta de make discreta at\u00e9 quem prefere um olhar bem <b>dram\u00e1tico<\/b>. Abaixo, voc\u00ea encontra quatro exemplos muito comentados em <b>resenhas<\/b> e redes sociais.<\/p>\n\n\n\n<ul class=\"wp-block-list\">\n<li><strong>M\u00e1scara de C\u00edlios Boca Rosa Beauty by Payot <\/strong><br><p>Famosa por entregar <b>volume<\/b> intenso, \u00e9 aquela m\u00e1scara que muita gente associa ao efeito de c\u00edlios posti\u00e7os. A <b>f\u00f3rmula<\/b> de longa dura\u00e7\u00e3o e a escova volumizadora envolvem bem cada fio, criando um olhar marcante desde a primeira camada. Em relatos de uso, costuma ficar firme o dia todo, sem <b>esfarelar<\/b> com facilidade.<\/p><\/li>\n<\/ul>\n\n\n\n<figure class=\"wp-block-embed is-type-rich is-provider-pinterest wp-block-embed-pinterest\"><div class=\"wp-block-embed__wrapper\">\n<iframe loading=\"lazy\" title=\"Confira Boca Rosa M\u00e1scara de C\u00edlios Meu Volum\u00e3o By Payot com 65% de desconto! Somente R$13,99. Encontre na Shopee agora! https:\/\/s.shopee.com.br\/AA9xz6ri46?share_channel_code=1\" src=\"https:\/\/assets.pinterest.com\/ext\/embed.html?id=988258711993906649&#038;src=oembed\" height=\"899\" width=\"450\" frameborder=\"0\" scrolling=\"no\" ><\/iframe>\n<\/div><\/figure>\n\n\n\n<ul class=\"wp-block-list\">\n<li><strong>M\u00e1scara de C\u00edlios Mari Maria Makeup<\/strong><br><p>Ideal para quem busca c\u00edlios mais longos e <b>curvados<\/b>, combina alongamento e boa separa\u00e7\u00e3o dos fios. A textura flex\u00edvel permite construir <b>camadas<\/b> sem pesar, o que ajuda a manter o efeito bonito por horas. Gra\u00e7as \u00e0 fixa\u00e7\u00e3o, aguenta bem dias quentes ou ar-condicionado, situa\u00e7\u00f5es em que muitas m\u00e1scaras perdem o <b>vi\u00e7o<\/b>.<\/p><\/li>\n<\/ul>\n\n\n\n<figure class=\"wp-block-embed is-type-rich is-provider-pinterest wp-block-embed-pinterest\"><div class=\"wp-block-embed__wrapper\">\n<iframe loading=\"lazy\" title=\"M\u00e1scara De C\u00edlios Preto Volumizador Lashup Mari Maria Makeup 5g\" src=\"https:\/\/assets.pinterest.com\/ext\/embed.html?id=832603049897150365&#038;src=oembed\" height=\"899\" width=\"450\" frameborder=\"0\" scrolling=\"no\" ><\/iframe>\n<\/div><\/figure>\n\n\n\n<ul class=\"wp-block-list\">\n<li><strong>Quem Disse, Berenice \u2013 M\u00e1scara Divina ou Esc\u00e2ndalo (linhas de longa dura\u00e7\u00e3o)<\/strong><br><p>Essas linhas se destacam pela variedade de escovas e acabamentos, com vers\u00f5es focadas em <b>volume<\/b> ou defini\u00e7\u00e3o. A f\u00f3rmula seca relativamente r\u00e1pido e permanece est\u00e1vel, diminuindo o risco de <b>borr\u00f5es<\/b>. Por esse equil\u00edbrio entre efeito vis\u00edvel e durabilidade, s\u00e3o muito indicadas para uso <b>di\u00e1rio<\/b>.<\/p><\/li>\n<\/ul>\n\n\n\n<figure class=\"wp-block-embed is-type-rich is-provider-pinterest wp-block-embed-pinterest\"><div class=\"wp-block-embed__wrapper\">\n<iframe loading=\"lazy\" title=\"M\u00e1scara de C\u00edlios Quem Disse, Berenice? Alongamento Resistente \u00e0 \u00c1gua 10g | Beleza na Web\" src=\"https:\/\/assets.pinterest.com\/ext\/embed.html?id=4600990094733387904&#038;src=oembed\" height=\"550\" width=\"450\" frameborder=\"0\" scrolling=\"no\" ><\/iframe>\n<\/div><\/figure>\n\n\n\n<ul class=\"wp-block-list\">\n<li><strong>Vult \u2013 M\u00e1scara para C\u00edlios Super Lashes ou Volume<\/strong><br><p>Voltadas ao grande p\u00fablico, oferecem bom <b>custo-benef\u00edcio<\/b> e f\u00e1cil acesso em farm\u00e1cias. As f\u00f3rmulas para volume e alongamento t\u00eam pigmenta\u00e7\u00e3o intensa e aderem bem aos fios. Em resenhas, mostram boa perman\u00eancia, principalmente quando usadas ap\u00f3s o <b>curvex<\/b>, que potencializa o efeito de c\u00edlios levantados por mais <b>tempo<\/b>.<\/p><\/li>\n<\/ul>\n\n\n\n<figure class=\"wp-block-embed is-type-rich is-provider-pinterest wp-block-embed-pinterest\"><div class=\"wp-block-embed__wrapper\">\n<iframe loading=\"lazy\" title=\"Est\u00e1 buscando por uma m\u00e1scara que entregue volume, alongamento e curvatura? A da @vult , BOMBASTIC EXTREME! Al\u00e9m de estar dispon\u00edvel em duas vers\u00f5es, a tradicional e a resistente a \u00e1gua!\" src=\"https:\/\/assets.pinterest.com\/ext\/embed.html?id=796996465347543394&#038;src=oembed\" height=\"898\" width=\"450\" frameborder=\"0\" scrolling=\"no\" ><\/iframe>\n<\/div><\/figure>\n\n\n\n<h2 class=\"wp-block-heading\">Como escolher a melhor m\u00e1scara de c\u00edlios nacional para o seu dia a dia<\/h2>\n\n\n\n<p>Antes de comprar, vale pensar no tipo de efeito que voc\u00ea mais gosta: volume, alongamento ou <b>defini\u00e7\u00e3o<\/b>. C\u00edlios curtos costumam ficar incr\u00edveis com f\u00f3rmulas <b>alongadoras<\/b>, enquanto fios mais ralos pedem m\u00e1scaras que deem corpo e <b>densidade<\/b>. Tamb\u00e9m \u00e9 importante considerar sua rotina e a facilidade de remo\u00e7\u00e3o \u00e0 noite.<\/p>\n\n\n\n<p>Para ajudar na escolha, observe alguns pontos pr\u00e1ticos que fazem diferen\u00e7a no uso di\u00e1rio:<\/p>\n\n\n\n<ul class=\"wp-block-list\">\n<li><strong>Tipo de f\u00f3rmula:<\/strong> \u00e0 prova d\u2019\u00e1gua \u00e9 mais <b>resistente<\/b>, mas pede demaquilante espec\u00edfico; as de longa dura\u00e7\u00e3o lav\u00e1vel equilibram <b>fixa\u00e7\u00e3o<\/b> e remo\u00e7\u00e3o.<\/li>\n\n\n\n<li><strong>Formato da escova:<\/strong> cerdas curvas favorecem a <b>curvatura<\/b>; cerdas finas alcan\u00e7am c\u00edlios pequenos; escovas grandes aumentam o <b>volume<\/b>.<\/li>\n\n\n\n<li><strong>Rotina di\u00e1ria:<\/strong> quem fica muitas horas fora de casa tende a preferir f\u00f3rmulas de alta <b>fixa\u00e7\u00e3o<\/b>; para uso r\u00e1pido, m\u00e1scaras lav\u00e1veis s\u00e3o mais <b>pr\u00e1ticas<\/b>.<\/li>\n\n\n\n<li><strong>Sensibilidade ocular:<\/strong> se voc\u00ea tem olhos sens\u00edveis, prefira produtos oftalmologicamente <b>testados<\/b> e com menos <b>fragr\u00e2ncia<\/b>.<\/li>\n<\/ul>\n\n\n\n<p>A forma de aplicar tamb\u00e9m muda muito o resultado. Camadas <b>finas<\/b>, da raiz \u00e0s pontas, duram mais e borram menos do que acumular produto de uma vez s\u00f3. Esperar alguns segundos entre as <b>camadas<\/b> ajuda na fixa\u00e7\u00e3o, e remover tudo com demaquilante adequado, ao final do dia, preserva os <b>fios<\/b> para que voc\u00ea possa usar sua m\u00e1scara favorita sempre, sem agredir a regi\u00e3o dos olhos.<\/p>\n","protected":false},"excerpt":{"rendered":"<p>Voc\u00ea j\u00e1 saiu de casa com a m\u00e1scara de c\u00edlios impec\u00e1vel e, poucas horas depois, percebeu tudo borrado ou sem volume? Muitas brasileiras vivem essa cena no dia a dia, por isso a m\u00e1scara de c\u00edlios nacional ganhou espa\u00e7o ao unir pre\u00e7o acess\u00edvel, boa durabilidade e f\u00f3rmulas pensadas para o nosso clima quente e \u00famido. [&hellip;]<\/p>\n","protected":false},"author":9,"featured_media":208381,"comment_status":"open","ping_status":"open","sticky":false,"template":"","format":"standard","meta":{"_yoast_wpseo_focuskw":"m\u00e1scara de c\u00edlios nacional","_yoast_wpseo_title":"","_yoast_wpseo_metadesc":"Descubra 4 m\u00e1scaras de c\u00edlios nacionais que oferecem volume, alongamento e boa durabilidade para o dia a dia.","jnews-multi-image_gallery":[],"jnews_single_post":{"format":"standard"},"jnews_primary_category":[],"jnews_social_meta":[],"jnews_override_counter":[],"footnotes":""},"categories":[124],"post_tag":[16096,16095,16094],"class_list":["post-207942","post","type-post","status-publish","format-standard","has-post-thumbnail","hentry","category-beleza","tag-maquagem","tag-mascaras-de-cilios","tag-mascaras-de-cilios-nacionais"],"yoast_head":"<!-- This site is optimized with the Yoast SEO plugin v24.6 - https:\/\/yoast.com\/wordpress\/plugins\/seo\/ -->\n<title>As 4 m\u00e1scaras de c\u00edlios nacionais que duram o dia todo e entregam volume e defini\u00e7\u00e3o - Correio Braziliense - Radar<\/title>\n<meta name=\"description\" content=\"Descubra 4 m\u00e1scaras de c\u00edlios nacionais que oferecem volume, alongamento e boa durabilidade para o dia a dia.\" \/>\n<meta name=\"robots\" content=\"index, follow, max-snippet:-1, max-image-preview:large, max-video-preview:-1\" \/>\n<link rel=\"canonical\" href=\"https:\/\/www.correiobraziliense.com.br\/cbradar\/as-4-mascaras-de-cilios-nacionais-que-duram-o-dia-todo-e-entregam-volume-e-definicao\/\" \/>\n<meta property=\"og:locale\" content=\"pt_BR\" \/>\n<meta property=\"og:type\" content=\"article\" \/>\n<meta property=\"og:title\" content=\"As 4 m\u00e1scaras de c\u00edlios nacionais que duram o dia todo e entregam volume e defini\u00e7\u00e3o - Correio Braziliense - Radar\" \/>\n<meta property=\"og:description\" content=\"Descubra 4 m\u00e1scaras de c\u00edlios nacionais que oferecem volume, alongamento e boa durabilidade para o dia a dia.\" \/>\n<meta property=\"og:url\" content=\"https:\/\/www.correiobraziliense.com.br\/cbradar\/as-4-mascaras-de-cilios-nacionais-que-duram-o-dia-todo-e-entregam-volume-e-definicao\/\" \/>\n<meta property=\"og:site_name\" content=\"Correio Braziliense - Radar\" \/>\n<meta property=\"article:published_time\" content=\"2026-03-14T15:55:00+00:00\" \/>\n<meta property=\"og:image\" content=\"https:\/\/www.correiobraziliense.com.br\/cbradar\/wp-content\/uploads\/2026\/03\/Gemini_Generated_Image_dl39prdl39prdl39-1.png\" \/>\n\t<meta property=\"og:image:width\" content=\"1280\" \/>\n\t<meta property=\"og:image:height\" content=\"720\" \/>\n\t<meta property=\"og:image:type\" content=\"image\/png\" \/>\n<meta name=\"author\" content=\"Daniely Cardoso\" \/>\n<meta name=\"twitter:card\" content=\"summary_large_image\" \/>\n<meta name=\"twitter:label1\" content=\"Escrito por\" \/>\n\t<meta name=\"twitter:data1\" content=\"Daniely Cardoso\" \/>\n\t<meta name=\"twitter:label2\" content=\"Est. tempo de leitura\" \/>\n\t<meta name=\"twitter:data2\" content=\"5 minutos\" \/>\n<!-- \/ Yoast SEO plugin. -->","yoast_head_json":{"title":"As 4 m\u00e1scaras de c\u00edlios nacionais que duram o dia todo e entregam volume e defini\u00e7\u00e3o - Correio Braziliense - Radar","description":"Descubra 4 m\u00e1scaras de c\u00edlios nacionais que oferecem volume, alongamento e boa durabilidade para o dia a dia.","robots":{"index":"index","follow":"follow","max-snippet":"max-snippet:-1","max-image-preview":"max-image-preview:large","max-video-preview":"max-video-preview:-1"},"canonical":"https:\/\/www.correiobraziliense.com.br\/cbradar\/as-4-mascaras-de-cilios-nacionais-que-duram-o-dia-todo-e-entregam-volume-e-definicao\/","og_locale":"pt_BR","og_type":"article","og_title":"As 4 m\u00e1scaras de c\u00edlios nacionais que duram o dia todo e entregam volume e defini\u00e7\u00e3o - Correio Braziliense - Radar","og_description":"Descubra 4 m\u00e1scaras de c\u00edlios nacionais que oferecem volume, alongamento e boa durabilidade para o dia a dia.","og_url":"https:\/\/www.correiobraziliense.com.br\/cbradar\/as-4-mascaras-de-cilios-nacionais-que-duram-o-dia-todo-e-entregam-volume-e-definicao\/","og_site_name":"Correio Braziliense - Radar","article_published_time":"2026-03-14T15:55:00+00:00","og_image":[{"width":1280,"height":720,"url":"https:\/\/www.correiobraziliense.com.br\/cbradar\/wp-content\/uploads\/2026\/03\/Gemini_Generated_Image_dl39prdl39prdl39-1.png","type":"image\/png"}],"author":"Daniely Cardoso","twitter_card":"summary_large_image","twitter_misc":{"Escrito por":"Daniely Cardoso","Est. tempo de leitura":"5 minutos"},"schema":{"@context":"https:\/\/schema.org","@graph":[{"@type":"WebPage","@id":"https:\/\/www.correiobraziliense.com.br\/cbradar\/as-4-mascaras-de-cilios-nacionais-que-duram-o-dia-todo-e-entregam-volume-e-definicao\/","url":"https:\/\/www.correiobraziliense.com.br\/cbradar\/as-4-mascaras-de-cilios-nacionais-que-duram-o-dia-todo-e-entregam-volume-e-definicao\/","name":"As 4 m\u00e1scaras de c\u00edlios nacionais que duram o dia todo e entregam volume e defini\u00e7\u00e3o - Correio Braziliense - Radar","isPartOf":{"@id":"https:\/\/www.correiobraziliense.com.br\/cbradar\/#website"},"primaryImageOfPage":{"@id":"https:\/\/www.correiobraziliense.com.br\/cbradar\/as-4-mascaras-de-cilios-nacionais-que-duram-o-dia-todo-e-entregam-volume-e-definicao\/#primaryimage"},"image":{"@id":"https:\/\/www.correiobraziliense.com.br\/cbradar\/as-4-mascaras-de-cilios-nacionais-que-duram-o-dia-todo-e-entregam-volume-e-definicao\/#primaryimage"},"thumbnailUrl":"https:\/\/www.correiobraziliense.com.br\/cbradar\/wp-content\/uploads\/2026\/03\/Gemini_Generated_Image_dl39prdl39prdl39-1.png","datePublished":"2026-03-14T15:55:00+00:00","author":{"@id":"https:\/\/www.correiobraziliense.com.br\/cbradar\/#\/schema\/person\/7356666e12ec0ee53f348ee5db227032"},"description":"Descubra 4 m\u00e1scaras de c\u00edlios nacionais que oferecem volume, alongamento e boa durabilidade para o dia a dia.","breadcrumb":{"@id":"https:\/\/www.correiobraziliense.com.br\/cbradar\/as-4-mascaras-de-cilios-nacionais-que-duram-o-dia-todo-e-entregam-volume-e-definicao\/#breadcrumb"},"inLanguage":"pt-BR","potentialAction":[{"@type":"ReadAction","target":["https:\/\/www.correiobraziliense.com.br\/cbradar\/as-4-mascaras-de-cilios-nacionais-que-duram-o-dia-todo-e-entregam-volume-e-definicao\/"]}]},{"@type":"ImageObject","inLanguage":"pt-BR","@id":"https:\/\/www.correiobraziliense.com.br\/cbradar\/as-4-mascaras-de-cilios-nacionais-que-duram-o-dia-todo-e-entregam-volume-e-definicao\/#primaryimage","url":"https:\/\/www.correiobraziliense.com.br\/cbradar\/wp-content\/uploads\/2026\/03\/Gemini_Generated_Image_dl39prdl39prdl39-1.png","contentUrl":"https:\/\/www.correiobraziliense.com.br\/cbradar\/wp-content\/uploads\/2026\/03\/Gemini_Generated_Image_dl39prdl39prdl39-1.png","width":1280,"height":720,"caption":"A m\u00e1scara de c\u00edlios nacional que realmente segura firme ao longo do dia costuma ter tr\u00eas pilares"},{"@type":"BreadcrumbList","@id":"https:\/\/www.correiobraziliense.com.br\/cbradar\/as-4-mascaras-de-cilios-nacionais-que-duram-o-dia-todo-e-entregam-volume-e-definicao\/#breadcrumb","itemListElement":[{"@type":"ListItem","position":1,"name":"In\u00edcio","item":"https:\/\/www.correiobraziliense.com.br\/cbradar\/"},{"@type":"ListItem","position":2,"name":"As 4 m\u00e1scaras de c\u00edlios nacionais que duram o dia todo e entregam volume e defini\u00e7\u00e3o"}]},{"@type":"WebSite","@id":"https:\/\/www.correiobraziliense.com.br\/cbradar\/#website","url":"https:\/\/www.correiobraziliense.com.br\/cbradar\/","name":"Correio Braziliense - Radar","description":"Acompanhe as \u00faltimas not\u00edcias e fique bem informado sobre tudo o que acontece no Brasil e no mundo.","potentialAction":[{"@type":"SearchAction","target":{"@type":"EntryPoint","urlTemplate":"https:\/\/www.correiobraziliense.com.br\/cbradar\/?s={search_term_string}"},"query-input":{"@type":"PropertyValueSpecification","valueRequired":true,"valueName":"search_term_string"}}],"inLanguage":"pt-BR"},{"@type":"Person","@id":"https:\/\/www.correiobraziliense.com.br\/cbradar\/#\/schema\/person\/7356666e12ec0ee53f348ee5db227032","name":"Daniely Cardoso","image":{"@type":"ImageObject","inLanguage":"pt-BR","@id":"https:\/\/www.correiobraziliense.com.br\/cbradar\/#\/schema\/person\/image\/","url":"https:\/\/secure.gravatar.com\/avatar\/4b80ddbd124d1f071b626d52d62e5dff?s=96&d=mm&r=g","contentUrl":"https:\/\/secure.gravatar.com\/avatar\/4b80ddbd124d1f071b626d52d62e5dff?s=96&d=mm&r=g","caption":"Daniely Cardoso"},"description":"Redatora nos portais CB Radar e EM Foco, formada pela Universidade Federal de Goi\u00e1s, em Goi\u00e2nia. Apaixonada por comunica\u00e7\u00e3o, arte, decora\u00e7\u00e3o e tend\u00eancias, atuo na produ\u00e7\u00e3o de conte\u00fados envolventes sobre curiosidades, moda, beleza e paisagismo, sempre com um olhar atento \u00e0s novidades do momento.","sameAs":["https:\/\/www.correiobraziliense.com.br\/cbradar"],"url":"https:\/\/www.correiobraziliense.com.br\/cbradar\/author\/danielymyth\/"}]}},"_links":{"self":[{"href":"https:\/\/www.correiobraziliense.com.br\/cbradar\/wp-json\/wp\/v2\/posts\/207942","targetHints":{"allow":["GET"]}}],"collection":[{"href":"https:\/\/www.correiobraziliense.com.br\/cbradar\/wp-json\/wp\/v2\/posts"}],"about":[{"href":"https:\/\/www.correiobraziliense.com.br\/cbradar\/wp-json\/wp\/v2\/types\/post"}],"author":[{"embeddable":true,"href":"https:\/\/www.correiobraziliense.com.br\/cbradar\/wp-json\/wp\/v2\/users\/9"}],"replies":[{"embeddable":true,"href":"https:\/\/www.correiobraziliense.com.br\/cbradar\/wp-json\/wp\/v2\/comments?post=207942"}],"version-history":[{"count":2,"href":"https:\/\/www.correiobraziliense.com.br\/cbradar\/wp-json\/wp\/v2\/posts\/207942\/revisions"}],"predecessor-version":[{"id":208044,"href":"https:\/\/www.correiobraziliense.com.br\/cbradar\/wp-json\/wp\/v2\/posts\/207942\/revisions\/208044"}],"wp:featuredmedia":[{"embeddable":true,"href":"https:\/\/www.correiobraziliense.com.br\/cbradar\/wp-json\/wp\/v2\/media\/208381"}],"wp:attachment":[{"href":"https:\/\/www.correiobraziliense.com.br\/cbradar\/wp-json\/wp\/v2\/media?parent=207942"}],"wp:term":[{"taxonomy":"category","embeddable":true,"href":"https:\/\/www.correiobraziliense.com.br\/cbradar\/wp-json\/wp\/v2\/categories?post=207942"},{"taxonomy":"post_tag","embeddable":true,"href":"https:\/\/www.correiobraziliense.com.br\/cbradar\/wp-json\/wp\/v2\/post_tag?post=207942"}],"curies":[{"name":"wp","href":"https:\/\/api.w.org\/{rel}","templated":true}]}}