{"id":207954,"date":"2026-03-14T14:55:25","date_gmt":"2026-03-14T17:55:25","guid":{"rendered":"https:\/\/www.correiobraziliense.com.br\/cbradar\/?p=207954"},"modified":"2026-03-13T23:27:38","modified_gmt":"2026-03-14T02:27:38","slug":"os-5-hidratantes-faciais-nacionais-com-bom-custo-beneficio-para-a-rotina-de-skincare","status":"publish","type":"post","link":"https:\/\/www.correiobraziliense.com.br\/cbradar\/os-5-hidratantes-faciais-nacionais-com-bom-custo-beneficio-para-a-rotina-de-skincare\/","title":{"rendered":"Os 5 hidratantes faciais nacionais com bom custo-benef\u00edcio para a rotina de skincare"},"content":{"rendered":"\n<p>Voc\u00ea j\u00e1 sentiu a <strong>pele do rosto<\/strong> repuxando ao longo do dia, mesmo depois de passar <strong>hidratante facial<\/strong> de manh\u00e3? Com o clima variado do Brasil, muita gente passa por isso. Manter o rosto bem hidratado ajuda a preservar a <strong>barreira cut\u00e2nea<\/strong>, reduzir sinais de ressecamento e deixar a apar\u00eancia mais uniforme. Por isso, os <strong>hidratantes faciais<\/strong> nacionais v\u00eam ganhando espa\u00e7o, unindo pre\u00e7o mais acess\u00edvel e f\u00f3rmulas pensadas especialmente para o nosso clima.<\/p>\n\n\n\n<h2 class=\"wp-block-heading\">O que define um bom hidratante facial nacional para o dia a dia<\/h2>\n\n\n\n<p>Um <strong>bom hidratante<\/strong> facial nacional para uso di\u00e1rio costuma ter tr\u00eas pontos importantes: <strong>textura adequada<\/strong> que combine com o tipo de pele, boa capacidade de segurar a \u00e1gua e f\u00f3rmula que funcione bem no calor e na umidade. Em geral, aparecem ativos como \u00e1cido hialur\u00f4nico, <strong>glicerina vegetal<\/strong>, pantenol e ceramidas, que ajudam a manter a pele macia por mais tempo.<\/p>\n\n\n\n<p>Hoje, muitos hidratantes brasileiros j\u00e1 s\u00e3o pensados para encaixar na <strong>rotina completa<\/strong> de cuidados: n\u00e3o esfarelam com o protetor solar, n\u00e3o deixam o rosto grudando e n\u00e3o estragam a maquiagem. Para peles mistas e oleosas, ganham espa\u00e7o as vers\u00f5es com <strong>toque seco<\/strong> e acabamento mate, que controlam o brilho sem ressecar demais, inclusive em dias de <strong>calor intenso<\/strong>.<\/p>\n\n\n<div class=\"wp-block-image\">\n<figure class=\"aligncenter size-full\"><img decoding=\"async\" width=\"1280\" height=\"720\" src=\"https:\/\/www.correiobraziliense.com.br\/cbradar\/wp-content\/uploads\/2026\/03\/creme-rosto_1773320327044.jpg\" alt=\"\" class=\"wp-image-207379\" srcset=\"https:\/\/www.correiobraziliense.com.br\/cbradar\/wp-content\/uploads\/2026\/03\/creme-rosto_1773320327044.jpg 1280w, https:\/\/www.correiobraziliense.com.br\/cbradar\/wp-content\/uploads\/2026\/03\/creme-rosto_1773320327044-300x169.jpg 300w, https:\/\/www.correiobraziliense.com.br\/cbradar\/wp-content\/uploads\/2026\/03\/creme-rosto_1773320327044-768x432.jpg 768w, https:\/\/www.correiobraziliense.com.br\/cbradar\/wp-content\/uploads\/2026\/03\/creme-rosto_1773320327044-750x422.jpg 750w, https:\/\/www.correiobraziliense.com.br\/cbradar\/wp-content\/uploads\/2026\/03\/creme-rosto_1773320327044-1140x641.jpg 1140w\" sizes=\"(max-width: 1280px) 100vw, 1280px\" \/><figcaption class=\"wp-element-caption\">Os principais benef\u00edcios de um creme hidratante Natura est\u00e3o ligados a manter a \u00e1gua dentro da pele &#8211; Cr\u00e9ditos: depositphotos.com \/ DragonImages<\/figcaption><\/figure><\/div>\n\n\n<p>Leia tamb\u00e9m:&nbsp;<a href=\"https:\/\/www.correiobraziliense.com.br\/cbradar\/5-perfumes-do-boticario-que-duram-o-dia-inteiro-e-sao-mais-baratos-que-muitos-importados\/\" target=\"_blank\" rel=\"noopener\">5 perfumes do Botic\u00e1rio que duram o dia inteiro e s\u00e3o mais baratos que muitos importados<\/a><\/p>\n\n\n\n<h2 class=\"wp-block-heading\">Quais s\u00e3o os principais tipos de hidratantes faciais nacionais<\/h2>\n\n\n\n<p>A seguir, voc\u00ea confere cinco op\u00e7\u00f5es de hidratante facial nacional f\u00e1ceis de encontrar em farm\u00e1cias, mercados e lojas online. Cada uma atende perfis diferentes de pele, o que ajuda a encaixar o cuidado na rotina sem complica\u00e7\u00e3o.<\/p>\n\n\n\n<ul class=\"wp-block-list\">\n<li><strong>NIVEA \u2013 Hidratante Facial em Gel NIVEA Hidratante Facial Nutritivo<\/strong>: A NIVEA, com forte presen\u00e7a e fabrica\u00e7\u00e3o no Brasil, oferece vers\u00f5es faciais que combinam leveza e hidrata\u00e7\u00e3o. O hidratante em gel ou gel-creme para pele mista a oleosa costuma trazer \u00e1cido hialur\u00f4nico e textura de r\u00e1pida absor\u00e7\u00e3o, deixando sensa\u00e7\u00e3o de frescor sem excesso de brilho.<\/li>\n<\/ul>\n\n\n\n<figure class=\"wp-block-embed is-type-rich is-provider-pinterest wp-block-embed-pinterest\"><div class=\"wp-block-embed__wrapper\">\n<iframe loading=\"lazy\" title=\"Hidratante Gel Facial N\u00edvea\" src=\"https:\/\/assets.pinterest.com\/ext\/embed.html?id=811773901628872974&#038;src=oembed\" height=\"899\" width=\"450\" frameborder=\"0\" scrolling=\"no\" ><\/iframe>\n<\/div><\/figure>\n\n\n\n<ul class=\"wp-block-list\">\n<li><strong>O Botic\u00e1rio \u2013 Botik \u00c1cido Hialur\u00f4nico Gel Creme Facial<\/strong> A linha Botik tem um gel creme hidratante com \u00e1cido hialur\u00f4nico que busca equilibrar hidrata\u00e7\u00e3o intensa e textura leve. Ele \u00e9 indicado para quem procura firmeza, suaviza\u00e7\u00e3o de linhas finas e toque aveludado, sendo uma op\u00e7\u00e3o pr\u00e1tica gra\u00e7as \u00e0 ampla rede de lojas da marca.<\/li>\n<\/ul>\n\n\n\n<figure class=\"wp-block-embed is-type-rich is-provider-pinterest wp-block-embed-pinterest\"><div class=\"wp-block-embed__wrapper\">\n<iframe loading=\"lazy\" title=\"Indica\u00e7\u00e3o da @joycekitamura\" src=\"https:\/\/assets.pinterest.com\/ext\/embed.html?id=565764771951697178&#038;src=oembed\" height=\"774\" width=\"450\" frameborder=\"0\" scrolling=\"no\" ><\/iframe>\n<\/div><\/figure>\n\n\n\n<ul class=\"wp-block-list\">\n<li><strong>Quem Disse, Berenice? \u2013 Hidratante Facial Antioxidante<\/strong> Quem Disse, Berenice? aposta em hidratantes faciais com foco em skincare descomplicado para o dia a dia. As vers\u00f5es com a\u00e7\u00e3o antioxidante re\u00fanem ingredientes que ajudam a manter a pele macia, com aspecto descansado e textura leve, funcionando bem antes da maquiagem.<\/li>\n<\/ul>\n\n\n\n<figure class=\"wp-block-embed is-type-rich is-provider-pinterest wp-block-embed-pinterest\"><div class=\"wp-block-embed__wrapper\">\n<iframe loading=\"lazy\" title=\"Hidratante Facial Toda Regenerada Skin.q 50ml Quem disse, Berenice?\" src=\"https:\/\/assets.pinterest.com\/ext\/embed.html?id=645140715405739543&#038;src=oembed\" height=\"686\" width=\"450\" frameborder=\"0\" scrolling=\"no\" ><\/iframe>\n<\/div><\/figure>\n\n\n\n<ul class=\"wp-block-list\">\n<li><strong>Bioart \u2013 Hidratante Facial Natural ou Org\u00e2nico<\/strong> A Bioart, marca brasileira de cosm\u00e9ticos naturais e em alguns casos org\u00e2nicos, traz hidratantes faciais com extratos vegetais, \u00f3leos leves e ativos calmantes. A ideia \u00e9 oferecer nutri\u00e7\u00e3o e conforto ao longo do dia, com f\u00f3rmulas mais limpas para quem prefere menos ingredientes sint\u00e9ticos.<\/li>\n<\/ul>\n\n\n\n<figure class=\"wp-block-embed is-type-rich is-provider-pinterest wp-block-embed-pinterest\"><div class=\"wp-block-embed__wrapper\">\n<iframe loading=\"lazy\" title=\"Tratamento para Pele Madura e Ressecada: Creme Facial Bioresveratrol Bioart | Acorda, Bonita! | Slow beauty, cosm\u00e9ticos naturais e moda sustent\u00e1vel\" src=\"https:\/\/assets.pinterest.com\/ext\/embed.html?id=474496510725938996&#038;src=oembed\" height=\"406\" width=\"450\" frameborder=\"0\" scrolling=\"no\" ><\/iframe>\n<\/div><\/figure>\n\n\n\n<ul class=\"wp-block-list\">\n<li><strong>Payot \u2013 Hidratante Facial para uso di\u00e1rio<\/strong> A Payot, tradicional no mercado brasileiro, oferece linhas de hidrata\u00e7\u00e3o facial para diferentes idades e tipos de pele. Os hidratantes di\u00e1rios costumam reunir vitaminas e agentes umectantes para deixar a pele macia, com sensa\u00e7\u00e3o de hidrata\u00e7\u00e3o equilibrada e texturas variadas.<\/li>\n<\/ul>\n\n\n\n<figure class=\"wp-block-embed is-type-rich is-provider-pinterest wp-block-embed-pinterest\"><div class=\"wp-block-embed__wrapper\">\n<iframe loading=\"lazy\" title=\"Diga adeus \u00e0 oleosidade e acne! \ud83d\udc4b Com esse kit Payot, voc\u00ea ter\u00e1 uma rotina completa de cuidados com a pele: sabonete higienizante, lo\u00e7\u00e3o t\u00f4nica estabilizante e gel hidratante antiacne. F\u00f3rmula vegana e livre de parabenos! \ud83d\udc9a  Clique no link da bio para encontrar o produto!  C\u00f3digo do produto: 138  #payot #peleoleosa #acne #cuidadoscomapele #skincare #peleperfeita #cosmeticos #beleza #cosmeticosnaturais #dermocosmeticos #limpezadepele #cosmeticosveganos #viral #promocao #pele #beauty\" src=\"https:\/\/assets.pinterest.com\/ext\/embed.html?id=361273201378201550&#038;src=oembed\" height=\"899\" width=\"450\" frameborder=\"0\" scrolling=\"no\" ><\/iframe>\n<\/div><\/figure>\n\n\n\n<h2 class=\"wp-block-heading\">Como escolher o hidratante facial ideal para a sua rotina<\/h2>\n\n\n\n<p>Para acertar na escolha, o primeiro passo \u00e9 identificar o seu tipo de pele: oleosa, mista, normal, seca ou sens\u00edvel. A partir disso, fica mais f\u00e1cil decidir entre f\u00f3rmulas em gel, lo\u00e7\u00e3o ou creme, al\u00e9m de definir se prefere um produto com fragr\u00e2ncia suave ou totalmente sem cheiro.<\/p>\n\n\n\n<ul class=\"wp-block-list\">\n<li><strong>Peles oleosas e mistas:<\/strong>\u00a0costumam se adaptar melhor a g\u00e9is e gel-cremes, com toque seco e r\u00e1pida absor\u00e7\u00e3o.<\/li>\n\n\n\n<li><strong>Peles secas:<\/strong>\u00a0tendem a precisar de cremes mais encorpados, com \u00f3leos vegetais leves e alta concentra\u00e7\u00e3o de agentes hidratantes.<\/li>\n\n\n\n<li><strong>Peles sens\u00edveis:<\/strong>\u00a0em geral se d\u00e3o melhor com f\u00f3rmulas sem \u00e1lcool, de prefer\u00eancia sem fragr\u00e2ncia, e com componentes calmantes.<\/li>\n<\/ul>\n\n\n\n<h2 class=\"wp-block-heading\">Hidratante facial nacional realmente segura a maciez o dia inteiro<\/h2>\n\n\n\n<p>A dura\u00e7\u00e3o da sensa\u00e7\u00e3o de maciez varia conforme o produto, o clima e at\u00e9 seus h\u00e1bitos di\u00e1rios. Em ambientes com ar-condicionado ou muito sol, por exemplo, pode ser necess\u00e1rio refor\u00e7ar a hidrata\u00e7\u00e3o em alguns pontos ao longo do dia, especialmente nas \u00e1reas mais ressecadas.<\/p>\n\n\n\n<p>Para potencializar os resultados, vale aplicar o hidratante sobre a pele limpa, usar t\u00f4nico ou \u00e1gua termal se fizer parte da sua rotina, combinar o hidratante com protetor solar durante o dia e reaplicar quando sentir necessidade. Usados com regularidade e escolhidos de acordo com as caracter\u00edsticas da pele, os hidratantes nacionais de marcas como NIVEA, O Botic\u00e1rio, Quem Disse, Berenice?, Bioart e Payot podem ser aliados consistentes na busca por uma pele macia o dia todo.<\/p>\n","protected":false},"excerpt":{"rendered":"<p>Voc\u00ea j\u00e1 sentiu a pele do rosto repuxando ao longo do dia, mesmo depois de passar hidratante facial de manh\u00e3? Com o clima variado do Brasil, muita gente passa por isso. Manter o rosto bem hidratado ajuda a preservar a barreira cut\u00e2nea, reduzir sinais de ressecamento e deixar a apar\u00eancia mais uniforme. Por isso, os [&hellip;]<\/p>\n","protected":false},"author":9,"featured_media":208385,"comment_status":"open","ping_status":"open","sticky":false,"template":"","format":"standard","meta":{"_yoast_wpseo_focuskw":"hidratante facial","_yoast_wpseo_title":"","_yoast_wpseo_metadesc":"Veja op\u00e7\u00f5es de hidratantes faciais nacionais com ingredientes conhecidos e pre\u00e7os acess\u00edveis para manter a pele hidratada no dia a dia.","jnews-multi-image_gallery":[],"jnews_single_post":{"format":"standard"},"jnews_primary_category":[],"jnews_social_meta":[],"jnews_override_counter":[],"footnotes":""},"categories":[124],"tags":[16099,1520,1324],"class_list":["post-207954","post","type-post","status-publish","format-standard","has-post-thumbnail","hentry","category-beleza","tag-hidratantes-faciais-nacionais","tag-pele","tag-skincare"],"yoast_head":"<!-- This site is optimized with the Yoast SEO plugin v24.6 - https:\/\/yoast.com\/wordpress\/plugins\/seo\/ -->\n<title>Os 5 hidratantes faciais nacionais com bom custo-benef\u00edcio para a rotina de skincare - Correio Braziliense - Radar<\/title>\n<meta name=\"description\" content=\"Veja op\u00e7\u00f5es de hidratantes faciais nacionais com ingredientes conhecidos e pre\u00e7os acess\u00edveis para manter a pele hidratada no dia a dia.\" \/>\n<meta name=\"robots\" content=\"index, follow, max-snippet:-1, max-image-preview:large, max-video-preview:-1\" \/>\n<link rel=\"canonical\" href=\"https:\/\/www.correiobraziliense.com.br\/cbradar\/os-5-hidratantes-faciais-nacionais-com-bom-custo-beneficio-para-a-rotina-de-skincare\/\" \/>\n<meta property=\"og:locale\" content=\"pt_BR\" \/>\n<meta property=\"og:type\" content=\"article\" \/>\n<meta property=\"og:title\" content=\"Os 5 hidratantes faciais nacionais com bom custo-benef\u00edcio para a rotina de skincare - Correio Braziliense - Radar\" \/>\n<meta property=\"og:description\" content=\"Veja op\u00e7\u00f5es de hidratantes faciais nacionais com ingredientes conhecidos e pre\u00e7os acess\u00edveis para manter a pele hidratada no dia a dia.\" \/>\n<meta property=\"og:url\" content=\"https:\/\/www.correiobraziliense.com.br\/cbradar\/os-5-hidratantes-faciais-nacionais-com-bom-custo-beneficio-para-a-rotina-de-skincare\/\" \/>\n<meta property=\"og:site_name\" content=\"Correio Braziliense - Radar\" \/>\n<meta property=\"article:published_time\" content=\"2026-03-14T17:55:25+00:00\" \/>\n<meta property=\"og:image\" content=\"https:\/\/www.correiobraziliense.com.br\/cbradar\/wp-content\/uploads\/2026\/03\/Gemini_Generated_Image_p6x5acp6x5acp6x5-1.png\" \/>\n\t<meta property=\"og:image:width\" content=\"1280\" \/>\n\t<meta property=\"og:image:height\" content=\"720\" \/>\n\t<meta property=\"og:image:type\" content=\"image\/png\" \/>\n<meta name=\"author\" content=\"Daniely Cardoso\" \/>\n<meta name=\"twitter:card\" content=\"summary_large_image\" \/>\n<meta name=\"twitter:label1\" content=\"Escrito por\" \/>\n\t<meta name=\"twitter:data1\" content=\"Daniely Cardoso\" \/>\n\t<meta name=\"twitter:label2\" content=\"Est. tempo de leitura\" \/>\n\t<meta name=\"twitter:data2\" content=\"5 minutos\" \/>\n<!-- \/ Yoast SEO plugin. -->","yoast_head_json":{"title":"Os 5 hidratantes faciais nacionais com bom custo-benef\u00edcio para a rotina de skincare - Correio Braziliense - Radar","description":"Veja op\u00e7\u00f5es de hidratantes faciais nacionais com ingredientes conhecidos e pre\u00e7os acess\u00edveis para manter a pele hidratada no dia a dia.","robots":{"index":"index","follow":"follow","max-snippet":"max-snippet:-1","max-image-preview":"max-image-preview:large","max-video-preview":"max-video-preview:-1"},"canonical":"https:\/\/www.correiobraziliense.com.br\/cbradar\/os-5-hidratantes-faciais-nacionais-com-bom-custo-beneficio-para-a-rotina-de-skincare\/","og_locale":"pt_BR","og_type":"article","og_title":"Os 5 hidratantes faciais nacionais com bom custo-benef\u00edcio para a rotina de skincare - Correio Braziliense - Radar","og_description":"Veja op\u00e7\u00f5es de hidratantes faciais nacionais com ingredientes conhecidos e pre\u00e7os acess\u00edveis para manter a pele hidratada no dia a dia.","og_url":"https:\/\/www.correiobraziliense.com.br\/cbradar\/os-5-hidratantes-faciais-nacionais-com-bom-custo-beneficio-para-a-rotina-de-skincare\/","og_site_name":"Correio Braziliense - Radar","article_published_time":"2026-03-14T17:55:25+00:00","og_image":[{"width":1280,"height":720,"url":"https:\/\/www.correiobraziliense.com.br\/cbradar\/wp-content\/uploads\/2026\/03\/Gemini_Generated_Image_p6x5acp6x5acp6x5-1.png","type":"image\/png"}],"author":"Daniely Cardoso","twitter_card":"summary_large_image","twitter_misc":{"Escrito por":"Daniely Cardoso","Est. tempo de leitura":"5 minutos"},"schema":{"@context":"https:\/\/schema.org","@graph":[{"@type":"WebPage","@id":"https:\/\/www.correiobraziliense.com.br\/cbradar\/os-5-hidratantes-faciais-nacionais-com-bom-custo-beneficio-para-a-rotina-de-skincare\/","url":"https:\/\/www.correiobraziliense.com.br\/cbradar\/os-5-hidratantes-faciais-nacionais-com-bom-custo-beneficio-para-a-rotina-de-skincare\/","name":"Os 5 hidratantes faciais nacionais com bom custo-benef\u00edcio para a rotina de skincare - Correio Braziliense - Radar","isPartOf":{"@id":"https:\/\/www.correiobraziliense.com.br\/cbradar\/#website"},"primaryImageOfPage":{"@id":"https:\/\/www.correiobraziliense.com.br\/cbradar\/os-5-hidratantes-faciais-nacionais-com-bom-custo-beneficio-para-a-rotina-de-skincare\/#primaryimage"},"image":{"@id":"https:\/\/www.correiobraziliense.com.br\/cbradar\/os-5-hidratantes-faciais-nacionais-com-bom-custo-beneficio-para-a-rotina-de-skincare\/#primaryimage"},"thumbnailUrl":"https:\/\/www.correiobraziliense.com.br\/cbradar\/wp-content\/uploads\/2026\/03\/Gemini_Generated_Image_p6x5acp6x5acp6x5-1.png","datePublished":"2026-03-14T17:55:25+00:00","author":{"@id":"https:\/\/www.correiobraziliense.com.br\/cbradar\/#\/schema\/person\/7356666e12ec0ee53f348ee5db227032"},"description":"Veja op\u00e7\u00f5es de hidratantes faciais nacionais com ingredientes conhecidos e pre\u00e7os acess\u00edveis para manter a pele hidratada no dia a dia.","breadcrumb":{"@id":"https:\/\/www.correiobraziliense.com.br\/cbradar\/os-5-hidratantes-faciais-nacionais-com-bom-custo-beneficio-para-a-rotina-de-skincare\/#breadcrumb"},"inLanguage":"pt-BR","potentialAction":[{"@type":"ReadAction","target":["https:\/\/www.correiobraziliense.com.br\/cbradar\/os-5-hidratantes-faciais-nacionais-com-bom-custo-beneficio-para-a-rotina-de-skincare\/"]}]},{"@type":"ImageObject","inLanguage":"pt-BR","@id":"https:\/\/www.correiobraziliense.com.br\/cbradar\/os-5-hidratantes-faciais-nacionais-com-bom-custo-beneficio-para-a-rotina-de-skincare\/#primaryimage","url":"https:\/\/www.correiobraziliense.com.br\/cbradar\/wp-content\/uploads\/2026\/03\/Gemini_Generated_Image_p6x5acp6x5acp6x5-1.png","contentUrl":"https:\/\/www.correiobraziliense.com.br\/cbradar\/wp-content\/uploads\/2026\/03\/Gemini_Generated_Image_p6x5acp6x5acp6x5-1.png","width":1280,"height":720,"caption":"Hoje, muitos hidratantes brasileiros j\u00e1 s\u00e3o pensados para encaixar na rotina completa de cuidados"},{"@type":"BreadcrumbList","@id":"https:\/\/www.correiobraziliense.com.br\/cbradar\/os-5-hidratantes-faciais-nacionais-com-bom-custo-beneficio-para-a-rotina-de-skincare\/#breadcrumb","itemListElement":[{"@type":"ListItem","position":1,"name":"In\u00edcio","item":"https:\/\/www.correiobraziliense.com.br\/cbradar\/"},{"@type":"ListItem","position":2,"name":"Os 5 hidratantes faciais nacionais com bom custo-benef\u00edcio para a rotina de skincare"}]},{"@type":"WebSite","@id":"https:\/\/www.correiobraziliense.com.br\/cbradar\/#website","url":"https:\/\/www.correiobraziliense.com.br\/cbradar\/","name":"Correio Braziliense - Radar","description":"Acompanhe as \u00faltimas not\u00edcias e fique bem informado sobre tudo o que acontece no Brasil e no mundo.","potentialAction":[{"@type":"SearchAction","target":{"@type":"EntryPoint","urlTemplate":"https:\/\/www.correiobraziliense.com.br\/cbradar\/?s={search_term_string}"},"query-input":{"@type":"PropertyValueSpecification","valueRequired":true,"valueName":"search_term_string"}}],"inLanguage":"pt-BR"},{"@type":"Person","@id":"https:\/\/www.correiobraziliense.com.br\/cbradar\/#\/schema\/person\/7356666e12ec0ee53f348ee5db227032","name":"Daniely Cardoso","image":{"@type":"ImageObject","inLanguage":"pt-BR","@id":"https:\/\/www.correiobraziliense.com.br\/cbradar\/#\/schema\/person\/image\/","url":"https:\/\/secure.gravatar.com\/avatar\/4b80ddbd124d1f071b626d52d62e5dff?s=96&d=mm&r=g","contentUrl":"https:\/\/secure.gravatar.com\/avatar\/4b80ddbd124d1f071b626d52d62e5dff?s=96&d=mm&r=g","caption":"Daniely Cardoso"},"description":"Redatora nos portais CB Radar e EM Foco, formada pela Universidade Federal de Goi\u00e1s, em Goi\u00e2nia. Apaixonada por comunica\u00e7\u00e3o, arte, decora\u00e7\u00e3o e tend\u00eancias, atuo na produ\u00e7\u00e3o de conte\u00fados envolventes sobre curiosidades, moda, beleza e paisagismo, sempre com um olhar atento \u00e0s novidades do momento.","sameAs":["https:\/\/www.correiobraziliense.com.br\/cbradar"],"url":"https:\/\/www.correiobraziliense.com.br\/cbradar\/author\/danielymyth\/"}]}},"_links":{"self":[{"href":"https:\/\/www.correiobraziliense.com.br\/cbradar\/wp-json\/wp\/v2\/posts\/207954","targetHints":{"allow":["GET"]}}],"collection":[{"href":"https:\/\/www.correiobraziliense.com.br\/cbradar\/wp-json\/wp\/v2\/posts"}],"about":[{"href":"https:\/\/www.correiobraziliense.com.br\/cbradar\/wp-json\/wp\/v2\/types\/post"}],"author":[{"embeddable":true,"href":"https:\/\/www.correiobraziliense.com.br\/cbradar\/wp-json\/wp\/v2\/users\/9"}],"replies":[{"embeddable":true,"href":"https:\/\/www.correiobraziliense.com.br\/cbradar\/wp-json\/wp\/v2\/comments?post=207954"}],"version-history":[{"count":2,"href":"https:\/\/www.correiobraziliense.com.br\/cbradar\/wp-json\/wp\/v2\/posts\/207954\/revisions"}],"predecessor-version":[{"id":208071,"href":"https:\/\/www.correiobraziliense.com.br\/cbradar\/wp-json\/wp\/v2\/posts\/207954\/revisions\/208071"}],"wp:featuredmedia":[{"embeddable":true,"href":"https:\/\/www.correiobraziliense.com.br\/cbradar\/wp-json\/wp\/v2\/media\/208385"}],"wp:attachment":[{"href":"https:\/\/www.correiobraziliense.com.br\/cbradar\/wp-json\/wp\/v2\/media?parent=207954"}],"wp:term":[{"taxonomy":"category","embeddable":true,"href":"https:\/\/www.correiobraziliense.com.br\/cbradar\/wp-json\/wp\/v2\/categories?post=207954"},{"taxonomy":"post_tag","embeddable":true,"href":"https:\/\/www.correiobraziliense.com.br\/cbradar\/wp-json\/wp\/v2\/tags?post=207954"}],"curies":[{"name":"wp","href":"https:\/\/api.w.org\/{rel}","templated":true}]}}