{"id":207955,"date":"2026-03-14T16:25:37","date_gmt":"2026-03-14T19:25:37","guid":{"rendered":"https:\/\/www.correiobraziliense.com.br\/cbradar\/?p=207955"},"modified":"2026-03-13T23:29:47","modified_gmt":"2026-03-14T02:29:47","slug":"5-produtos-anti-idade-nacionais-com-bom-custo-beneficio-para-incluir-na-rotina","status":"publish","type":"post","link":"https:\/\/www.correiobraziliense.com.br\/cbradar\/5-produtos-anti-idade-nacionais-com-bom-custo-beneficio-para-incluir-na-rotina\/","title":{"rendered":"5 produtos anti-idade nacionais com bom custo-benef\u00edcio para incluir na rotina"},"content":{"rendered":"\n<p>Voc\u00ea j\u00e1 se pegou olhando no <b>espelho<\/b>, reparando em uma linha fina que n\u00e3o via antes, e pensando se precisa investir em cremes car\u00edssimos? A boa not\u00edcia \u00e9 que hoje existem muitos <strong>produtos anti-idade nacionais<\/strong> com bom custo-benef\u00edcio, com <b>tecnologia<\/b>, ativos eficazes e pre\u00e7os mais acess\u00edveis. Isso permite incluir cuidados antienvelhecimento na rotina di\u00e1ria de forma realista, sem depender apenas de marcas importadas.<\/p>\n\n\n\n<h2 class=\"wp-block-heading\">O que \u00e9 um bom produto anti-idade nacional na pr\u00e1tica<\/h2>\n\n\n\n<p>Um bom produto antienvelhecimento n\u00e3o \u00e9 s\u00f3 o mais caro da prateleira, e sim aquele que une <strong>ingredientes com efic\u00e1cia comprovada<\/strong>, seguran\u00e7a de uso e um pre\u00e7o que caiba no bolso m\u00eas ap\u00f3s m\u00eas. Afinal, <b>tratamento<\/b> de pele \u00e9 maratona, n\u00e3o corrida de 100 metros.<\/p>\n\n\n\n<p>No Brasil, cremes, s\u00e9runs e g\u00e9is anti-idade costumam trazer ativos como <b>retinol<\/b>, vitamina C, niacinamida, \u00e1cido hialur\u00f4nico e pept\u00eddeos. As f\u00f3rmulas tamb\u00e9m levam em conta nosso clima quente e \u00famido, com texturas leves, toque seco e, muitas vezes, <strong>filtro solar<\/strong> incluso para refor\u00e7ar a prote\u00e7\u00e3o contra o maior vil\u00e3o do envelhecimento precoce: o sol.<\/p>\n\n\n<div class=\"wp-block-image\">\n<figure class=\"aligncenter size-full\"><img decoding=\"async\" width=\"1280\" height=\"720\" src=\"https:\/\/www.correiobraziliense.com.br\/cbradar\/wp-content\/uploads\/2026\/03\/produto-anti-idade-_1773410106945.jpg\" alt=\"\" class=\"wp-image-208076\" srcset=\"https:\/\/www.correiobraziliense.com.br\/cbradar\/wp-content\/uploads\/2026\/03\/produto-anti-idade-_1773410106945.jpg 1280w, https:\/\/www.correiobraziliense.com.br\/cbradar\/wp-content\/uploads\/2026\/03\/produto-anti-idade-_1773410106945-300x169.jpg 300w, https:\/\/www.correiobraziliense.com.br\/cbradar\/wp-content\/uploads\/2026\/03\/produto-anti-idade-_1773410106945-768x432.jpg 768w, https:\/\/www.correiobraziliense.com.br\/cbradar\/wp-content\/uploads\/2026\/03\/produto-anti-idade-_1773410106945-750x422.jpg 750w, https:\/\/www.correiobraziliense.com.br\/cbradar\/wp-content\/uploads\/2026\/03\/produto-anti-idade-_1773410106945-1140x641.jpg 1140w\" sizes=\"(max-width: 1280px) 100vw, 1280px\" \/><figcaption class=\"wp-element-caption\">No Brasil, cremes, s\u00e9runs e g\u00e9is anti-idade costumam trazer ativos como retinol, vitamina C, niacinamida, \u00e1cido hialur\u00f4nico e pept\u00eddeos &#8211; Cr\u00e9ditos: depositphotos.com \/ Milkos<\/figcaption><\/figure><\/div>\n\n\n<p>Leia tamb\u00e9m:&nbsp;<a href=\"https:\/\/www.correiobraziliense.com.br\/cbradar\/5-perfumes-do-boticario-que-duram-o-dia-inteiro-e-sao-mais-baratos-que-muitos-importados\/\" target=\"_blank\" rel=\"noopener\">5 perfumes do Botic\u00e1rio que duram o dia inteiro e s\u00e3o mais baratos que muitos importados<\/a><\/p>\n\n\n\n<h2 class=\"wp-block-heading\">Quais ativos mais comuns em produtos anti-idade nacionais realmente ajudam<\/h2>\n\n\n\n<p>Nos \u00faltimos anos, os <strong>cosm\u00e9ticos anti-idade brasileiros<\/strong> come\u00e7aram a reunir combina\u00e7\u00f5es de ativos que antes eram mais comuns em linhas importadas. A ideia \u00e9 tratar <b>sinais<\/b> do tempo sem agredir a pele, desde que voc\u00ea respeite a frequ\u00eancia de uso e as orienta\u00e7\u00f5es da embalagem.<\/p>\n\n\n\n<p>Entre os principais ingredientes, aparecem com frequ\u00eancia <b>retinol<\/b> e derivados, vitamina C estabilizada, \u00e1cido hialur\u00f4nico, niacinamida e pept\u00eddeos. Eles geralmente v\u00eam acompanhados de extratos vegetais, antioxidantes extras e componentes calmantes, deixando os <em>produtos antienvelhecimento nacionais<\/em> mais completos e vers\u00e1teis para diferentes fases da <strong>vida<\/strong>.<\/p>\n\n\n\n<h2 class=\"wp-block-heading\">Quais tipos de produtos anti-idade nacionais costumam valer mais a pena<\/h2>\n\n\n\n<p>Entre cremes, s\u00e9runs e protetores solares, a escolha do melhor tratamento anti-idade depende de fatores como tipo de pele, idade e rotina di\u00e1ria. Marcas brasileiras como&nbsp;<strong>La Roche-Posay Brasil<\/strong>&nbsp;(produzida localmente),&nbsp;<strong>Natura<\/strong>,&nbsp;<strong>Botic\u00e1rio<\/strong>,&nbsp;<strong>Vichy Brasil<\/strong>&nbsp;e&nbsp;<strong>Needs (Droga Raia)<\/strong>&nbsp;investem em linhas espec\u00edficas para suavizar sinais do envelhecimento, com pesquisa dermatol\u00f3gica e parcerias com profissionais da \u00e1rea.<\/p>\n\n\n\n<p>A seguir, voc\u00ea confere cinco&nbsp;<strong>produtos anti-idade brasileiros<\/strong>&nbsp;que costumam ser procurados por entregarem boa rela\u00e7\u00e3o entre pre\u00e7o, tecnologia e facilidade de encontrar em farm\u00e1cias e e-commerces. Cada um atua em frentes diferentes, como hidrata\u00e7\u00e3o profunda, est\u00edmulo de col\u00e1geno, clareamento de manchas e prote\u00e7\u00e3o contra radia\u00e7\u00e3o ultravioleta e luz vis\u00edvel.<\/p>\n\n\n\n<ul class=\"wp-block-list\">\n<li><strong>Natura Chronos S\u00e9rum Intensivo Antissinais<\/strong><br>A linha Chronos, da\u00a0<strong>Natura<\/strong>, \u00e9 uma das mais tradicionais no segmento anti-idade nacional. O s\u00e9rum intensivo antissinais \u00e9 indicado para quem busca textura leve e r\u00e1pida absor\u00e7\u00e3o, ideal para o dia a dia corrido.A f\u00f3rmula combina\u00a0<strong>hialur\u00f4nico<\/strong>, ingredientes vegetais brasileiros e ativos que estimulam produ\u00e7\u00e3o de col\u00e1geno e elastina.<\/li>\n<\/ul>\n\n\n\n<figure class=\"wp-block-embed is-type-rich is-provider-pinterest wp-block-embed-pinterest\"><div class=\"wp-block-embed__wrapper\">\n<iframe loading=\"lazy\" title=\" \" src=\"https:\/\/assets.pinterest.com\/ext\/embed.html?id=376543218869111413&#038;src=oembed\" height=\"898\" width=\"450\" frameborder=\"0\" scrolling=\"no\" ><\/iframe>\n<\/div><\/figure>\n\n\n\n<ul class=\"wp-block-list\">\n<li><strong>Botik Retinol Puro \u2013 O Botic\u00e1rio<\/strong><br>A linha\u00a0<strong>Botik<\/strong>, de O Botic\u00e1rio, inclui um s\u00e9rum de\u00a0<strong>retinol puro<\/strong>\u00a0que se consolidou como alternativa nacional ao retinol importado. Ele \u00e9 pensado para quem j\u00e1 sente rugas mais marcadas ou textura irregular e quer algo mais potente.Formulado para uso noturno, o s\u00e9rum em textura leve facilita a absor\u00e7\u00e3o e costuma agradar peles mistas e oleosas. <\/li>\n<\/ul>\n\n\n\n<figure class=\"wp-block-embed is-type-rich is-provider-pinterest wp-block-embed-pinterest\"><div class=\"wp-block-embed__wrapper\">\n<iframe loading=\"lazy\" title=\"Retinol Botik\" src=\"https:\/\/assets.pinterest.com\/ext\/embed.html?id=815784920038617228&#038;src=oembed\" height=\"775\" width=\"450\" frameborder=\"0\" scrolling=\"no\" ><\/iframe>\n<\/div><\/figure>\n\n\n\n<ul class=\"wp-block-list\">\n<li><strong>La Roche-Posay Hyalu B5 S\u00e9rum (produ\u00e7\u00e3o nacional)<\/strong><br>A\u00a0<strong>La Roche-Posay<\/strong>\u00a0possui produ\u00e7\u00e3o instalada no Brasil, o que ajuda a tornar o\u00a0<em>Hyalu B5 S\u00e9rum<\/em>\u00a0mais competitivo em pre\u00e7o em rela\u00e7\u00e3o a similares importados. Ele costuma ser querido por quem sente a pele repuxando ou com linhas finas surgindo.O produto combina\u00a0<strong>\u00e1cido hialur\u00f4nico de diferentes pesos moleculares<\/strong>\u00a0com vitamina B5 e madecassoside, ajudando a hidratar profundamente e preencher linhas finas.<\/li>\n<\/ul>\n\n\n\n<figure class=\"wp-block-embed is-type-rich is-provider-pinterest wp-block-embed-pinterest\"><div class=\"wp-block-embed__wrapper\">\n<iframe loading=\"lazy\" title=\"S\u00e9rum Antirrugas Preenchedor Superativado, Reduz Linhas Finas E Melhora A Elasticidade, Com \u00c1cido Hialur\u00f4nico E Vitamina B5, Hyalu B5 La Roche Posay, 30ml Todo Tipo De Pele Dia\/noite\" src=\"https:\/\/assets.pinterest.com\/ext\/embed.html?id=729231364711282027&#038;src=oembed\" height=\"898\" width=\"450\" frameborder=\"0\" scrolling=\"no\" ><\/iframe>\n<\/div><\/figure>\n\n\n\n<ul class=\"wp-block-list\">\n<li><strong>Vichy Liftactiv Supreme \u2013 Vichy Brasil<\/strong><br>Com fabrica\u00e7\u00e3o nacional, a linha\u00a0<strong>Liftactiv Supreme<\/strong>\u00a0da Vichy trabalha principalmente com\u00a0<strong>vitamina C, pept\u00eddeos e ramnose<\/strong>, ativos ligados \u00e0 melhora de firmeza e luminosidade. \u00c9 bastante procurada por quem sente perda de elasticidade a partir dos 30\u201335 anos.O creme diurno ajuda a atenuar rugas e refor\u00e7ar a sensa\u00e7\u00e3o de pele mais firme, com textura pensada para o clima brasileiro, equilibrando hidrata\u00e7\u00e3o e toque seco. <\/li>\n<\/ul>\n\n\n\n<figure class=\"wp-block-embed is-type-rich is-provider-pinterest wp-block-embed-pinterest\"><div class=\"wp-block-embed__wrapper\">\n<iframe loading=\"lazy\" title=\"Probando el nuevo serum de @vichylaboratoires \u2764\ufe0f\u2728#vichyc16fm #vichylaboratoires #meandmycollagen #collagen16 #liftactiv #tudermatologosabemas @formetipsmx\" src=\"https:\/\/assets.pinterest.com\/ext\/embed.html?id=43276846420856304&#038;src=oembed\" height=\"899\" width=\"450\" frameborder=\"0\" scrolling=\"no\" ><\/iframe>\n<\/div><\/figure>\n\n\n\n<ul class=\"wp-block-list\">\n<li><strong>Needs Anti-Idade S\u00e9rum Facial <\/strong><br>Oferece um s\u00e9rum anti-idade com \u00e1cido hialur\u00f4nico, niacinamida e antioxidantes, em faixa de pre\u00e7o mais acess\u00edvel. \u00c9 uma boa porta de entrada para quem quer come\u00e7ar a cuidar da pele sem gastar tanto.O produto \u00e9 voltado a quem busca um\u00a0<strong>tratamento anti-idade com bom custo-benef\u00edcio<\/strong>\u00a0para uso di\u00e1rio, sobretudo em peles que necessitam de hidrata\u00e7\u00e3o leve, melhora de textura e aux\u00edlio no controle de manchas leves, sem rotina muito complicada.<\/li>\n<\/ul>\n\n\n\n<figure class=\"wp-block-embed is-type-rich is-provider-pinterest wp-block-embed-pinterest\"><div class=\"wp-block-embed__wrapper\">\n<iframe loading=\"lazy\" title=\"\u2728 S\u00e9rum Facial Dermachem \u2728O cuidado que sua pele merece em cada gotinha!Os s\u00e9runs faciais Dermachem foram desenvolvidos para tratar a pele profundamente, ajudando a controlar a oleosidade, reduzir cravos e espinhas, clarear manchas e deixar a pele mais uniforme, iluminada e saud\u00e1vel.\ud83d\udcb0 Custando apenas 15,90\ud83d\udc9a Efeito SecativoControla a oleosidade, auxilia na redu\u00e7\u00e3o de cravos e espinhas e minimiza a apar\u00eancia dos poros.\ud83d\udc97 Rosa MosquetaPromove renova\u00e7\u00e3o da pele, hidrata\u00e7\u00e3o intensa, mais...\" src=\"https:\/\/assets.pinterest.com\/ext\/embed.html?id=668362400993962431&#038;src=oembed\" height=\"699\" width=\"450\" frameborder=\"0\" scrolling=\"no\" ><\/iframe>\n<\/div><\/figure>\n\n\n\n<h2 class=\"wp-block-heading\">Como escolher um produto anti-idade nacional que fa\u00e7a sentido para voc\u00ea<\/h2>\n\n\n\n<p>A escolha de um <strong>cosm\u00e9tico anti-idade nacional<\/strong> muda bastante de pessoa para pessoa, dependendo do tipo de pele, idade e principais queixas, como manchas, flacidez ou ressecamento. Para facilitar, vale usar alguns crit\u00e9rios simples antes de colocar o produto no <b>carrinho<\/b>.<\/p>\n\n\n\n<p>Veja pontos pr\u00e1ticos que ajudam a decidir com mais seguran\u00e7a, sem precisar entender termos muito t\u00e9cnicos:<\/p>\n\n\n\n<ul class=\"wp-block-list\">\n<li>Conferir se o produto \u00e9 indicado para pele seca, mista, oleosa ou <b>sens\u00edvel<\/b>.<\/li>\n\n\n\n<li>Olhar a lista de ativos e priorizar <strong>ingredientes<\/strong> conhecidos, como retinol, vitamina C, niacinamida e \u00e1cido hialur\u00f4nico.<\/li>\n\n\n\n<li>Notar se h\u00e1 muita fragr\u00e2ncia ou componentes que costumam irritar peles <b>sens\u00edveis<\/b>.<\/li>\n\n\n\n<li>Avaliar quanto vai custar por m\u00eas, lembrando que o uso cont\u00ednuo \u00e9 o que traz <strong>resultado<\/strong>.<\/li>\n\n\n\n<li>Conversar com um dermatologista em caso de alergias, pele muito reativa ou uso de tratamentos mais <b>fortes<\/b>.<\/li>\n<\/ul>\n\n\n\n<p>Com o avan\u00e7o da <b>pesquisa<\/b> cosm\u00e9tica no Brasil, os <strong>produtos anti-idade nacionais<\/strong> com bom custo-benef\u00edcio se tornaram aliados reais, tanto para prevenir quanto para cuidar de sinais j\u00e1 instalados. Assim, fica mais f\u00e1cil montar uma rotina poss\u00edvel, consistente e adaptada ao seu dia a dia e ao seu <b>or\u00e7amento<\/b>.<\/p>\n","protected":false},"excerpt":{"rendered":"<p>Voc\u00ea j\u00e1 se pegou olhando no espelho, reparando em uma linha fina que n\u00e3o via antes, e pensando se precisa investir em cremes car\u00edssimos? A boa not\u00edcia \u00e9 que hoje existem muitos produtos anti-idade nacionais com bom custo-benef\u00edcio, com tecnologia, ativos eficazes e pre\u00e7os mais acess\u00edveis. Isso permite incluir cuidados antienvelhecimento na rotina di\u00e1ria de [&hellip;]<\/p>\n","protected":false},"author":9,"featured_media":208386,"comment_status":"open","ping_status":"open","sticky":false,"template":"","format":"standard","meta":{"_yoast_wpseo_focuskw":"produtos anti-idade nacionais","_yoast_wpseo_title":"","_yoast_wpseo_metadesc":"Conhe\u00e7a produtos anti-idade nacionais com bom custo-benef\u00edcio e ativos como vitamina C, retinol e \u00e1cido hialur\u00f4nico.","jnews-multi-image_gallery":[],"jnews_single_post":{"format":"standard"},"jnews_primary_category":[],"jnews_social_meta":[],"jnews_override_counter":[],"footnotes":""},"categories":[124],"tags":[3370,16100],"class_list":["post-207955","post","type-post","status-publish","format-standard","has-post-thumbnail","hentry","category-beleza","tag-maquiagem","tag-produtos-antiidade"],"yoast_head":"<!-- This site is optimized with the Yoast SEO plugin v24.6 - https:\/\/yoast.com\/wordpress\/plugins\/seo\/ -->\n<title>5 produtos anti-idade nacionais com bom custo-benef\u00edcio para incluir na rotina - Correio Braziliense - Radar<\/title>\n<meta name=\"description\" content=\"Conhe\u00e7a produtos anti-idade nacionais com bom custo-benef\u00edcio e ativos como vitamina C, retinol e \u00e1cido hialur\u00f4nico.\" \/>\n<meta name=\"robots\" content=\"index, follow, max-snippet:-1, max-image-preview:large, max-video-preview:-1\" \/>\n<link rel=\"canonical\" href=\"https:\/\/www.correiobraziliense.com.br\/cbradar\/5-produtos-anti-idade-nacionais-com-bom-custo-beneficio-para-incluir-na-rotina\/\" \/>\n<meta property=\"og:locale\" content=\"pt_BR\" \/>\n<meta property=\"og:type\" content=\"article\" \/>\n<meta property=\"og:title\" content=\"5 produtos anti-idade nacionais com bom custo-benef\u00edcio para incluir na rotina - Correio Braziliense - Radar\" \/>\n<meta property=\"og:description\" content=\"Conhe\u00e7a produtos anti-idade nacionais com bom custo-benef\u00edcio e ativos como vitamina C, retinol e \u00e1cido hialur\u00f4nico.\" \/>\n<meta property=\"og:url\" content=\"https:\/\/www.correiobraziliense.com.br\/cbradar\/5-produtos-anti-idade-nacionais-com-bom-custo-beneficio-para-incluir-na-rotina\/\" \/>\n<meta property=\"og:site_name\" content=\"Correio Braziliense - Radar\" \/>\n<meta property=\"article:published_time\" content=\"2026-03-14T19:25:37+00:00\" \/>\n<meta property=\"og:image\" content=\"https:\/\/www.correiobraziliense.com.br\/cbradar\/wp-content\/uploads\/2026\/03\/Gemini_Generated_Image_3plber3plber3plb-1.png\" \/>\n\t<meta property=\"og:image:width\" content=\"1280\" \/>\n\t<meta property=\"og:image:height\" content=\"720\" \/>\n\t<meta property=\"og:image:type\" content=\"image\/png\" \/>\n<meta name=\"author\" content=\"Daniely Cardoso\" \/>\n<meta name=\"twitter:card\" content=\"summary_large_image\" \/>\n<meta name=\"twitter:label1\" content=\"Escrito por\" \/>\n\t<meta name=\"twitter:data1\" content=\"Daniely Cardoso\" \/>\n\t<meta name=\"twitter:label2\" content=\"Est. tempo de leitura\" \/>\n\t<meta name=\"twitter:data2\" content=\"6 minutos\" \/>\n<!-- \/ Yoast SEO plugin. -->","yoast_head_json":{"title":"5 produtos anti-idade nacionais com bom custo-benef\u00edcio para incluir na rotina - Correio Braziliense - Radar","description":"Conhe\u00e7a produtos anti-idade nacionais com bom custo-benef\u00edcio e ativos como vitamina C, retinol e \u00e1cido hialur\u00f4nico.","robots":{"index":"index","follow":"follow","max-snippet":"max-snippet:-1","max-image-preview":"max-image-preview:large","max-video-preview":"max-video-preview:-1"},"canonical":"https:\/\/www.correiobraziliense.com.br\/cbradar\/5-produtos-anti-idade-nacionais-com-bom-custo-beneficio-para-incluir-na-rotina\/","og_locale":"pt_BR","og_type":"article","og_title":"5 produtos anti-idade nacionais com bom custo-benef\u00edcio para incluir na rotina - Correio Braziliense - Radar","og_description":"Conhe\u00e7a produtos anti-idade nacionais com bom custo-benef\u00edcio e ativos como vitamina C, retinol e \u00e1cido hialur\u00f4nico.","og_url":"https:\/\/www.correiobraziliense.com.br\/cbradar\/5-produtos-anti-idade-nacionais-com-bom-custo-beneficio-para-incluir-na-rotina\/","og_site_name":"Correio Braziliense - Radar","article_published_time":"2026-03-14T19:25:37+00:00","og_image":[{"width":1280,"height":720,"url":"https:\/\/www.correiobraziliense.com.br\/cbradar\/wp-content\/uploads\/2026\/03\/Gemini_Generated_Image_3plber3plber3plb-1.png","type":"image\/png"}],"author":"Daniely Cardoso","twitter_card":"summary_large_image","twitter_misc":{"Escrito por":"Daniely Cardoso","Est. tempo de leitura":"6 minutos"},"schema":{"@context":"https:\/\/schema.org","@graph":[{"@type":"WebPage","@id":"https:\/\/www.correiobraziliense.com.br\/cbradar\/5-produtos-anti-idade-nacionais-com-bom-custo-beneficio-para-incluir-na-rotina\/","url":"https:\/\/www.correiobraziliense.com.br\/cbradar\/5-produtos-anti-idade-nacionais-com-bom-custo-beneficio-para-incluir-na-rotina\/","name":"5 produtos anti-idade nacionais com bom custo-benef\u00edcio para incluir na rotina - Correio Braziliense - Radar","isPartOf":{"@id":"https:\/\/www.correiobraziliense.com.br\/cbradar\/#website"},"primaryImageOfPage":{"@id":"https:\/\/www.correiobraziliense.com.br\/cbradar\/5-produtos-anti-idade-nacionais-com-bom-custo-beneficio-para-incluir-na-rotina\/#primaryimage"},"image":{"@id":"https:\/\/www.correiobraziliense.com.br\/cbradar\/5-produtos-anti-idade-nacionais-com-bom-custo-beneficio-para-incluir-na-rotina\/#primaryimage"},"thumbnailUrl":"https:\/\/www.correiobraziliense.com.br\/cbradar\/wp-content\/uploads\/2026\/03\/Gemini_Generated_Image_3plber3plber3plb-1.png","datePublished":"2026-03-14T19:25:37+00:00","author":{"@id":"https:\/\/www.correiobraziliense.com.br\/cbradar\/#\/schema\/person\/7356666e12ec0ee53f348ee5db227032"},"description":"Conhe\u00e7a produtos anti-idade nacionais com bom custo-benef\u00edcio e ativos como vitamina C, retinol e \u00e1cido hialur\u00f4nico.","breadcrumb":{"@id":"https:\/\/www.correiobraziliense.com.br\/cbradar\/5-produtos-anti-idade-nacionais-com-bom-custo-beneficio-para-incluir-na-rotina\/#breadcrumb"},"inLanguage":"pt-BR","potentialAction":[{"@type":"ReadAction","target":["https:\/\/www.correiobraziliense.com.br\/cbradar\/5-produtos-anti-idade-nacionais-com-bom-custo-beneficio-para-incluir-na-rotina\/"]}]},{"@type":"ImageObject","inLanguage":"pt-BR","@id":"https:\/\/www.correiobraziliense.com.br\/cbradar\/5-produtos-anti-idade-nacionais-com-bom-custo-beneficio-para-incluir-na-rotina\/#primaryimage","url":"https:\/\/www.correiobraziliense.com.br\/cbradar\/wp-content\/uploads\/2026\/03\/Gemini_Generated_Image_3plber3plber3plb-1.png","contentUrl":"https:\/\/www.correiobraziliense.com.br\/cbradar\/wp-content\/uploads\/2026\/03\/Gemini_Generated_Image_3plber3plber3plb-1.png","width":1280,"height":720,"caption":"Um bom produto antienvelhecimento n\u00e3o \u00e9 s\u00f3 o mais caro da prateleira, e sim aquele que une ingredientes com efic\u00e1cia comprovada"},{"@type":"BreadcrumbList","@id":"https:\/\/www.correiobraziliense.com.br\/cbradar\/5-produtos-anti-idade-nacionais-com-bom-custo-beneficio-para-incluir-na-rotina\/#breadcrumb","itemListElement":[{"@type":"ListItem","position":1,"name":"In\u00edcio","item":"https:\/\/www.correiobraziliense.com.br\/cbradar\/"},{"@type":"ListItem","position":2,"name":"5 produtos anti-idade nacionais com bom custo-benef\u00edcio para incluir na rotina"}]},{"@type":"WebSite","@id":"https:\/\/www.correiobraziliense.com.br\/cbradar\/#website","url":"https:\/\/www.correiobraziliense.com.br\/cbradar\/","name":"Correio Braziliense - Radar","description":"Acompanhe as \u00faltimas not\u00edcias e fique bem informado sobre tudo o que acontece no Brasil e no mundo.","potentialAction":[{"@type":"SearchAction","target":{"@type":"EntryPoint","urlTemplate":"https:\/\/www.correiobraziliense.com.br\/cbradar\/?s={search_term_string}"},"query-input":{"@type":"PropertyValueSpecification","valueRequired":true,"valueName":"search_term_string"}}],"inLanguage":"pt-BR"},{"@type":"Person","@id":"https:\/\/www.correiobraziliense.com.br\/cbradar\/#\/schema\/person\/7356666e12ec0ee53f348ee5db227032","name":"Daniely Cardoso","image":{"@type":"ImageObject","inLanguage":"pt-BR","@id":"https:\/\/www.correiobraziliense.com.br\/cbradar\/#\/schema\/person\/image\/","url":"https:\/\/secure.gravatar.com\/avatar\/4b80ddbd124d1f071b626d52d62e5dff?s=96&d=mm&r=g","contentUrl":"https:\/\/secure.gravatar.com\/avatar\/4b80ddbd124d1f071b626d52d62e5dff?s=96&d=mm&r=g","caption":"Daniely Cardoso"},"description":"Redatora nos portais CB Radar e EM Foco, formada pela Universidade Federal de Goi\u00e1s, em Goi\u00e2nia. Apaixonada por comunica\u00e7\u00e3o, arte, decora\u00e7\u00e3o e tend\u00eancias, atuo na produ\u00e7\u00e3o de conte\u00fados envolventes sobre curiosidades, moda, beleza e paisagismo, sempre com um olhar atento \u00e0s novidades do momento.","sameAs":["https:\/\/www.correiobraziliense.com.br\/cbradar"],"url":"https:\/\/www.correiobraziliense.com.br\/cbradar\/author\/danielymyth\/"}]}},"_links":{"self":[{"href":"https:\/\/www.correiobraziliense.com.br\/cbradar\/wp-json\/wp\/v2\/posts\/207955","targetHints":{"allow":["GET"]}}],"collection":[{"href":"https:\/\/www.correiobraziliense.com.br\/cbradar\/wp-json\/wp\/v2\/posts"}],"about":[{"href":"https:\/\/www.correiobraziliense.com.br\/cbradar\/wp-json\/wp\/v2\/types\/post"}],"author":[{"embeddable":true,"href":"https:\/\/www.correiobraziliense.com.br\/cbradar\/wp-json\/wp\/v2\/users\/9"}],"replies":[{"embeddable":true,"href":"https:\/\/www.correiobraziliense.com.br\/cbradar\/wp-json\/wp\/v2\/comments?post=207955"}],"version-history":[{"count":2,"href":"https:\/\/www.correiobraziliense.com.br\/cbradar\/wp-json\/wp\/v2\/posts\/207955\/revisions"}],"predecessor-version":[{"id":208077,"href":"https:\/\/www.correiobraziliense.com.br\/cbradar\/wp-json\/wp\/v2\/posts\/207955\/revisions\/208077"}],"wp:featuredmedia":[{"embeddable":true,"href":"https:\/\/www.correiobraziliense.com.br\/cbradar\/wp-json\/wp\/v2\/media\/208386"}],"wp:attachment":[{"href":"https:\/\/www.correiobraziliense.com.br\/cbradar\/wp-json\/wp\/v2\/media?parent=207955"}],"wp:term":[{"taxonomy":"category","embeddable":true,"href":"https:\/\/www.correiobraziliense.com.br\/cbradar\/wp-json\/wp\/v2\/categories?post=207955"},{"taxonomy":"post_tag","embeddable":true,"href":"https:\/\/www.correiobraziliense.com.br\/cbradar\/wp-json\/wp\/v2\/tags?post=207955"}],"curies":[{"name":"wp","href":"https:\/\/api.w.org\/{rel}","templated":true}]}}