{"id":207956,"date":"2026-03-14T16:35:44","date_gmt":"2026-03-14T19:35:44","guid":{"rendered":"https:\/\/www.correiobraziliense.com.br\/cbradar\/?p=207956"},"modified":"2026-03-13T23:18:24","modified_gmt":"2026-03-14T02:18:24","slug":"plantar-essa-fruta-no-quintal-pode-ajudar-o-intestino-a-funcionar-melhor-no-dia-a-dia","status":"publish","type":"post","link":"https:\/\/www.correiobraziliense.com.br\/cbradar\/plantar-essa-fruta-no-quintal-pode-ajudar-o-intestino-a-funcionar-melhor-no-dia-a-dia\/","title":{"rendered":"Plantar essa fruta no quintal pode ajudar o intestino a funcionar melhor no dia a dia"},"content":{"rendered":"\n<p>Voc\u00ea j\u00e1 imaginou colher um cacho de <b>banana<\/b> no pr\u00f3prio quintal e ainda melhorar o funcionamento do seu <b>intestino<\/b> comendo essa fruta no dia a dia? Plantar banana em casa e entender os benef\u00edcios da fibra para o intestino tem se tornado um tema frequente em conversas sobre alimenta\u00e7\u00e3o e <b>bem-estar<\/b>. Muitas fam\u00edlias passaram a buscar formas simples de cultivar alimentos no quintal ou em vasos grandes, ao mesmo tempo em que prestam mais aten\u00e7\u00e3o ao funcionamento do sistema digestivo. A bananeira, al\u00e9m de ser relativamente f\u00e1cil de cuidar, tamb\u00e9m ajuda a compor uma rotina alimentar com mais fibras.<\/p>\n\n\n\n<h2 class=\"wp-block-heading\">Como plantar banana em casa de forma simples<\/h2>\n\n\n\n<p>O primeiro passo para plantar <b>banana<\/b> em casa \u00e9 escolher o tipo de muda e o local adequado. De modo geral, a bananeira precisa de bastante <b>luz solar<\/b> direta, preferencialmente de 4 a 6 horas por dia. Em \u00e1reas com pouco espa\u00e7o, algumas variedades de <b>banana-nanica<\/b> ou banana-prata podem ser cultivadas em grandes vasos, desde que haja boa drenagem para a \u00e1gua n\u00e3o ficar acumulada.<\/p>\n\n\n\n<p>O solo ideal deve ser bem drenado, f\u00e9rtil e rico em <b>mat\u00e9ria org\u00e2nica<\/b>. Antes de plantar, costuma-se misturar terra comum com composto org\u00e2nico ou esterco bem curtido, o que ajuda no desenvolvimento das <b>ra\u00edzes<\/b>. Em casas com quintal, \u00e9 comum manter um espa\u00e7amento entre bananeiras para que cada planta tenha espa\u00e7o para crescer e receber luz e <b>ventila\u00e7\u00e3o<\/b> suficientes.<\/p>\n\n\n<div class=\"wp-block-image\">\n<figure class=\"aligncenter size-large\"><img decoding=\"async\" width=\"1024\" height=\"576\" src=\"https:\/\/www.correiobraziliense.com.br\/cbradar\/wp-content\/uploads\/2026\/02\/Gemini_Generated_Image_ha00prha00prha00-2-1024x576.png\" alt=\"\" class=\"wp-image-188733\" srcset=\"https:\/\/www.correiobraziliense.com.br\/cbradar\/wp-content\/uploads\/2026\/02\/Gemini_Generated_Image_ha00prha00prha00-2-1024x576.png 1024w, https:\/\/www.correiobraziliense.com.br\/cbradar\/wp-content\/uploads\/2026\/02\/Gemini_Generated_Image_ha00prha00prha00-2-300x169.png 300w, https:\/\/www.correiobraziliense.com.br\/cbradar\/wp-content\/uploads\/2026\/02\/Gemini_Generated_Image_ha00prha00prha00-2-768x432.png 768w, https:\/\/www.correiobraziliense.com.br\/cbradar\/wp-content\/uploads\/2026\/02\/Gemini_Generated_Image_ha00prha00prha00-2-750x422.png 750w, https:\/\/www.correiobraziliense.com.br\/cbradar\/wp-content\/uploads\/2026\/02\/Gemini_Generated_Image_ha00prha00prha00-2-1140x641.png 1140w, https:\/\/www.correiobraziliense.com.br\/cbradar\/wp-content\/uploads\/2026\/02\/Gemini_Generated_Image_ha00prha00prha00-2.png 1280w\" sizes=\"(max-width: 1024px) 100vw, 1024px\" \/><figcaption class=\"wp-element-caption\">A banana \u00e9 vista como aliada do rendimento porque concentra carboidratos como glicose<\/figcaption><\/figure><\/div>\n\n\n<p>Leia tamb\u00e9m:&nbsp;<a href=\"https:\/\/www.correiobraziliense.com.br\/cbradar\/6-arvores-que-voce-deve-evitar-plantar-em-quintais-pequenos-segundo-paisagistas\/\" target=\"_blank\" rel=\"noopener\">6 \u00e1rvores que voc\u00ea deve evitar plantar em quintais pequenos segundo paisagistas<\/a><\/p>\n\n\n\n<h2 class=\"wp-block-heading\">Como cuidar da bananeira em vasos ou no quintal<\/h2>\n\n\n\n<p>Depois do plantio, a <b>bananeira<\/b> exige cuidados b\u00e1sicos, mas constantes, que qualquer pessoa pode aprender. A rega deve ser regular, mantendo o solo \u00famido, por\u00e9m sem encharcar, e em per\u00edodos muito quentes a frequ\u00eancia tende a aumentar. A <b>aduba\u00e7\u00e3o<\/b> com mat\u00e9ria org\u00e2nica a cada dois ou tr\u00eas meses deixa as folhas mais verdes e ajuda na forma\u00e7\u00e3o de cachos mais bonitos.<\/p>\n\n\n\n<p>Outro ponto importante \u00e9 o manejo dos chamados <b>\u201cfilhotes\u201d<\/b> ou brota\u00e7\u00f5es laterais, que surgem na base da planta-m\u00e3e. Esses brotos podem ser retirados para controlar a quantidade de plantas ou aproveitados como novas mudas. Em vasos ou no quintal, vale a pena remover folhas secas e manter o entorno limpo para reduzir o risco de <b>pragas<\/b> e deixar a planta mais <b>arejada<\/b>.<\/p>\n\n\n\n<h2 class=\"wp-block-heading\">Quais s\u00e3o os benef\u00edcios da fibra da banana para o intestino<\/h2>\n\n\n\n<p>A banana \u00e9 conhecida por conter <b>fibras alimentares<\/b> que ajudam o intestino a funcionar de forma mais equilibrada no dia a dia. Entre essas fibras, destacam-se a <b>pectina<\/b> e o amido resistente, que atuam de jeitos diferentes na digest\u00e3o, contribuindo para a forma\u00e7\u00e3o do bolo fecal e para um tr\u00e2nsito intestinal mais <b>regular<\/b>. Se voc\u00ea gosta de cultivo, separamos esse v\u00eddeo do canal <a href=\"https:\/\/www.youtube.com\/@SpagnholPlantas1\" target=\"_blank\" rel=\"noreferrer noopener\">Spagnhol Plantas<\/a> ensinando a plantar em casa:<\/p>\n\n\n\n<figure class=\"wp-block-embed is-type-video is-provider-youtube wp-block-embed-youtube wp-embed-aspect-16-9 wp-has-aspect-ratio\"><div class=\"wp-block-embed__wrapper\">\n<div class=\"jeg_video_container jeg_video_content\"><iframe loading=\"lazy\" title=\"Como plantar bananeira e cultivar banana em vaso\" width=\"500\" height=\"281\" src=\"https:\/\/www.youtube.com\/embed\/AUn6wDiRPOU?feature=oembed\" frameborder=\"0\" allow=\"accelerometer; autoplay; clipboard-write; encrypted-media; gyroscope; picture-in-picture; web-share\" referrerpolicy=\"strict-origin-when-cross-origin\" allowfullscreen><\/iframe><\/div>\n<\/div><\/figure>\n\n\n\n<p>O <b>amido resistente<\/b>, presente principalmente em bananas menos maduras, chega quase intacto ao intestino grosso e serve de alimento para bact\u00e9rias consideradas ben\u00e9ficas. J\u00e1 a pectina ajuda a dar <b>volume<\/b> \u00e0s fezes e a ajustar a consist\u00eancia, podendo colaborar tanto em casos de intestino preso quanto em situa\u00e7\u00f5es com evacua\u00e7\u00f5es mais frequentes, sempre dentro de uma alimenta\u00e7\u00e3o <b>equilibrada<\/b>.<\/p>\n\n\n\n<h2 class=\"wp-block-heading\">Como ajustar o consumo de fibras no dia a dia<\/h2>\n\n\n\n<p>O consumo de <b>banana<\/b> pode entrar facilmente na rotina como um lanche r\u00e1pido, no caf\u00e9 da manh\u00e3 ou at\u00e9 em vitaminas simples. Para que as fibras funcionem melhor, \u00e9 importante combin\u00e1-la com outras <b>frutas<\/b>, legumes, verduras e cereais integrais, al\u00e9m de beber \u00e1gua ao longo do dia para n\u00e3o sobrecarregar o <b>intestino<\/b>.<\/p>\n\n\n\n<p>Para organizar essa rotina de forma pr\u00e1tica, vale pensar em pequenas mudan\u00e7as de h\u00e1bito, come\u00e7ando com ajustes simples nas refei\u00e7\u00f5es e observando como o corpo reage. Incluir prepara\u00e7\u00f5es com <b>banana-verde<\/b>, como farinhas ricas em amido resistente, pode potencializar os efeitos no equil\u00edbrio da microbiota intestinal, especialmente quando associadas a um padr\u00e3o alimentar mais <b>natural<\/b> e ao cuidado com o <b>sono<\/b> e a atividade f\u00edsica.<\/p>\n\n\n\n<figure class=\"wp-block-embed is-type-rich is-provider-pinterest wp-block-embed-pinterest\"><div class=\"wp-block-embed__wrapper\">\n<iframe loading=\"lazy\" title=\"Beneficios da Banana #beneficiosbanana;#comer bananatodososdias;#melhorhoracomerbanana;#osbeneficiosdabanana;\" src=\"https:\/\/assets.pinterest.com\/ext\/embed.html?id=5207355814514306&#038;src=oembed\" height=\"899\" width=\"450\" frameborder=\"0\" scrolling=\"no\" ><\/iframe>\n<\/div><\/figure>\n\n\n\n<ol class=\"wp-block-list\">\n<li>Incluir <b>banana<\/b> em lanches ou no caf\u00e9 da manh\u00e3;<\/li>\n\n\n\n<li>Alternar tipos de <b>frutas<\/b> ricas em fibras, como mam\u00e3o e <b>ma\u00e7\u00e3<\/b>;<\/li>\n\n\n\n<li>Preferir cereais <b>integrais<\/b> quando poss\u00edvel;<\/li>\n\n\n\n<li>Aumentar a quantidade de <b>\u00e1gua<\/b> ao longo do dia;<\/li>\n\n\n\n<li>Observar como o organismo reage ao aumento gradual de <b>fibras<\/b>.<\/li>\n<\/ol>\n\n\n\n<p>Ao unir o cultivo de <b>banana<\/b> em casa com uma alimenta\u00e7\u00e3o rica em fibras, cria-se um ambiente favor\u00e1vel a h\u00e1bitos mais organizados em rela\u00e7\u00e3o \u00e0 sa\u00fade intestinal. A bananeira acaba se tornando n\u00e3o apenas um elemento <b>paisag\u00edstico<\/b>, mas tamb\u00e9m uma fonte pr\u00e1tica de fruta fresca para o consumo di\u00e1rio. Dessa forma, o plantio dom\u00e9stico e o cuidado com a <b>fibra alimentar<\/b> caminham juntos, valorizando tanto o contato com a <b>natureza<\/b> quanto a aten\u00e7\u00e3o ao pr\u00f3prio corpo.<\/p>\n","protected":false},"excerpt":{"rendered":"<p>Voc\u00ea j\u00e1 imaginou colher um cacho de banana no pr\u00f3prio quintal e ainda melhorar o funcionamento do seu intestino comendo essa fruta no dia a dia? Plantar banana em casa e entender os benef\u00edcios da fibra para o intestino tem se tornado um tema frequente em conversas sobre alimenta\u00e7\u00e3o e bem-estar. Muitas fam\u00edlias passaram a [&hellip;]<\/p>\n","protected":false},"author":9,"featured_media":159866,"comment_status":"open","ping_status":"open","sticky":false,"template":"","format":"standard","meta":{"_yoast_wpseo_focuskw":"Como plantar banana","_yoast_wpseo_title":"","_yoast_wpseo_metadesc":"Cultivar uma fruta comum no quintal pode ajudar a incluir mais fibras na rotina alimentar e favorecer o equil\u00edbrio do intestino.","jnews-multi-image_gallery":[],"jnews_single_post":{"format":"standard"},"jnews_primary_category":[],"jnews_social_meta":[],"jnews_override_counter":[],"footnotes":""},"categories":[119,4404],"tags":[877,2295,1422,13514],"class_list":["post-207956","post","type-post","status-publish","format-standard","has-post-thumbnail","hentry","category-bem-estar","category-saude","tag-banana","tag-fibras","tag-intestino","tag-plantar-banana-em-casa"],"yoast_head":"<!-- This site is optimized with the Yoast SEO plugin v24.6 - https:\/\/yoast.com\/wordpress\/plugins\/seo\/ -->\n<title>Plantar essa fruta no quintal pode ajudar o intestino a funcionar melhor no dia a dia - Correio Braziliense - Radar<\/title>\n<meta name=\"description\" content=\"Cultivar uma fruta comum no quintal pode ajudar a incluir mais fibras na rotina alimentar e favorecer o equil\u00edbrio do intestino.\" \/>\n<meta name=\"robots\" content=\"index, follow, max-snippet:-1, max-image-preview:large, max-video-preview:-1\" \/>\n<link rel=\"canonical\" href=\"https:\/\/www.correiobraziliense.com.br\/cbradar\/plantar-essa-fruta-no-quintal-pode-ajudar-o-intestino-a-funcionar-melhor-no-dia-a-dia\/\" \/>\n<meta property=\"og:locale\" content=\"pt_BR\" \/>\n<meta property=\"og:type\" content=\"article\" \/>\n<meta property=\"og:title\" content=\"Plantar essa fruta no quintal pode ajudar o intestino a funcionar melhor no dia a dia - Correio Braziliense - Radar\" \/>\n<meta property=\"og:description\" content=\"Cultivar uma fruta comum no quintal pode ajudar a incluir mais fibras na rotina alimentar e favorecer o equil\u00edbrio do intestino.\" \/>\n<meta property=\"og:url\" content=\"https:\/\/www.correiobraziliense.com.br\/cbradar\/plantar-essa-fruta-no-quintal-pode-ajudar-o-intestino-a-funcionar-melhor-no-dia-a-dia\/\" \/>\n<meta property=\"og:site_name\" content=\"Correio Braziliense - Radar\" \/>\n<meta property=\"article:published_time\" content=\"2026-03-14T19:35:44+00:00\" \/>\n<meta property=\"og:image\" content=\"https:\/\/www.correiobraziliense.com.br\/cbradar\/wp-content\/uploads\/2025\/12\/Gemini_Generated_Image_tn15r3tn15r3tn15-1.png\" \/>\n\t<meta property=\"og:image:width\" content=\"1280\" \/>\n\t<meta property=\"og:image:height\" content=\"720\" \/>\n\t<meta property=\"og:image:type\" content=\"image\/png\" \/>\n<meta name=\"author\" content=\"Daniely Cardoso\" \/>\n<meta name=\"twitter:card\" content=\"summary_large_image\" \/>\n<meta name=\"twitter:label1\" content=\"Escrito por\" \/>\n\t<meta name=\"twitter:data1\" content=\"Daniely Cardoso\" \/>\n\t<meta name=\"twitter:label2\" content=\"Est. tempo de leitura\" \/>\n\t<meta name=\"twitter:data2\" content=\"5 minutos\" \/>\n<!-- \/ Yoast SEO plugin. -->","yoast_head_json":{"title":"Plantar essa fruta no quintal pode ajudar o intestino a funcionar melhor no dia a dia - Correio Braziliense - Radar","description":"Cultivar uma fruta comum no quintal pode ajudar a incluir mais fibras na rotina alimentar e favorecer o equil\u00edbrio do intestino.","robots":{"index":"index","follow":"follow","max-snippet":"max-snippet:-1","max-image-preview":"max-image-preview:large","max-video-preview":"max-video-preview:-1"},"canonical":"https:\/\/www.correiobraziliense.com.br\/cbradar\/plantar-essa-fruta-no-quintal-pode-ajudar-o-intestino-a-funcionar-melhor-no-dia-a-dia\/","og_locale":"pt_BR","og_type":"article","og_title":"Plantar essa fruta no quintal pode ajudar o intestino a funcionar melhor no dia a dia - Correio Braziliense - Radar","og_description":"Cultivar uma fruta comum no quintal pode ajudar a incluir mais fibras na rotina alimentar e favorecer o equil\u00edbrio do intestino.","og_url":"https:\/\/www.correiobraziliense.com.br\/cbradar\/plantar-essa-fruta-no-quintal-pode-ajudar-o-intestino-a-funcionar-melhor-no-dia-a-dia\/","og_site_name":"Correio Braziliense - Radar","article_published_time":"2026-03-14T19:35:44+00:00","og_image":[{"width":1280,"height":720,"url":"https:\/\/www.correiobraziliense.com.br\/cbradar\/wp-content\/uploads\/2025\/12\/Gemini_Generated_Image_tn15r3tn15r3tn15-1.png","type":"image\/png"}],"author":"Daniely Cardoso","twitter_card":"summary_large_image","twitter_misc":{"Escrito por":"Daniely Cardoso","Est. tempo de leitura":"5 minutos"},"schema":{"@context":"https:\/\/schema.org","@graph":[{"@type":"WebPage","@id":"https:\/\/www.correiobraziliense.com.br\/cbradar\/plantar-essa-fruta-no-quintal-pode-ajudar-o-intestino-a-funcionar-melhor-no-dia-a-dia\/","url":"https:\/\/www.correiobraziliense.com.br\/cbradar\/plantar-essa-fruta-no-quintal-pode-ajudar-o-intestino-a-funcionar-melhor-no-dia-a-dia\/","name":"Plantar essa fruta no quintal pode ajudar o intestino a funcionar melhor no dia a dia - Correio Braziliense - Radar","isPartOf":{"@id":"https:\/\/www.correiobraziliense.com.br\/cbradar\/#website"},"primaryImageOfPage":{"@id":"https:\/\/www.correiobraziliense.com.br\/cbradar\/plantar-essa-fruta-no-quintal-pode-ajudar-o-intestino-a-funcionar-melhor-no-dia-a-dia\/#primaryimage"},"image":{"@id":"https:\/\/www.correiobraziliense.com.br\/cbradar\/plantar-essa-fruta-no-quintal-pode-ajudar-o-intestino-a-funcionar-melhor-no-dia-a-dia\/#primaryimage"},"thumbnailUrl":"https:\/\/www.correiobraziliense.com.br\/cbradar\/wp-content\/uploads\/2025\/12\/Gemini_Generated_Image_tn15r3tn15r3tn15-1.png","datePublished":"2026-03-14T19:35:44+00:00","author":{"@id":"https:\/\/www.correiobraziliense.com.br\/cbradar\/#\/schema\/person\/7356666e12ec0ee53f348ee5db227032"},"description":"Cultivar uma fruta comum no quintal pode ajudar a incluir mais fibras na rotina alimentar e favorecer o equil\u00edbrio do intestino.","breadcrumb":{"@id":"https:\/\/www.correiobraziliense.com.br\/cbradar\/plantar-essa-fruta-no-quintal-pode-ajudar-o-intestino-a-funcionar-melhor-no-dia-a-dia\/#breadcrumb"},"inLanguage":"pt-BR","potentialAction":[{"@type":"ReadAction","target":["https:\/\/www.correiobraziliense.com.br\/cbradar\/plantar-essa-fruta-no-quintal-pode-ajudar-o-intestino-a-funcionar-melhor-no-dia-a-dia\/"]}]},{"@type":"ImageObject","inLanguage":"pt-BR","@id":"https:\/\/www.correiobraziliense.com.br\/cbradar\/plantar-essa-fruta-no-quintal-pode-ajudar-o-intestino-a-funcionar-melhor-no-dia-a-dia\/#primaryimage","url":"https:\/\/www.correiobraziliense.com.br\/cbradar\/wp-content\/uploads\/2025\/12\/Gemini_Generated_Image_tn15r3tn15r3tn15-1.png","contentUrl":"https:\/\/www.correiobraziliense.com.br\/cbradar\/wp-content\/uploads\/2025\/12\/Gemini_Generated_Image_tn15r3tn15r3tn15-1.png","width":1280,"height":720,"caption":"Embora o pot\u00e1ssio seja destaque no controle da atividade el\u00e9trica, outros eletr\u00f3litos tamb\u00e9m interferem no ritmo"},{"@type":"BreadcrumbList","@id":"https:\/\/www.correiobraziliense.com.br\/cbradar\/plantar-essa-fruta-no-quintal-pode-ajudar-o-intestino-a-funcionar-melhor-no-dia-a-dia\/#breadcrumb","itemListElement":[{"@type":"ListItem","position":1,"name":"In\u00edcio","item":"https:\/\/www.correiobraziliense.com.br\/cbradar\/"},{"@type":"ListItem","position":2,"name":"Plantar essa fruta no quintal pode ajudar o intestino a funcionar melhor no dia a dia"}]},{"@type":"WebSite","@id":"https:\/\/www.correiobraziliense.com.br\/cbradar\/#website","url":"https:\/\/www.correiobraziliense.com.br\/cbradar\/","name":"Correio Braziliense - Radar","description":"Acompanhe as \u00faltimas not\u00edcias e fique bem informado sobre tudo o que acontece no Brasil e no mundo.","potentialAction":[{"@type":"SearchAction","target":{"@type":"EntryPoint","urlTemplate":"https:\/\/www.correiobraziliense.com.br\/cbradar\/?s={search_term_string}"},"query-input":{"@type":"PropertyValueSpecification","valueRequired":true,"valueName":"search_term_string"}}],"inLanguage":"pt-BR"},{"@type":"Person","@id":"https:\/\/www.correiobraziliense.com.br\/cbradar\/#\/schema\/person\/7356666e12ec0ee53f348ee5db227032","name":"Daniely Cardoso","image":{"@type":"ImageObject","inLanguage":"pt-BR","@id":"https:\/\/www.correiobraziliense.com.br\/cbradar\/#\/schema\/person\/image\/","url":"https:\/\/secure.gravatar.com\/avatar\/4b80ddbd124d1f071b626d52d62e5dff?s=96&d=mm&r=g","contentUrl":"https:\/\/secure.gravatar.com\/avatar\/4b80ddbd124d1f071b626d52d62e5dff?s=96&d=mm&r=g","caption":"Daniely Cardoso"},"description":"Redatora nos portais CB Radar e EM Foco, formada pela Universidade Federal de Goi\u00e1s, em Goi\u00e2nia. Apaixonada por comunica\u00e7\u00e3o, arte, decora\u00e7\u00e3o e tend\u00eancias, atuo na produ\u00e7\u00e3o de conte\u00fados envolventes sobre curiosidades, moda, beleza e paisagismo, sempre com um olhar atento \u00e0s novidades do momento.","sameAs":["https:\/\/www.correiobraziliense.com.br\/cbradar"],"url":"https:\/\/www.correiobraziliense.com.br\/cbradar\/author\/danielymyth\/"}]}},"_links":{"self":[{"href":"https:\/\/www.correiobraziliense.com.br\/cbradar\/wp-json\/wp\/v2\/posts\/207956","targetHints":{"allow":["GET"]}}],"collection":[{"href":"https:\/\/www.correiobraziliense.com.br\/cbradar\/wp-json\/wp\/v2\/posts"}],"about":[{"href":"https:\/\/www.correiobraziliense.com.br\/cbradar\/wp-json\/wp\/v2\/types\/post"}],"author":[{"embeddable":true,"href":"https:\/\/www.correiobraziliense.com.br\/cbradar\/wp-json\/wp\/v2\/users\/9"}],"replies":[{"embeddable":true,"href":"https:\/\/www.correiobraziliense.com.br\/cbradar\/wp-json\/wp\/v2\/comments?post=207956"}],"version-history":[{"count":2,"href":"https:\/\/www.correiobraziliense.com.br\/cbradar\/wp-json\/wp\/v2\/posts\/207956\/revisions"}],"predecessor-version":[{"id":208087,"href":"https:\/\/www.correiobraziliense.com.br\/cbradar\/wp-json\/wp\/v2\/posts\/207956\/revisions\/208087"}],"wp:featuredmedia":[{"embeddable":true,"href":"https:\/\/www.correiobraziliense.com.br\/cbradar\/wp-json\/wp\/v2\/media\/159866"}],"wp:attachment":[{"href":"https:\/\/www.correiobraziliense.com.br\/cbradar\/wp-json\/wp\/v2\/media?parent=207956"}],"wp:term":[{"taxonomy":"category","embeddable":true,"href":"https:\/\/www.correiobraziliense.com.br\/cbradar\/wp-json\/wp\/v2\/categories?post=207956"},{"taxonomy":"post_tag","embeddable":true,"href":"https:\/\/www.correiobraziliense.com.br\/cbradar\/wp-json\/wp\/v2\/tags?post=207956"}],"curies":[{"name":"wp","href":"https:\/\/api.w.org\/{rel}","templated":true}]}}