{"id":207957,"date":"2026-03-14T19:05:51","date_gmt":"2026-03-14T22:05:51","guid":{"rendered":"https:\/\/www.correiobraziliense.com.br\/cbradar\/?p=207957"},"modified":"2026-03-13T23:33:39","modified_gmt":"2026-03-14T02:33:39","slug":"vegetal-simples-que-muita-gente-ignorava-vira-queridinho-do-verao-com-3-receitas-rapidas-e-nutritivas","status":"publish","type":"post","link":"https:\/\/www.correiobraziliense.com.br\/cbradar\/vegetal-simples-que-muita-gente-ignorava-vira-queridinho-do-verao-com-3-receitas-rapidas-e-nutritivas\/","title":{"rendered":"Vegetal simples que muita gente ignorava vira queridinho do ver\u00e3o com 3 receitas r\u00e1pidas e nutritivas"},"content":{"rendered":"\n<p>Num ver\u00e3o de muito <b>calor<\/b> e pre\u00e7os <b>altos<\/b> no mercado, muita gente come\u00e7ou a olhar diferente para um velho conhecido: o repolho. Antes visto s\u00f3 como <b>\u201csaladinha de lado do prato\u201d<\/b>, ele voltou com tudo em 2026, aparecendo em restaurantes, lanchonetes e nas casas como estrela de receitas simples, baratas e bem saborosas.<\/p>\n\n\n\n<h2 class=\"wp-block-heading\">Por que o repolho virou o queridinho do ver\u00e3o<\/h2>\n\n\n\n<p>O interesse pelo repolho cresceu porque ele resolve tr\u00eas problemas de uma vez: \u00e9 <b>barato<\/b>, rende bastante e \u00e9 f\u00e1cil de preparar. Em tempos de or\u00e7amento <b>apertado<\/b>, encontrar um ingrediente que dura v\u00e1rios dias na geladeira e pode entrar em diferentes refei\u00e7\u00f5es faz muita <b>diferen\u00e7a<\/b>.<\/p>\n\n\n\n<p>Do ponto de vista nutricional, o <b>repolho<\/b> tem fibras, vitaminas C e K e compostos antioxidantes, principalmente nas variedades roxa e verde-escura. Esses <b>nutrientes<\/b> ajudam o intestino a funcionar melhor e contribuem para a sa\u00fade geral. Em dias quentes, pratos leves com repolho deixam a refei\u00e7\u00e3o mais <b>fresca<\/b>, mas ainda completa.<\/p>\n\n\n<div class=\"wp-block-image\">\n<figure class=\"aligncenter size-large\"><img decoding=\"async\" width=\"1024\" height=\"576\" src=\"https:\/\/www.correiobraziliense.com.br\/cbradar\/wp-content\/uploads\/2025\/03\/repolho_1743091164026-1024x576.jpg\" alt=\"Passo a passo para fazer o repolho crescer mais r\u00e1pido e forte\" class=\"wp-image-16452\" srcset=\"https:\/\/www.correiobraziliense.com.br\/cbradar\/wp-content\/uploads\/2025\/03\/repolho_1743091164026-1024x576.jpg 1024w, https:\/\/www.correiobraziliense.com.br\/cbradar\/wp-content\/uploads\/2025\/03\/repolho_1743091164026-300x169.jpg 300w, https:\/\/www.correiobraziliense.com.br\/cbradar\/wp-content\/uploads\/2025\/03\/repolho_1743091164026-768x432.jpg 768w, https:\/\/www.correiobraziliense.com.br\/cbradar\/wp-content\/uploads\/2025\/03\/repolho_1743091164026-750x422.jpg 750w, https:\/\/www.correiobraziliense.com.br\/cbradar\/wp-content\/uploads\/2025\/03\/repolho_1743091164026-1140x641.jpg 1140w, https:\/\/www.correiobraziliense.com.br\/cbradar\/wp-content\/uploads\/2025\/03\/repolho_1743091164026.jpg 1280w\" sizes=\"(max-width: 1024px) 100vw, 1024px\" \/><figcaption class=\"wp-element-caption\">Contribui para a sa\u00fade digestiva e a desintoxica\u00e7\u00e3o natural do organismo &#8211; Cr\u00e9ditos: depositphotos.com \/ serezniy<\/figcaption><\/figure><\/div>\n\n\n<p>Leia tamb\u00e9m:&nbsp;<a href=\"https:\/\/www.correiobraziliense.com.br\/cbradar\/esse-tempero-amarelinho-tao-comum-no-arroz-pode-ser-plantado-no-quintal-e-e-conhecido-por-ajudar-o-figado\/\" target=\"_blank\" rel=\"noopener\">Esse tempero amarelinho t\u00e3o comum no arroz pode ser plantado no quintal e \u00e9 conhecido por ajudar o f\u00edgado<\/a><\/p>\n\n\n\n<h2 class=\"wp-block-heading\">Como o repolho passou a ser usado na cozinha de ver\u00e3o<\/h2>\n\n\n\n<p>O repolho deixou de ser s\u00f3 <b>coadjuvante<\/b> e passou a entrar em saladas, refogados r\u00e1pidos, pratos \u00fanicos e at\u00e9 lanches. Ele aguenta bem o transporte na <b>marmita<\/b>, n\u00e3o murcha f\u00e1cil e funciona como substituto de folhas mais delicadas, o que ajuda quem passa o dia fora de <b>casa<\/b>.<\/p>\n\n\n\n<p>Tamb\u00e9m combina bem com temperos c\u00edtricos, molhos com iogurte, ervas frescas e <b>especiarias<\/b>. Muita gente organiza o uso em etapas: primeiro as folhas mais externas em refogados, depois o miolo bem fininho em <b>saladas<\/b>, aproveitando tudo e variando <b>textura<\/b> ao longo da semana.<\/p>\n\n\n\n<h2 class=\"wp-block-heading\">Formas simples de incluir o repolho no dia a dia<\/h2>\n\n\n\n<p>Se a ideia \u00e9 variar sem <b>complicar<\/b>, o repolho entra f\u00e1cil na rotina com preparos r\u00e1pidos. A seguir, algumas maneiras pr\u00e1ticas de usar o <b>vegetal<\/b> em diferentes momentos das refei\u00e7\u00f5es, do almo\u00e7o em fam\u00edlia ao jantar <b>improvisado<\/b>.<\/p>\n\n\n\n<ul class=\"wp-block-list\">\n<li><b>Saladas<\/b> crocantes com repolho cru, legumes ralados e molhos leves;<\/li>\n\n\n\n<li>Refogados r\u00e1pidos com <b>alho<\/b>, cebola e alguma <b>prote\u00edna<\/b>;<\/li>\n\n\n\n<li>Enroladinhos usando folhas de repolho como <b>\u201cembrulho\u201d<\/b> para recheios simples;<\/li>\n\n\n\n<li>Fatias grelhadas ou assadas com <b>azeite<\/b> e especiarias, servidas como acompanhamento ou prato <b>principal<\/b>.<\/li>\n<\/ul>\n\n\n\n<h2 class=\"wp-block-heading\">Como preparar salada de repolho crocante com molho c\u00edtrico<\/h2>\n\n\n\n<p>A salada de repolho crocante \u00e9 \u00f3tima para acompanhar grelhados, sandu\u00edches ou formar um prato \u00fanico com gr\u00e3os e <b>prote\u00ednas<\/b>. O segredo est\u00e1 no corte bem fininho e no molho <b>\u00e1cido<\/b>, que real\u00e7a o sabor e deixa o repolho mais macio sem perder a <b>croc\u00e2ncia<\/b>.<\/p>\n\n\n\n<ul class=\"wp-block-list\">\n<li><b>Ingredientes<\/b> principais<\/li>\n<\/ul>\n\n\n\n<ul class=\"wp-block-list\">\n<li>2 x\u00edcaras de repolho verde fatiado bem <b>fino<\/b>;<\/li>\n\n\n\n<li>1 x\u00edcara de repolho roxo fatiado <b>fino<\/b>;<\/li>\n\n\n\n<li>1 cenoura <b>ralada<\/b>;<\/li>\n\n\n\n<li>1\/2 cebola roxa em fatias bem <b>finas<\/b>;<\/li>\n\n\n\n<li>Suco de 1 <b>lim\u00e3o<\/b>;<\/li>\n\n\n\n<li>2 colheres de sopa de <b>azeite<\/b>;<\/li>\n\n\n\n<li>Sal e pimenta a <b>gosto<\/b>;<\/li>\n\n\n\n<li>Salsinha ou coentro <b>picado<\/b>.<\/li>\n<\/ul>\n\n\n\n<ol class=\"wp-block-list\">\n<li>Misturar os repolhos, a cenoura e a cebola em uma tigela <b>grande<\/b>.<\/li>\n\n\n\n<li>Em um recipiente pequeno, combinar suco de lim\u00e3o, azeite, sal e <b>pimenta<\/b>, batendo at\u00e9 formar um molho <b>homog\u00eaneo<\/b>.<\/li>\n\n\n\n<li>Regar a mistura de repolho com o <b>molho<\/b>, incorporar bem e finalizar com as <b>ervas<\/b> picadas.<\/li>\n\n\n\n<li>Levar \u00e0 geladeira por pelo menos 15 minutos antes de <b>servir<\/b>, para que os sabores se <b>integrem<\/b>.<\/li>\n<\/ol>\n\n\n\n<figure class=\"wp-block-embed is-type-rich is-provider-pinterest wp-block-embed-pinterest\"><div class=\"wp-block-embed__wrapper\">\n<iframe loading=\"lazy\" title=\"A salada perfeita pro seu almo\u00e7o do dia 25 de Natal!   Gostou? Me segue e compartilha \ud83e\udd70  Ingredientes: 1 repolho pequeno ou 1\/2 repolho grande picado bem fininho; 1 cenoura me\u0301dia ralada; 1 cebola roxa fatiada bem fininha; 1 tomate grande picado sem semente; 1 pacote de 120g azeitonas picadas; 1 lata de milho; Cheiro verde a gosto; 1 pacote de 100g de batata palha (usei a tradicional).  Para o molho: 3c\/sopa de maionese; 1 pote de 170g de iogurte natural 1 c\/sopa de mostarda; Suco de 1 a 2 li...\" src=\"https:\/\/assets.pinterest.com\/ext\/embed.html?id=85357355434820616&#038;src=oembed\" height=\"898\" width=\"450\" frameborder=\"0\" scrolling=\"no\" ><\/iframe>\n<\/div><\/figure>\n\n\n\n<h2 class=\"wp-block-heading\">Como fazer repolho salteado r\u00e1pido na frigideira<\/h2>\n\n\n\n<p>Para quem quer um acompanhamento quente, mas leve e bem r\u00e1pido, o repolho salteado \u00e9 uma boa <b>sa\u00edda<\/b>. Ele combina com arroz, massas simples, ovos mexidos ou at\u00e9 entra como base de um prato \u00fanico, com alguma carne ou <b>leguminosa<\/b>.<\/p>\n\n\n\n<ul class=\"wp-block-list\">\n<li><b>Ingredientes<\/b> principais<\/li>\n<\/ul>\n\n\n\n<ul class=\"wp-block-list\">\n<li>3 x\u00edcaras de repolho em <b>tiras<\/b>;<\/li>\n\n\n\n<li>2 dentes de alho <b>picados<\/b>;<\/li>\n\n\n\n<li>1 colher de sopa de \u00f3leo ou <b>azeite<\/b>;<\/li>\n\n\n\n<li>Shoyu ou molho de soja a gosto (<b>opcional<\/b>);<\/li>\n\n\n\n<li>Sal moderado e pimenta-do-<b>reino<\/b>;<\/li>\n\n\n\n<li>Cebolinha <b>fatiada<\/b>.<\/li>\n<\/ul>\n\n\n\n<ol class=\"wp-block-list\">\n<li>Aquecer o \u00f3leo em uma frigideira grande e dourar levemente o <b>alho<\/b>.<\/li>\n\n\n\n<li>Adicionar o repolho, mexendo em fogo alto por alguns minutos, at\u00e9 murchar levemente, mantendo parte da <b>croc\u00e2ncia<\/b>.<\/li>\n\n\n\n<li>Temperar com sal, pimenta e um fio de shoyu, se desejar um sabor mais <b>marcante<\/b>.<\/li>\n\n\n\n<li>Finalizar com <b>cebolinha<\/b> e servir ainda <b>quente<\/b>.<\/li>\n<\/ol>\n\n\n\n<figure class=\"wp-block-embed is-type-rich is-provider-pinterest wp-block-embed-pinterest\"><div class=\"wp-block-embed__wrapper\">\n<iframe loading=\"lazy\" title=\"REFOGADO DE REPOLHO COM CENOURA\" src=\"https:\/\/assets.pinterest.com\/ext\/embed.html?id=756534437421430271&#038;src=oembed\" height=\"899\" width=\"450\" frameborder=\"0\" scrolling=\"no\" ><\/iframe>\n<\/div><\/figure>\n\n\n\n<h2 class=\"wp-block-heading\">Como preparar enroladinho de repolho recheado de frigideira<\/h2>\n\n\n\n<p>Nessa vers\u00e3o bem <b>caseira<\/b>, as folhas de repolho viram uma esp\u00e9cie de <b>\u201cwrap\u201d<\/b> econ\u00f4mico. D\u00e1 para variar os recheios com o que tiver na geladeira: sobras de carne, frango desfiado, feij\u00e3o, lentilha ou s\u00f3 legumes bem <b>temperados<\/b>.<\/p>\n\n\n\n<ul class=\"wp-block-list\">\n<li><b>Ingredientes<\/b> principais<\/li>\n<\/ul>\n\n\n\n<ul class=\"wp-block-list\">\n<li>8 folhas grandes de <b>repolho<\/b>;<\/li>\n\n\n\n<li>1 x\u00edcara de arroz cozido ou <b>quinoa<\/b>;<\/li>\n\n\n\n<li>1 x\u00edcara de prote\u00edna (carne mo\u00edda refogada, frango desfiado ou feij\u00e3o-fradinho, por <b>exemplo<\/b>);<\/li>\n\n\n\n<li>2 colheres de sopa de molho de <b>tomate<\/b>;<\/li>\n\n\n\n<li>Sal, pimenta e ervas secas a <b>gosto<\/b>;<\/li>\n\n\n\n<li>1 fio de \u00f3leo para <b>grelhar<\/b>.<\/li>\n<\/ul>\n\n\n\n<ol class=\"wp-block-list\">\n<li>Escaldar rapidamente as folhas de repolho em \u00e1gua quente para ficarem <b>male\u00e1veis<\/b>, escorrendo bem em seguida.<\/li>\n\n\n\n<li>Misturar o arroz ou quinoa com a prote\u00edna escolhida, o molho de tomate e os <b>temperos<\/b>, formando o <b>recheio<\/b>.<\/li>\n\n\n\n<li>Colocar uma por\u00e7\u00e3o de recheio no centro de cada folha, dobrar as laterais e enrolar como um pequeno <b>pacote<\/b>.<\/li>\n\n\n\n<li>Aquecer uma frigideira com um fio de \u00f3leo e dourar os rolinhos em todos os <b>lados<\/b>, at\u00e9 ficarem firmes e levemente <b>tostados<\/b>.<\/li>\n<\/ol>\n\n\n\n<figure class=\"wp-block-embed is-type-rich is-provider-pinterest wp-block-embed-pinterest\"><div class=\"wp-block-embed__wrapper\">\n<iframe loading=\"lazy\" title=\"Deliciosa receita\" src=\"https:\/\/assets.pinterest.com\/ext\/embed.html?id=902408844062673752&#038;src=oembed\" height=\"899\" width=\"450\" frameborder=\"0\" scrolling=\"no\" ><\/iframe>\n<\/div><\/figure>\n\n\n\n<p>Com essas ideias, o repolho deixa de ser <b>figurante<\/b> e vira protagonista de refei\u00e7\u00f5es variadas. Ele prova que \u00e9 poss\u00edvel cozinhar de forma simples, gastando <b>pouco<\/b> e ainda colocando mais cor, croc\u00e2ncia e <b>nutrientes<\/b> no prato durante todo o ver\u00e3o.<\/p>\n","protected":false},"excerpt":{"rendered":"<p>Num ver\u00e3o de muito calor e pre\u00e7os altos no mercado, muita gente come\u00e7ou a olhar diferente para um velho conhecido: o repolho. Antes visto s\u00f3 como \u201csaladinha de lado do prato\u201d, ele voltou com tudo em 2026, aparecendo em restaurantes, lanchonetes e nas casas como estrela de receitas simples, baratas e bem saborosas. Por que [&hellip;]<\/p>\n","protected":false},"author":9,"featured_media":208388,"comment_status":"open","ping_status":"open","sticky":false,"template":"","format":"standard","meta":{"_yoast_wpseo_focuskw":"receita de repolho","_yoast_wpseo_title":"","_yoast_wpseo_metadesc":"Veja como transformar o repolho em pratos saborosos com preparos simples que funcionam bem em refei\u00e7\u00f5es leves.","jnews-multi-image_gallery":[],"jnews_single_post":{"format":"standard"},"jnews_primary_category":[],"jnews_social_meta":[],"jnews_override_counter":[],"footnotes":""},"categories":[119,4404],"tags":[16101,1514,1071],"class_list":["post-207957","post","type-post","status-publish","format-standard","has-post-thumbnail","hentry","category-bem-estar","category-saude","tag-receita-fitness","tag-repolho","tag-vegetal"],"yoast_head":"<!-- This site is optimized with the Yoast SEO plugin v24.6 - https:\/\/yoast.com\/wordpress\/plugins\/seo\/ -->\n<title>Vegetal simples que muita gente ignorava vira queridinho do ver\u00e3o com 3 receitas r\u00e1pidas e nutritivas - Correio Braziliense - Radar<\/title>\n<meta name=\"description\" content=\"Veja como transformar o repolho em pratos saborosos com preparos simples que funcionam bem em refei\u00e7\u00f5es leves.\" \/>\n<meta name=\"robots\" content=\"index, follow, max-snippet:-1, max-image-preview:large, max-video-preview:-1\" \/>\n<link rel=\"canonical\" href=\"https:\/\/www.correiobraziliense.com.br\/cbradar\/vegetal-simples-que-muita-gente-ignorava-vira-queridinho-do-verao-com-3-receitas-rapidas-e-nutritivas\/\" \/>\n<meta property=\"og:locale\" content=\"pt_BR\" \/>\n<meta property=\"og:type\" content=\"article\" \/>\n<meta property=\"og:title\" content=\"Vegetal simples que muita gente ignorava vira queridinho do ver\u00e3o com 3 receitas r\u00e1pidas e nutritivas - Correio Braziliense - Radar\" \/>\n<meta property=\"og:description\" content=\"Veja como transformar o repolho em pratos saborosos com preparos simples que funcionam bem em refei\u00e7\u00f5es leves.\" \/>\n<meta property=\"og:url\" content=\"https:\/\/www.correiobraziliense.com.br\/cbradar\/vegetal-simples-que-muita-gente-ignorava-vira-queridinho-do-verao-com-3-receitas-rapidas-e-nutritivas\/\" \/>\n<meta property=\"og:site_name\" content=\"Correio Braziliense - Radar\" \/>\n<meta property=\"article:published_time\" content=\"2026-03-14T22:05:51+00:00\" \/>\n<meta property=\"og:image\" content=\"https:\/\/www.correiobraziliense.com.br\/cbradar\/wp-content\/uploads\/2026\/03\/Gemini_Generated_Image_qnumqpqnumqpqnum-1.png\" \/>\n\t<meta property=\"og:image:width\" content=\"1280\" \/>\n\t<meta property=\"og:image:height\" content=\"720\" \/>\n\t<meta property=\"og:image:type\" content=\"image\/png\" \/>\n<meta name=\"author\" content=\"Daniely Cardoso\" \/>\n<meta name=\"twitter:card\" content=\"summary_large_image\" \/>\n<meta name=\"twitter:label1\" content=\"Escrito por\" \/>\n\t<meta name=\"twitter:data1\" content=\"Daniely Cardoso\" \/>\n\t<meta name=\"twitter:label2\" content=\"Est. tempo de leitura\" \/>\n\t<meta name=\"twitter:data2\" content=\"6 minutos\" \/>\n<!-- \/ Yoast SEO plugin. -->","yoast_head_json":{"title":"Vegetal simples que muita gente ignorava vira queridinho do ver\u00e3o com 3 receitas r\u00e1pidas e nutritivas - Correio Braziliense - Radar","description":"Veja como transformar o repolho em pratos saborosos com preparos simples que funcionam bem em refei\u00e7\u00f5es leves.","robots":{"index":"index","follow":"follow","max-snippet":"max-snippet:-1","max-image-preview":"max-image-preview:large","max-video-preview":"max-video-preview:-1"},"canonical":"https:\/\/www.correiobraziliense.com.br\/cbradar\/vegetal-simples-que-muita-gente-ignorava-vira-queridinho-do-verao-com-3-receitas-rapidas-e-nutritivas\/","og_locale":"pt_BR","og_type":"article","og_title":"Vegetal simples que muita gente ignorava vira queridinho do ver\u00e3o com 3 receitas r\u00e1pidas e nutritivas - Correio Braziliense - Radar","og_description":"Veja como transformar o repolho em pratos saborosos com preparos simples que funcionam bem em refei\u00e7\u00f5es leves.","og_url":"https:\/\/www.correiobraziliense.com.br\/cbradar\/vegetal-simples-que-muita-gente-ignorava-vira-queridinho-do-verao-com-3-receitas-rapidas-e-nutritivas\/","og_site_name":"Correio Braziliense - Radar","article_published_time":"2026-03-14T22:05:51+00:00","og_image":[{"width":1280,"height":720,"url":"https:\/\/www.correiobraziliense.com.br\/cbradar\/wp-content\/uploads\/2026\/03\/Gemini_Generated_Image_qnumqpqnumqpqnum-1.png","type":"image\/png"}],"author":"Daniely Cardoso","twitter_card":"summary_large_image","twitter_misc":{"Escrito por":"Daniely Cardoso","Est. tempo de leitura":"6 minutos"},"schema":{"@context":"https:\/\/schema.org","@graph":[{"@type":"WebPage","@id":"https:\/\/www.correiobraziliense.com.br\/cbradar\/vegetal-simples-que-muita-gente-ignorava-vira-queridinho-do-verao-com-3-receitas-rapidas-e-nutritivas\/","url":"https:\/\/www.correiobraziliense.com.br\/cbradar\/vegetal-simples-que-muita-gente-ignorava-vira-queridinho-do-verao-com-3-receitas-rapidas-e-nutritivas\/","name":"Vegetal simples que muita gente ignorava vira queridinho do ver\u00e3o com 3 receitas r\u00e1pidas e nutritivas - Correio Braziliense - Radar","isPartOf":{"@id":"https:\/\/www.correiobraziliense.com.br\/cbradar\/#website"},"primaryImageOfPage":{"@id":"https:\/\/www.correiobraziliense.com.br\/cbradar\/vegetal-simples-que-muita-gente-ignorava-vira-queridinho-do-verao-com-3-receitas-rapidas-e-nutritivas\/#primaryimage"},"image":{"@id":"https:\/\/www.correiobraziliense.com.br\/cbradar\/vegetal-simples-que-muita-gente-ignorava-vira-queridinho-do-verao-com-3-receitas-rapidas-e-nutritivas\/#primaryimage"},"thumbnailUrl":"https:\/\/www.correiobraziliense.com.br\/cbradar\/wp-content\/uploads\/2026\/03\/Gemini_Generated_Image_qnumqpqnumqpqnum-1.png","datePublished":"2026-03-14T22:05:51+00:00","author":{"@id":"https:\/\/www.correiobraziliense.com.br\/cbradar\/#\/schema\/person\/7356666e12ec0ee53f348ee5db227032"},"description":"Veja como transformar o repolho em pratos saborosos com preparos simples que funcionam bem em refei\u00e7\u00f5es leves.","breadcrumb":{"@id":"https:\/\/www.correiobraziliense.com.br\/cbradar\/vegetal-simples-que-muita-gente-ignorava-vira-queridinho-do-verao-com-3-receitas-rapidas-e-nutritivas\/#breadcrumb"},"inLanguage":"pt-BR","potentialAction":[{"@type":"ReadAction","target":["https:\/\/www.correiobraziliense.com.br\/cbradar\/vegetal-simples-que-muita-gente-ignorava-vira-queridinho-do-verao-com-3-receitas-rapidas-e-nutritivas\/"]}]},{"@type":"ImageObject","inLanguage":"pt-BR","@id":"https:\/\/www.correiobraziliense.com.br\/cbradar\/vegetal-simples-que-muita-gente-ignorava-vira-queridinho-do-verao-com-3-receitas-rapidas-e-nutritivas\/#primaryimage","url":"https:\/\/www.correiobraziliense.com.br\/cbradar\/wp-content\/uploads\/2026\/03\/Gemini_Generated_Image_qnumqpqnumqpqnum-1.png","contentUrl":"https:\/\/www.correiobraziliense.com.br\/cbradar\/wp-content\/uploads\/2026\/03\/Gemini_Generated_Image_qnumqpqnumqpqnum-1.png","width":1280,"height":720,"caption":"O interesse pelo repolho cresceu porque ele resolve tr\u00eas problemas de uma vez"},{"@type":"BreadcrumbList","@id":"https:\/\/www.correiobraziliense.com.br\/cbradar\/vegetal-simples-que-muita-gente-ignorava-vira-queridinho-do-verao-com-3-receitas-rapidas-e-nutritivas\/#breadcrumb","itemListElement":[{"@type":"ListItem","position":1,"name":"In\u00edcio","item":"https:\/\/www.correiobraziliense.com.br\/cbradar\/"},{"@type":"ListItem","position":2,"name":"Vegetal simples que muita gente ignorava vira queridinho do ver\u00e3o com 3 receitas r\u00e1pidas e nutritivas"}]},{"@type":"WebSite","@id":"https:\/\/www.correiobraziliense.com.br\/cbradar\/#website","url":"https:\/\/www.correiobraziliense.com.br\/cbradar\/","name":"Correio Braziliense - Radar","description":"Acompanhe as \u00faltimas not\u00edcias e fique bem informado sobre tudo o que acontece no Brasil e no mundo.","potentialAction":[{"@type":"SearchAction","target":{"@type":"EntryPoint","urlTemplate":"https:\/\/www.correiobraziliense.com.br\/cbradar\/?s={search_term_string}"},"query-input":{"@type":"PropertyValueSpecification","valueRequired":true,"valueName":"search_term_string"}}],"inLanguage":"pt-BR"},{"@type":"Person","@id":"https:\/\/www.correiobraziliense.com.br\/cbradar\/#\/schema\/person\/7356666e12ec0ee53f348ee5db227032","name":"Daniely Cardoso","image":{"@type":"ImageObject","inLanguage":"pt-BR","@id":"https:\/\/www.correiobraziliense.com.br\/cbradar\/#\/schema\/person\/image\/","url":"https:\/\/secure.gravatar.com\/avatar\/4b80ddbd124d1f071b626d52d62e5dff?s=96&d=mm&r=g","contentUrl":"https:\/\/secure.gravatar.com\/avatar\/4b80ddbd124d1f071b626d52d62e5dff?s=96&d=mm&r=g","caption":"Daniely Cardoso"},"description":"Redatora nos portais CB Radar e EM Foco, formada pela Universidade Federal de Goi\u00e1s, em Goi\u00e2nia. Apaixonada por comunica\u00e7\u00e3o, arte, decora\u00e7\u00e3o e tend\u00eancias, atuo na produ\u00e7\u00e3o de conte\u00fados envolventes sobre curiosidades, moda, beleza e paisagismo, sempre com um olhar atento \u00e0s novidades do momento.","sameAs":["https:\/\/www.correiobraziliense.com.br\/cbradar"],"url":"https:\/\/www.correiobraziliense.com.br\/cbradar\/author\/danielymyth\/"}]}},"_links":{"self":[{"href":"https:\/\/www.correiobraziliense.com.br\/cbradar\/wp-json\/wp\/v2\/posts\/207957","targetHints":{"allow":["GET"]}}],"collection":[{"href":"https:\/\/www.correiobraziliense.com.br\/cbradar\/wp-json\/wp\/v2\/posts"}],"about":[{"href":"https:\/\/www.correiobraziliense.com.br\/cbradar\/wp-json\/wp\/v2\/types\/post"}],"author":[{"embeddable":true,"href":"https:\/\/www.correiobraziliense.com.br\/cbradar\/wp-json\/wp\/v2\/users\/9"}],"replies":[{"embeddable":true,"href":"https:\/\/www.correiobraziliense.com.br\/cbradar\/wp-json\/wp\/v2\/comments?post=207957"}],"version-history":[{"count":2,"href":"https:\/\/www.correiobraziliense.com.br\/cbradar\/wp-json\/wp\/v2\/posts\/207957\/revisions"}],"predecessor-version":[{"id":208106,"href":"https:\/\/www.correiobraziliense.com.br\/cbradar\/wp-json\/wp\/v2\/posts\/207957\/revisions\/208106"}],"wp:featuredmedia":[{"embeddable":true,"href":"https:\/\/www.correiobraziliense.com.br\/cbradar\/wp-json\/wp\/v2\/media\/208388"}],"wp:attachment":[{"href":"https:\/\/www.correiobraziliense.com.br\/cbradar\/wp-json\/wp\/v2\/media?parent=207957"}],"wp:term":[{"taxonomy":"category","embeddable":true,"href":"https:\/\/www.correiobraziliense.com.br\/cbradar\/wp-json\/wp\/v2\/categories?post=207957"},{"taxonomy":"post_tag","embeddable":true,"href":"https:\/\/www.correiobraziliense.com.br\/cbradar\/wp-json\/wp\/v2\/tags?post=207957"}],"curies":[{"name":"wp","href":"https:\/\/api.w.org\/{rel}","templated":true}]}}