{"id":207958,"date":"2026-03-14T19:45:57","date_gmt":"2026-03-14T22:45:57","guid":{"rendered":"https:\/\/www.correiobraziliense.com.br\/cbradar\/?p=207958"},"modified":"2026-03-13T23:32:35","modified_gmt":"2026-03-14T02:32:35","slug":"o-que-significa-ouvir-passaros-cantando-de-madrugada","status":"publish","type":"post","link":"https:\/\/www.correiobraziliense.com.br\/cbradar\/o-que-significa-ouvir-passaros-cantando-de-madrugada\/","title":{"rendered":"O que significa ouvir p\u00e1ssaros cantando de madrugada"},"content":{"rendered":"\n<p>Voc\u00ea j\u00e1 ficou acordado de madrugada, em sil\u00eancio, e de repente percebeu um coro de <strong>p\u00e1ssaros<\/strong> vindo de todos os lados, mesmo ainda estando <b>escuro<\/b>? Esse momento, que muitos acham curioso ou at\u00e9 misterioso, \u00e9 mais comum do que parece e mistura comportamento <strong>natural<\/strong> das aves com interpreta\u00e7\u00f5es culturais e emocionais que as pessoas criam ao longo do tempo.<\/p>\n\n\n\n<h2 class=\"wp-block-heading\">O que significa quando os p\u00e1ssaros cantam de madrugada<\/h2>\n\n\n\n<p>Quando falamos do <b>significado<\/b> de p\u00e1ssaros cantando de madrugada, estamos falando, antes de tudo, sobre a forma como eles vivem e se <strong>organizam<\/strong>. Na maioria das vezes, esse canto est\u00e1 ligado a marcar <b>territ\u00f3rio<\/b>, atrair parceiros e se comunicar com outras aves da mesma esp\u00e9cie.<\/p>\n\n\n\n<p>Esse per\u00edodo entre o fim da noite e o come\u00e7o do dia \u00e9 uma esp\u00e9cie de \u201chor\u00e1rio nobre\u201d para as <strong>aves<\/strong>. H\u00e1 menos barulho de <b>carros<\/b>, pessoas e m\u00e1quinas, o vento costuma ser mais fraco e o som viaja melhor, permitindo que o canto v\u00e1 mais longe e seja ouvido com mais clareza, principalmente nas grandes <strong>cidades<\/strong>.<\/p>\n\n\n<div class=\"wp-block-image\">\n<figure class=\"aligncenter size-large\"><img decoding=\"async\" width=\"1024\" height=\"576\" src=\"https:\/\/www.correiobraziliense.com.br\/cbradar\/wp-content\/uploads\/2025\/12\/Gemini_Generated_Image_7qa8u97qa8u97qa8-1-1024x576.png\" alt=\"\" class=\"wp-image-163754\" srcset=\"https:\/\/www.correiobraziliense.com.br\/cbradar\/wp-content\/uploads\/2025\/12\/Gemini_Generated_Image_7qa8u97qa8u97qa8-1-1024x576.png 1024w, https:\/\/www.correiobraziliense.com.br\/cbradar\/wp-content\/uploads\/2025\/12\/Gemini_Generated_Image_7qa8u97qa8u97qa8-1-300x169.png 300w, https:\/\/www.correiobraziliense.com.br\/cbradar\/wp-content\/uploads\/2025\/12\/Gemini_Generated_Image_7qa8u97qa8u97qa8-1-768x432.png 768w, https:\/\/www.correiobraziliense.com.br\/cbradar\/wp-content\/uploads\/2025\/12\/Gemini_Generated_Image_7qa8u97qa8u97qa8-1-750x422.png 750w, https:\/\/www.correiobraziliense.com.br\/cbradar\/wp-content\/uploads\/2025\/12\/Gemini_Generated_Image_7qa8u97qa8u97qa8-1-1140x641.png 1140w, https:\/\/www.correiobraziliense.com.br\/cbradar\/wp-content\/uploads\/2025\/12\/Gemini_Generated_Image_7qa8u97qa8u97qa8-1.png 1280w\" sizes=\"(max-width: 1024px) 100vw, 1024px\" \/><figcaption class=\"wp-element-caption\">Na natureza, o sabi\u00e1-do-campo constr\u00f3i seus ninhos em \u00e1rvores ou arbustos, mas grande parte do tempo permanece no solo<\/figcaption><\/figure><\/div>\n\n\n<p>Leia tamb\u00e9m:&nbsp;<a href=\"https:\/\/www.correiobraziliense.com.br\/cbradar\/o-que-significa-quando-alguem-responde-mensagens-muito-rapido-segundo-a-psicologia\/\" target=\"_blank\" rel=\"noopener\">O que significa quando algu\u00e9m responde mensagens muito r\u00e1pido, segundo a psicologia<\/a><\/p>\n\n\n\n<h2 class=\"wp-block-heading\">Por que muitas aves escolhem cantar antes do amanhecer<\/h2>\n\n\n\n<p>Algumas <b>esp\u00e9cies<\/b> come\u00e7am a cantar quando ainda est\u00e1 bem escuro porque isso aumenta as chances de defender seu <strong>espa\u00e7o<\/strong> e encontrar um parceiro. Ao cantar forte e com frequ\u00eancia, o p\u00e1ssaro mostra que est\u00e1 saud\u00e1vel, atento e disposto a proteger aquele <b>lugar<\/b>, o que \u00e9 importante na \u00e9poca de reprodu\u00e7\u00e3o.<\/p>\n\n\n\n<p>Al\u00e9m disso, fatores do <strong>ambiente<\/strong> influenciam muito esse h\u00e1bito. A mudan\u00e7a de luz no c\u00e9u, mesmo que discreta, j\u00e1 serve de sinal para algumas <b>aves<\/b>. Temperaturas mais amenas favorecem a propaga\u00e7\u00e3o do som, e muitas aproveitam esse momento para se preparar para o <strong>dia<\/strong>, organizando a busca por alimento logo que come\u00e7a a clarear.<\/p>\n\n\n\n<h2 class=\"wp-block-heading\">De que forma a luz artificial e a cidade influenciam o canto dos p\u00e1ssaros<\/h2>\n\n\n\n<p>Nas \u00e1reas <b>urbanas<\/b>, o canto de madrugada pode ficar ainda mais intenso por causa da polui\u00e7\u00e3o sonora durante o <strong>dia<\/strong>. Como h\u00e1 muito barulho de carros, obras e pessoas, as aves \u201cajustam\u201d seus <b>hor\u00e1rios<\/b> para cantar quando tudo est\u00e1 mais silencioso, garantindo que suas vozes sejam realmente ouvidas.<\/p>\n\n\n\n<p>A <strong>ilumina\u00e7\u00e3o<\/strong> artificial tamb\u00e9m entra nessa conta. Postes de luz, fachadas muito iluminadas, condom\u00ednios e letreiros podem enganar o rel\u00f3gio interno dos <b>p\u00e1ssaros<\/b>, fazendo-os acreditar que o amanhecer chegou antes da hora. Em regi\u00f5es com muitas luzes, n\u00e3o \u00e9 raro ouvir aves cantando bem no meio da <strong>madrugada<\/strong>. Se voc\u00ea gosta de curiosidades, separamos esse v\u00eddeo do canal <a href=\"https:\/\/www.youtube.com\/@OUniversoeosSonhos\" target=\"_blank\" rel=\"noreferrer noopener\">O Universo e os Sonhos<\/a> mostrando mais sobre o significado dos p\u00e1ssaros:<\/p>\n\n\n\n<figure class=\"wp-block-embed is-type-video is-provider-youtube wp-block-embed-youtube wp-embed-aspect-16-9 wp-has-aspect-ratio\"><div class=\"wp-block-embed__wrapper\">\n<div class=\"jeg_video_container jeg_video_content\"><iframe loading=\"lazy\" title=\"\ud83c\udfe1 PRESS\u00c1GIO DO PASSARINHO- Motivo que o leva a visitar a sua casa!\" width=\"500\" height=\"281\" src=\"https:\/\/www.youtube.com\/embed\/Ou8YsLWvlQc?start=4&#038;feature=oembed\" frameborder=\"0\" allow=\"accelerometer; autoplay; clipboard-write; encrypted-media; gyroscope; picture-in-picture; web-share\" referrerpolicy=\"strict-origin-when-cross-origin\" allowfullscreen><\/iframe><\/div>\n<\/div><\/figure>\n\n\n\n<h2 class=\"wp-block-heading\">O canto dos p\u00e1ssaros de madrugada tem algum significado espiritual<\/h2>\n\n\n\n<p>Em diferentes <b>culturas<\/b>, ouvir p\u00e1ssaros cantando de madrugada vai muito al\u00e9m da explica\u00e7\u00e3o biol\u00f3gica. Para algumas pessoas, esse momento representa <strong>renova\u00e7\u00e3o<\/strong>, prote\u00e7\u00e3o, aviso ou at\u00e9 a presen\u00e7a de algo sagrado, como se a natureza estivesse trazendo um <b>recado<\/b> silencioso para quem est\u00e1 acordado.<\/p>\n\n\n\n<p>Essas leituras mudam de acordo com a <strong>religi\u00e3o<\/strong>, a regi\u00e3o e as tradi\u00e7\u00f5es familiares. Em alguns lugares, o canto noturno \u00e9 sinal de <b>mudan\u00e7a<\/b>; em outros, \u00e9 visto como companhia para quem est\u00e1 sozinho ou passando por uma fase <strong>dif\u00edcil<\/strong>. Do ponto de vista cient\u00edfico, por\u00e9m, o comportamento continua ligado a sobreviv\u00eancia, reprodu\u00e7\u00e3o e adapta\u00e7\u00e3o ao <b>ambiente<\/b>.<\/p>\n\n\n\n<h2 class=\"wp-block-heading\">Como saber se o canto de madrugada \u00e9 normal ou um poss\u00edvel alerta<\/h2>\n\n\n\n<p>Na maior parte das <strong>vezes<\/strong>, p\u00e1ssaros cantando de madrugada fazem parte do ciclo natural da <b>esp\u00e9cie<\/b>. Por\u00e9m, mudan\u00e7as bruscas nesse padr\u00e3o podem indicar que algo no ambiente est\u00e1 diferente, como obras noturnas, <strong>desmatamento<\/strong> pr\u00f3ximo, novas constru\u00e7\u00f5es ou aumento da ilumina\u00e7\u00e3o durante a noite.<\/p>\n\n\n\n<figure class=\"wp-block-embed is-type-rich is-provider-pinterest wp-block-embed-pinterest\"><div class=\"wp-block-embed__wrapper\">\n<iframe loading=\"lazy\" title=\" \" src=\"https:\/\/assets.pinterest.com\/ext\/embed.html?id=3799980927375184&#038;src=oembed\" height=\"899\" width=\"450\" frameborder=\"0\" scrolling=\"no\" ><\/iframe>\n<\/div><\/figure>\n\n\n\n<p>Alguns sinais ajudam a perceber se o que voc\u00ea est\u00e1 ouvindo \u00e9 rotina ou reflexo de alguma altera\u00e7\u00e3o ao <b>redor<\/b>:<\/p>\n\n\n\n<ul class=\"wp-block-list\">\n<li><strong>Frequ\u00eancia do canto:<\/strong> quando o som acontece todos os dias em hor\u00e1rios parecidos, tende a ser um h\u00e1bito <b>normal<\/b> das aves.<\/li>\n\n\n\n<li><strong>Intensidade s\u00fabita:<\/strong> se o canto ficar muito mais alto ou agitado do que o comum, pode ser resposta a alguma <b>perturba\u00e7\u00e3o<\/b>.<\/li>\n\n\n\n<li><strong>Tipo de ave:<\/strong> esp\u00e9cies noturnas, como corujas, naturalmente vocalizam em hor\u00e1rios diferentes das aves <b>diurnas<\/b>.<\/li>\n\n\n\n<li><strong>Mudan\u00e7as recentes na regi\u00e3o:<\/strong> retirada de \u00e1rvores, novas <b>constru\u00e7\u00f5es<\/b> e postes de luz podem alterar o comportamento das <strong>aves<\/strong>.<\/li>\n<\/ul>\n\n\n\n<p>No fim das <strong>contas<\/strong>, o canto de p\u00e1ssaros de madrugada mistura dois mundos: o biol\u00f3gico, ligado \u00e0 sobreviv\u00eancia, comunica\u00e7\u00e3o e <b>reprodu\u00e7\u00e3o<\/b>, e o simb\u00f3lico, constru\u00eddo pelas hist\u00f3rias, cren\u00e7as e mem\u00f3rias de cada <strong>pessoa<\/strong>. Prestar aten\u00e7\u00e3o nesses sons pode ser uma forma simples de se reconectar com a natureza, mesmo em meio ao concreto e \u00e0 correria das <b>cidades<\/b>.<\/p>\n","protected":false},"excerpt":{"rendered":"<p>Voc\u00ea j\u00e1 ficou acordado de madrugada, em sil\u00eancio, e de repente percebeu um coro de p\u00e1ssaros vindo de todos os lados, mesmo ainda estando escuro? Esse momento, que muitos acham curioso ou at\u00e9 misterioso, \u00e9 mais comum do que parece e mistura comportamento natural das aves com interpreta\u00e7\u00f5es culturais e emocionais que as pessoas criam [&hellip;]<\/p>\n","protected":false},"author":9,"featured_media":176914,"comment_status":"open","ping_status":"open","sticky":false,"template":"","format":"standard","meta":{"_yoast_wpseo_focuskw":"significa de p\u00e1ssaros cantando","_yoast_wpseo_title":"","_yoast_wpseo_metadesc":"Canto de p\u00e1ssaros durante a madrugada pode ter explica\u00e7\u00f5es ligadas \u00e0 natureza, ao ambiente urbano e a h\u00e1bitos das aves.","jnews-multi-image_gallery":[],"jnews_single_post":{"format":"standard"},"jnews_primary_category":[],"jnews_social_meta":[],"jnews_override_counter":[],"footnotes":""},"categories":[112],"tags":[4928,15703,16102],"class_list":["post-207958","post","type-post","status-publish","format-standard","has-post-thumbnail","hentry","category-curiosidades","tag-passaros","tag-passaros-em-casa","tag-significado-de-passaros"],"yoast_head":"<!-- This site is optimized with the Yoast SEO plugin v24.6 - https:\/\/yoast.com\/wordpress\/plugins\/seo\/ -->\n<title>O que significa ouvir p\u00e1ssaros cantando de madrugada - Correio Braziliense - Radar<\/title>\n<meta name=\"description\" content=\"Canto de p\u00e1ssaros durante a madrugada pode ter explica\u00e7\u00f5es ligadas \u00e0 natureza, ao ambiente urbano e a h\u00e1bitos das aves.\" \/>\n<meta name=\"robots\" content=\"index, follow, max-snippet:-1, max-image-preview:large, max-video-preview:-1\" \/>\n<link rel=\"canonical\" href=\"https:\/\/www.correiobraziliense.com.br\/cbradar\/o-que-significa-ouvir-passaros-cantando-de-madrugada\/\" \/>\n<meta property=\"og:locale\" content=\"pt_BR\" \/>\n<meta property=\"og:type\" content=\"article\" \/>\n<meta property=\"og:title\" content=\"O que significa ouvir p\u00e1ssaros cantando de madrugada - Correio Braziliense - Radar\" \/>\n<meta property=\"og:description\" content=\"Canto de p\u00e1ssaros durante a madrugada pode ter explica\u00e7\u00f5es ligadas \u00e0 natureza, ao ambiente urbano e a h\u00e1bitos das aves.\" \/>\n<meta property=\"og:url\" content=\"https:\/\/www.correiobraziliense.com.br\/cbradar\/o-que-significa-ouvir-passaros-cantando-de-madrugada\/\" \/>\n<meta property=\"og:site_name\" content=\"Correio Braziliense - Radar\" \/>\n<meta property=\"article:published_time\" content=\"2026-03-14T22:45:57+00:00\" \/>\n<meta property=\"og:image\" content=\"https:\/\/www.correiobraziliense.com.br\/cbradar\/wp-content\/uploads\/2026\/01\/Gemini_Generated_Image_mng5twmng5twmng5-1.png\" \/>\n\t<meta property=\"og:image:width\" content=\"1280\" \/>\n\t<meta property=\"og:image:height\" content=\"720\" \/>\n\t<meta property=\"og:image:type\" content=\"image\/png\" \/>\n<meta name=\"author\" content=\"Daniely Cardoso\" \/>\n<meta name=\"twitter:card\" content=\"summary_large_image\" \/>\n<meta name=\"twitter:label1\" content=\"Escrito por\" \/>\n\t<meta name=\"twitter:data1\" content=\"Daniely Cardoso\" \/>\n\t<meta name=\"twitter:label2\" content=\"Est. tempo de leitura\" \/>\n\t<meta name=\"twitter:data2\" content=\"5 minutos\" \/>\n<!-- \/ Yoast SEO plugin. -->","yoast_head_json":{"title":"O que significa ouvir p\u00e1ssaros cantando de madrugada - Correio Braziliense - Radar","description":"Canto de p\u00e1ssaros durante a madrugada pode ter explica\u00e7\u00f5es ligadas \u00e0 natureza, ao ambiente urbano e a h\u00e1bitos das aves.","robots":{"index":"index","follow":"follow","max-snippet":"max-snippet:-1","max-image-preview":"max-image-preview:large","max-video-preview":"max-video-preview:-1"},"canonical":"https:\/\/www.correiobraziliense.com.br\/cbradar\/o-que-significa-ouvir-passaros-cantando-de-madrugada\/","og_locale":"pt_BR","og_type":"article","og_title":"O que significa ouvir p\u00e1ssaros cantando de madrugada - Correio Braziliense - Radar","og_description":"Canto de p\u00e1ssaros durante a madrugada pode ter explica\u00e7\u00f5es ligadas \u00e0 natureza, ao ambiente urbano e a h\u00e1bitos das aves.","og_url":"https:\/\/www.correiobraziliense.com.br\/cbradar\/o-que-significa-ouvir-passaros-cantando-de-madrugada\/","og_site_name":"Correio Braziliense - Radar","article_published_time":"2026-03-14T22:45:57+00:00","og_image":[{"width":1280,"height":720,"url":"https:\/\/www.correiobraziliense.com.br\/cbradar\/wp-content\/uploads\/2026\/01\/Gemini_Generated_Image_mng5twmng5twmng5-1.png","type":"image\/png"}],"author":"Daniely Cardoso","twitter_card":"summary_large_image","twitter_misc":{"Escrito por":"Daniely Cardoso","Est. tempo de leitura":"5 minutos"},"schema":{"@context":"https:\/\/schema.org","@graph":[{"@type":"WebPage","@id":"https:\/\/www.correiobraziliense.com.br\/cbradar\/o-que-significa-ouvir-passaros-cantando-de-madrugada\/","url":"https:\/\/www.correiobraziliense.com.br\/cbradar\/o-que-significa-ouvir-passaros-cantando-de-madrugada\/","name":"O que significa ouvir p\u00e1ssaros cantando de madrugada - Correio Braziliense - Radar","isPartOf":{"@id":"https:\/\/www.correiobraziliense.com.br\/cbradar\/#website"},"primaryImageOfPage":{"@id":"https:\/\/www.correiobraziliense.com.br\/cbradar\/o-que-significa-ouvir-passaros-cantando-de-madrugada\/#primaryimage"},"image":{"@id":"https:\/\/www.correiobraziliense.com.br\/cbradar\/o-que-significa-ouvir-passaros-cantando-de-madrugada\/#primaryimage"},"thumbnailUrl":"https:\/\/www.correiobraziliense.com.br\/cbradar\/wp-content\/uploads\/2026\/01\/Gemini_Generated_Image_mng5twmng5twmng5-1.png","datePublished":"2026-03-14T22:45:57+00:00","author":{"@id":"https:\/\/www.correiobraziliense.com.br\/cbradar\/#\/schema\/person\/7356666e12ec0ee53f348ee5db227032"},"description":"Canto de p\u00e1ssaros durante a madrugada pode ter explica\u00e7\u00f5es ligadas \u00e0 natureza, ao ambiente urbano e a h\u00e1bitos das aves.","breadcrumb":{"@id":"https:\/\/www.correiobraziliense.com.br\/cbradar\/o-que-significa-ouvir-passaros-cantando-de-madrugada\/#breadcrumb"},"inLanguage":"pt-BR","potentialAction":[{"@type":"ReadAction","target":["https:\/\/www.correiobraziliense.com.br\/cbradar\/o-que-significa-ouvir-passaros-cantando-de-madrugada\/"]}]},{"@type":"ImageObject","inLanguage":"pt-BR","@id":"https:\/\/www.correiobraziliense.com.br\/cbradar\/o-que-significa-ouvir-passaros-cantando-de-madrugada\/#primaryimage","url":"https:\/\/www.correiobraziliense.com.br\/cbradar\/wp-content\/uploads\/2026\/01\/Gemini_Generated_Image_mng5twmng5twmng5-1.png","contentUrl":"https:\/\/www.correiobraziliense.com.br\/cbradar\/wp-content\/uploads\/2026\/01\/Gemini_Generated_Image_mng5twmng5twmng5-1.png","width":1280,"height":720,"caption":"A energia associada a um p\u00e1ssaro na janela varia conforme o contexto"},{"@type":"BreadcrumbList","@id":"https:\/\/www.correiobraziliense.com.br\/cbradar\/o-que-significa-ouvir-passaros-cantando-de-madrugada\/#breadcrumb","itemListElement":[{"@type":"ListItem","position":1,"name":"In\u00edcio","item":"https:\/\/www.correiobraziliense.com.br\/cbradar\/"},{"@type":"ListItem","position":2,"name":"O que significa ouvir p\u00e1ssaros cantando de madrugada"}]},{"@type":"WebSite","@id":"https:\/\/www.correiobraziliense.com.br\/cbradar\/#website","url":"https:\/\/www.correiobraziliense.com.br\/cbradar\/","name":"Correio Braziliense - Radar","description":"Acompanhe as \u00faltimas not\u00edcias e fique bem informado sobre tudo o que acontece no Brasil e no mundo.","potentialAction":[{"@type":"SearchAction","target":{"@type":"EntryPoint","urlTemplate":"https:\/\/www.correiobraziliense.com.br\/cbradar\/?s={search_term_string}"},"query-input":{"@type":"PropertyValueSpecification","valueRequired":true,"valueName":"search_term_string"}}],"inLanguage":"pt-BR"},{"@type":"Person","@id":"https:\/\/www.correiobraziliense.com.br\/cbradar\/#\/schema\/person\/7356666e12ec0ee53f348ee5db227032","name":"Daniely Cardoso","image":{"@type":"ImageObject","inLanguage":"pt-BR","@id":"https:\/\/www.correiobraziliense.com.br\/cbradar\/#\/schema\/person\/image\/","url":"https:\/\/secure.gravatar.com\/avatar\/4b80ddbd124d1f071b626d52d62e5dff?s=96&d=mm&r=g","contentUrl":"https:\/\/secure.gravatar.com\/avatar\/4b80ddbd124d1f071b626d52d62e5dff?s=96&d=mm&r=g","caption":"Daniely Cardoso"},"description":"Redatora nos portais CB Radar e EM Foco, formada pela Universidade Federal de Goi\u00e1s, em Goi\u00e2nia. Apaixonada por comunica\u00e7\u00e3o, arte, decora\u00e7\u00e3o e tend\u00eancias, atuo na produ\u00e7\u00e3o de conte\u00fados envolventes sobre curiosidades, moda, beleza e paisagismo, sempre com um olhar atento \u00e0s novidades do momento.","sameAs":["https:\/\/www.correiobraziliense.com.br\/cbradar"],"url":"https:\/\/www.correiobraziliense.com.br\/cbradar\/author\/danielymyth\/"}]}},"_links":{"self":[{"href":"https:\/\/www.correiobraziliense.com.br\/cbradar\/wp-json\/wp\/v2\/posts\/207958","targetHints":{"allow":["GET"]}}],"collection":[{"href":"https:\/\/www.correiobraziliense.com.br\/cbradar\/wp-json\/wp\/v2\/posts"}],"about":[{"href":"https:\/\/www.correiobraziliense.com.br\/cbradar\/wp-json\/wp\/v2\/types\/post"}],"author":[{"embeddable":true,"href":"https:\/\/www.correiobraziliense.com.br\/cbradar\/wp-json\/wp\/v2\/users\/9"}],"replies":[{"embeddable":true,"href":"https:\/\/www.correiobraziliense.com.br\/cbradar\/wp-json\/wp\/v2\/comments?post=207958"}],"version-history":[{"count":2,"href":"https:\/\/www.correiobraziliense.com.br\/cbradar\/wp-json\/wp\/v2\/posts\/207958\/revisions"}],"predecessor-version":[{"id":208112,"href":"https:\/\/www.correiobraziliense.com.br\/cbradar\/wp-json\/wp\/v2\/posts\/207958\/revisions\/208112"}],"wp:featuredmedia":[{"embeddable":true,"href":"https:\/\/www.correiobraziliense.com.br\/cbradar\/wp-json\/wp\/v2\/media\/176914"}],"wp:attachment":[{"href":"https:\/\/www.correiobraziliense.com.br\/cbradar\/wp-json\/wp\/v2\/media?parent=207958"}],"wp:term":[{"taxonomy":"category","embeddable":true,"href":"https:\/\/www.correiobraziliense.com.br\/cbradar\/wp-json\/wp\/v2\/categories?post=207958"},{"taxonomy":"post_tag","embeddable":true,"href":"https:\/\/www.correiobraziliense.com.br\/cbradar\/wp-json\/wp\/v2\/tags?post=207958"}],"curies":[{"name":"wp","href":"https:\/\/api.w.org\/{rel}","templated":true}]}}