{"id":207976,"date":"2026-03-14T08:45:00","date_gmt":"2026-03-14T11:45:00","guid":{"rendered":"https:\/\/www.correiobraziliense.com.br\/cbradar\/?p=207976"},"modified":"2026-03-13T13:51:13","modified_gmt":"2026-03-13T16:51:13","slug":"a-palavra-da-lingua-portuguesa-que-pode-ser-escrita-com-ou-sem-acento-mas-quase-ninguem-sabe","status":"publish","type":"post","link":"https:\/\/www.correiobraziliense.com.br\/cbradar\/a-palavra-da-lingua-portuguesa-que-pode-ser-escrita-com-ou-sem-acento-mas-quase-ninguem-sabe\/","title":{"rendered":"A palavra da l\u00edngua portuguesa que pode ser escrita com ou sem acento, mas quase ningu\u00e9m sabe"},"content":{"rendered":"\n<p>Dominar as nuances da l\u00edngua portuguesa exige aten\u00e7\u00e3o a detalhes que muitas vezes passam despercebidos at\u00e9 mesmo por escritores experientes. Existe uma palavra extremamente comum no cotidiano brasileiro que possui duas grafias oficiais aceitas, permitindo o uso com ou sem acento t\u00f4nico. Essa flexibilidade ortogr\u00e1fica \u00e9 garantida pela exist\u00eancia das chamadas <strong>formas variantes<\/strong> ou duplas grafias.<\/p>\n\n\n\n<h2 class=\"wp-block-heading\">Xerox ou X\u00e9rox: Qual \u00e9 a forma correta?<\/h2>\n\n\n\n<p>A palavra em quest\u00e3o \u00e9 <strong>Xerox<\/strong> (ou <strong>X\u00e9rox<\/strong>). De acordo com o <strong>Vocabul\u00e1rio Ortogr\u00e1fico da L\u00edngua Portuguesa (VOLP)<\/strong>, ambas as formas s\u00e3o consideradas corretas e est\u00e3o registradas oficialmente. A diferen\u00e7a reside exclusivamente na posi\u00e7\u00e3o da s\u00edlaba t\u00f4nica, o que altera a classifica\u00e7\u00e3o gramatical quanto \u00e0 acentua\u00e7\u00e3o, mas mant\u00e9m o mesmo significado pr\u00e1tico no dia a dia.<\/p>\n\n\n\n<p>Quando escrita sem acento, a palavra \u00e9 pronunciada como uma <strong>ox\u00edtona<\/strong> (xe-ROX), com a for\u00e7a na \u00faltima s\u00edlaba. J\u00e1 a forma acentuada, <strong>X\u00e9rox<\/strong>, \u00e9 classificada como uma <strong>parox\u00edtona<\/strong> terminada em &#8220;x&#8221; (X\u00c9-rox). Essa dualidade ocorre porque o termo, origin\u00e1rio de uma marca comercial, foi incorporado ao idioma de duas maneiras distintas pela fala popular e pela norma culta simultaneamente.<\/p>\n\n\n\n<figure class=\"wp-block-image size-full\"><img decoding=\"async\" width=\"1280\" height=\"720\" src=\"https:\/\/www.correiobraziliense.com.br\/cbradar\/wp-content\/uploads\/2026\/03\/Gemini_Generated_Image_q89i1rq89i1rq89i-1-1.png\" alt=\"A palavra da l\u00edngua portuguesa que pode ser escrita com ou sem acento, mas quase ningu\u00e9m sabe\" class=\"wp-image-208007\" srcset=\"https:\/\/www.correiobraziliense.com.br\/cbradar\/wp-content\/uploads\/2026\/03\/Gemini_Generated_Image_q89i1rq89i1rq89i-1-1.png 1280w, https:\/\/www.correiobraziliense.com.br\/cbradar\/wp-content\/uploads\/2026\/03\/Gemini_Generated_Image_q89i1rq89i1rq89i-1-1-300x169.png 300w, https:\/\/www.correiobraziliense.com.br\/cbradar\/wp-content\/uploads\/2026\/03\/Gemini_Generated_Image_q89i1rq89i1rq89i-1-1-768x432.png 768w, https:\/\/www.correiobraziliense.com.br\/cbradar\/wp-content\/uploads\/2026\/03\/Gemini_Generated_Image_q89i1rq89i1rq89i-1-1-750x422.png 750w, https:\/\/www.correiobraziliense.com.br\/cbradar\/wp-content\/uploads\/2026\/03\/Gemini_Generated_Image_q89i1rq89i1rq89i-1-1-1140x641.png 1140w\" sizes=\"(max-width: 1280px) 100vw, 1280px\" \/><figcaption class=\"wp-element-caption\">Uma palavra comum do portugu\u00eas possui duas formas de escrita aceitas oficialmente pela gram\u00e1tica<\/figcaption><\/figure>\n\n\n\n<h2 class=\"wp-block-heading\">Por que a gram\u00e1tica permite essas duas vers\u00f5es?<\/h2>\n\n\n\n<p>A l\u00edngua portuguesa \u00e9 viva e se adapta ao uso constante dos falantes ao longo das d\u00e9cadas. No caso das parox\u00edtonas terminadas em &#8220;x&#8221; (como t\u00f3rax ou f\u00eanix), a regra de acentua\u00e7\u00e3o \u00e9 obrigat\u00f3ria. Entretanto, como &#8220;Xerox&#8221; tamb\u00e9m \u00e9 amplamente pronunciada como ox\u00edtona no Brasil, a <strong>Academia Brasileira de Letras<\/strong> optou por oficializar as duas pron\u00fancias para evitar diverg\u00eancias desnecess\u00e1rias entre a fala e a escrita.<\/p>\n\n\n\n<p>Para que voc\u00ea compreenda as sutilezas entre as formas parox\u00edtonas e ox\u00edtonas aceitas oficialmente e evite qualquer d\u00favida durante a produ\u00e7\u00e3o de seus textos, examine atentamente os pontos apresentados a seguir:<\/p>\n\n\n\n<ul class=\"wp-block-list\">\n<li><strong>Xerox:<\/strong> Pron\u00fancia ox\u00edtona (xe-ROX), sem necessidade de acento gr\u00e1fico.<\/li>\n\n\n\n<li><strong>X\u00e9rox:<\/strong> Pron\u00fancia parox\u00edtona (X\u00c9-rox), exigindo o acento agudo no &#8220;e&#8221;.<\/li>\n\n\n\n<li><strong>Plural:<\/strong> Ambas as formas s\u00e3o invari\u00e1veis no plural (as xerox \/ as x\u00e9rox).<\/li>\n\n\n\n<li><strong>Uso:<\/strong> Ambas possuem o mesmo valor sem\u00e2ntico e jur\u00eddico em documentos.<\/li>\n<\/ul>\n\n\n\n<h2 class=\"wp-block-heading\">Existem outras palavras com &#8220;dupla personalidade&#8221; na escrita?<\/h2>\n\n\n\n<p>O fen\u00f4meno das duplas grafias n\u00e3o se restringe apenas ao termo xerox. Existem outras palavras, conhecidas como <strong>d\u00faplices<\/strong>, que admitem acentua\u00e7\u00f5es diferentes dependendo da regi\u00e3o ou da prefer\u00eancia do escritor, sem que nenhuma delas seja considerada errada. Esse \u00e9 um recurso valioso para garantir a fluidez do texto sem ferir as normas vigentes do acordo ortogr\u00e1fico atual.<\/p>\n\n\n\n<p>Palavras como <strong>proj\u00e9til<\/strong> (parox\u00edtona) e <strong>projetil<\/strong> (ox\u00edtona), ou <strong>r\u00e9ptil<\/strong> e <strong>reptil<\/strong>, seguem essa mesma l\u00f3gica de liberdade lingu\u00edstica. Conhecer essas varia\u00e7\u00f5es demonstra um dom\u00ednio profundo do idioma e permite que voc\u00ea escolha a sonoridade que melhor se adapta ao ritmo do seu par\u00e1grafo. <strong>A eleg\u00e2ncia na escrita<\/strong> muitas vezes reside em saber que a gram\u00e1tica oferece caminhos alternativos e igualmente corretos para a express\u00e3o das ideias.<\/p>\n\n\n\n<p>No v\u00eddeo abaixo do TikTok <strong><em>Professornoslen<\/em><\/strong>, que conta com mais de <strong><em>945 mil <\/em><\/strong>seguidores, ele explica a palavra que usa com e sem acento:<\/p>\n\n\n\n<blockquote class=\"tiktok-embed\" cite=\"https:\/\/www.tiktok.com\/@professornoslen\/video\/7556395658853289228\" data-video-id=\"7556395658853289228\" style=\"max-width: 605px;min-width: 325px;\" > <section> <a target=\"_blank\" title=\"@professornoslen\" href=\"https:\/\/www.tiktok.com\/@professornoslen?refer=embed\">@professornoslen<\/a> Voc\u00ea sabia que a diferen\u00e7a entre coc# e coco est\u00e1 em um detalhe pequenininho: o acento? \u27a1\ufe0f \ud83d\udca9 (com acento) \u00e9 o que voc\u00ea est\u00e1 pensando. \u27a1\ufe0f Coco (sem acento) \u00e9 a fruta deliciosa que a gente encontra na praia \ud83e\udd65. E a outra palavra do v\u00eddeo tem acento ou n\u00e3o tem? \ud83d\ude1c <a title=\"portugu\u00eas\" target=\"_blank\" href=\"https:\/\/www.tiktok.com\/tag\/portugu%C3%AAs?refer=embed\">#portugu\u00eas<\/a> <a title=\"l\u00ednguaportuguesa\" target=\"_blank\" href=\"https:\/\/www.tiktok.com\/tag\/l%C3%ADnguaportuguesa?refer=embed\">#l\u00ednguaportuguesa<\/a> <a title=\"dicasdeportugu\u00eas\" target=\"_blank\" href=\"https:\/\/www.tiktok.com\/tag\/dicasdeportugu%C3%AAs?refer=embed\">#dicasdeportugu\u00eas<\/a> <a title=\"concurso\" target=\"_blank\" href=\"https:\/\/www.tiktok.com\/tag\/concurso?refer=embed\">#concurso<\/a> <a title=\"enem\" target=\"_blank\" href=\"https:\/\/www.tiktok.com\/tag\/enem?refer=embed\">#enem<\/a> <a target=\"_blank\" title=\"\u266c som original - professornoslen\" href=\"https:\/\/www.tiktok.com\/music\/som-original-7556395681234062136?refer=embed\">\u266c som original &#8211; professornoslen<\/a> <\/section> <\/blockquote> <script async src=\"https:\/\/www.tiktok.com\/embed.js\"><\/script>\n\n\n\n<p>Leia tamb\u00e9m: <a href=\"https:\/\/www.correiobraziliense.com.br\/cbradar\/a-palavra-que-nao-leva-hifen-e-muita-gente-ainda-escreve-errado\/\" target=\"_blank\" rel=\"noreferrer noopener\">A palavra que n\u00e3o leva h\u00edfen e muita gente ainda escreve errado<\/a><\/p>\n\n\n\n<h2 class=\"wp-block-heading\">Onde consultar a validade de uma palavra oficialmente?<\/h2>\n\n\n\n<p>Para garantir que sua escrita esteja sempre alinhada com as diretrizes mais recentes, \u00e9 fundamental utilizar fontes de autoridade reconhecidas. A <strong>Academia Brasileira de Letras<\/strong> \u00e9 o \u00f3rg\u00e3o respons\u00e1vel por gerir o vocabul\u00e1rio oficial, garantindo a unidade do portugu\u00eas falado no territ\u00f3rio nacional. Consultar essas bases de dados protege sua credibilidade e assegura o rigor t\u00e9cnico necess\u00e1rio para produ\u00e7\u00f5es de alta qualidade hoje.<\/p>\n\n\n\n<p>Sempre que surgir uma d\u00favida sobre a grafia de termos t\u00e9cnicos ou estrangeirismos aportuguesados, voc\u00ea deve recorrer ao portal oficial da <strong><a target=\"_blank\" rel=\"noreferrer noopener\" href=\"https:\/\/www.academia.org.br\/nossa-lingua\/busca-no-vocabulario\">Academia Brasileira de Letras<\/a><\/strong>. O <strong>VOLP<\/strong> \u00e9 a ferramenta definitiva para validar a exist\u00eancia de formas variantes e garantir que seus textos possuam <strong>m\u00e1xima precis\u00e3o e autoridade gramatical<\/strong> em qualquer contexto profissional ou acad\u00eamico.<\/p>\n","protected":false},"excerpt":{"rendered":"<p>Dominar as nuances da l\u00edngua portuguesa exige aten\u00e7\u00e3o a detalhes que muitas vezes passam despercebidos at\u00e9 mesmo por escritores experientes. Existe uma palavra extremamente comum no cotidiano brasileiro que possui duas grafias oficiais aceitas, permitindo o uso com ou sem acento t\u00f4nico. Essa flexibilidade ortogr\u00e1fica \u00e9 garantida pela exist\u00eancia das chamadas formas variantes ou duplas [&hellip;]<\/p>\n","protected":false},"author":21,"featured_media":207990,"comment_status":"open","ping_status":"open","sticky":false,"template":"","format":"standard","meta":{"_yoast_wpseo_focuskw":"xerox ou x\u00e9rox","_yoast_wpseo_title":"","_yoast_wpseo_metadesc":"Uma d\u00favida comum da l\u00edngua portuguesa envolve uma palavra muito usada no cotidiano e uma curiosidade surpreendente sobre sua escrita correta","jnews-multi-image_gallery":[],"jnews_single_post":{"format":"standard"},"jnews_primary_category":[],"jnews_social_meta":[],"jnews_override_counter":[],"footnotes":""},"categories":[112],"tags":[12861,10902,3272,6081],"class_list":["post-207976","post","type-post","status-publish","format-standard","has-post-thumbnail","hentry","category-curiosidades","tag-acento","tag-lingua-portuguesa","tag-palavra","tag-portugues"],"yoast_head":"<!-- This site is optimized with the Yoast SEO plugin v24.6 - https:\/\/yoast.com\/wordpress\/plugins\/seo\/ -->\n<title>A palavra da l\u00edngua portuguesa que pode ser escrita com ou sem acento, mas quase ningu\u00e9m sabe - Correio Braziliense - Radar<\/title>\n<meta name=\"description\" content=\"Uma d\u00favida comum da l\u00edngua portuguesa envolve uma palavra muito usada no cotidiano e uma curiosidade surpreendente sobre sua escrita correta\" \/>\n<meta name=\"robots\" content=\"index, follow, max-snippet:-1, max-image-preview:large, max-video-preview:-1\" \/>\n<link rel=\"canonical\" href=\"https:\/\/www.correiobraziliense.com.br\/cbradar\/a-palavra-da-lingua-portuguesa-que-pode-ser-escrita-com-ou-sem-acento-mas-quase-ninguem-sabe\/\" \/>\n<meta property=\"og:locale\" content=\"pt_BR\" \/>\n<meta property=\"og:type\" content=\"article\" \/>\n<meta property=\"og:title\" content=\"A palavra da l\u00edngua portuguesa que pode ser escrita com ou sem acento, mas quase ningu\u00e9m sabe - Correio Braziliense - Radar\" \/>\n<meta property=\"og:description\" content=\"Uma d\u00favida comum da l\u00edngua portuguesa envolve uma palavra muito usada no cotidiano e uma curiosidade surpreendente sobre sua escrita correta\" \/>\n<meta property=\"og:url\" content=\"https:\/\/www.correiobraziliense.com.br\/cbradar\/a-palavra-da-lingua-portuguesa-que-pode-ser-escrita-com-ou-sem-acento-mas-quase-ninguem-sabe\/\" \/>\n<meta property=\"og:site_name\" content=\"Correio Braziliense - Radar\" \/>\n<meta property=\"article:published_time\" content=\"2026-03-14T11:45:00+00:00\" \/>\n<meta property=\"og:image\" content=\"https:\/\/www.correiobraziliense.com.br\/cbradar\/wp-content\/uploads\/2026\/03\/Gemini_Generated_Image_jfq5e3jfq5e3jfq5-1-1.png\" \/>\n\t<meta property=\"og:image:width\" content=\"1280\" \/>\n\t<meta property=\"og:image:height\" content=\"720\" \/>\n\t<meta property=\"og:image:type\" content=\"image\/png\" \/>\n<meta name=\"author\" content=\"Patrick Silva\" \/>\n<meta name=\"twitter:card\" content=\"summary_large_image\" \/>\n<meta name=\"twitter:label1\" content=\"Escrito por\" \/>\n\t<meta name=\"twitter:data1\" content=\"Patrick Silva\" \/>\n\t<meta name=\"twitter:label2\" content=\"Est. tempo de leitura\" \/>\n\t<meta name=\"twitter:data2\" content=\"4 minutos\" \/>\n<!-- \/ Yoast SEO plugin. -->","yoast_head_json":{"title":"A palavra da l\u00edngua portuguesa que pode ser escrita com ou sem acento, mas quase ningu\u00e9m sabe - Correio Braziliense - Radar","description":"Uma d\u00favida comum da l\u00edngua portuguesa envolve uma palavra muito usada no cotidiano e uma curiosidade surpreendente sobre sua escrita correta","robots":{"index":"index","follow":"follow","max-snippet":"max-snippet:-1","max-image-preview":"max-image-preview:large","max-video-preview":"max-video-preview:-1"},"canonical":"https:\/\/www.correiobraziliense.com.br\/cbradar\/a-palavra-da-lingua-portuguesa-que-pode-ser-escrita-com-ou-sem-acento-mas-quase-ninguem-sabe\/","og_locale":"pt_BR","og_type":"article","og_title":"A palavra da l\u00edngua portuguesa que pode ser escrita com ou sem acento, mas quase ningu\u00e9m sabe - Correio Braziliense - Radar","og_description":"Uma d\u00favida comum da l\u00edngua portuguesa envolve uma palavra muito usada no cotidiano e uma curiosidade surpreendente sobre sua escrita correta","og_url":"https:\/\/www.correiobraziliense.com.br\/cbradar\/a-palavra-da-lingua-portuguesa-que-pode-ser-escrita-com-ou-sem-acento-mas-quase-ninguem-sabe\/","og_site_name":"Correio Braziliense - Radar","article_published_time":"2026-03-14T11:45:00+00:00","og_image":[{"width":1280,"height":720,"url":"https:\/\/www.correiobraziliense.com.br\/cbradar\/wp-content\/uploads\/2026\/03\/Gemini_Generated_Image_jfq5e3jfq5e3jfq5-1-1.png","type":"image\/png"}],"author":"Patrick Silva","twitter_card":"summary_large_image","twitter_misc":{"Escrito por":"Patrick Silva","Est. tempo de leitura":"4 minutos"},"schema":{"@context":"https:\/\/schema.org","@graph":[{"@type":"WebPage","@id":"https:\/\/www.correiobraziliense.com.br\/cbradar\/a-palavra-da-lingua-portuguesa-que-pode-ser-escrita-com-ou-sem-acento-mas-quase-ninguem-sabe\/","url":"https:\/\/www.correiobraziliense.com.br\/cbradar\/a-palavra-da-lingua-portuguesa-que-pode-ser-escrita-com-ou-sem-acento-mas-quase-ninguem-sabe\/","name":"A palavra da l\u00edngua portuguesa que pode ser escrita com ou sem acento, mas quase ningu\u00e9m sabe - Correio Braziliense - Radar","isPartOf":{"@id":"https:\/\/www.correiobraziliense.com.br\/cbradar\/#website"},"primaryImageOfPage":{"@id":"https:\/\/www.correiobraziliense.com.br\/cbradar\/a-palavra-da-lingua-portuguesa-que-pode-ser-escrita-com-ou-sem-acento-mas-quase-ninguem-sabe\/#primaryimage"},"image":{"@id":"https:\/\/www.correiobraziliense.com.br\/cbradar\/a-palavra-da-lingua-portuguesa-que-pode-ser-escrita-com-ou-sem-acento-mas-quase-ninguem-sabe\/#primaryimage"},"thumbnailUrl":"https:\/\/www.correiobraziliense.com.br\/cbradar\/wp-content\/uploads\/2026\/03\/Gemini_Generated_Image_jfq5e3jfq5e3jfq5-1-1.png","datePublished":"2026-03-14T11:45:00+00:00","author":{"@id":"https:\/\/www.correiobraziliense.com.br\/cbradar\/#\/schema\/person\/5440b72be9c7eb74f446c846479dc4da"},"description":"Uma d\u00favida comum da l\u00edngua portuguesa envolve uma palavra muito usada no cotidiano e uma curiosidade surpreendente sobre sua escrita correta","breadcrumb":{"@id":"https:\/\/www.correiobraziliense.com.br\/cbradar\/a-palavra-da-lingua-portuguesa-que-pode-ser-escrita-com-ou-sem-acento-mas-quase-ninguem-sabe\/#breadcrumb"},"inLanguage":"pt-BR","potentialAction":[{"@type":"ReadAction","target":["https:\/\/www.correiobraziliense.com.br\/cbradar\/a-palavra-da-lingua-portuguesa-que-pode-ser-escrita-com-ou-sem-acento-mas-quase-ninguem-sabe\/"]}]},{"@type":"ImageObject","inLanguage":"pt-BR","@id":"https:\/\/www.correiobraziliense.com.br\/cbradar\/a-palavra-da-lingua-portuguesa-que-pode-ser-escrita-com-ou-sem-acento-mas-quase-ninguem-sabe\/#primaryimage","url":"https:\/\/www.correiobraziliense.com.br\/cbradar\/wp-content\/uploads\/2026\/03\/Gemini_Generated_Image_jfq5e3jfq5e3jfq5-1-1.png","contentUrl":"https:\/\/www.correiobraziliense.com.br\/cbradar\/wp-content\/uploads\/2026\/03\/Gemini_Generated_Image_jfq5e3jfq5e3jfq5-1-1.png","width":1280,"height":720,"caption":"Uma palavra comum do portugu\u00eas possui duas formas de escrita aceitas oficialmente pela gram\u00e1tica"},{"@type":"BreadcrumbList","@id":"https:\/\/www.correiobraziliense.com.br\/cbradar\/a-palavra-da-lingua-portuguesa-que-pode-ser-escrita-com-ou-sem-acento-mas-quase-ninguem-sabe\/#breadcrumb","itemListElement":[{"@type":"ListItem","position":1,"name":"In\u00edcio","item":"https:\/\/www.correiobraziliense.com.br\/cbradar\/"},{"@type":"ListItem","position":2,"name":"A palavra da l\u00edngua portuguesa que pode ser escrita com ou sem acento, mas quase ningu\u00e9m sabe"}]},{"@type":"WebSite","@id":"https:\/\/www.correiobraziliense.com.br\/cbradar\/#website","url":"https:\/\/www.correiobraziliense.com.br\/cbradar\/","name":"Correio Braziliense - Radar","description":"Acompanhe as \u00faltimas not\u00edcias e fique bem informado sobre tudo o que acontece no Brasil e no mundo.","potentialAction":[{"@type":"SearchAction","target":{"@type":"EntryPoint","urlTemplate":"https:\/\/www.correiobraziliense.com.br\/cbradar\/?s={search_term_string}"},"query-input":{"@type":"PropertyValueSpecification","valueRequired":true,"valueName":"search_term_string"}}],"inLanguage":"pt-BR"},{"@type":"Person","@id":"https:\/\/www.correiobraziliense.com.br\/cbradar\/#\/schema\/person\/5440b72be9c7eb74f446c846479dc4da","name":"Patrick Silva","image":{"@type":"ImageObject","inLanguage":"pt-BR","@id":"https:\/\/www.correiobraziliense.com.br\/cbradar\/#\/schema\/person\/image\/","url":"https:\/\/secure.gravatar.com\/avatar\/944109df296fc087785c9715fd5f80b2?s=96&d=mm&r=g","contentUrl":"https:\/\/secure.gravatar.com\/avatar\/944109df296fc087785c9715fd5f80b2?s=96&d=mm&r=g","caption":"Patrick Silva"},"sameAs":["https:\/\/www.correiobraziliense.com.br\/cbradar\/"],"url":"https:\/\/www.correiobraziliense.com.br\/cbradar\/author\/patrick-silva\/"}]}},"_links":{"self":[{"href":"https:\/\/www.correiobraziliense.com.br\/cbradar\/wp-json\/wp\/v2\/posts\/207976","targetHints":{"allow":["GET"]}}],"collection":[{"href":"https:\/\/www.correiobraziliense.com.br\/cbradar\/wp-json\/wp\/v2\/posts"}],"about":[{"href":"https:\/\/www.correiobraziliense.com.br\/cbradar\/wp-json\/wp\/v2\/types\/post"}],"author":[{"embeddable":true,"href":"https:\/\/www.correiobraziliense.com.br\/cbradar\/wp-json\/wp\/v2\/users\/21"}],"replies":[{"embeddable":true,"href":"https:\/\/www.correiobraziliense.com.br\/cbradar\/wp-json\/wp\/v2\/comments?post=207976"}],"version-history":[{"count":3,"href":"https:\/\/www.correiobraziliense.com.br\/cbradar\/wp-json\/wp\/v2\/posts\/207976\/revisions"}],"predecessor-version":[{"id":208009,"href":"https:\/\/www.correiobraziliense.com.br\/cbradar\/wp-json\/wp\/v2\/posts\/207976\/revisions\/208009"}],"wp:featuredmedia":[{"embeddable":true,"href":"https:\/\/www.correiobraziliense.com.br\/cbradar\/wp-json\/wp\/v2\/media\/207990"}],"wp:attachment":[{"href":"https:\/\/www.correiobraziliense.com.br\/cbradar\/wp-json\/wp\/v2\/media?parent=207976"}],"wp:term":[{"taxonomy":"category","embeddable":true,"href":"https:\/\/www.correiobraziliense.com.br\/cbradar\/wp-json\/wp\/v2\/categories?post=207976"},{"taxonomy":"post_tag","embeddable":true,"href":"https:\/\/www.correiobraziliense.com.br\/cbradar\/wp-json\/wp\/v2\/tags?post=207976"}],"curies":[{"name":"wp","href":"https:\/\/api.w.org\/{rel}","templated":true}]}}