{"id":207977,"date":"2026-03-14T15:15:00","date_gmt":"2026-03-14T18:15:00","guid":{"rendered":"https:\/\/www.correiobraziliense.com.br\/cbradar\/?p=207977"},"modified":"2026-03-13T13:51:08","modified_gmt":"2026-03-13T16:51:08","slug":"a-palavra-do-portugues-que-muitos-escrevem-com-x-mas-o-correto-e-com-ch","status":"publish","type":"post","link":"https:\/\/www.correiobraziliense.com.br\/cbradar\/a-palavra-do-portugues-que-muitos-escrevem-com-x-mas-o-correto-e-com-ch\/","title":{"rendered":"A palavra do portugu\u00eas que muitos escrevem com \u201cX\u201d, mas o correto \u00e9 com \u201cCH\u201d"},"content":{"rendered":"\n<p>Muitas palavras da l\u00edngua portuguesa possuem uma sonoridade id\u00eantica, mas grafias que seguem regras etimol\u00f3gicas distintas. Um dos erros mais persistentes ocorre com termos que utilizam o d\u00edgrafo <strong>&#8220;CH&#8221;<\/strong>, mas que, por influ\u00eancia visual ou confus\u00e3o com outras regras, acabam sendo escritos com a letra <strong>&#8220;X&#8221;<\/strong>. Dominar essas diferen\u00e7as \u00e9 essencial para manter a autoridade t\u00e9cnica em qualquer produ\u00e7\u00e3o textual.<\/p>\n\n\n\n<h2 class=\"wp-block-heading\">Chuchu ou Xuxu: O erro que nasceu na fala popular<\/h2>\n\n\n\n<p>A palavra que lidera o ranking de confus\u00f5es ortogr\u00e1ficas nesse cen\u00e1rio \u00e9 <strong>chuchu<\/strong>. Embora seja muito comum encontrar a grafia &#8220;xuxu&#8221; em card\u00e1pios, feiras e at\u00e9 em mensagens informais (muitas vezes por influ\u00eancia do apelido de personalidades famosas), a norma culta \u00e9 rigorosa: a palavra deve ser escrita exclusivamente com <strong>&#8220;CH&#8221;<\/strong>.<\/p>\n\n\n\n<p>A origem do termo vem do franc\u00eas <em>chouchou<\/em>, o que justifica a manuten\u00e7\u00e3o do d\u00edgrafo na nossa l\u00edngua. Escrever com &#8220;X&#8221; \u00e9 considerado um erro gramatical que pode comprometer a credibilidade de um texto profissional ou acad\u00eamico. Manter a aten\u00e7\u00e3o a esse detalhe demonstra um cuidado especial com a precis\u00e3o do vocabul\u00e1rio oficial brasileiro hoje.<\/p>\n\n\n\n<figure class=\"wp-block-image size-full\"><img decoding=\"async\" width=\"1280\" height=\"720\" src=\"https:\/\/www.correiobraziliense.com.br\/cbradar\/wp-content\/uploads\/2026\/03\/Gemini_Generated_Image_fz36pjfz36pjfz36-1-1.png\" alt=\"A palavra do portugu\u00eas que muitos escrevem com \u201cX\u201d, mas o correto \u00e9 com \u201cCH\u201d\" class=\"wp-image-208014\" srcset=\"https:\/\/www.correiobraziliense.com.br\/cbradar\/wp-content\/uploads\/2026\/03\/Gemini_Generated_Image_fz36pjfz36pjfz36-1-1.png 1280w, https:\/\/www.correiobraziliense.com.br\/cbradar\/wp-content\/uploads\/2026\/03\/Gemini_Generated_Image_fz36pjfz36pjfz36-1-1-300x169.png 300w, https:\/\/www.correiobraziliense.com.br\/cbradar\/wp-content\/uploads\/2026\/03\/Gemini_Generated_Image_fz36pjfz36pjfz36-1-1-768x432.png 768w, https:\/\/www.correiobraziliense.com.br\/cbradar\/wp-content\/uploads\/2026\/03\/Gemini_Generated_Image_fz36pjfz36pjfz36-1-1-750x422.png 750w, https:\/\/www.correiobraziliense.com.br\/cbradar\/wp-content\/uploads\/2026\/03\/Gemini_Generated_Image_fz36pjfz36pjfz36-1-1-1140x641.png 1140w\" sizes=\"(max-width: 1280px) 100vw, 1280px\" \/><figcaption class=\"wp-element-caption\">Confus\u00e3o entre CH e X provoca erros frequentes em palavras comuns da l\u00edngua portuguesa<\/figcaption><\/figure>\n\n\n\n<h2 class=\"wp-block-heading\">Por que pichar \u00e9 com &#8220;CH&#8221; e n\u00e3o com &#8220;X&#8221;?<\/h2>\n\n\n\n<p>Outro exemplo cl\u00e1ssico de erro recorrente \u00e9 o verbo <strong>pichar<\/strong>. Devido \u00e0 populariza\u00e7\u00e3o do termo &#8220;pixa\u00e7\u00e3o&#8221; no universo do grafite e das interven\u00e7\u00f5es urbanas, muitas pessoas acreditam que a forma correta envolve a letra &#8220;X&#8221;. No entanto, a palavra deriva de &#8220;piche&#8221; (subst\u00e2ncia negra e viscosa), que obrigatoriamente utiliza o d\u00edgrafo <strong>&#8220;CH&#8221;<\/strong>.<\/p>\n\n\n\n<p>A confus\u00e3o ocorre porque existe uma tend\u00eancia visual em associar letras como o &#8220;X&#8221; a termos considerados modernos ou transgressores. Contudo, para o <strong>Vocabul\u00e1rio Ortogr\u00e1fico da L\u00edngua Portuguesa (VOLP)<\/strong>, a \u00fanica forma aceita \u00e9 o uso do &#8220;CH&#8221;. <strong>Respeitar a etimologia da palavra<\/strong> \u00e9 o caminho mais seguro para quem deseja produzir conte\u00fados com rigor lingu\u00edstico e clareza t\u00e9cnica.<\/p>\n\n\n\n<h2 class=\"wp-block-heading\">Outras palavras que enganam o olhar do escritor<\/h2>\n\n\n\n<p>Existem termos que, pela proximidade com outras palavras que usam &#8220;X&#8221;, acabam induzindo o escritor ao erro por analogia. Palavras como <strong>salsicha<\/strong> e <strong>bochecha<\/strong> s\u00e3o frequentemente v\u00edtimas dessa troca, mesmo possuindo estruturas fon\u00e9ticas que n\u00e3o justificam o uso da letra &#8220;X&#8221; segundo as regras gramaticais vigentes no territ\u00f3rio nacional.<\/p>\n\n\n\n<p>Para facilitar sua memoriza\u00e7\u00e3o e garantir que sua produ\u00e7\u00e3o textual esteja alinhada com as normas cultas, protegendo sua autoridade como redator, observe atentamente os exemplos seguintes:<\/p>\n\n\n\n<ul class=\"wp-block-list\">\n<li><strong>Salsicha<\/strong> (nunca &#8220;salsixa&#8221;).<\/li>\n\n\n\n<li><strong>Bochecha<\/strong> (nunca &#8220;boxexa&#8221;).<\/li>\n\n\n\n<li><strong>Chuma\u00e7o<\/strong> (nunca &#8220;xuma\u00e7o&#8221;).<\/li>\n\n\n\n<li><strong>Ficha<\/strong> (nunca &#8220;fixa&#8221; \u2014 exceto quando se refere ao adjetivo de algo que est\u00e1 fixo).<\/li>\n\n\n\n<li><strong>Fachada<\/strong> (nunca &#8220;faxada&#8221;).<\/li>\n<\/ul>\n\n\n\n<h2 class=\"wp-block-heading\">Existe uma regra para saber quando usar &#8220;CH&#8221;?<\/h2>\n\n\n\n<p>Diferente do uso do &#8220;X&#8221; ap\u00f3s ditongos (como em <em>caixa<\/em> ou <em>peixe<\/em>), o uso do <strong>&#8220;CH&#8221;<\/strong> n\u00e3o possui uma regra \u00fanica e universal, dependendo majoritariamente da origem da palavra (latim, franc\u00eas ou outras l\u00ednguas). Por isso, a consulta frequente a dicion\u00e1rios e ao vocabul\u00e1rio oficial \u00e9 a estrat\u00e9gia mais eficiente para evitar equ\u00edvocos.<\/p>\n\n\n\n<p>A <strong>Academia Brasileira de Letras<\/strong> refor\u00e7a que o h\u00e1bito da leitura \u00e9 a melhor ferramenta para fixar essas grafias complexas. Quando voc\u00ea visualiza a palavra escrita corretamente de forma repetida, o c\u00e9rebro automatiza o processo, reduzindo as chances de cometer erros por distra\u00e7\u00e3o. Manter o rigor na escrita \u00e9 um diferencial competitivo fundamental no mercado de trabalho atual e competitivo.<\/p>\n\n\n\n<p>No v\u00eddeo abaixo do TikTok <strong><em>Profpaulinhokuririn<\/em><\/strong>, que conta com mais de <strong><em>202 mil <\/em><\/strong>seguidores, ele explica em 1 minuto como usar o CH e o X:<\/p>\n\n\n\n<blockquote class=\"tiktok-embed\" cite=\"https:\/\/www.tiktok.com\/@profpaulinhokuririn\/video\/7361790724687383814\" data-video-id=\"7361790724687383814\" style=\"max-width: 605px;min-width: 325px;\" > <section> <a target=\"_blank\" title=\"@profpaulinhokuririn\" href=\"https:\/\/www.tiktok.com\/@profpaulinhokuririn?refer=embed\">@profpaulinhokuririn<\/a> E a\u00ed, gostou? Voc\u00ea sabia? Ent\u00e3o curta, comente, compartilhe e salve. Pega o bizu! \u00c9 tudo nosso, nada deles! Somos <a title=\"teamkuririn\" target=\"_blank\" href=\"https:\/\/www.tiktok.com\/tag\/teamkuririn?refer=embed\">#TeamKuririn<\/a> <a title=\"aprovakuririn\" target=\"_blank\" href=\"https:\/\/www.tiktok.com\/tag\/aprovakuririn?refer=embed\">#AprovaKuririn<\/a> <a title=\"colecionadordeaprova\u00e7\u00f5es\" target=\"_blank\" href=\"https:\/\/www.tiktok.com\/tag\/colecionadordeaprova%C3%A7%C3%B5es?refer=embed\">#ColecionadorDeAprova\u00e7\u00f5es<\/a> Professor de reda\u00e7\u00e3o que mais aprova no Brasil <a title=\"racioc\u00ednio\" target=\"_blank\" href=\"https:\/\/www.tiktok.com\/tag\/racioc%C3%ADnio?refer=embed\">#racioc\u00ednio<\/a> <a title=\"sabia\" target=\"_blank\" href=\"https:\/\/www.tiktok.com\/tag\/sabia?refer=embed\">#sabia<\/a> <a title=\"concursos\" target=\"_blank\" href=\"https:\/\/www.tiktok.com\/tag\/concursos?refer=embed\">#concursos<\/a> <a title=\"enem\" target=\"_blank\" href=\"https:\/\/www.tiktok.com\/tag\/enem?refer=embed\">#enem<\/a> <a title=\"reda\u00e7\u00e3o\" target=\"_blank\" href=\"https:\/\/www.tiktok.com\/tag\/reda%C3%A7%C3%A3o?refer=embed\">#reda\u00e7\u00e3o<\/a> <a title=\"portugu\u00eas\" target=\"_blank\" href=\"https:\/\/www.tiktok.com\/tag\/portugu%C3%AAs?refer=embed\">#portugu\u00eas<\/a> <a title=\"dicas\" target=\"_blank\" href=\"https:\/\/www.tiktok.com\/tag\/dicas?refer=embed\">#dicas<\/a> <a title=\"video\" target=\"_blank\" href=\"https:\/\/www.tiktok.com\/tag\/video?refer=embed\">#video<\/a> <a title=\"text\" target=\"_blank\" href=\"https:\/\/www.tiktok.com\/tag\/text?refer=embed\">#text<\/a> <a title=\"textos\" target=\"_blank\" href=\"https:\/\/www.tiktok.com\/tag\/textos?refer=embed\">#textos<\/a> <a target=\"_blank\" title=\"\u266c som original - ProfPaulinhoKuririn\" href=\"https:\/\/www.tiktok.com\/music\/som-original-7361790811266173701?refer=embed\">\u266c som original &#8211; ProfPaulinhoKuririn<\/a> <\/section> <\/blockquote> <script async src=\"https:\/\/www.tiktok.com\/embed.js\"><\/script>\n\n\n\n<p>Leia tamb\u00e9m: <a href=\"https:\/\/www.correiobraziliense.com.br\/cbradar\/a-palavra-que-nao-leva-hifen-e-muita-gente-ainda-escreve-errado\/\" target=\"_blank\" rel=\"noreferrer noopener\">A palavra que n\u00e3o leva h\u00edfen e muita gente ainda escreve errado<\/a><\/p>\n\n\n\n<h2 class=\"wp-block-heading\">Como validar a grafia oficial rapidamente?<\/h2>\n\n\n\n<p>Sempre que houver d\u00favida entre o uso de &#8220;CH&#8221; ou &#8220;X&#8221;, a fonte definitiva de consulta deve ser o <strong>Vocabul\u00e1rio Ortogr\u00e1fico da L\u00edngua Portuguesa<\/strong>. Este recurso \u00e9 gerido pelas autoridades lingu\u00edsticas do pa\u00eds e reflete todas as atualiza\u00e7\u00f5es do Acordo Ortogr\u00e1fico vigente. Consultar bases oficiais garante que sua decis\u00e3o seja baseada em fatos gramaticais e n\u00e3o em suposi\u00e7\u00f5es populares.<\/p>\n\n\n\n<p>Para verificar a grafia de qualquer termo t\u00e9cnico ou comum e assegurar a precis\u00e3o do seu texto, voc\u00ea deve acessar o portal oficial da <strong><a target=\"_blank\" rel=\"noreferrer noopener\" href=\"https:\/\/www.academia.org.br\/nossa-lingua\/busca-no-vocabulario\">Academia Brasileira de Letras<\/a><\/strong>. O uso do <strong>VOLP<\/strong> \u00e9 o padr\u00e3o de excel\u00eancia para quem busca produzir conte\u00fados com <strong>m\u00e1xima qualidade e credibilidade gramatical<\/strong> em qualquer plataforma de comunica\u00e7\u00e3o hoje.<\/p>\n","protected":false},"excerpt":{"rendered":"<p>Muitas palavras da l\u00edngua portuguesa possuem uma sonoridade id\u00eantica, mas grafias que seguem regras etimol\u00f3gicas distintas. Um dos erros mais persistentes ocorre com termos que utilizam o d\u00edgrafo &#8220;CH&#8221;, mas que, por influ\u00eancia visual ou confus\u00e3o com outras regras, acabam sendo escritos com a letra &#8220;X&#8221;. Dominar essas diferen\u00e7as \u00e9 essencial para manter a autoridade [&hellip;]<\/p>\n","protected":false},"author":21,"featured_media":208000,"comment_status":"open","ping_status":"open","sticky":false,"template":"","format":"standard","meta":{"_yoast_wpseo_focuskw":"chuchu ou xuxu","_yoast_wpseo_title":"","_yoast_wpseo_metadesc":"Um erro de ortografia muito comum envolve palavras com som id\u00eantico, mas escritas de formas diferentes, causando d\u00favidas frequentes","jnews-multi-image_gallery":[],"jnews_single_post":{"format":"standard"},"jnews_primary_category":[],"jnews_social_meta":[],"jnews_override_counter":[],"footnotes":""},"categories":[112],"tags":[13378,10902,3272,6081],"class_list":["post-207977","post","type-post","status-publish","format-standard","has-post-thumbnail","hentry","category-curiosidades","tag-correcao","tag-lingua-portuguesa","tag-palavra","tag-portugues"],"yoast_head":"<!-- This site is optimized with the Yoast SEO plugin v24.6 - https:\/\/yoast.com\/wordpress\/plugins\/seo\/ -->\n<title>A palavra do portugu\u00eas que muitos escrevem com \u201cX\u201d, mas o correto \u00e9 com \u201cCH\u201d - Correio Braziliense - Radar<\/title>\n<meta name=\"description\" content=\"Um erro de ortografia muito comum envolve palavras com som id\u00eantico, mas escritas de formas diferentes, causando d\u00favidas frequentes\" \/>\n<meta name=\"robots\" content=\"index, follow, max-snippet:-1, max-image-preview:large, max-video-preview:-1\" \/>\n<link rel=\"canonical\" href=\"https:\/\/www.correiobraziliense.com.br\/cbradar\/a-palavra-do-portugues-que-muitos-escrevem-com-x-mas-o-correto-e-com-ch\/\" \/>\n<meta property=\"og:locale\" content=\"pt_BR\" \/>\n<meta property=\"og:type\" content=\"article\" \/>\n<meta property=\"og:title\" content=\"A palavra do portugu\u00eas que muitos escrevem com \u201cX\u201d, mas o correto \u00e9 com \u201cCH\u201d - Correio Braziliense - Radar\" \/>\n<meta property=\"og:description\" content=\"Um erro de ortografia muito comum envolve palavras com som id\u00eantico, mas escritas de formas diferentes, causando d\u00favidas frequentes\" \/>\n<meta property=\"og:url\" content=\"https:\/\/www.correiobraziliense.com.br\/cbradar\/a-palavra-do-portugues-que-muitos-escrevem-com-x-mas-o-correto-e-com-ch\/\" \/>\n<meta property=\"og:site_name\" content=\"Correio Braziliense - Radar\" \/>\n<meta property=\"article:published_time\" content=\"2026-03-14T18:15:00+00:00\" \/>\n<meta property=\"og:image\" content=\"https:\/\/www.correiobraziliense.com.br\/cbradar\/wp-content\/uploads\/2026\/03\/Gemini_Generated_Image_4ux2e34ux2e34ux2-1-1.png\" \/>\n\t<meta property=\"og:image:width\" content=\"1280\" \/>\n\t<meta property=\"og:image:height\" content=\"720\" \/>\n\t<meta property=\"og:image:type\" content=\"image\/png\" \/>\n<meta name=\"author\" content=\"Patrick Silva\" \/>\n<meta name=\"twitter:card\" content=\"summary_large_image\" \/>\n<meta name=\"twitter:label1\" content=\"Escrito por\" \/>\n\t<meta name=\"twitter:data1\" content=\"Patrick Silva\" \/>\n\t<meta name=\"twitter:label2\" content=\"Est. tempo de leitura\" \/>\n\t<meta name=\"twitter:data2\" content=\"5 minutos\" \/>\n<!-- \/ Yoast SEO plugin. -->","yoast_head_json":{"title":"A palavra do portugu\u00eas que muitos escrevem com \u201cX\u201d, mas o correto \u00e9 com \u201cCH\u201d - Correio Braziliense - Radar","description":"Um erro de ortografia muito comum envolve palavras com som id\u00eantico, mas escritas de formas diferentes, causando d\u00favidas frequentes","robots":{"index":"index","follow":"follow","max-snippet":"max-snippet:-1","max-image-preview":"max-image-preview:large","max-video-preview":"max-video-preview:-1"},"canonical":"https:\/\/www.correiobraziliense.com.br\/cbradar\/a-palavra-do-portugues-que-muitos-escrevem-com-x-mas-o-correto-e-com-ch\/","og_locale":"pt_BR","og_type":"article","og_title":"A palavra do portugu\u00eas que muitos escrevem com \u201cX\u201d, mas o correto \u00e9 com \u201cCH\u201d - Correio Braziliense - Radar","og_description":"Um erro de ortografia muito comum envolve palavras com som id\u00eantico, mas escritas de formas diferentes, causando d\u00favidas frequentes","og_url":"https:\/\/www.correiobraziliense.com.br\/cbradar\/a-palavra-do-portugues-que-muitos-escrevem-com-x-mas-o-correto-e-com-ch\/","og_site_name":"Correio Braziliense - Radar","article_published_time":"2026-03-14T18:15:00+00:00","og_image":[{"width":1280,"height":720,"url":"https:\/\/www.correiobraziliense.com.br\/cbradar\/wp-content\/uploads\/2026\/03\/Gemini_Generated_Image_4ux2e34ux2e34ux2-1-1.png","type":"image\/png"}],"author":"Patrick Silva","twitter_card":"summary_large_image","twitter_misc":{"Escrito por":"Patrick Silva","Est. tempo de leitura":"5 minutos"},"schema":{"@context":"https:\/\/schema.org","@graph":[{"@type":"WebPage","@id":"https:\/\/www.correiobraziliense.com.br\/cbradar\/a-palavra-do-portugues-que-muitos-escrevem-com-x-mas-o-correto-e-com-ch\/","url":"https:\/\/www.correiobraziliense.com.br\/cbradar\/a-palavra-do-portugues-que-muitos-escrevem-com-x-mas-o-correto-e-com-ch\/","name":"A palavra do portugu\u00eas que muitos escrevem com \u201cX\u201d, mas o correto \u00e9 com \u201cCH\u201d - Correio Braziliense - Radar","isPartOf":{"@id":"https:\/\/www.correiobraziliense.com.br\/cbradar\/#website"},"primaryImageOfPage":{"@id":"https:\/\/www.correiobraziliense.com.br\/cbradar\/a-palavra-do-portugues-que-muitos-escrevem-com-x-mas-o-correto-e-com-ch\/#primaryimage"},"image":{"@id":"https:\/\/www.correiobraziliense.com.br\/cbradar\/a-palavra-do-portugues-que-muitos-escrevem-com-x-mas-o-correto-e-com-ch\/#primaryimage"},"thumbnailUrl":"https:\/\/www.correiobraziliense.com.br\/cbradar\/wp-content\/uploads\/2026\/03\/Gemini_Generated_Image_4ux2e34ux2e34ux2-1-1.png","datePublished":"2026-03-14T18:15:00+00:00","author":{"@id":"https:\/\/www.correiobraziliense.com.br\/cbradar\/#\/schema\/person\/5440b72be9c7eb74f446c846479dc4da"},"description":"Um erro de ortografia muito comum envolve palavras com som id\u00eantico, mas escritas de formas diferentes, causando d\u00favidas frequentes","breadcrumb":{"@id":"https:\/\/www.correiobraziliense.com.br\/cbradar\/a-palavra-do-portugues-que-muitos-escrevem-com-x-mas-o-correto-e-com-ch\/#breadcrumb"},"inLanguage":"pt-BR","potentialAction":[{"@type":"ReadAction","target":["https:\/\/www.correiobraziliense.com.br\/cbradar\/a-palavra-do-portugues-que-muitos-escrevem-com-x-mas-o-correto-e-com-ch\/"]}]},{"@type":"ImageObject","inLanguage":"pt-BR","@id":"https:\/\/www.correiobraziliense.com.br\/cbradar\/a-palavra-do-portugues-que-muitos-escrevem-com-x-mas-o-correto-e-com-ch\/#primaryimage","url":"https:\/\/www.correiobraziliense.com.br\/cbradar\/wp-content\/uploads\/2026\/03\/Gemini_Generated_Image_4ux2e34ux2e34ux2-1-1.png","contentUrl":"https:\/\/www.correiobraziliense.com.br\/cbradar\/wp-content\/uploads\/2026\/03\/Gemini_Generated_Image_4ux2e34ux2e34ux2-1-1.png","width":1280,"height":720,"caption":"Confus\u00e3o entre CH e X provoca erros frequentes em palavras comuns da l\u00edngua portuguesa"},{"@type":"BreadcrumbList","@id":"https:\/\/www.correiobraziliense.com.br\/cbradar\/a-palavra-do-portugues-que-muitos-escrevem-com-x-mas-o-correto-e-com-ch\/#breadcrumb","itemListElement":[{"@type":"ListItem","position":1,"name":"In\u00edcio","item":"https:\/\/www.correiobraziliense.com.br\/cbradar\/"},{"@type":"ListItem","position":2,"name":"A palavra do portugu\u00eas que muitos escrevem com \u201cX\u201d, mas o correto \u00e9 com \u201cCH\u201d"}]},{"@type":"WebSite","@id":"https:\/\/www.correiobraziliense.com.br\/cbradar\/#website","url":"https:\/\/www.correiobraziliense.com.br\/cbradar\/","name":"Correio Braziliense - Radar","description":"Acompanhe as \u00faltimas not\u00edcias e fique bem informado sobre tudo o que acontece no Brasil e no mundo.","potentialAction":[{"@type":"SearchAction","target":{"@type":"EntryPoint","urlTemplate":"https:\/\/www.correiobraziliense.com.br\/cbradar\/?s={search_term_string}"},"query-input":{"@type":"PropertyValueSpecification","valueRequired":true,"valueName":"search_term_string"}}],"inLanguage":"pt-BR"},{"@type":"Person","@id":"https:\/\/www.correiobraziliense.com.br\/cbradar\/#\/schema\/person\/5440b72be9c7eb74f446c846479dc4da","name":"Patrick Silva","image":{"@type":"ImageObject","inLanguage":"pt-BR","@id":"https:\/\/www.correiobraziliense.com.br\/cbradar\/#\/schema\/person\/image\/","url":"https:\/\/secure.gravatar.com\/avatar\/944109df296fc087785c9715fd5f80b2?s=96&d=mm&r=g","contentUrl":"https:\/\/secure.gravatar.com\/avatar\/944109df296fc087785c9715fd5f80b2?s=96&d=mm&r=g","caption":"Patrick Silva"},"sameAs":["https:\/\/www.correiobraziliense.com.br\/cbradar\/"],"url":"https:\/\/www.correiobraziliense.com.br\/cbradar\/author\/patrick-silva\/"}]}},"_links":{"self":[{"href":"https:\/\/www.correiobraziliense.com.br\/cbradar\/wp-json\/wp\/v2\/posts\/207977","targetHints":{"allow":["GET"]}}],"collection":[{"href":"https:\/\/www.correiobraziliense.com.br\/cbradar\/wp-json\/wp\/v2\/posts"}],"about":[{"href":"https:\/\/www.correiobraziliense.com.br\/cbradar\/wp-json\/wp\/v2\/types\/post"}],"author":[{"embeddable":true,"href":"https:\/\/www.correiobraziliense.com.br\/cbradar\/wp-json\/wp\/v2\/users\/21"}],"replies":[{"embeddable":true,"href":"https:\/\/www.correiobraziliense.com.br\/cbradar\/wp-json\/wp\/v2\/comments?post=207977"}],"version-history":[{"count":3,"href":"https:\/\/www.correiobraziliense.com.br\/cbradar\/wp-json\/wp\/v2\/posts\/207977\/revisions"}],"predecessor-version":[{"id":208016,"href":"https:\/\/www.correiobraziliense.com.br\/cbradar\/wp-json\/wp\/v2\/posts\/207977\/revisions\/208016"}],"wp:featuredmedia":[{"embeddable":true,"href":"https:\/\/www.correiobraziliense.com.br\/cbradar\/wp-json\/wp\/v2\/media\/208000"}],"wp:attachment":[{"href":"https:\/\/www.correiobraziliense.com.br\/cbradar\/wp-json\/wp\/v2\/media?parent=207977"}],"wp:term":[{"taxonomy":"category","embeddable":true,"href":"https:\/\/www.correiobraziliense.com.br\/cbradar\/wp-json\/wp\/v2\/categories?post=207977"},{"taxonomy":"post_tag","embeddable":true,"href":"https:\/\/www.correiobraziliense.com.br\/cbradar\/wp-json\/wp\/v2\/tags?post=207977"}],"curies":[{"name":"wp","href":"https:\/\/api.w.org\/{rel}","templated":true}]}}