{"id":207995,"date":"2026-03-14T20:35:00","date_gmt":"2026-03-14T23:35:00","guid":{"rendered":"https:\/\/www.correiobraziliense.com.br\/cbradar\/?p=207995"},"modified":"2026-03-13T13:49:00","modified_gmt":"2026-03-13T16:49:00","slug":"poucas-pessoas-sabem-a-diferenca-entre-ha-e-a-quando-falamos-de-tempo","status":"publish","type":"post","link":"https:\/\/www.correiobraziliense.com.br\/cbradar\/poucas-pessoas-sabem-a-diferenca-entre-ha-e-a-quando-falamos-de-tempo\/","title":{"rendered":"Poucas pessoas sabem a diferen\u00e7a entre \u201ch\u00e1\u201d e \u201ca\u201d quando falamos de tempo"},"content":{"rendered":"\n<p>Muitas pessoas cometem erros ao escrever sobre o tempo, confundindo as formas &#8220;h\u00e1&#8221; e &#8220;a&#8221; em frases cotidianas. Entender essa distin\u00e7\u00e3o \u00e9 fundamental para garantir a clareza e a corre\u00e7\u00e3o gramatical em qualquer tipo de comunica\u00e7\u00e3o escrita. Vamos explorar as regras pr\u00e1ticas que facilitam o uso correto dessas express\u00f5es no dia a dia.<\/p>\n\n\n\n<h2 class=\"wp-block-heading\">Como identificar o tempo decorrido no passado?<\/h2>\n\n\n\n<p>Quando nos referimos a um evento que j\u00e1 aconteceu, a forma correta de expressar esse intervalo \u00e9 utilizando o verbo haver. O termo <strong>&#8220;h\u00e1&#8221;<\/strong> carrega o sentido de tempo transcorrido, podendo ser facilmente substitu\u00eddo pela palavra faz em contextos informais. \u00c9 um erro comum ignorar essa regra b\u00e1sica de reg\u00eancia verbal na escrita moderna.<\/p>\n\n\n\n<p>A utiliza\u00e7\u00e3o do <strong>&#8220;h\u00e1&#8221;<\/strong> em senten\u00e7as como &#8220;moro aqui h\u00e1 dez anos&#8221; refor\u00e7a que a a\u00e7\u00e3o teve in\u00edcio no passado e ainda possui relev\u00e2ncia. Evitar o uso redundante de express\u00f5es como &#8220;h\u00e1 dez anos atr\u00e1s&#8221; \u00e9 um sinal de dom\u00ednio da l\u00edngua portuguesa. A simplicidade na escolha das palavras ajuda na compreens\u00e3o direta do leitor comum.<\/p>\n\n\n\n<figure class=\"wp-block-image size-full\"><img decoding=\"async\" width=\"1280\" height=\"720\" src=\"https:\/\/www.correiobraziliense.com.br\/cbradar\/wp-content\/uploads\/2026\/03\/Gemini_Generated_Image_1fxja31fxja31fxj-1-1.png\" alt=\"Poucas pessoas sabem a diferen\u00e7a entre \u201ch\u00e1\u201d e \u201ca\u201d quando falamos de tempo\" class=\"wp-image-208046\" srcset=\"https:\/\/www.correiobraziliense.com.br\/cbradar\/wp-content\/uploads\/2026\/03\/Gemini_Generated_Image_1fxja31fxja31fxj-1-1.png 1280w, https:\/\/www.correiobraziliense.com.br\/cbradar\/wp-content\/uploads\/2026\/03\/Gemini_Generated_Image_1fxja31fxja31fxj-1-1-300x169.png 300w, https:\/\/www.correiobraziliense.com.br\/cbradar\/wp-content\/uploads\/2026\/03\/Gemini_Generated_Image_1fxja31fxja31fxj-1-1-768x432.png 768w, https:\/\/www.correiobraziliense.com.br\/cbradar\/wp-content\/uploads\/2026\/03\/Gemini_Generated_Image_1fxja31fxja31fxj-1-1-750x422.png 750w, https:\/\/www.correiobraziliense.com.br\/cbradar\/wp-content\/uploads\/2026\/03\/Gemini_Generated_Image_1fxja31fxja31fxj-1-1-1140x641.png 1140w\" sizes=\"(max-width: 1280px) 100vw, 1280px\" \/><figcaption class=\"wp-element-caption\">A diferen\u00e7a entre h\u00e1 e a causa confus\u00e3o ao indicar tempo em muitas frases do portugu\u00eas<\/figcaption><\/figure>\n\n\n\n<h2 class=\"wp-block-heading\">Quando o tempo futuro exige a letra sozinha?<\/h2>\n\n\n\n<p>Diferente do sentido de passado, a preposi\u00e7\u00e3o <strong>&#8220;a&#8221;<\/strong> deve ser empregada sempre que a frase indicar uma dist\u00e2ncia temporal futura. Se voc\u00ea pretende dizer que algo ocorrer\u00e1 em breve, essa letra isolada \u00e9 a escolha adequada para manter a precis\u00e3o. \u00c9 essencial notar que n\u00e3o h\u00e1 varia\u00e7\u00e3o verbal nessa estrutura espec\u00edfica de nossa gram\u00e1tica.<\/p>\n\n\n\n<p>Frases como &#8220;o evento come\u00e7ar\u00e1 daqui a duas horas&#8221; exemplificam perfeitamente essa aplica\u00e7\u00e3o pr\u00e1tica da preposi\u00e7\u00e3o. Ao focar no que ainda vir\u00e1, o escritor demonstra clareza de pensamento e respeito \u00e0s normas fundamentais do idioma. Manter essa distin\u00e7\u00e3o evita ambiguidades que podem prejudicar a interpreta\u00e7\u00e3o correta de prazos em mensagens e documentos profissionais.<\/p>\n\n\n\n<h2 class=\"wp-block-heading\">Quais s\u00e3o as dicas para n\u00e3o errar mais?<\/h2>\n\n\n\n<p>Memorizar pequenos truques lingu\u00edsticos ajuda a fixar o conhecimento e evita deslizes frequentes em textos r\u00e1pidos ou formais. A pr\u00e1tica constante e a leitura atenta de exemplos reais s\u00e3o os melhores caminhos para a flu\u00eancia escrita. Para compreender melhor as nuances dessa aplica\u00e7\u00e3o gramatical e evitar equ\u00edvocos comuns, analise as informa\u00e7\u00f5es apresentadas a seguir:<\/p>\n\n\n\n<ul class=\"wp-block-list\">\n<li>Troque por &#8220;faz&#8221; para testar se o sentido \u00e9 de passado.<\/li>\n\n\n\n<li>Use &#8220;daqui a&#8221; para ter certeza que se refere ao futuro.<\/li>\n\n\n\n<li>Lembre-se que o &#8220;h\u00e1&#8221; vem sempre do verbo haver.<\/li>\n\n\n\n<li>A preposi\u00e7\u00e3o &#8220;a&#8221; indica dist\u00e2ncia ou tempo que vir\u00e1.<\/li>\n<\/ul>\n\n\n\n<h2 class=\"wp-block-heading\">Por que a dist\u00e2ncia f\u00edsica tamb\u00e9m usa a preposi\u00e7\u00e3o?<\/h2>\n\n\n\n<p>Vale destacar que a preposi\u00e7\u00e3o <strong>&#8220;a&#8221;<\/strong> n\u00e3o serve apenas para o tempo futuro, mas tamb\u00e9m para indicar dist\u00e2ncias espaciais. Quando dizemos que um local fica a poucos quil\u00f4metros, estamos seguindo a mesma l\u00f3gica gramatical aplicada aos intervalos temporais que ainda n\u00e3o ocorreram. Essa versatilidade da letra <strong>&#8220;a&#8221;<\/strong> \u00e9 um ponto de aten\u00e7\u00e3o importante.<\/p>\n\n\n\n<p>Entender essa conex\u00e3o entre espa\u00e7o e tempo ajuda o redator a manter a coer\u00eancia em descri\u00e7\u00f5es geogr\u00e1ficas e cronol\u00f3gicas simult\u00e2neas. A precis\u00e3o no uso desses termos reflete o profissionalismo de quem escreve, facilitando a vida de quem l\u00ea. \u00c9 um conhecimento t\u00e9cnico que transforma a qualidade de qualquer artigo produzido com foco em resultados reais.<\/p>\n\n\n\n<p>No v\u00eddeo abaixo do TikTok <strong><em>Fluminenseprof<\/em><\/strong>, que conta com mais de <strong><em>516 mil<\/em><\/strong> seguidores, ele explica quando usar o &#8220;h\u00e1&#8221; ou &#8220;a&#8221; no portugu\u00eas:<\/p>\n\n\n\n<blockquote class=\"tiktok-embed\" cite=\"https:\/\/www.tiktok.com\/@fluminenseprof\/video\/7219385815170829573\" data-video-id=\"7219385815170829573\" style=\"max-width: 605px;min-width: 325px;\" > <section> <a target=\"_blank\" title=\"@fluminenseprof\" href=\"https:\/\/www.tiktok.com\/@fluminenseprof?refer=embed\">@fluminenseprof<\/a> <a title=\"portugues\" target=\"_blank\" href=\"https:\/\/www.tiktok.com\/tag\/portugues?refer=embed\">#portugues<\/a> <a title=\"enem\" target=\"_blank\" href=\"https:\/\/www.tiktok.com\/tag\/enem?refer=embed\">#enem<\/a> <a title=\"concurso\" target=\"_blank\" href=\"https:\/\/www.tiktok.com\/tag\/concurso?refer=embed\">#concurso<\/a> <a target=\"_blank\" title=\"\u266c som original - Luiz Fluminense | Portugu\u00eas\" href=\"https:\/\/www.tiktok.com\/music\/som-original-7219385817370315525?refer=embed\">\u266c som original &#8211; Luiz Fluminense | Portugu\u00eas<\/a> <\/section> <\/blockquote> <script async src=\"https:\/\/www.tiktok.com\/embed.js\"><\/script>\n\n\n\n<p>Leia tamb\u00e9m: <a href=\"https:\/\/www.correiobraziliense.com.br\/cbradar\/a-palavra-que-nao-leva-hifen-e-muita-gente-ainda-escreve-errado\/\" target=\"_blank\" rel=\"noreferrer noopener\">A palavra que n\u00e3o leva h\u00edfen e muita gente ainda escreve errado<\/a><\/p>\n\n\n\n<h2 class=\"wp-block-heading\">Existe uma fonte oficial para tirar d\u00favidas gramaticais?<\/h2>\n\n\n\n<p>Para aqueles que buscam aprofundar o conhecimento sobre a norma culta, consultar materiais de refer\u00eancia \u00e9 sempre a melhor estrat\u00e9gia pedag\u00f3gica. A <strong>Academia Brasileira de Letras<\/strong> oferece recursos valiosos para esclarecer incertezas sobre o uso de verbos e preposi\u00e7\u00f5es. Ter acesso a essas informa\u00e7\u00f5es oficiais garante que sua escrita esteja sempre alinhada com as regras vigentes.<\/p>\n\n\n\n<p>Ao consultar o <strong>Vocabul\u00e1rio Ortogr\u00e1fico da L\u00edngua Portuguesa<\/strong>, o leitor encontra a base necess\u00e1ria para resolver qualquer impasse lingu\u00edstico complexo com rapidez. Manter-se atualizado com as normas ortogr\u00e1ficas \u00e9 essencial para quem deseja escrever de forma impactante e correta. Para verificar a grafia de qualquer termo, acesse a busca oficial do <a target=\"_blank\" rel=\"noreferrer noopener\" href=\"https:\/\/www.academia.org.br\/nossa-lingua\/busca-no-vocabulario\">VOLP<\/a>.<\/p>\n","protected":false},"excerpt":{"rendered":"<p>Muitas pessoas cometem erros ao escrever sobre o tempo, confundindo as formas &#8220;h\u00e1&#8221; e &#8220;a&#8221; em frases cotidianas. Entender essa distin\u00e7\u00e3o \u00e9 fundamental para garantir a clareza e a corre\u00e7\u00e3o gramatical em qualquer tipo de comunica\u00e7\u00e3o escrita. Vamos explorar as regras pr\u00e1ticas que facilitam o uso correto dessas express\u00f5es no dia a dia. Como identificar [&hellip;]<\/p>\n","protected":false},"author":21,"featured_media":208045,"comment_status":"open","ping_status":"open","sticky":false,"template":"","format":"standard","meta":{"_yoast_wpseo_focuskw":"h\u00e1 ou a","_yoast_wpseo_title":"","_yoast_wpseo_metadesc":"Uma d\u00favida comum da l\u00edngua portuguesa envolve duas formas muito usadas para falar sobre tempo, gerando confus\u00e3o frequente na escrita","jnews-multi-image_gallery":[],"jnews_single_post":{"format":"standard"},"jnews_primary_category":[],"jnews_social_meta":[],"jnews_override_counter":[],"footnotes":""},"categories":[112],"tags":[12816,10902,6081],"class_list":["post-207995","post","type-post","status-publish","format-standard","has-post-thumbnail","hentry","category-curiosidades","tag-gramatica","tag-lingua-portuguesa","tag-portugues"],"yoast_head":"<!-- This site is optimized with the Yoast SEO plugin v24.6 - https:\/\/yoast.com\/wordpress\/plugins\/seo\/ -->\n<title>Poucas pessoas sabem a diferen\u00e7a entre \u201ch\u00e1\u201d e \u201ca\u201d quando falamos de tempo - Correio Braziliense - Radar<\/title>\n<meta name=\"description\" content=\"Uma d\u00favida comum da l\u00edngua portuguesa envolve duas formas muito usadas para falar sobre tempo, gerando confus\u00e3o frequente na escrita\" \/>\n<meta name=\"robots\" content=\"index, follow, max-snippet:-1, max-image-preview:large, max-video-preview:-1\" \/>\n<link rel=\"canonical\" href=\"https:\/\/www.correiobraziliense.com.br\/cbradar\/poucas-pessoas-sabem-a-diferenca-entre-ha-e-a-quando-falamos-de-tempo\/\" \/>\n<meta property=\"og:locale\" content=\"pt_BR\" \/>\n<meta property=\"og:type\" content=\"article\" \/>\n<meta property=\"og:title\" content=\"Poucas pessoas sabem a diferen\u00e7a entre \u201ch\u00e1\u201d e \u201ca\u201d quando falamos de tempo - Correio Braziliense - Radar\" \/>\n<meta property=\"og:description\" content=\"Uma d\u00favida comum da l\u00edngua portuguesa envolve duas formas muito usadas para falar sobre tempo, gerando confus\u00e3o frequente na escrita\" \/>\n<meta property=\"og:url\" content=\"https:\/\/www.correiobraziliense.com.br\/cbradar\/poucas-pessoas-sabem-a-diferenca-entre-ha-e-a-quando-falamos-de-tempo\/\" \/>\n<meta property=\"og:site_name\" content=\"Correio Braziliense - Radar\" \/>\n<meta property=\"article:published_time\" content=\"2026-03-14T23:35:00+00:00\" \/>\n<meta property=\"og:image\" content=\"https:\/\/www.correiobraziliense.com.br\/cbradar\/wp-content\/uploads\/2026\/03\/Gemini_Generated_Image_j1hbqxj1hbqxj1hb-1-1.png\" \/>\n\t<meta property=\"og:image:width\" content=\"1280\" \/>\n\t<meta property=\"og:image:height\" content=\"720\" \/>\n\t<meta property=\"og:image:type\" content=\"image\/png\" \/>\n<meta name=\"author\" content=\"Patrick Silva\" \/>\n<meta name=\"twitter:card\" content=\"summary_large_image\" \/>\n<meta name=\"twitter:label1\" content=\"Escrito por\" \/>\n\t<meta name=\"twitter:data1\" content=\"Patrick Silva\" \/>\n\t<meta name=\"twitter:label2\" content=\"Est. tempo de leitura\" \/>\n\t<meta name=\"twitter:data2\" content=\"5 minutos\" \/>\n<!-- \/ Yoast SEO plugin. -->","yoast_head_json":{"title":"Poucas pessoas sabem a diferen\u00e7a entre \u201ch\u00e1\u201d e \u201ca\u201d quando falamos de tempo - Correio Braziliense - Radar","description":"Uma d\u00favida comum da l\u00edngua portuguesa envolve duas formas muito usadas para falar sobre tempo, gerando confus\u00e3o frequente na escrita","robots":{"index":"index","follow":"follow","max-snippet":"max-snippet:-1","max-image-preview":"max-image-preview:large","max-video-preview":"max-video-preview:-1"},"canonical":"https:\/\/www.correiobraziliense.com.br\/cbradar\/poucas-pessoas-sabem-a-diferenca-entre-ha-e-a-quando-falamos-de-tempo\/","og_locale":"pt_BR","og_type":"article","og_title":"Poucas pessoas sabem a diferen\u00e7a entre \u201ch\u00e1\u201d e \u201ca\u201d quando falamos de tempo - Correio Braziliense - Radar","og_description":"Uma d\u00favida comum da l\u00edngua portuguesa envolve duas formas muito usadas para falar sobre tempo, gerando confus\u00e3o frequente na escrita","og_url":"https:\/\/www.correiobraziliense.com.br\/cbradar\/poucas-pessoas-sabem-a-diferenca-entre-ha-e-a-quando-falamos-de-tempo\/","og_site_name":"Correio Braziliense - Radar","article_published_time":"2026-03-14T23:35:00+00:00","og_image":[{"width":1280,"height":720,"url":"https:\/\/www.correiobraziliense.com.br\/cbradar\/wp-content\/uploads\/2026\/03\/Gemini_Generated_Image_j1hbqxj1hbqxj1hb-1-1.png","type":"image\/png"}],"author":"Patrick Silva","twitter_card":"summary_large_image","twitter_misc":{"Escrito por":"Patrick Silva","Est. tempo de leitura":"5 minutos"},"schema":{"@context":"https:\/\/schema.org","@graph":[{"@type":"WebPage","@id":"https:\/\/www.correiobraziliense.com.br\/cbradar\/poucas-pessoas-sabem-a-diferenca-entre-ha-e-a-quando-falamos-de-tempo\/","url":"https:\/\/www.correiobraziliense.com.br\/cbradar\/poucas-pessoas-sabem-a-diferenca-entre-ha-e-a-quando-falamos-de-tempo\/","name":"Poucas pessoas sabem a diferen\u00e7a entre \u201ch\u00e1\u201d e \u201ca\u201d quando falamos de tempo - Correio Braziliense - Radar","isPartOf":{"@id":"https:\/\/www.correiobraziliense.com.br\/cbradar\/#website"},"primaryImageOfPage":{"@id":"https:\/\/www.correiobraziliense.com.br\/cbradar\/poucas-pessoas-sabem-a-diferenca-entre-ha-e-a-quando-falamos-de-tempo\/#primaryimage"},"image":{"@id":"https:\/\/www.correiobraziliense.com.br\/cbradar\/poucas-pessoas-sabem-a-diferenca-entre-ha-e-a-quando-falamos-de-tempo\/#primaryimage"},"thumbnailUrl":"https:\/\/www.correiobraziliense.com.br\/cbradar\/wp-content\/uploads\/2026\/03\/Gemini_Generated_Image_j1hbqxj1hbqxj1hb-1-1.png","datePublished":"2026-03-14T23:35:00+00:00","author":{"@id":"https:\/\/www.correiobraziliense.com.br\/cbradar\/#\/schema\/person\/5440b72be9c7eb74f446c846479dc4da"},"description":"Uma d\u00favida comum da l\u00edngua portuguesa envolve duas formas muito usadas para falar sobre tempo, gerando confus\u00e3o frequente na escrita","breadcrumb":{"@id":"https:\/\/www.correiobraziliense.com.br\/cbradar\/poucas-pessoas-sabem-a-diferenca-entre-ha-e-a-quando-falamos-de-tempo\/#breadcrumb"},"inLanguage":"pt-BR","potentialAction":[{"@type":"ReadAction","target":["https:\/\/www.correiobraziliense.com.br\/cbradar\/poucas-pessoas-sabem-a-diferenca-entre-ha-e-a-quando-falamos-de-tempo\/"]}]},{"@type":"ImageObject","inLanguage":"pt-BR","@id":"https:\/\/www.correiobraziliense.com.br\/cbradar\/poucas-pessoas-sabem-a-diferenca-entre-ha-e-a-quando-falamos-de-tempo\/#primaryimage","url":"https:\/\/www.correiobraziliense.com.br\/cbradar\/wp-content\/uploads\/2026\/03\/Gemini_Generated_Image_j1hbqxj1hbqxj1hb-1-1.png","contentUrl":"https:\/\/www.correiobraziliense.com.br\/cbradar\/wp-content\/uploads\/2026\/03\/Gemini_Generated_Image_j1hbqxj1hbqxj1hb-1-1.png","width":1280,"height":720,"caption":"A diferen\u00e7a entre h\u00e1 e a causa confus\u00e3o ao indicar tempo em muitas frases do portugu\u00eas"},{"@type":"BreadcrumbList","@id":"https:\/\/www.correiobraziliense.com.br\/cbradar\/poucas-pessoas-sabem-a-diferenca-entre-ha-e-a-quando-falamos-de-tempo\/#breadcrumb","itemListElement":[{"@type":"ListItem","position":1,"name":"In\u00edcio","item":"https:\/\/www.correiobraziliense.com.br\/cbradar\/"},{"@type":"ListItem","position":2,"name":"Poucas pessoas sabem a diferen\u00e7a entre \u201ch\u00e1\u201d e \u201ca\u201d quando falamos de tempo"}]},{"@type":"WebSite","@id":"https:\/\/www.correiobraziliense.com.br\/cbradar\/#website","url":"https:\/\/www.correiobraziliense.com.br\/cbradar\/","name":"Correio Braziliense - Radar","description":"Acompanhe as \u00faltimas not\u00edcias e fique bem informado sobre tudo o que acontece no Brasil e no mundo.","potentialAction":[{"@type":"SearchAction","target":{"@type":"EntryPoint","urlTemplate":"https:\/\/www.correiobraziliense.com.br\/cbradar\/?s={search_term_string}"},"query-input":{"@type":"PropertyValueSpecification","valueRequired":true,"valueName":"search_term_string"}}],"inLanguage":"pt-BR"},{"@type":"Person","@id":"https:\/\/www.correiobraziliense.com.br\/cbradar\/#\/schema\/person\/5440b72be9c7eb74f446c846479dc4da","name":"Patrick Silva","image":{"@type":"ImageObject","inLanguage":"pt-BR","@id":"https:\/\/www.correiobraziliense.com.br\/cbradar\/#\/schema\/person\/image\/","url":"https:\/\/secure.gravatar.com\/avatar\/944109df296fc087785c9715fd5f80b2?s=96&d=mm&r=g","contentUrl":"https:\/\/secure.gravatar.com\/avatar\/944109df296fc087785c9715fd5f80b2?s=96&d=mm&r=g","caption":"Patrick Silva"},"sameAs":["https:\/\/www.correiobraziliense.com.br\/cbradar\/"],"url":"https:\/\/www.correiobraziliense.com.br\/cbradar\/author\/patrick-silva\/"}]}},"_links":{"self":[{"href":"https:\/\/www.correiobraziliense.com.br\/cbradar\/wp-json\/wp\/v2\/posts\/207995","targetHints":{"allow":["GET"]}}],"collection":[{"href":"https:\/\/www.correiobraziliense.com.br\/cbradar\/wp-json\/wp\/v2\/posts"}],"about":[{"href":"https:\/\/www.correiobraziliense.com.br\/cbradar\/wp-json\/wp\/v2\/types\/post"}],"author":[{"embeddable":true,"href":"https:\/\/www.correiobraziliense.com.br\/cbradar\/wp-json\/wp\/v2\/users\/21"}],"replies":[{"embeddable":true,"href":"https:\/\/www.correiobraziliense.com.br\/cbradar\/wp-json\/wp\/v2\/comments?post=207995"}],"version-history":[{"count":2,"href":"https:\/\/www.correiobraziliense.com.br\/cbradar\/wp-json\/wp\/v2\/posts\/207995\/revisions"}],"predecessor-version":[{"id":208047,"href":"https:\/\/www.correiobraziliense.com.br\/cbradar\/wp-json\/wp\/v2\/posts\/207995\/revisions\/208047"}],"wp:featuredmedia":[{"embeddable":true,"href":"https:\/\/www.correiobraziliense.com.br\/cbradar\/wp-json\/wp\/v2\/media\/208045"}],"wp:attachment":[{"href":"https:\/\/www.correiobraziliense.com.br\/cbradar\/wp-json\/wp\/v2\/media?parent=207995"}],"wp:term":[{"taxonomy":"category","embeddable":true,"href":"https:\/\/www.correiobraziliense.com.br\/cbradar\/wp-json\/wp\/v2\/categories?post=207995"},{"taxonomy":"post_tag","embeddable":true,"href":"https:\/\/www.correiobraziliense.com.br\/cbradar\/wp-json\/wp\/v2\/tags?post=207995"}],"curies":[{"name":"wp","href":"https:\/\/api.w.org\/{rel}","templated":true}]}}