{"id":207996,"date":"2026-03-14T18:15:00","date_gmt":"2026-03-14T21:15:00","guid":{"rendered":"https:\/\/www.correiobraziliense.com.br\/cbradar\/?p=207996"},"modified":"2026-03-13T13:50:57","modified_gmt":"2026-03-13T16:50:57","slug":"a-palavra-que-muitos-brasileiros-escrevem-separado-mas-o-correto-e-junto","status":"publish","type":"post","link":"https:\/\/www.correiobraziliense.com.br\/cbradar\/a-palavra-que-muitos-brasileiros-escrevem-separado-mas-o-correto-e-junto\/","title":{"rendered":"A palavra que muitos brasileiros escrevem separado, mas o correto \u00e9 junto"},"content":{"rendered":"\n<p>Escrever corretamente em portugu\u00eas exige aten\u00e7\u00e3o redobrada a termos que, na fala, parecem uma coisa s\u00f3, mas que na escrita seguem regras de aglutina\u00e7\u00e3o espec\u00edficas. Um dos erros mais persistentes nos textos brasileiros envolve palavras que indicam posi\u00e7\u00e3o ou nega\u00e7\u00e3o, frequentemente grafadas de forma separada quando a norma culta exige a uni\u00e3o dos termos. Dominar essas jun\u00e7\u00f5es \u00e9 o primeiro passo para garantir a fluidez e a autoridade t\u00e9cnica da sua produ\u00e7\u00e3o textual.<\/p>\n\n\n\n<h2 class=\"wp-block-heading\">Por que &#8220;embaixo&#8221; deve ser escrito como uma \u00fanica palavra?<\/h2>\n\n\n\n<p>O termo <strong>embaixo<\/strong> funciona como um adv\u00e9rbio de lugar e, segundo a gram\u00e1tica oficial, deve ser escrito sempre junto. O erro de grafar &#8220;em baixo&#8221; ocorre frequentemente por uma analogia equivocada com o seu ant\u00f4nimo, &#8220;em cima&#8221;, que \u00e9 obrigatoriamente separado. Essa armadilha visual induz muitos redatores ao erro, prejudicando a precis\u00e3o do texto em relat\u00f3rios, artigos e comunica\u00e7\u00f5es oficiais.<\/p>\n\n\n\n<p>Para nunca mais errar, basta lembrar que, embora o oposto seja separado, a forma &#8220;embaixo&#8221; aglutinou-se com o tempo para facilitar a leitura e a escrita. A \u00fanica exce\u00e7\u00e3o ocorre quando a palavra &#8220;baixo&#8221; funciona como um adjetivo para um substantivo espec\u00edfico, como em &#8220;ele falou em baixo tom&#8221;. Fora desse contexto de adjetiva\u00e7\u00e3o, <strong>a uni\u00e3o das letras \u00e9 a regra de ouro<\/strong> para manter a corre\u00e7\u00e3o gramatical hoje.<\/p>\n\n\n\n<figure class=\"wp-block-image size-full\"><img decoding=\"async\" width=\"1280\" height=\"720\" src=\"https:\/\/www.correiobraziliense.com.br\/cbradar\/wp-content\/uploads\/2026\/03\/Gemini_Generated_Image_muis72muis72muis-1-1.png\" alt=\"A palavra que muitos brasileiros escrevem separado, mas o correto \u00e9 junto\" class=\"wp-image-208031\" srcset=\"https:\/\/www.correiobraziliense.com.br\/cbradar\/wp-content\/uploads\/2026\/03\/Gemini_Generated_Image_muis72muis72muis-1-1.png 1280w, https:\/\/www.correiobraziliense.com.br\/cbradar\/wp-content\/uploads\/2026\/03\/Gemini_Generated_Image_muis72muis72muis-1-1-300x169.png 300w, https:\/\/www.correiobraziliense.com.br\/cbradar\/wp-content\/uploads\/2026\/03\/Gemini_Generated_Image_muis72muis72muis-1-1-768x432.png 768w, https:\/\/www.correiobraziliense.com.br\/cbradar\/wp-content\/uploads\/2026\/03\/Gemini_Generated_Image_muis72muis72muis-1-1-750x422.png 750w, https:\/\/www.correiobraziliense.com.br\/cbradar\/wp-content\/uploads\/2026\/03\/Gemini_Generated_Image_muis72muis72muis-1-1-1140x641.png 1140w\" sizes=\"(max-width: 1280px) 100vw, 1280px\" \/><figcaption class=\"wp-element-caption\">Algumas palavras do portugu\u00eas parecem separadas na fala, mas devem ser escritas juntas<\/figcaption><\/figure>\n\n\n\n<h2 class=\"wp-block-heading\">A diferen\u00e7a crucial entre &#8220;abaixo&#8221; e &#8220;a baixo&#8221;<\/h2>\n\n\n\n<p>Assim como o exemplo anterior, a palavra <strong>abaixo<\/strong> \u00e9 um adv\u00e9rbio que indica posi\u00e7\u00e3o inferior e deve ser escrita sem espa\u00e7os. Muitas vezes, o escritor se confunde ao tentar enfatizar uma dire\u00e7\u00e3o e acaba separando os termos desnecessariamente. Na maioria dos contextos de localiza\u00e7\u00e3o ou refer\u00eancia textual (&#8220;veja o gr\u00e1fico abaixo&#8221;), a grafia unida \u00e9 a \u00fanica aceita pelos manuais de reda\u00e7\u00e3o profissional.<\/p>\n\n\n\n<p>A forma separada &#8220;a baixo&#8221; s\u00f3 \u00e9 utilizada em express\u00f5es espec\u00edficas que indicam movimento ou oposi\u00e7\u00e3o direta, como na locu\u00e7\u00e3o &#8220;de alto a baixo&#8221;. Fora desses casos fixos, o adv\u00e9rbio deve permanecer \u00edntegro. <strong>Manter a unidade do termo<\/strong> demonstra dom\u00ednio das normas de reg\u00eancia e ortografia, elevando o n\u00edvel de profissionalismo da sua comunica\u00e7\u00e3o escrita no ambiente corporativo atual.<\/p>\n\n\n\n<h2 class=\"wp-block-heading\">Outras palavras que voc\u00ea provavelmente est\u00e1 separando errado<\/h2>\n\n\n\n<p>Existem outros termos no cotidiano que sofrem do mesmo problema de &#8220;separa\u00e7\u00e3o indevida&#8221;. Palavras que expressam intensidade ou exclus\u00e3o s\u00e3o alvos constantes desse deslize ortogr\u00e1fico. Identificar esses padr\u00f5es ajuda a automatizar a escrita correta e evita que voc\u00ea precise consultar o dicion\u00e1rio a cada par\u00e1grafo produzido durante o dia.<\/p>\n\n\n\n<p>Para que voc\u00ea consiga visualizar melhor essas escolhas e garantir que seus textos representem o auge do rigor lingu\u00edstico e da clareza t\u00e9cnica, examine atentamente os exemplos de palavras que devem ser escritas juntas:<\/p>\n\n\n\n<ul class=\"wp-block-list\">\n<li><strong>Tampouco<\/strong> (com sentido de &#8220;nem&#8221; ou &#8220;tamb\u00e9m n\u00e3o&#8221;).<\/li>\n\n\n\n<li><strong>Sen\u00e3o<\/strong> (com sentido de &#8220;caso contr\u00e1rio&#8221; ou &#8220;a n\u00e3o ser&#8221;).<\/li>\n\n\n\n<li><strong>Afim<\/strong> (quando indica afinidade ou semelhan\u00e7a).<\/li>\n\n\n\n<li><strong>Sobretudo<\/strong> (com sentido de &#8220;principalmente&#8221;).<\/li>\n\n\n\n<li><strong>Controversa<\/strong> (nunca &#8220;contra versa&#8221;).<\/li>\n<\/ul>\n\n\n\n<h2 class=\"wp-block-heading\">Como o &#8220;sen\u00e3o&#8221; pode mudar o sentido da sua frase?<\/h2>\n\n\n\n<p>O uso do <strong>sen\u00e3o<\/strong> \u00e9 um dos casos mais complexos, pois a forma separada (&#8220;se n\u00e3o&#8221;) tamb\u00e9m existe, mas possui um significado completamente diferente. O &#8220;sen\u00e3o&#8221; escrito junto \u00e9 utilizado para indicar exce\u00e7\u00e3o ou alternativa, como em &#8220;n\u00e3o faz nada sen\u00e3o reclamar&#8221;. J\u00e1 o &#8220;se n\u00e3o&#8221; separado \u00e9 uma conjun\u00e7\u00e3o condicional seguida de nega\u00e7\u00e3o, utilizada em frases como &#8220;se n\u00e3o chover, eu vou&#8221;.<\/p>\n\n\n\n<p>Confundir essas duas formas altera drasticamente a interpreta\u00e7\u00e3o do leitor e pode gerar ambiguidades perigosas em contratos ou instru\u00e7\u00f5es t\u00e9cnicas. Dominar a distin\u00e7\u00e3o entre a conjun\u00e7\u00e3o e o adv\u00e9rbio \u00e9 essencial para qualquer redator que preze pela <strong>exatid\u00e3o da mensagem<\/strong>. A regra \u00e9 clara: se puder substituir por &#8220;a n\u00e3o ser&#8221;, escreva sempre junto para garantir a conformidade gramatical absoluta.<\/p>\n\n\n\n<p>No v\u00eddeo abaixo do TikTok <strong><em>Portuguesparaavida<\/em><\/strong>, que conta com mais de <strong><em>163 mil <\/em><\/strong>seguidores, ela explica algumas palavras se escrevem juntas ou separadas:<\/p>\n\n\n\n<blockquote class=\"tiktok-embed\" cite=\"https:\/\/www.tiktok.com\/@portuguesparaavida\/video\/7522940784572714245\" data-video-id=\"7522940784572714245\" style=\"max-width: 605px;min-width: 325px;\" > <section> <a target=\"_blank\" title=\"@portuguesparaavida\" href=\"https:\/\/www.tiktok.com\/@portuguesparaavida?refer=embed\">@portuguesparaavida<\/a> E agora, escrevo junto ou separado? Veja essas dicas para n\u00e3o errar mais. <a title=\"foryoupage\" target=\"_blank\" href=\"https:\/\/www.tiktok.com\/tag\/foryoupage?refer=embed\">#foryoupage<\/a> <a title=\"gram\u00e1tica\" target=\"_blank\" href=\"https:\/\/www.tiktok.com\/tag\/gram%C3%A1tica?refer=embed\">#gram\u00e1tica<\/a> <a title=\"pronuncia\" target=\"_blank\" href=\"https:\/\/www.tiktok.com\/tag\/pronuncia?refer=embed\">#pronuncia<\/a> <a title=\"elegancia\" target=\"_blank\" href=\"https:\/\/www.tiktok.com\/tag\/elegancia?refer=embed\">#elegancia<\/a> <a title=\"etiqueta\" target=\"_blank\" href=\"https:\/\/www.tiktok.com\/tag\/etiqueta?refer=embed\">#etiqueta<\/a> <a title=\"portugues\" target=\"_blank\" href=\"https:\/\/www.tiktok.com\/tag\/portugues?refer=embed\">#portugues<\/a> <a title=\"educa\u00e7\u00e3o\" target=\"_blank\" href=\"https:\/\/www.tiktok.com\/tag\/educa%C3%A7%C3%A3o?refer=embed\">#educa\u00e7\u00e3o<\/a> <a title=\"escola\" target=\"_blank\" href=\"https:\/\/www.tiktok.com\/tag\/escola?refer=embed\">#escola<\/a> <a title=\"v\u00edrgula\" target=\"_blank\" href=\"https:\/\/www.tiktok.com\/tag\/v%C3%ADrgula?refer=embed\">#v\u00edrgula<\/a> <a title=\"dicasdeportugues\" target=\"_blank\" href=\"https:\/\/www.tiktok.com\/tag\/dicasdeportugues?refer=embed\">#dicasdeportugues<\/a> <a title=\"portuguesdicas\" target=\"_blank\" href=\"https:\/\/www.tiktok.com\/tag\/portuguesdicas?refer=embed\">#portuguesdicas<\/a> <a title=\"humortiktok\" target=\"_blank\" href=\"https:\/\/www.tiktok.com\/tag\/humortiktok?refer=embed\">#humortiktok<\/a> <a target=\"_blank\" title=\"\u266c som original  - D\u00e9bora Dias\" href=\"https:\/\/www.tiktok.com\/music\/som-original-D\u00e9bora-Dias-7522940784065514296?refer=embed\">\u266c som original  &#8211; D\u00e9bora Dias<\/a> <\/section> <\/blockquote> <script async src=\"https:\/\/www.tiktok.com\/embed.js\"><\/script>\n\n\n\n<p>Leia tamb\u00e9m: <a href=\"https:\/\/www.correiobraziliense.com.br\/cbradar\/a-palavra-que-nao-leva-hifen-e-muita-gente-ainda-escreve-errado\/\" target=\"_blank\" rel=\"noreferrer noopener\">A palavra que n\u00e3o leva h\u00edfen e muita gente ainda escreve errado<\/a><\/p>\n\n\n\n<h2 class=\"wp-block-heading\">Onde validar a grafia oficial de termos compostos?<\/h2>\n\n\n\n<p>A d\u00favida sobre escrever junto ou separado \u00e9 t\u00e3o comum que as autoridades lingu\u00edsticas mant\u00eam registros atualizados para consulta p\u00fablica imediata. A <strong>Academia Brasileira de Letras<\/strong> (ABL) \u00e9 o \u00f3rg\u00e3o m\u00e1ximo que define se um termo deve ser aglutinado ou se deve manter o h\u00edfen ou o espa\u00e7o. Seguir essas diretrizes \u00e9 a \u00fanica forma de garantir que sua escrita esteja alinhada com o Acordo Ortogr\u00e1fico vigente.<\/p>\n\n\n\n<p>Sempre que encontrar um termo que pare\u00e7a soar como uma palavra s\u00f3, mas desperte d\u00favidas na grafia, voc\u00ea deve consultar o portal oficial da <strong><a target=\"_blank\" rel=\"noreferrer noopener\" href=\"https:\/\/www.academia.org.br\/nossa-lingua\/busca-no-vocabulario\">Academia Brasileira de Letras<\/a><\/strong>. O <strong>Vocabul\u00e1rio Ortogr\u00e1fico da L\u00edngua Portuguesa (VOLP)<\/strong> \u00e9 a b\u00fassola definitiva para escritores que buscam <strong>m\u00e1xima credibilidade e precis\u00e3o<\/strong> em suas produ\u00e7\u00f5es intelectuais e profissionais no Brasil hoje.<\/p>\n","protected":false},"excerpt":{"rendered":"<p>Escrever corretamente em portugu\u00eas exige aten\u00e7\u00e3o redobrada a termos que, na fala, parecem uma coisa s\u00f3, mas que na escrita seguem regras de aglutina\u00e7\u00e3o espec\u00edficas. Um dos erros mais persistentes nos textos brasileiros envolve palavras que indicam posi\u00e7\u00e3o ou nega\u00e7\u00e3o, frequentemente grafadas de forma separada quando a norma culta exige a uni\u00e3o dos termos. Dominar [&hellip;]<\/p>\n","protected":false},"author":21,"featured_media":208027,"comment_status":"open","ping_status":"open","sticky":false,"template":"","format":"standard","meta":{"_yoast_wpseo_focuskw":"embaixo ou em baixo","_yoast_wpseo_title":"","_yoast_wpseo_metadesc":"Algumas palavras muito usadas no portugu\u00eas geram confus\u00e3o na escrita por parecerem separadas na fala, criando erros comuns em textos","jnews-multi-image_gallery":[],"jnews_single_post":{"format":"standard"},"jnews_primary_category":[],"jnews_social_meta":[],"jnews_override_counter":[],"footnotes":""},"categories":[112],"tags":[12816,10902,3272,6081],"class_list":["post-207996","post","type-post","status-publish","format-standard","has-post-thumbnail","hentry","category-curiosidades","tag-gramatica","tag-lingua-portuguesa","tag-palavra","tag-portugues"],"yoast_head":"<!-- This site is optimized with the Yoast SEO plugin v24.6 - https:\/\/yoast.com\/wordpress\/plugins\/seo\/ -->\n<title>A palavra que muitos brasileiros escrevem separado, mas o correto \u00e9 junto - Correio Braziliense - Radar<\/title>\n<meta name=\"description\" content=\"Algumas palavras muito usadas no portugu\u00eas geram confus\u00e3o na escrita por parecerem separadas na fala, criando erros comuns em textos\" \/>\n<meta name=\"robots\" content=\"index, follow, max-snippet:-1, max-image-preview:large, max-video-preview:-1\" \/>\n<link rel=\"canonical\" href=\"https:\/\/www.correiobraziliense.com.br\/cbradar\/a-palavra-que-muitos-brasileiros-escrevem-separado-mas-o-correto-e-junto\/\" \/>\n<meta property=\"og:locale\" content=\"pt_BR\" \/>\n<meta property=\"og:type\" content=\"article\" \/>\n<meta property=\"og:title\" content=\"A palavra que muitos brasileiros escrevem separado, mas o correto \u00e9 junto - Correio Braziliense - Radar\" \/>\n<meta property=\"og:description\" content=\"Algumas palavras muito usadas no portugu\u00eas geram confus\u00e3o na escrita por parecerem separadas na fala, criando erros comuns em textos\" \/>\n<meta property=\"og:url\" content=\"https:\/\/www.correiobraziliense.com.br\/cbradar\/a-palavra-que-muitos-brasileiros-escrevem-separado-mas-o-correto-e-junto\/\" \/>\n<meta property=\"og:site_name\" content=\"Correio Braziliense - Radar\" \/>\n<meta property=\"article:published_time\" content=\"2026-03-14T21:15:00+00:00\" \/>\n<meta property=\"og:image\" content=\"https:\/\/www.correiobraziliense.com.br\/cbradar\/wp-content\/uploads\/2026\/03\/Gemini_Generated_Image_cxyv7xcxyv7xcxyv-1-1.png\" \/>\n\t<meta property=\"og:image:width\" content=\"1280\" \/>\n\t<meta property=\"og:image:height\" content=\"720\" \/>\n\t<meta property=\"og:image:type\" content=\"image\/png\" \/>\n<meta name=\"author\" content=\"Patrick Silva\" \/>\n<meta name=\"twitter:card\" content=\"summary_large_image\" \/>\n<meta name=\"twitter:label1\" content=\"Escrito por\" \/>\n\t<meta name=\"twitter:data1\" content=\"Patrick Silva\" \/>\n\t<meta name=\"twitter:label2\" content=\"Est. tempo de leitura\" \/>\n\t<meta name=\"twitter:data2\" content=\"5 minutos\" \/>\n<!-- \/ Yoast SEO plugin. -->","yoast_head_json":{"title":"A palavra que muitos brasileiros escrevem separado, mas o correto \u00e9 junto - Correio Braziliense - Radar","description":"Algumas palavras muito usadas no portugu\u00eas geram confus\u00e3o na escrita por parecerem separadas na fala, criando erros comuns em textos","robots":{"index":"index","follow":"follow","max-snippet":"max-snippet:-1","max-image-preview":"max-image-preview:large","max-video-preview":"max-video-preview:-1"},"canonical":"https:\/\/www.correiobraziliense.com.br\/cbradar\/a-palavra-que-muitos-brasileiros-escrevem-separado-mas-o-correto-e-junto\/","og_locale":"pt_BR","og_type":"article","og_title":"A palavra que muitos brasileiros escrevem separado, mas o correto \u00e9 junto - Correio Braziliense - Radar","og_description":"Algumas palavras muito usadas no portugu\u00eas geram confus\u00e3o na escrita por parecerem separadas na fala, criando erros comuns em textos","og_url":"https:\/\/www.correiobraziliense.com.br\/cbradar\/a-palavra-que-muitos-brasileiros-escrevem-separado-mas-o-correto-e-junto\/","og_site_name":"Correio Braziliense - Radar","article_published_time":"2026-03-14T21:15:00+00:00","og_image":[{"width":1280,"height":720,"url":"https:\/\/www.correiobraziliense.com.br\/cbradar\/wp-content\/uploads\/2026\/03\/Gemini_Generated_Image_cxyv7xcxyv7xcxyv-1-1.png","type":"image\/png"}],"author":"Patrick Silva","twitter_card":"summary_large_image","twitter_misc":{"Escrito por":"Patrick Silva","Est. tempo de leitura":"5 minutos"},"schema":{"@context":"https:\/\/schema.org","@graph":[{"@type":"WebPage","@id":"https:\/\/www.correiobraziliense.com.br\/cbradar\/a-palavra-que-muitos-brasileiros-escrevem-separado-mas-o-correto-e-junto\/","url":"https:\/\/www.correiobraziliense.com.br\/cbradar\/a-palavra-que-muitos-brasileiros-escrevem-separado-mas-o-correto-e-junto\/","name":"A palavra que muitos brasileiros escrevem separado, mas o correto \u00e9 junto - Correio Braziliense - Radar","isPartOf":{"@id":"https:\/\/www.correiobraziliense.com.br\/cbradar\/#website"},"primaryImageOfPage":{"@id":"https:\/\/www.correiobraziliense.com.br\/cbradar\/a-palavra-que-muitos-brasileiros-escrevem-separado-mas-o-correto-e-junto\/#primaryimage"},"image":{"@id":"https:\/\/www.correiobraziliense.com.br\/cbradar\/a-palavra-que-muitos-brasileiros-escrevem-separado-mas-o-correto-e-junto\/#primaryimage"},"thumbnailUrl":"https:\/\/www.correiobraziliense.com.br\/cbradar\/wp-content\/uploads\/2026\/03\/Gemini_Generated_Image_cxyv7xcxyv7xcxyv-1-1.png","datePublished":"2026-03-14T21:15:00+00:00","author":{"@id":"https:\/\/www.correiobraziliense.com.br\/cbradar\/#\/schema\/person\/5440b72be9c7eb74f446c846479dc4da"},"description":"Algumas palavras muito usadas no portugu\u00eas geram confus\u00e3o na escrita por parecerem separadas na fala, criando erros comuns em textos","breadcrumb":{"@id":"https:\/\/www.correiobraziliense.com.br\/cbradar\/a-palavra-que-muitos-brasileiros-escrevem-separado-mas-o-correto-e-junto\/#breadcrumb"},"inLanguage":"pt-BR","potentialAction":[{"@type":"ReadAction","target":["https:\/\/www.correiobraziliense.com.br\/cbradar\/a-palavra-que-muitos-brasileiros-escrevem-separado-mas-o-correto-e-junto\/"]}]},{"@type":"ImageObject","inLanguage":"pt-BR","@id":"https:\/\/www.correiobraziliense.com.br\/cbradar\/a-palavra-que-muitos-brasileiros-escrevem-separado-mas-o-correto-e-junto\/#primaryimage","url":"https:\/\/www.correiobraziliense.com.br\/cbradar\/wp-content\/uploads\/2026\/03\/Gemini_Generated_Image_cxyv7xcxyv7xcxyv-1-1.png","contentUrl":"https:\/\/www.correiobraziliense.com.br\/cbradar\/wp-content\/uploads\/2026\/03\/Gemini_Generated_Image_cxyv7xcxyv7xcxyv-1-1.png","width":1280,"height":720,"caption":"Algumas palavras do portugu\u00eas parecem separadas na fala, mas devem ser escritas juntas"},{"@type":"BreadcrumbList","@id":"https:\/\/www.correiobraziliense.com.br\/cbradar\/a-palavra-que-muitos-brasileiros-escrevem-separado-mas-o-correto-e-junto\/#breadcrumb","itemListElement":[{"@type":"ListItem","position":1,"name":"In\u00edcio","item":"https:\/\/www.correiobraziliense.com.br\/cbradar\/"},{"@type":"ListItem","position":2,"name":"A palavra que muitos brasileiros escrevem separado, mas o correto \u00e9 junto"}]},{"@type":"WebSite","@id":"https:\/\/www.correiobraziliense.com.br\/cbradar\/#website","url":"https:\/\/www.correiobraziliense.com.br\/cbradar\/","name":"Correio Braziliense - Radar","description":"Acompanhe as \u00faltimas not\u00edcias e fique bem informado sobre tudo o que acontece no Brasil e no mundo.","potentialAction":[{"@type":"SearchAction","target":{"@type":"EntryPoint","urlTemplate":"https:\/\/www.correiobraziliense.com.br\/cbradar\/?s={search_term_string}"},"query-input":{"@type":"PropertyValueSpecification","valueRequired":true,"valueName":"search_term_string"}}],"inLanguage":"pt-BR"},{"@type":"Person","@id":"https:\/\/www.correiobraziliense.com.br\/cbradar\/#\/schema\/person\/5440b72be9c7eb74f446c846479dc4da","name":"Patrick Silva","image":{"@type":"ImageObject","inLanguage":"pt-BR","@id":"https:\/\/www.correiobraziliense.com.br\/cbradar\/#\/schema\/person\/image\/","url":"https:\/\/secure.gravatar.com\/avatar\/944109df296fc087785c9715fd5f80b2?s=96&d=mm&r=g","contentUrl":"https:\/\/secure.gravatar.com\/avatar\/944109df296fc087785c9715fd5f80b2?s=96&d=mm&r=g","caption":"Patrick Silva"},"sameAs":["https:\/\/www.correiobraziliense.com.br\/cbradar\/"],"url":"https:\/\/www.correiobraziliense.com.br\/cbradar\/author\/patrick-silva\/"}]}},"_links":{"self":[{"href":"https:\/\/www.correiobraziliense.com.br\/cbradar\/wp-json\/wp\/v2\/posts\/207996","targetHints":{"allow":["GET"]}}],"collection":[{"href":"https:\/\/www.correiobraziliense.com.br\/cbradar\/wp-json\/wp\/v2\/posts"}],"about":[{"href":"https:\/\/www.correiobraziliense.com.br\/cbradar\/wp-json\/wp\/v2\/types\/post"}],"author":[{"embeddable":true,"href":"https:\/\/www.correiobraziliense.com.br\/cbradar\/wp-json\/wp\/v2\/users\/21"}],"replies":[{"embeddable":true,"href":"https:\/\/www.correiobraziliense.com.br\/cbradar\/wp-json\/wp\/v2\/comments?post=207996"}],"version-history":[{"count":2,"href":"https:\/\/www.correiobraziliense.com.br\/cbradar\/wp-json\/wp\/v2\/posts\/207996\/revisions"}],"predecessor-version":[{"id":208033,"href":"https:\/\/www.correiobraziliense.com.br\/cbradar\/wp-json\/wp\/v2\/posts\/207996\/revisions\/208033"}],"wp:featuredmedia":[{"embeddable":true,"href":"https:\/\/www.correiobraziliense.com.br\/cbradar\/wp-json\/wp\/v2\/media\/208027"}],"wp:attachment":[{"href":"https:\/\/www.correiobraziliense.com.br\/cbradar\/wp-json\/wp\/v2\/media?parent=207996"}],"wp:term":[{"taxonomy":"category","embeddable":true,"href":"https:\/\/www.correiobraziliense.com.br\/cbradar\/wp-json\/wp\/v2\/categories?post=207996"},{"taxonomy":"post_tag","embeddable":true,"href":"https:\/\/www.correiobraziliense.com.br\/cbradar\/wp-json\/wp\/v2\/tags?post=207996"}],"curies":[{"name":"wp","href":"https:\/\/api.w.org\/{rel}","templated":true}]}}