{"id":208050,"date":"2026-03-14T09:55:00","date_gmt":"2026-03-14T12:55:00","guid":{"rendered":"https:\/\/www.correiobraziliense.com.br\/cbradar\/?p=208050"},"modified":"2026-03-13T13:48:56","modified_gmt":"2026-03-13T16:48:56","slug":"3-frutas-ricas-em-fibras-ideais-para-pessoas-acima-de-50-anos","status":"publish","type":"post","link":"https:\/\/www.correiobraziliense.com.br\/cbradar\/3-frutas-ricas-em-fibras-ideais-para-pessoas-acima-de-50-anos\/","title":{"rendered":"3 frutas ricas em fibras ideais para pessoas acima de 50 anos"},"content":{"rendered":"\n<p>Manter uma alimenta\u00e7\u00e3o equilibrada torna-se essencial ap\u00f3s os cinquenta anos para garantir a sa\u00fade digestiva e o bem-estar geral. O consumo de fibras desempenha um papel crucial na preven\u00e7\u00e3o de doen\u00e7as cr\u00f4nicas e no controle do colesterol. Selecionar as frutas corretas pode transformar sua rotina nutricional de maneira saborosa e extremamente eficiente.<\/p>\n\n\n\n<h2 class=\"wp-block-heading\">Como a fibra auxilia no envelhecimento saud\u00e1vel?<\/h2>\n\n\n\n<p>Para pessoas acima dos cinquenta anos, as fibras sol\u00faveis e insol\u00faveis s\u00e3o aliadas fundamentais no funcionamento do intestino e no controle glic\u00eamico. O consumo regular desses nutrientes ajuda a evitar a constipa\u00e7\u00e3o, um problema comum nesta fase da vida, proporcionando mais leveza. Al\u00e9m disso, as fibras promovem saciedade prolongada, auxiliando na manuten\u00e7\u00e3o do peso corporal ideal.<\/p>\n\n\n\n<p>A ingest\u00e3o adequada desses compostos vegetais tamb\u00e9m est\u00e1 diretamente ligada \u00e0 redu\u00e7\u00e3o de riscos cardiovasculares e inflamat\u00f3rios significativos no organismo. Integrar frutas variadas no card\u00e1pio di\u00e1rio permite que o corpo absorva vitaminas essenciais enquanto mant\u00e9m o sistema digestivo operando com m\u00e1xima efici\u00eancia. \u00c9 uma estrat\u00e9gia simples que gera benef\u00edcios duradouros para quem busca <strong>longevidade com qualidade de vida<\/strong>.<\/p>\n\n\n\n<figure class=\"wp-block-image size-full\"><img decoding=\"async\" width=\"1280\" height=\"720\" src=\"https:\/\/www.correiobraziliense.com.br\/cbradar\/wp-content\/uploads\/2026\/03\/Gemini_Generated_Image_d8ow4od8ow4od8ow-1-1.png\" alt=\"3 frutas ricas em fibras ideais para pessoas acima de 50 anos\" class=\"wp-image-208060\" srcset=\"https:\/\/www.correiobraziliense.com.br\/cbradar\/wp-content\/uploads\/2026\/03\/Gemini_Generated_Image_d8ow4od8ow4od8ow-1-1.png 1280w, https:\/\/www.correiobraziliense.com.br\/cbradar\/wp-content\/uploads\/2026\/03\/Gemini_Generated_Image_d8ow4od8ow4od8ow-1-1-300x169.png 300w, https:\/\/www.correiobraziliense.com.br\/cbradar\/wp-content\/uploads\/2026\/03\/Gemini_Generated_Image_d8ow4od8ow4od8ow-1-1-768x432.png 768w, https:\/\/www.correiobraziliense.com.br\/cbradar\/wp-content\/uploads\/2026\/03\/Gemini_Generated_Image_d8ow4od8ow4od8ow-1-1-750x422.png 750w, https:\/\/www.correiobraziliense.com.br\/cbradar\/wp-content\/uploads\/2026\/03\/Gemini_Generated_Image_d8ow4od8ow4od8ow-1-1-1140x641.png 1140w\" sizes=\"(max-width: 1280px) 100vw, 1280px\" \/><figcaption class=\"wp-element-caption\">Frutas ricas em fibras ajudam na digest\u00e3o e contribuem para a sa\u00fade ap\u00f3s os 50 anos<\/figcaption><\/figure>\n\n\n\n<h2 class=\"wp-block-heading\">Quais s\u00e3o as melhores escolhas para o seu prato?<\/h2>\n\n\n\n<p>A ma\u00e7\u00e3 \u00e9 uma excelente fonte de pectina, uma fibra sol\u00favel que ajuda a regular os n\u00edveis de a\u00e7\u00facar no sangue. Consumir a fruta com casca potencializa a ingest\u00e3o de nutrientes essenciais para a prote\u00e7\u00e3o das c\u00e9lulas contra o envelhecimento precoce. \u00c9 uma op\u00e7\u00e3o pr\u00e1tica que pode ser transportada facilmente para qualquer lugar no dia.<\/p>\n\n\n\n<p>O abacate tamb\u00e9m se destaca por ser rico em fibras e gorduras monoinsaturadas saud\u00e1veis, que protegem o cora\u00e7\u00e3o de doen\u00e7as graves. J\u00e1 a pera oferece uma textura suave e alta concentra\u00e7\u00e3o de \u00e1gua, facilitando a digest\u00e3o e a hidrata\u00e7\u00e3o natural do corpo. Essas frutas juntas criam uma base s\u00f3lida para uma nutri\u00e7\u00e3o focada na vitalidade.<\/p>\n\n\n\n<h2 class=\"wp-block-heading\">Quais benef\u00edcios essas op\u00e7\u00f5es trazem na pr\u00e1tica?<\/h2>\n\n\n\n<p>Ao incorporar essas alternativas na dieta, voc\u00ea garante um suporte cont\u00ednuo para a microbiota intestinal, melhorando a absor\u00e7\u00e3o de nutrientes importantes. Essa mudan\u00e7a de h\u00e1bito reflete positivamente na disposi\u00e7\u00e3o f\u00edsica e na clareza mental, combatendo o cansa\u00e7o frequente. Para compreender melhor as propriedades espec\u00edficas de cada uma e como elas atuam no seu corpo, explore as caracter\u00edsticas apresentadas a seguir:<\/p>\n\n\n\n<ul class=\"wp-block-list\">\n<li>Ma\u00e7\u00e3 com casca fornece quercetina e fibras sol\u00faveis potentes.<\/li>\n\n\n\n<li>Pera auxilia no tr\u00e2nsito intestinal e na hidrata\u00e7\u00e3o di\u00e1ria.<\/li>\n\n\n\n<li>Abacate contribui com fibras e gorduras ben\u00e9ficas ao sistema cardiovascular.<\/li>\n<\/ul>\n\n\n\n<h2 class=\"wp-block-heading\">O consumo excessivo pode causar algum desconforto?<\/h2>\n\n\n\n<p>Embora as fibras sejam ben\u00e9ficas, o aumento s\u00fabito no consumo deve ser acompanhado por uma ingest\u00e3o h\u00eddrica proporcional para evitar gases. Beber \u00e1gua \u00e9 fundamental para que as fibras desempenhem seu papel de forma eficaz, sem gerar incha\u00e7o ou dores abdominais desconfort\u00e1veis. O equil\u00edbrio entre s\u00f3lidos e l\u00edquidos \u00e9 o segredo para o sucesso desse ajuste na sua dieta.<\/p>\n\n\n\n<p>\u00c9 recomend\u00e1vel introduzir as novas frutas gradualmente, permitindo que o sistema digestivo se adapte \u00e0 nova carga nutricional de maneira natural. Ouvir os sinais do pr\u00f3prio corpo ajuda a ajustar as por\u00e7\u00f5es conforme as necessidades individuais de cada pessoa nesta faixa et\u00e1ria. A <strong>consist\u00eancia alimentar<\/strong> aliada \u00e0 modera\u00e7\u00e3o \u00e9 a chave para colher todos os benef\u00edcios prometidos pelos alimentos naturais.<\/p>\n\n\n\n<figure class=\"wp-block-image size-full\"><img decoding=\"async\" width=\"1280\" height=\"720\" src=\"https:\/\/www.correiobraziliense.com.br\/cbradar\/wp-content\/uploads\/2026\/03\/Gemini_Generated_Image_vhfm0evhfm0evhfm-1-1.png\" alt=\"3 frutas ricas em fibras ideais para pessoas acima de 50 anos\" class=\"wp-image-208061\" srcset=\"https:\/\/www.correiobraziliense.com.br\/cbradar\/wp-content\/uploads\/2026\/03\/Gemini_Generated_Image_vhfm0evhfm0evhfm-1-1.png 1280w, https:\/\/www.correiobraziliense.com.br\/cbradar\/wp-content\/uploads\/2026\/03\/Gemini_Generated_Image_vhfm0evhfm0evhfm-1-1-300x169.png 300w, https:\/\/www.correiobraziliense.com.br\/cbradar\/wp-content\/uploads\/2026\/03\/Gemini_Generated_Image_vhfm0evhfm0evhfm-1-1-768x432.png 768w, https:\/\/www.correiobraziliense.com.br\/cbradar\/wp-content\/uploads\/2026\/03\/Gemini_Generated_Image_vhfm0evhfm0evhfm-1-1-750x422.png 750w, https:\/\/www.correiobraziliense.com.br\/cbradar\/wp-content\/uploads\/2026\/03\/Gemini_Generated_Image_vhfm0evhfm0evhfm-1-1-1140x641.png 1140w\" sizes=\"(max-width: 1280px) 100vw, 1280px\" \/><figcaption class=\"wp-element-caption\">Frutas ricas em fibras ajudam na digest\u00e3o e contribuem para a sa\u00fade ap\u00f3s os 50 anos<\/figcaption><\/figure>\n\n\n\n<p>Leia tamb\u00e9m: <a href=\"https:\/\/www.correiobraziliense.com.br\/cbradar\/como-fazer-feijao-tropeiro-mineiro-tradicional-em-casa-com-esta-receita-simples\/\" target=\"_blank\" rel=\"noreferrer noopener\">Como fazer feij\u00e3o tropeiro mineiro tradicional em casa com esta receita simples<\/a><\/p>\n\n\n\n<h2 class=\"wp-block-heading\">O que dizem os especialistas sobre este h\u00e1bito?<\/h2>\n\n\n\n<p>Organiza\u00e7\u00f5es globais de sa\u00fade recomendam o consumo de vinte e cinco a trinta gramas de fibras diariamente para adultos maduros. Seguir essas orienta\u00e7\u00f5es cient\u00edficas ajuda a prevenir o desenvolvimento de diabetes tipo dois e melhora a resposta imunol\u00f3gica geral. A ci\u00eancia comprova que a alimenta\u00e7\u00e3o natural continua sendo o melhor rem\u00e9dio para manter a sa\u00fade vibrante por muitos anos.<\/p>\n\n\n\n<p>De acordo com as diretrizes da <strong>Organiza\u00e7\u00e3o Mundial da Sa\u00fade<\/strong>, a ingest\u00e3o frequente de frutas e vegetais reduz significativamente a mortalidade por doen\u00e7as n\u00e3o transmiss\u00edveis. Adotar este padr\u00e3o alimentar \u00e9 um investimento seguro no seu futuro, garantindo mais autonomia e vigor f\u00edsico. Para consultar o guia completo sobre alimenta\u00e7\u00e3o saud\u00e1vel para adultos, visite o portal oficial da <a href=\"https:\/\/www.who.int\/news-room\/fact-sheets\/detail\/healthy-diet\" target=\"_blank\" rel=\"noreferrer noopener\">OMS<\/a>.<\/p>\n","protected":false},"excerpt":{"rendered":"<p>Manter uma alimenta\u00e7\u00e3o equilibrada torna-se essencial ap\u00f3s os cinquenta anos para garantir a sa\u00fade digestiva e o bem-estar geral. O consumo de fibras desempenha um papel crucial na preven\u00e7\u00e3o de doen\u00e7as cr\u00f4nicas e no controle do colesterol. Selecionar as frutas corretas pode transformar sua rotina nutricional de maneira saborosa e extremamente eficiente. Como a fibra [&hellip;]<\/p>\n","protected":false},"author":21,"featured_media":208054,"comment_status":"open","ping_status":"open","sticky":false,"template":"","format":"standard","meta":{"_yoast_wpseo_focuskw":"frutas ricas em fibras","_yoast_wpseo_title":"","_yoast_wpseo_metadesc":"Ap\u00f3s os 50 anos, pequenas escolhas na alimenta\u00e7\u00e3o podem fazer grande diferen\u00e7a na digest\u00e3o, energia e bem-estar ao longo do dia","jnews-multi-image_gallery":[],"jnews_single_post":{"format":"standard"},"jnews_primary_category":[],"jnews_social_meta":[],"jnews_override_counter":[],"footnotes":""},"categories":[119],"tags":[2295,735,4706,202],"class_list":["post-208050","post","type-post","status-publish","format-standard","has-post-thumbnail","hentry","category-bem-estar","tag-fibras","tag-frutas","tag-frutas-ricas-em-fibras","tag-idosos"],"yoast_head":"<!-- This site is optimized with the Yoast SEO plugin v24.6 - https:\/\/yoast.com\/wordpress\/plugins\/seo\/ -->\n<title>3 frutas ricas em fibras ideais para pessoas acima de 50 anos - Correio Braziliense - Radar<\/title>\n<meta name=\"description\" content=\"Ap\u00f3s os 50 anos, pequenas escolhas na alimenta\u00e7\u00e3o podem fazer grande diferen\u00e7a na digest\u00e3o, energia e bem-estar ao longo do dia\" \/>\n<meta name=\"robots\" content=\"index, follow, max-snippet:-1, max-image-preview:large, max-video-preview:-1\" \/>\n<link rel=\"canonical\" href=\"https:\/\/www.correiobraziliense.com.br\/cbradar\/3-frutas-ricas-em-fibras-ideais-para-pessoas-acima-de-50-anos\/\" \/>\n<meta property=\"og:locale\" content=\"pt_BR\" \/>\n<meta property=\"og:type\" content=\"article\" \/>\n<meta property=\"og:title\" content=\"3 frutas ricas em fibras ideais para pessoas acima de 50 anos - Correio Braziliense - Radar\" \/>\n<meta property=\"og:description\" content=\"Ap\u00f3s os 50 anos, pequenas escolhas na alimenta\u00e7\u00e3o podem fazer grande diferen\u00e7a na digest\u00e3o, energia e bem-estar ao longo do dia\" \/>\n<meta property=\"og:url\" content=\"https:\/\/www.correiobraziliense.com.br\/cbradar\/3-frutas-ricas-em-fibras-ideais-para-pessoas-acima-de-50-anos\/\" \/>\n<meta property=\"og:site_name\" content=\"Correio Braziliense - Radar\" \/>\n<meta property=\"article:published_time\" content=\"2026-03-14T12:55:00+00:00\" \/>\n<meta property=\"og:image\" content=\"https:\/\/www.correiobraziliense.com.br\/cbradar\/wp-content\/uploads\/2026\/03\/Gemini_Generated_Image_rev2hkrev2hkrev2-1-1.png\" \/>\n\t<meta property=\"og:image:width\" content=\"1280\" \/>\n\t<meta property=\"og:image:height\" content=\"720\" \/>\n\t<meta property=\"og:image:type\" content=\"image\/png\" \/>\n<meta name=\"author\" content=\"Patrick Silva\" \/>\n<meta name=\"twitter:card\" content=\"summary_large_image\" \/>\n<meta name=\"twitter:label1\" content=\"Escrito por\" \/>\n\t<meta name=\"twitter:data1\" content=\"Patrick Silva\" \/>\n\t<meta name=\"twitter:label2\" content=\"Est. tempo de leitura\" \/>\n\t<meta name=\"twitter:data2\" content=\"5 minutos\" \/>\n<!-- \/ Yoast SEO plugin. -->","yoast_head_json":{"title":"3 frutas ricas em fibras ideais para pessoas acima de 50 anos - Correio Braziliense - Radar","description":"Ap\u00f3s os 50 anos, pequenas escolhas na alimenta\u00e7\u00e3o podem fazer grande diferen\u00e7a na digest\u00e3o, energia e bem-estar ao longo do dia","robots":{"index":"index","follow":"follow","max-snippet":"max-snippet:-1","max-image-preview":"max-image-preview:large","max-video-preview":"max-video-preview:-1"},"canonical":"https:\/\/www.correiobraziliense.com.br\/cbradar\/3-frutas-ricas-em-fibras-ideais-para-pessoas-acima-de-50-anos\/","og_locale":"pt_BR","og_type":"article","og_title":"3 frutas ricas em fibras ideais para pessoas acima de 50 anos - Correio Braziliense - Radar","og_description":"Ap\u00f3s os 50 anos, pequenas escolhas na alimenta\u00e7\u00e3o podem fazer grande diferen\u00e7a na digest\u00e3o, energia e bem-estar ao longo do dia","og_url":"https:\/\/www.correiobraziliense.com.br\/cbradar\/3-frutas-ricas-em-fibras-ideais-para-pessoas-acima-de-50-anos\/","og_site_name":"Correio Braziliense - Radar","article_published_time":"2026-03-14T12:55:00+00:00","og_image":[{"width":1280,"height":720,"url":"https:\/\/www.correiobraziliense.com.br\/cbradar\/wp-content\/uploads\/2026\/03\/Gemini_Generated_Image_rev2hkrev2hkrev2-1-1.png","type":"image\/png"}],"author":"Patrick Silva","twitter_card":"summary_large_image","twitter_misc":{"Escrito por":"Patrick Silva","Est. tempo de leitura":"5 minutos"},"schema":{"@context":"https:\/\/schema.org","@graph":[{"@type":"WebPage","@id":"https:\/\/www.correiobraziliense.com.br\/cbradar\/3-frutas-ricas-em-fibras-ideais-para-pessoas-acima-de-50-anos\/","url":"https:\/\/www.correiobraziliense.com.br\/cbradar\/3-frutas-ricas-em-fibras-ideais-para-pessoas-acima-de-50-anos\/","name":"3 frutas ricas em fibras ideais para pessoas acima de 50 anos - Correio Braziliense - Radar","isPartOf":{"@id":"https:\/\/www.correiobraziliense.com.br\/cbradar\/#website"},"primaryImageOfPage":{"@id":"https:\/\/www.correiobraziliense.com.br\/cbradar\/3-frutas-ricas-em-fibras-ideais-para-pessoas-acima-de-50-anos\/#primaryimage"},"image":{"@id":"https:\/\/www.correiobraziliense.com.br\/cbradar\/3-frutas-ricas-em-fibras-ideais-para-pessoas-acima-de-50-anos\/#primaryimage"},"thumbnailUrl":"https:\/\/www.correiobraziliense.com.br\/cbradar\/wp-content\/uploads\/2026\/03\/Gemini_Generated_Image_rev2hkrev2hkrev2-1-1.png","datePublished":"2026-03-14T12:55:00+00:00","author":{"@id":"https:\/\/www.correiobraziliense.com.br\/cbradar\/#\/schema\/person\/5440b72be9c7eb74f446c846479dc4da"},"description":"Ap\u00f3s os 50 anos, pequenas escolhas na alimenta\u00e7\u00e3o podem fazer grande diferen\u00e7a na digest\u00e3o, energia e bem-estar ao longo do dia","breadcrumb":{"@id":"https:\/\/www.correiobraziliense.com.br\/cbradar\/3-frutas-ricas-em-fibras-ideais-para-pessoas-acima-de-50-anos\/#breadcrumb"},"inLanguage":"pt-BR","potentialAction":[{"@type":"ReadAction","target":["https:\/\/www.correiobraziliense.com.br\/cbradar\/3-frutas-ricas-em-fibras-ideais-para-pessoas-acima-de-50-anos\/"]}]},{"@type":"ImageObject","inLanguage":"pt-BR","@id":"https:\/\/www.correiobraziliense.com.br\/cbradar\/3-frutas-ricas-em-fibras-ideais-para-pessoas-acima-de-50-anos\/#primaryimage","url":"https:\/\/www.correiobraziliense.com.br\/cbradar\/wp-content\/uploads\/2026\/03\/Gemini_Generated_Image_rev2hkrev2hkrev2-1-1.png","contentUrl":"https:\/\/www.correiobraziliense.com.br\/cbradar\/wp-content\/uploads\/2026\/03\/Gemini_Generated_Image_rev2hkrev2hkrev2-1-1.png","width":1280,"height":720,"caption":"Frutas ricas em fibras ajudam na digest\u00e3o e contribuem para a sa\u00fade ap\u00f3s os 50 anos"},{"@type":"BreadcrumbList","@id":"https:\/\/www.correiobraziliense.com.br\/cbradar\/3-frutas-ricas-em-fibras-ideais-para-pessoas-acima-de-50-anos\/#breadcrumb","itemListElement":[{"@type":"ListItem","position":1,"name":"In\u00edcio","item":"https:\/\/www.correiobraziliense.com.br\/cbradar\/"},{"@type":"ListItem","position":2,"name":"3 frutas ricas em fibras ideais para pessoas acima de 50 anos"}]},{"@type":"WebSite","@id":"https:\/\/www.correiobraziliense.com.br\/cbradar\/#website","url":"https:\/\/www.correiobraziliense.com.br\/cbradar\/","name":"Correio Braziliense - Radar","description":"Acompanhe as \u00faltimas not\u00edcias e fique bem informado sobre tudo o que acontece no Brasil e no mundo.","potentialAction":[{"@type":"SearchAction","target":{"@type":"EntryPoint","urlTemplate":"https:\/\/www.correiobraziliense.com.br\/cbradar\/?s={search_term_string}"},"query-input":{"@type":"PropertyValueSpecification","valueRequired":true,"valueName":"search_term_string"}}],"inLanguage":"pt-BR"},{"@type":"Person","@id":"https:\/\/www.correiobraziliense.com.br\/cbradar\/#\/schema\/person\/5440b72be9c7eb74f446c846479dc4da","name":"Patrick Silva","image":{"@type":"ImageObject","inLanguage":"pt-BR","@id":"https:\/\/www.correiobraziliense.com.br\/cbradar\/#\/schema\/person\/image\/","url":"https:\/\/secure.gravatar.com\/avatar\/944109df296fc087785c9715fd5f80b2?s=96&d=mm&r=g","contentUrl":"https:\/\/secure.gravatar.com\/avatar\/944109df296fc087785c9715fd5f80b2?s=96&d=mm&r=g","caption":"Patrick Silva"},"sameAs":["https:\/\/www.correiobraziliense.com.br\/cbradar\/"],"url":"https:\/\/www.correiobraziliense.com.br\/cbradar\/author\/patrick-silva\/"}]}},"_links":{"self":[{"href":"https:\/\/www.correiobraziliense.com.br\/cbradar\/wp-json\/wp\/v2\/posts\/208050","targetHints":{"allow":["GET"]}}],"collection":[{"href":"https:\/\/www.correiobraziliense.com.br\/cbradar\/wp-json\/wp\/v2\/posts"}],"about":[{"href":"https:\/\/www.correiobraziliense.com.br\/cbradar\/wp-json\/wp\/v2\/types\/post"}],"author":[{"embeddable":true,"href":"https:\/\/www.correiobraziliense.com.br\/cbradar\/wp-json\/wp\/v2\/users\/21"}],"replies":[{"embeddable":true,"href":"https:\/\/www.correiobraziliense.com.br\/cbradar\/wp-json\/wp\/v2\/comments?post=208050"}],"version-history":[{"count":1,"href":"https:\/\/www.correiobraziliense.com.br\/cbradar\/wp-json\/wp\/v2\/posts\/208050\/revisions"}],"predecessor-version":[{"id":208062,"href":"https:\/\/www.correiobraziliense.com.br\/cbradar\/wp-json\/wp\/v2\/posts\/208050\/revisions\/208062"}],"wp:featuredmedia":[{"embeddable":true,"href":"https:\/\/www.correiobraziliense.com.br\/cbradar\/wp-json\/wp\/v2\/media\/208054"}],"wp:attachment":[{"href":"https:\/\/www.correiobraziliense.com.br\/cbradar\/wp-json\/wp\/v2\/media?parent=208050"}],"wp:term":[{"taxonomy":"category","embeddable":true,"href":"https:\/\/www.correiobraziliense.com.br\/cbradar\/wp-json\/wp\/v2\/categories?post=208050"},{"taxonomy":"post_tag","embeddable":true,"href":"https:\/\/www.correiobraziliense.com.br\/cbradar\/wp-json\/wp\/v2\/tags?post=208050"}],"curies":[{"name":"wp","href":"https:\/\/api.w.org\/{rel}","templated":true}]}}