{"id":208070,"date":"2026-03-15T00:35:00","date_gmt":"2026-03-15T03:35:00","guid":{"rendered":"https:\/\/www.correiobraziliense.com.br\/cbradar\/?p=208070"},"modified":"2026-03-14T21:51:05","modified_gmt":"2026-03-15T00:51:05","slug":"pessoas-mais-otimistas-costumam-nascer-nestes-4-meses-do-ano-segundo-pesquisa-cientifica","status":"publish","type":"post","link":"https:\/\/www.correiobraziliense.com.br\/cbradar\/pessoas-mais-otimistas-costumam-nascer-nestes-4-meses-do-ano-segundo-pesquisa-cientifica\/","title":{"rendered":"Pessoas mais otimistas costumam nascer nestes 4 meses do ano, segundo pesquisa cient\u00edfica"},"content":{"rendered":"\n<p>Estudos recentes na \u00e1rea da neuroci\u00eancia sugerem que a \u00e9poca do ano em que uma pessoa nasce pode influenciar diretamente seus tra\u00e7os de personalidade e n\u00edveis de positividade. Essa correla\u00e7\u00e3o entre esta\u00e7\u00f5es clim\u00e1ticas e o temperamento humano revela como o ambiente externo molda nossa predisposi\u00e7\u00e3o biol\u00f3gica para encarar a vida com entusiasmo.<\/p>\n\n\n\n<h2 class=\"wp-block-heading\">Como o clima influencia a forma\u00e7\u00e3o da nossa personalidade?<\/h2>\n\n\n\n<p>A varia\u00e7\u00e3o na exposi\u00e7\u00e3o solar e nos n\u00edveis de vitamina D durante a gesta\u00e7\u00e3o pode afetar o desenvolvimento de neurotransmissores essenciais, como a dopamina e a serotonina. Esses componentes qu\u00edmicos s\u00e3o respons\u00e1veis por regular o humor e a motiva\u00e7\u00e3o, criando uma base s\u00f3lida para um temperamento mais resiliente e alegre ao longo de toda a jornada.<\/p>\n\n\n\n<p>Pesquisadores observaram que as condi\u00e7\u00f5es ambientais sazonais deixam marcas duradouras nos sistemas biol\u00f3gicos que controlam as emo\u00e7\u00f5es e o comportamento social. Indiv\u00edduos expostos a ciclos espec\u00edficos de luz natural tendem a manifestar padr\u00f5es de pensamento mais construtivos. Esse fen\u00f4meno demonstra a conex\u00e3o profunda entre os ritmos da natureza e o equil\u00edbrio mental de cada ser.<\/p>\n\n\n\n<figure class=\"wp-block-image size-full\"><img decoding=\"async\" width=\"1280\" height=\"720\" src=\"https:\/\/www.correiobraziliense.com.br\/cbradar\/wp-content\/uploads\/2026\/03\/Gemini_Generated_Image_ot3az8ot3az8ot3a-1-1.png\" alt=\"Pessoas mais otimistas costumam nascer nestes 4 meses do ano, segundo pesquisa cient\u00edfica\" class=\"wp-image-208081\" srcset=\"https:\/\/www.correiobraziliense.com.br\/cbradar\/wp-content\/uploads\/2026\/03\/Gemini_Generated_Image_ot3az8ot3az8ot3a-1-1.png 1280w, https:\/\/www.correiobraziliense.com.br\/cbradar\/wp-content\/uploads\/2026\/03\/Gemini_Generated_Image_ot3az8ot3az8ot3a-1-1-300x169.png 300w, https:\/\/www.correiobraziliense.com.br\/cbradar\/wp-content\/uploads\/2026\/03\/Gemini_Generated_Image_ot3az8ot3az8ot3a-1-1-768x432.png 768w, https:\/\/www.correiobraziliense.com.br\/cbradar\/wp-content\/uploads\/2026\/03\/Gemini_Generated_Image_ot3az8ot3az8ot3a-1-1-750x422.png 750w, https:\/\/www.correiobraziliense.com.br\/cbradar\/wp-content\/uploads\/2026\/03\/Gemini_Generated_Image_ot3az8ot3az8ot3a-1-1-1140x641.png 1140w\" sizes=\"(max-width: 1280px) 100vw, 1280px\" \/><figcaption class=\"wp-element-caption\">Pesquisas indicam que a esta\u00e7\u00e3o do ano em que nascemos pode influenciar humor energia e personalidade<\/figcaption><\/figure>\n\n\n\n<h2 class=\"wp-block-heading\">Quais s\u00e3o os per\u00edodos do ano associados ao temperamento positivo?<\/h2>\n\n\n\n<p>O estudo conduzido na <strong>Semmelweis University<\/strong>, na Hungria, identificou que nascer durante os meses de primavera e ver\u00e3o est\u00e1 fortemente ligado a um perfil hipert\u00edmico. <strong><a href=\"https:\/\/www.correiobraziliense.com.br\/cbradar\/frases-usadas-por-pessoas-com-baixa-inteligencia-emocional-segundo-a-psicologia\/\" target=\"_blank\" rel=\"noreferrer noopener\">Pessoas <\/a><\/strong>com esse tra\u00e7o costumam ser mais en\u00e9rgicas, falantes e propensas a manter uma vis\u00e3o otimista, mesmo diante de obst\u00e1culos complexos ou situa\u00e7\u00f5es de estresse prolongado e exaustivo no cotidiano.<\/p>\n\n\n\n<p>Essa tend\u00eancia estat\u00edstica sugere que a abund\u00e2ncia de luz e calor favorece a estabilidade dos sistemas afetivos desde os primeiros momentos de vida. Embora o ambiente e a cria\u00e7\u00e3o sejam fundamentais, a biologia inicial parece oferecer um impulso extra para quem chega ao mundo em \u00e9pocas ensolaradas. A ci\u00eancia continua explorando essas nuances para entender melhor o comportamento humano global.<\/p>\n\n\n\n<h2 class=\"wp-block-heading\">O que caracteriza o comportamento de quem nasce na primavera?<\/h2>\n\n\n\n<p>Indiv\u00edduos que celebram anivers\u00e1rio entre os meses de mar\u00e7o e junho costumam apresentar uma facilidade natural para encontrar solu\u00e7\u00f5es criativas e manter o entusiasmo. Eles possuem uma capacidade regenerativa de humor que os ajuda a superar perdas e a focar no crescimento cont\u00ednuo. Essa caracter\u00edstica \u00e9 um diferencial importante para a sa\u00fade mental e o sucesso pessoal.<\/p>\n\n\n\n<p>Para compreender melhor as virtudes psicol\u00f3gicas que costumam se destacar nesse grupo espec\u00edfico, analise com aten\u00e7\u00e3o os seguintes pontos que descrevem essa predisposi\u00e7\u00e3o inata para o bem-estar emocional:<\/p>\n\n\n\n<ul class=\"wp-block-list\">\n<li>Elevada capacidade de resili\u00eancia diante de imprevistos.<\/li>\n\n\n\n<li>Tend\u00eancia a iniciar novos projetos com vigor e alegria.<\/li>\n\n\n\n<li>Facilidade em socializar e construir redes de apoio s\u00f3lidas.<\/li>\n\n\n\n<li>Perspectiva focada no futuro e nas oportunidades de mudan\u00e7a.<\/li>\n<\/ul>\n\n\n\n<h2 class=\"wp-block-heading\">Existem vantagens psicol\u00f3gicas para quem nasce durante o ver\u00e3o?<\/h2>\n\n\n\n<p>O ver\u00e3o traz consigo uma carga intensa de energia que parece se refletir na personalidade de quem nasce sob seu brilho intenso. Esses indiv\u00edduos frequentemente exibem uma disposi\u00e7\u00e3o radiante e uma vontade constante de explorar novos horizontes. Essa vitalidade \u00e9 alimentada por uma regula\u00e7\u00e3o qu\u00edmica que favorece a busca por experi\u00eancias gratificantes e conex\u00f5es interpessoais muito intensas.<\/p>\n\n\n\n<p>Al\u00e9m disso, a baixa propens\u00e3o a transtornos sazonais de humor torna esse grupo mais est\u00e1vel emocionalmente durante as varia\u00e7\u00f5es clim\u00e1ticas anuais. A prote\u00e7\u00e3o biol\u00f3gica oferecida pelo per\u00edodo de nascimento atua como um escudo contra a apatia e o des\u00e2nimo. Essa for\u00e7a interior \u00e9 fundamental para garantir uma vida equilibrada e cheia de realiza\u00e7\u00f5es significativas em qualquer \u00e1rea escolhida.<\/p>\n\n\n\n<figure class=\"wp-block-image size-full\"><img decoding=\"async\" width=\"1280\" height=\"720\" src=\"https:\/\/www.correiobraziliense.com.br\/cbradar\/wp-content\/uploads\/2026\/03\/Gemini_Generated_Image_6mgdiv6mgdiv6mgd-1-1.png\" alt=\"Pessoas mais otimistas costumam nascer nestes 4 meses do ano, segundo pesquisa cient\u00edfica\" class=\"wp-image-208084\" srcset=\"https:\/\/www.correiobraziliense.com.br\/cbradar\/wp-content\/uploads\/2026\/03\/Gemini_Generated_Image_6mgdiv6mgdiv6mgd-1-1.png 1280w, https:\/\/www.correiobraziliense.com.br\/cbradar\/wp-content\/uploads\/2026\/03\/Gemini_Generated_Image_6mgdiv6mgdiv6mgd-1-1-300x169.png 300w, https:\/\/www.correiobraziliense.com.br\/cbradar\/wp-content\/uploads\/2026\/03\/Gemini_Generated_Image_6mgdiv6mgdiv6mgd-1-1-768x432.png 768w, https:\/\/www.correiobraziliense.com.br\/cbradar\/wp-content\/uploads\/2026\/03\/Gemini_Generated_Image_6mgdiv6mgdiv6mgd-1-1-750x422.png 750w, https:\/\/www.correiobraziliense.com.br\/cbradar\/wp-content\/uploads\/2026\/03\/Gemini_Generated_Image_6mgdiv6mgdiv6mgd-1-1-1140x641.png 1140w\" sizes=\"(max-width: 1280px) 100vw, 1280px\" \/><figcaption class=\"wp-element-caption\">Pesquisas indicam que a esta\u00e7\u00e3o do ano em que nascemos pode influenciar humor energia e personalidade<\/figcaption><\/figure>\n\n\n\n<h2 class=\"wp-block-heading\">Por que a ci\u00eancia investe tanto tempo pesquisando esse fen\u00f4meno?<\/h2>\n\n\n\n<p>Compreender como o m\u00eas de nascimento impacta o otimismo permite que profissionais de sa\u00fade criem estrat\u00e9gias preventivas mais eficazes e personalizadas. Ao identificar predisposi\u00e7\u00f5es, \u00e9 poss\u00edvel fortalecer precocemente as habilidades emocionais de quem pode ter uma base biol\u00f3gica menos inclinada \u00e0 positividade. O conhecimento cient\u00edfico serve como uma ferramenta de empoderamento para o autoconhecimento e o desenvolvimento humano integral.<\/p>\n\n\n\n<p>A busca por evid\u00eancias concretas sobre a influ\u00eancia das esta\u00e7\u00f5es no c\u00e9rebro humano \u00e9 um campo em constante refinamento. Para conferir os detalhes t\u00e9cnicos sobre como as esta\u00e7\u00f5es moldam o temperamento e o otimismo, acesse o portal da <strong><a target=\"_blank\" rel=\"noreferrer noopener\" href=\"https:\/\/pubmed.ncbi.nlm.nih.gov\/25327914\/\">National Library of Medicine<\/a><\/strong>. Essa base oficial oferece acesso aos estudos recentes e confi\u00e1veis sobre o tema.<\/p>\n","protected":false},"excerpt":{"rendered":"<p>Estudos recentes na \u00e1rea da neuroci\u00eancia sugerem que a \u00e9poca do ano em que uma pessoa nasce pode influenciar diretamente seus tra\u00e7os de personalidade e n\u00edveis de positividade. Essa correla\u00e7\u00e3o entre esta\u00e7\u00f5es clim\u00e1ticas e o temperamento humano revela como o ambiente externo molda nossa predisposi\u00e7\u00e3o biol\u00f3gica para encarar a vida com entusiasmo. Como o clima [&hellip;]<\/p>\n","protected":false},"author":21,"featured_media":208078,"comment_status":"open","ping_status":"open","sticky":false,"template":"","format":"standard","meta":{"_yoast_wpseo_focuskw":"como esta\u00e7\u00e3o do nascimento influencia humor","_yoast_wpseo_title":"","_yoast_wpseo_metadesc":"Pesquisas indicam que a esta\u00e7\u00e3o do ano em que algu\u00e9m nasce pode influenciar humor energia e tra\u00e7os de personalidade ao longo da vida.","jnews-multi-image_gallery":[],"jnews_single_post":{"format":"standard"},"jnews_primary_category":[],"jnews_social_meta":[],"jnews_override_counter":[],"footnotes":""},"categories":[112],"tags":[13559,16107,4507,5120],"class_list":["post-208070","post","type-post","status-publish","format-standard","has-post-thumbnail","hentry","category-curiosidades","tag-mes-de-nascimento-2","tag-otimistas","tag-pesquisa","tag-pessoas"],"yoast_head":"<!-- This site is optimized with the Yoast SEO plugin v24.6 - https:\/\/yoast.com\/wordpress\/plugins\/seo\/ -->\n<title>Pessoas mais otimistas costumam nascer nestes 4 meses do ano, segundo pesquisa cient\u00edfica - Correio Braziliense - Radar<\/title>\n<meta name=\"description\" content=\"Pesquisas indicam que a esta\u00e7\u00e3o do ano em que algu\u00e9m nasce pode influenciar humor energia e tra\u00e7os de personalidade ao longo da vida.\" \/>\n<meta name=\"robots\" content=\"index, follow, max-snippet:-1, max-image-preview:large, max-video-preview:-1\" \/>\n<link rel=\"canonical\" href=\"https:\/\/www.correiobraziliense.com.br\/cbradar\/pessoas-mais-otimistas-costumam-nascer-nestes-4-meses-do-ano-segundo-pesquisa-cientifica\/\" \/>\n<meta property=\"og:locale\" content=\"pt_BR\" \/>\n<meta property=\"og:type\" content=\"article\" \/>\n<meta property=\"og:title\" content=\"Pessoas mais otimistas costumam nascer nestes 4 meses do ano, segundo pesquisa cient\u00edfica - Correio Braziliense - Radar\" \/>\n<meta property=\"og:description\" content=\"Pesquisas indicam que a esta\u00e7\u00e3o do ano em que algu\u00e9m nasce pode influenciar humor energia e tra\u00e7os de personalidade ao longo da vida.\" \/>\n<meta property=\"og:url\" content=\"https:\/\/www.correiobraziliense.com.br\/cbradar\/pessoas-mais-otimistas-costumam-nascer-nestes-4-meses-do-ano-segundo-pesquisa-cientifica\/\" \/>\n<meta property=\"og:site_name\" content=\"Correio Braziliense - Radar\" \/>\n<meta property=\"article:published_time\" content=\"2026-03-15T03:35:00+00:00\" \/>\n<meta property=\"og:image\" content=\"https:\/\/www.correiobraziliense.com.br\/cbradar\/wp-content\/uploads\/2026\/03\/Gemini_Generated_Image_co8axeco8axeco8a-1-1.png\" \/>\n\t<meta property=\"og:image:width\" content=\"1280\" \/>\n\t<meta property=\"og:image:height\" content=\"720\" \/>\n\t<meta property=\"og:image:type\" content=\"image\/png\" \/>\n<meta name=\"author\" content=\"Patrick Silva\" \/>\n<meta name=\"twitter:card\" content=\"summary_large_image\" \/>\n<meta name=\"twitter:label1\" content=\"Escrito por\" \/>\n\t<meta name=\"twitter:data1\" content=\"Patrick Silva\" \/>\n\t<meta name=\"twitter:label2\" content=\"Est. tempo de leitura\" \/>\n\t<meta name=\"twitter:data2\" content=\"5 minutos\" \/>\n<!-- \/ Yoast SEO plugin. -->","yoast_head_json":{"title":"Pessoas mais otimistas costumam nascer nestes 4 meses do ano, segundo pesquisa cient\u00edfica - Correio Braziliense - Radar","description":"Pesquisas indicam que a esta\u00e7\u00e3o do ano em que algu\u00e9m nasce pode influenciar humor energia e tra\u00e7os de personalidade ao longo da vida.","robots":{"index":"index","follow":"follow","max-snippet":"max-snippet:-1","max-image-preview":"max-image-preview:large","max-video-preview":"max-video-preview:-1"},"canonical":"https:\/\/www.correiobraziliense.com.br\/cbradar\/pessoas-mais-otimistas-costumam-nascer-nestes-4-meses-do-ano-segundo-pesquisa-cientifica\/","og_locale":"pt_BR","og_type":"article","og_title":"Pessoas mais otimistas costumam nascer nestes 4 meses do ano, segundo pesquisa cient\u00edfica - Correio Braziliense - Radar","og_description":"Pesquisas indicam que a esta\u00e7\u00e3o do ano em que algu\u00e9m nasce pode influenciar humor energia e tra\u00e7os de personalidade ao longo da vida.","og_url":"https:\/\/www.correiobraziliense.com.br\/cbradar\/pessoas-mais-otimistas-costumam-nascer-nestes-4-meses-do-ano-segundo-pesquisa-cientifica\/","og_site_name":"Correio Braziliense - Radar","article_published_time":"2026-03-15T03:35:00+00:00","og_image":[{"width":1280,"height":720,"url":"https:\/\/www.correiobraziliense.com.br\/cbradar\/wp-content\/uploads\/2026\/03\/Gemini_Generated_Image_co8axeco8axeco8a-1-1.png","type":"image\/png"}],"author":"Patrick Silva","twitter_card":"summary_large_image","twitter_misc":{"Escrito por":"Patrick Silva","Est. tempo de leitura":"5 minutos"},"schema":{"@context":"https:\/\/schema.org","@graph":[{"@type":"WebPage","@id":"https:\/\/www.correiobraziliense.com.br\/cbradar\/pessoas-mais-otimistas-costumam-nascer-nestes-4-meses-do-ano-segundo-pesquisa-cientifica\/","url":"https:\/\/www.correiobraziliense.com.br\/cbradar\/pessoas-mais-otimistas-costumam-nascer-nestes-4-meses-do-ano-segundo-pesquisa-cientifica\/","name":"Pessoas mais otimistas costumam nascer nestes 4 meses do ano, segundo pesquisa cient\u00edfica - Correio Braziliense - Radar","isPartOf":{"@id":"https:\/\/www.correiobraziliense.com.br\/cbradar\/#website"},"primaryImageOfPage":{"@id":"https:\/\/www.correiobraziliense.com.br\/cbradar\/pessoas-mais-otimistas-costumam-nascer-nestes-4-meses-do-ano-segundo-pesquisa-cientifica\/#primaryimage"},"image":{"@id":"https:\/\/www.correiobraziliense.com.br\/cbradar\/pessoas-mais-otimistas-costumam-nascer-nestes-4-meses-do-ano-segundo-pesquisa-cientifica\/#primaryimage"},"thumbnailUrl":"https:\/\/www.correiobraziliense.com.br\/cbradar\/wp-content\/uploads\/2026\/03\/Gemini_Generated_Image_co8axeco8axeco8a-1-1.png","datePublished":"2026-03-15T03:35:00+00:00","author":{"@id":"https:\/\/www.correiobraziliense.com.br\/cbradar\/#\/schema\/person\/5440b72be9c7eb74f446c846479dc4da"},"description":"Pesquisas indicam que a esta\u00e7\u00e3o do ano em que algu\u00e9m nasce pode influenciar humor energia e tra\u00e7os de personalidade ao longo da vida.","breadcrumb":{"@id":"https:\/\/www.correiobraziliense.com.br\/cbradar\/pessoas-mais-otimistas-costumam-nascer-nestes-4-meses-do-ano-segundo-pesquisa-cientifica\/#breadcrumb"},"inLanguage":"pt-BR","potentialAction":[{"@type":"ReadAction","target":["https:\/\/www.correiobraziliense.com.br\/cbradar\/pessoas-mais-otimistas-costumam-nascer-nestes-4-meses-do-ano-segundo-pesquisa-cientifica\/"]}]},{"@type":"ImageObject","inLanguage":"pt-BR","@id":"https:\/\/www.correiobraziliense.com.br\/cbradar\/pessoas-mais-otimistas-costumam-nascer-nestes-4-meses-do-ano-segundo-pesquisa-cientifica\/#primaryimage","url":"https:\/\/www.correiobraziliense.com.br\/cbradar\/wp-content\/uploads\/2026\/03\/Gemini_Generated_Image_co8axeco8axeco8a-1-1.png","contentUrl":"https:\/\/www.correiobraziliense.com.br\/cbradar\/wp-content\/uploads\/2026\/03\/Gemini_Generated_Image_co8axeco8axeco8a-1-1.png","width":1280,"height":720,"caption":"Pesquisas indicam que a esta\u00e7\u00e3o do ano em que nascemos pode influenciar humor energia e personalidade"},{"@type":"BreadcrumbList","@id":"https:\/\/www.correiobraziliense.com.br\/cbradar\/pessoas-mais-otimistas-costumam-nascer-nestes-4-meses-do-ano-segundo-pesquisa-cientifica\/#breadcrumb","itemListElement":[{"@type":"ListItem","position":1,"name":"In\u00edcio","item":"https:\/\/www.correiobraziliense.com.br\/cbradar\/"},{"@type":"ListItem","position":2,"name":"Pessoas mais otimistas costumam nascer nestes 4 meses do ano, segundo pesquisa cient\u00edfica"}]},{"@type":"WebSite","@id":"https:\/\/www.correiobraziliense.com.br\/cbradar\/#website","url":"https:\/\/www.correiobraziliense.com.br\/cbradar\/","name":"Correio Braziliense - Radar","description":"Acompanhe as \u00faltimas not\u00edcias e fique bem informado sobre tudo o que acontece no Brasil e no mundo.","potentialAction":[{"@type":"SearchAction","target":{"@type":"EntryPoint","urlTemplate":"https:\/\/www.correiobraziliense.com.br\/cbradar\/?s={search_term_string}"},"query-input":{"@type":"PropertyValueSpecification","valueRequired":true,"valueName":"search_term_string"}}],"inLanguage":"pt-BR"},{"@type":"Person","@id":"https:\/\/www.correiobraziliense.com.br\/cbradar\/#\/schema\/person\/5440b72be9c7eb74f446c846479dc4da","name":"Patrick Silva","image":{"@type":"ImageObject","inLanguage":"pt-BR","@id":"https:\/\/www.correiobraziliense.com.br\/cbradar\/#\/schema\/person\/image\/","url":"https:\/\/secure.gravatar.com\/avatar\/944109df296fc087785c9715fd5f80b2?s=96&d=mm&r=g","contentUrl":"https:\/\/secure.gravatar.com\/avatar\/944109df296fc087785c9715fd5f80b2?s=96&d=mm&r=g","caption":"Patrick Silva"},"sameAs":["https:\/\/www.correiobraziliense.com.br\/cbradar\/"],"url":"https:\/\/www.correiobraziliense.com.br\/cbradar\/author\/patrick-silva\/"}]}},"_links":{"self":[{"href":"https:\/\/www.correiobraziliense.com.br\/cbradar\/wp-json\/wp\/v2\/posts\/208070","targetHints":{"allow":["GET"]}}],"collection":[{"href":"https:\/\/www.correiobraziliense.com.br\/cbradar\/wp-json\/wp\/v2\/posts"}],"about":[{"href":"https:\/\/www.correiobraziliense.com.br\/cbradar\/wp-json\/wp\/v2\/types\/post"}],"author":[{"embeddable":true,"href":"https:\/\/www.correiobraziliense.com.br\/cbradar\/wp-json\/wp\/v2\/users\/21"}],"replies":[{"embeddable":true,"href":"https:\/\/www.correiobraziliense.com.br\/cbradar\/wp-json\/wp\/v2\/comments?post=208070"}],"version-history":[{"count":4,"href":"https:\/\/www.correiobraziliense.com.br\/cbradar\/wp-json\/wp\/v2\/posts\/208070\/revisions"}],"predecessor-version":[{"id":208086,"href":"https:\/\/www.correiobraziliense.com.br\/cbradar\/wp-json\/wp\/v2\/posts\/208070\/revisions\/208086"}],"wp:featuredmedia":[{"embeddable":true,"href":"https:\/\/www.correiobraziliense.com.br\/cbradar\/wp-json\/wp\/v2\/media\/208078"}],"wp:attachment":[{"href":"https:\/\/www.correiobraziliense.com.br\/cbradar\/wp-json\/wp\/v2\/media?parent=208070"}],"wp:term":[{"taxonomy":"category","embeddable":true,"href":"https:\/\/www.correiobraziliense.com.br\/cbradar\/wp-json\/wp\/v2\/categories?post=208070"},{"taxonomy":"post_tag","embeddable":true,"href":"https:\/\/www.correiobraziliense.com.br\/cbradar\/wp-json\/wp\/v2\/tags?post=208070"}],"curies":[{"name":"wp","href":"https:\/\/api.w.org\/{rel}","templated":true}]}}