{"id":208083,"date":"2026-03-15T20:05:00","date_gmt":"2026-03-15T23:05:00","guid":{"rendered":"https:\/\/www.correiobraziliense.com.br\/cbradar\/?p=208083"},"modified":"2026-03-13T11:09:31","modified_gmt":"2026-03-13T14:09:31","slug":"isaac-newton-matematico-e-fisico-se-vi-mais-longe-foi-por-estar-sobre-ombros-de-gigantes","status":"publish","type":"post","link":"https:\/\/www.correiobraziliense.com.br\/cbradar\/isaac-newton-matematico-e-fisico-se-vi-mais-longe-foi-por-estar-sobre-ombros-de-gigantes\/","title":{"rendered":"Isaac Newton, matem\u00e1tico e f\u00edsico: \u201cSe vi mais longe, foi por estar sobre ombros de gigantes.\u201d"},"content":{"rendered":"\n<p>A frase c\u00e9lebre de <strong>Isaac Newton<\/strong> revela a humildade necess\u00e1ria para o avan\u00e7o do conhecimento humano ao longo dos s\u00e9culos. Reconhecer que o progresso cient\u00edfico depende de descobertas anteriores \u00e9 fundamental para qualquer pesquisador s\u00e9rio. Essa mentalidade permitiu que grandes mentes transformassem a f\u00edsica e a matem\u00e1tica em pilares da civiliza\u00e7\u00e3o moderna.<\/p>\n\n\n\n<h2 class=\"wp-block-heading\">Como o reconhecimento de mentores acelera a inova\u00e7\u00e3o tecnol\u00f3gica contempor\u00e2nea?<\/h2>\n\n\n\n<p>A evolu\u00e7\u00e3o das <a href=\"https:\/\/www.correiobraziliense.com.br\/cbradar\/isaac-newton-fez-previsao-da-data-do-fim-do-mundo-em-carta-escrita-em-1704\/\" target=\"_blank\" rel=\"noreferrer noopener\">ci\u00eancias <\/a>exatas n\u00e3o ocorre em um v\u00e1cuo isolado de influ\u00eancias externas ou hist\u00f3ricas. Ao utilizar teorias j\u00e1 validadas por predecessores, os cientistas economizam d\u00e9cadas de trabalho exaustivo e experimenta\u00e7\u00e3o b\u00e1sica. Essa base s\u00f3lida permite que novas perguntas sejam formuladas com maior precis\u00e3o e foco total nos problemas complexos que a humanidade enfrenta mundialmente hoje.<\/p>\n\n\n\n<p>O compartilhamento de informa\u00e7\u00f5es entre diferentes gera\u00e7\u00f5es cria um ciclo cont\u00ednuo de aprimoramento t\u00e9cnico e intelectual constante em nossa sociedade. Quando um profissional admite que seu sucesso se deve aos ensinamentos de mestres antigos, ele fortalece a \u00e9tica acad\u00eamica global. Essa postura colaborativa \u00e9 o motor que impulsiona as descobertas disruptivas que moldam o futuro das nossas na\u00e7\u00f5es.<\/p>\n\n\n\n<figure class=\"wp-block-image size-full\"><img decoding=\"async\" width=\"1280\" height=\"720\" src=\"https:\/\/www.correiobraziliense.com.br\/cbradar\/wp-content\/uploads\/2026\/03\/Gemini_Generated_Image_pdkdrapdkdrapdkd-1-1.png\" alt=\"Isaac Newton, matem\u00e1tico e f\u00edsico: \u201cSe vi mais longe, foi por estar sobre ombros de gigantes.\u201d\" class=\"wp-image-208094\" srcset=\"https:\/\/www.correiobraziliense.com.br\/cbradar\/wp-content\/uploads\/2026\/03\/Gemini_Generated_Image_pdkdrapdkdrapdkd-1-1.png 1280w, https:\/\/www.correiobraziliense.com.br\/cbradar\/wp-content\/uploads\/2026\/03\/Gemini_Generated_Image_pdkdrapdkdrapdkd-1-1-300x169.png 300w, https:\/\/www.correiobraziliense.com.br\/cbradar\/wp-content\/uploads\/2026\/03\/Gemini_Generated_Image_pdkdrapdkdrapdkd-1-1-768x432.png 768w, https:\/\/www.correiobraziliense.com.br\/cbradar\/wp-content\/uploads\/2026\/03\/Gemini_Generated_Image_pdkdrapdkdrapdkd-1-1-750x422.png 750w, https:\/\/www.correiobraziliense.com.br\/cbradar\/wp-content\/uploads\/2026\/03\/Gemini_Generated_Image_pdkdrapdkdrapdkd-1-1-1140x641.png 1140w\" sizes=\"(max-width: 1280px) 100vw, 1280px\" \/><figcaption class=\"wp-element-caption\">A frase de Isaac Newton mostra que o conhecimento avan\u00e7a quando constru\u00edmos sobre descobertas anteriores<\/figcaption><\/figure>\n\n\n\n<h2 class=\"wp-block-heading\">Por que a mod\u00e9stia intelectual de Newton ainda \u00e9 relevante para os estudantes hoje?<\/h2>\n\n\n\n<p>Entender que ningu\u00e9m constr\u00f3i o saber sozinho ajuda a reduzir a press\u00e3o sobre o desempenho individual imediato de cada pessoa. Estudantes que valorizam a bibliografia cl\u00e1ssica desenvolvem uma compreens\u00e3o mais profunda das leis f\u00edsicas que regem o universo ao seu redor. Essa conex\u00e3o com o passado oferece as ferramentas necess\u00e1rias para interpretar os desafios tecnol\u00f3gicos que surgem no cotidiano moderno.<\/p>\n\n\n\n<p>A humildade diante do vasto oceano da verdade permite que a curiosidade natural permane\u00e7a viva e vibrante em todas as mentes. Ao estudar as obras de <strong>Cop\u00e9rnico<\/strong> ou <strong>Galileu<\/strong>, o jovem percebe que o conhecimento \u00e9 uma <strong>constru\u00e7\u00e3o coletiva monumental<\/strong>. Essa percep\u00e7\u00e3o \u00e9 vital para formar cidad\u00e3os cr\u00edticos e preparados para contribuir com solu\u00e7\u00f5es inovadoras e realmente sustent\u00e1veis atualmente.<\/p>\n\n\n\n<h2 class=\"wp-block-heading\">Quais s\u00e3o os pilares que sustentam o crescimento das ci\u00eancias modernas?<\/h2>\n\n\n\n<p>O desenvolvimento cient\u00edfico moderno repousa sobre a verifica\u00e7\u00e3o rigorosa de dados e a transpar\u00eancia total dos m\u00e9todos aplicados nos estudos. Sem uma base te\u00f3rica confi\u00e1vel, qualquer nova tentativa de inova\u00e7\u00e3o corre o risco de falhar por falta de sustenta\u00e7\u00e3o l\u00f3gica s\u00f3lida. A estrutura do saber exige que cada novo tijolo esteja perfeitamente alinhado com as verdades f\u00edsicas anteriormente estabelecidas.<\/p>\n\n\n\n<figure class=\"wp-block-image size-full\"><img decoding=\"async\" width=\"1280\" height=\"720\" src=\"https:\/\/www.correiobraziliense.com.br\/cbradar\/wp-content\/uploads\/2026\/03\/convertido-42-1.jpg\" alt=\"\" class=\"wp-image-208092\" srcset=\"https:\/\/www.correiobraziliense.com.br\/cbradar\/wp-content\/uploads\/2026\/03\/convertido-42-1.jpg 1280w, https:\/\/www.correiobraziliense.com.br\/cbradar\/wp-content\/uploads\/2026\/03\/convertido-42-1-300x169.jpg 300w, https:\/\/www.correiobraziliense.com.br\/cbradar\/wp-content\/uploads\/2026\/03\/convertido-42-1-768x432.jpg 768w, https:\/\/www.correiobraziliense.com.br\/cbradar\/wp-content\/uploads\/2026\/03\/convertido-42-1-750x422.jpg 750w, https:\/\/www.correiobraziliense.com.br\/cbradar\/wp-content\/uploads\/2026\/03\/convertido-42-1-1140x641.jpg 1140w\" sizes=\"(max-width: 1280px) 100vw, 1280px\" \/><\/figure>\n\n\n\n<h2 class=\"wp-block-heading\">De que maneira a colabora\u00e7\u00e3o entre g\u00eanios transformou a nossa percep\u00e7\u00e3o do tempo?<\/h2>\n\n\n\n<p>A troca de correspond\u00eancias e ideias entre grandes pensadores acelerou a compreens\u00e3o das leis gravitacionais e astron\u00f4micas fundamentais em todo mundo. Essa intera\u00e7\u00e3o din\u00e2mica permitiu que conceitos abstratos fossem aplicados na navega\u00e7\u00e3o e na medi\u00e7\u00e3o precisa dos calend\u00e1rios mundiais antigos. O esfor\u00e7o conjunto de mentes brilhantes eliminou preconceitos que impediam a aceita\u00e7\u00e3o de novas realidades f\u00edsicas durante o per\u00edodo renascentista.<\/p>\n\n\n\n<p>Hoje, a rede mundial funciona como a plataforma definitiva para que o conceito de ombros de gigantes alcance escalas globais inimagin\u00e1veis. Pesquisadores de diferentes continentes podem validar teorias em tempo real, encurtando o caminho entre a hip\u00f3tese te\u00f3rica e a aplica\u00e7\u00e3o pr\u00e1tica. Esse ambiente de coopera\u00e7\u00e3o m\u00fatua \u00e9 o que garante a sobreviv\u00eancia e a prosperidade tecnol\u00f3gica da esp\u00e9cie.<\/p>\n\n\n\n<p>As tr\u00eas leis de Newton s\u00e3o fundamentais para entender como o movimento funciona no universo, explicando desde objetos em repouso at\u00e9 for\u00e7as que provocam acelera\u00e7\u00e3o. Esses princ\u00edpios sustentam grande parte da f\u00edsica cl\u00e1ssica. No conte\u00fado do <strong>Ci\u00eancia Todo Dia<\/strong>, com 7,65 milh\u00f5es de inscritos, voc\u00ea entende essas leis:<\/p>\n\n\n\n<figure class=\"wp-block-embed is-type-video is-provider-youtube wp-block-embed-youtube wp-embed-aspect-16-9 wp-has-aspect-ratio\"><div class=\"wp-block-embed__wrapper\">\n<div class=\"jeg_video_container jeg_video_content\"><iframe loading=\"lazy\" title=\"As 3 Leis de Newton EXPLICADAS\" width=\"500\" height=\"281\" src=\"https:\/\/www.youtube.com\/embed\/B2u8FYE9fWk?feature=oembed\" frameborder=\"0\" allow=\"accelerometer; autoplay; clipboard-write; encrypted-media; gyroscope; picture-in-picture; web-share\" referrerpolicy=\"strict-origin-when-cross-origin\" allowfullscreen><\/iframe><\/div>\n<\/div><\/figure>\n\n\n\n<h2 class=\"wp-block-heading\">Qual \u00e9 a import\u00e2ncia de documentar as refer\u00eancias hist\u00f3ricas em pesquisas atuais?<\/h2>\n\n\n\n<p>Atribuir cr\u00e9dito aos autores originais \u00e9 uma quest\u00e3o de integridade e justi\u00e7a com o legado deixado pelos antepassados ilustres da ci\u00eancia. Documentar cada passo da investiga\u00e7\u00e3o permite que futuros cientistas sigam a mesma trilha e identifiquem poss\u00edveis falhas ou oportunidades de melhoria. A transpar\u00eancia nas cita\u00e7\u00f5es bibliogr\u00e1ficas \u00e9 o que mant\u00e9m a credibilidade de qualquer institui\u00e7\u00e3o de ensino superior de prest\u00edgio.<\/p>\n\n\n\n<p>A preserva\u00e7\u00e3o da mem\u00f3ria cient\u00edfica garante que os erros do passado n\u00e3o sejam repetidos desnecessariamente pelas novas gera\u00e7\u00f5es de pesquisadores. Para entender como o registro hist\u00f3rico das descobertas \u00e9 organizado mundialmente, consulte o acervo oficial da <strong><a target=\"_blank\" rel=\"noreferrer noopener\" href=\"https:\/\/royalsociety.org\/collections\/\">Royal Society<\/a><\/strong>. Manter esse fluxo de informa\u00e7\u00e3o organizado \u00e9 a garantia de que continuaremos enxergando cada vez mais longe no horizonte do saber humano.<\/p>\n","protected":false},"excerpt":{"rendered":"<p>A frase c\u00e9lebre de Isaac Newton revela a humildade necess\u00e1ria para o avan\u00e7o do conhecimento humano ao longo dos s\u00e9culos. Reconhecer que o progresso cient\u00edfico depende de descobertas anteriores \u00e9 fundamental para qualquer pesquisador s\u00e9rio. Essa mentalidade permitiu que grandes mentes transformassem a f\u00edsica e a matem\u00e1tica em pilares da civiliza\u00e7\u00e3o moderna. Como o reconhecimento [&hellip;]<\/p>\n","protected":false},"author":21,"featured_media":208099,"comment_status":"open","ping_status":"open","sticky":false,"template":"","format":"standard","meta":{"_yoast_wpseo_focuskw":"frase de isaac newton sobre ombros gigantes","_yoast_wpseo_title":"","_yoast_wpseo_metadesc":"A famosa frase de Isaac Newton sobre os ombros de gigantes revela uma li\u00e7\u00e3o essencial sobre ci\u00eancia, humildade e progresso humano.","jnews-multi-image_gallery":[],"jnews_single_post":{"format":"standard"},"jnews_primary_category":[],"jnews_social_meta":[],"jnews_override_counter":[],"footnotes":""},"categories":[112],"tags":[14163,3894,16108],"class_list":["post-208083","post","type-post","status-publish","format-standard","has-post-thumbnail","hentry","category-curiosidades","tag-fisico","tag-isaac-newton","tag-matematico"],"yoast_head":"<!-- This site is optimized with the Yoast SEO plugin v24.6 - https:\/\/yoast.com\/wordpress\/plugins\/seo\/ -->\n<title>Isaac Newton, matem\u00e1tico e f\u00edsico: \u201cSe vi mais longe, foi por estar sobre ombros de gigantes.\u201d - Correio Braziliense - Radar<\/title>\n<meta name=\"description\" content=\"A famosa frase de Isaac Newton sobre os ombros de gigantes revela uma li\u00e7\u00e3o essencial sobre ci\u00eancia, humildade e progresso humano.\" \/>\n<meta name=\"robots\" content=\"index, follow, max-snippet:-1, max-image-preview:large, max-video-preview:-1\" \/>\n<link rel=\"canonical\" href=\"https:\/\/www.correiobraziliense.com.br\/cbradar\/isaac-newton-matematico-e-fisico-se-vi-mais-longe-foi-por-estar-sobre-ombros-de-gigantes\/\" \/>\n<meta property=\"og:locale\" content=\"pt_BR\" \/>\n<meta property=\"og:type\" content=\"article\" \/>\n<meta property=\"og:title\" content=\"Isaac Newton, matem\u00e1tico e f\u00edsico: \u201cSe vi mais longe, foi por estar sobre ombros de gigantes.\u201d - Correio Braziliense - Radar\" \/>\n<meta property=\"og:description\" content=\"A famosa frase de Isaac Newton sobre os ombros de gigantes revela uma li\u00e7\u00e3o essencial sobre ci\u00eancia, humildade e progresso humano.\" \/>\n<meta property=\"og:url\" content=\"https:\/\/www.correiobraziliense.com.br\/cbradar\/isaac-newton-matematico-e-fisico-se-vi-mais-longe-foi-por-estar-sobre-ombros-de-gigantes\/\" \/>\n<meta property=\"og:site_name\" content=\"Correio Braziliense - Radar\" \/>\n<meta property=\"article:published_time\" content=\"2026-03-15T23:05:00+00:00\" \/>\n<meta property=\"og:image\" content=\"https:\/\/www.correiobraziliense.com.br\/cbradar\/wp-content\/uploads\/2026\/03\/Gemini_Generated_Image_580v38580v38580v-1-1.png\" \/>\n\t<meta property=\"og:image:width\" content=\"1280\" \/>\n\t<meta property=\"og:image:height\" content=\"720\" \/>\n\t<meta property=\"og:image:type\" content=\"image\/png\" \/>\n<meta name=\"author\" content=\"Patrick Silva\" \/>\n<meta name=\"twitter:card\" content=\"summary_large_image\" \/>\n<meta name=\"twitter:label1\" content=\"Escrito por\" \/>\n\t<meta name=\"twitter:data1\" content=\"Patrick Silva\" \/>\n\t<meta name=\"twitter:label2\" content=\"Est. tempo de leitura\" \/>\n\t<meta name=\"twitter:data2\" content=\"5 minutos\" \/>\n<!-- \/ Yoast SEO plugin. -->","yoast_head_json":{"title":"Isaac Newton, matem\u00e1tico e f\u00edsico: \u201cSe vi mais longe, foi por estar sobre ombros de gigantes.\u201d - Correio Braziliense - Radar","description":"A famosa frase de Isaac Newton sobre os ombros de gigantes revela uma li\u00e7\u00e3o essencial sobre ci\u00eancia, humildade e progresso humano.","robots":{"index":"index","follow":"follow","max-snippet":"max-snippet:-1","max-image-preview":"max-image-preview:large","max-video-preview":"max-video-preview:-1"},"canonical":"https:\/\/www.correiobraziliense.com.br\/cbradar\/isaac-newton-matematico-e-fisico-se-vi-mais-longe-foi-por-estar-sobre-ombros-de-gigantes\/","og_locale":"pt_BR","og_type":"article","og_title":"Isaac Newton, matem\u00e1tico e f\u00edsico: \u201cSe vi mais longe, foi por estar sobre ombros de gigantes.\u201d - Correio Braziliense - Radar","og_description":"A famosa frase de Isaac Newton sobre os ombros de gigantes revela uma li\u00e7\u00e3o essencial sobre ci\u00eancia, humildade e progresso humano.","og_url":"https:\/\/www.correiobraziliense.com.br\/cbradar\/isaac-newton-matematico-e-fisico-se-vi-mais-longe-foi-por-estar-sobre-ombros-de-gigantes\/","og_site_name":"Correio Braziliense - Radar","article_published_time":"2026-03-15T23:05:00+00:00","og_image":[{"width":1280,"height":720,"url":"https:\/\/www.correiobraziliense.com.br\/cbradar\/wp-content\/uploads\/2026\/03\/Gemini_Generated_Image_580v38580v38580v-1-1.png","type":"image\/png"}],"author":"Patrick Silva","twitter_card":"summary_large_image","twitter_misc":{"Escrito por":"Patrick Silva","Est. tempo de leitura":"5 minutos"},"schema":{"@context":"https:\/\/schema.org","@graph":[{"@type":"WebPage","@id":"https:\/\/www.correiobraziliense.com.br\/cbradar\/isaac-newton-matematico-e-fisico-se-vi-mais-longe-foi-por-estar-sobre-ombros-de-gigantes\/","url":"https:\/\/www.correiobraziliense.com.br\/cbradar\/isaac-newton-matematico-e-fisico-se-vi-mais-longe-foi-por-estar-sobre-ombros-de-gigantes\/","name":"Isaac Newton, matem\u00e1tico e f\u00edsico: \u201cSe vi mais longe, foi por estar sobre ombros de gigantes.\u201d - Correio Braziliense - Radar","isPartOf":{"@id":"https:\/\/www.correiobraziliense.com.br\/cbradar\/#website"},"primaryImageOfPage":{"@id":"https:\/\/www.correiobraziliense.com.br\/cbradar\/isaac-newton-matematico-e-fisico-se-vi-mais-longe-foi-por-estar-sobre-ombros-de-gigantes\/#primaryimage"},"image":{"@id":"https:\/\/www.correiobraziliense.com.br\/cbradar\/isaac-newton-matematico-e-fisico-se-vi-mais-longe-foi-por-estar-sobre-ombros-de-gigantes\/#primaryimage"},"thumbnailUrl":"https:\/\/www.correiobraziliense.com.br\/cbradar\/wp-content\/uploads\/2026\/03\/Gemini_Generated_Image_580v38580v38580v-1-1.png","datePublished":"2026-03-15T23:05:00+00:00","author":{"@id":"https:\/\/www.correiobraziliense.com.br\/cbradar\/#\/schema\/person\/5440b72be9c7eb74f446c846479dc4da"},"description":"A famosa frase de Isaac Newton sobre os ombros de gigantes revela uma li\u00e7\u00e3o essencial sobre ci\u00eancia, humildade e progresso humano.","breadcrumb":{"@id":"https:\/\/www.correiobraziliense.com.br\/cbradar\/isaac-newton-matematico-e-fisico-se-vi-mais-longe-foi-por-estar-sobre-ombros-de-gigantes\/#breadcrumb"},"inLanguage":"pt-BR","potentialAction":[{"@type":"ReadAction","target":["https:\/\/www.correiobraziliense.com.br\/cbradar\/isaac-newton-matematico-e-fisico-se-vi-mais-longe-foi-por-estar-sobre-ombros-de-gigantes\/"]}]},{"@type":"ImageObject","inLanguage":"pt-BR","@id":"https:\/\/www.correiobraziliense.com.br\/cbradar\/isaac-newton-matematico-e-fisico-se-vi-mais-longe-foi-por-estar-sobre-ombros-de-gigantes\/#primaryimage","url":"https:\/\/www.correiobraziliense.com.br\/cbradar\/wp-content\/uploads\/2026\/03\/Gemini_Generated_Image_580v38580v38580v-1-1.png","contentUrl":"https:\/\/www.correiobraziliense.com.br\/cbradar\/wp-content\/uploads\/2026\/03\/Gemini_Generated_Image_580v38580v38580v-1-1.png","width":1280,"height":720,"caption":"A frase de Isaac Newton mostra que o conhecimento avan\u00e7a quando constru\u00edmos sobre descobertas anteriores"},{"@type":"BreadcrumbList","@id":"https:\/\/www.correiobraziliense.com.br\/cbradar\/isaac-newton-matematico-e-fisico-se-vi-mais-longe-foi-por-estar-sobre-ombros-de-gigantes\/#breadcrumb","itemListElement":[{"@type":"ListItem","position":1,"name":"In\u00edcio","item":"https:\/\/www.correiobraziliense.com.br\/cbradar\/"},{"@type":"ListItem","position":2,"name":"Isaac Newton, matem\u00e1tico e f\u00edsico: \u201cSe vi mais longe, foi por estar sobre ombros de gigantes.\u201d"}]},{"@type":"WebSite","@id":"https:\/\/www.correiobraziliense.com.br\/cbradar\/#website","url":"https:\/\/www.correiobraziliense.com.br\/cbradar\/","name":"Correio Braziliense - Radar","description":"Acompanhe as \u00faltimas not\u00edcias e fique bem informado sobre tudo o que acontece no Brasil e no mundo.","potentialAction":[{"@type":"SearchAction","target":{"@type":"EntryPoint","urlTemplate":"https:\/\/www.correiobraziliense.com.br\/cbradar\/?s={search_term_string}"},"query-input":{"@type":"PropertyValueSpecification","valueRequired":true,"valueName":"search_term_string"}}],"inLanguage":"pt-BR"},{"@type":"Person","@id":"https:\/\/www.correiobraziliense.com.br\/cbradar\/#\/schema\/person\/5440b72be9c7eb74f446c846479dc4da","name":"Patrick Silva","image":{"@type":"ImageObject","inLanguage":"pt-BR","@id":"https:\/\/www.correiobraziliense.com.br\/cbradar\/#\/schema\/person\/image\/","url":"https:\/\/secure.gravatar.com\/avatar\/944109df296fc087785c9715fd5f80b2?s=96&d=mm&r=g","contentUrl":"https:\/\/secure.gravatar.com\/avatar\/944109df296fc087785c9715fd5f80b2?s=96&d=mm&r=g","caption":"Patrick Silva"},"sameAs":["https:\/\/www.correiobraziliense.com.br\/cbradar\/"],"url":"https:\/\/www.correiobraziliense.com.br\/cbradar\/author\/patrick-silva\/"}]}},"_links":{"self":[{"href":"https:\/\/www.correiobraziliense.com.br\/cbradar\/wp-json\/wp\/v2\/posts\/208083","targetHints":{"allow":["GET"]}}],"collection":[{"href":"https:\/\/www.correiobraziliense.com.br\/cbradar\/wp-json\/wp\/v2\/posts"}],"about":[{"href":"https:\/\/www.correiobraziliense.com.br\/cbradar\/wp-json\/wp\/v2\/types\/post"}],"author":[{"embeddable":true,"href":"https:\/\/www.correiobraziliense.com.br\/cbradar\/wp-json\/wp\/v2\/users\/21"}],"replies":[{"embeddable":true,"href":"https:\/\/www.correiobraziliense.com.br\/cbradar\/wp-json\/wp\/v2\/comments?post=208083"}],"version-history":[{"count":4,"href":"https:\/\/www.correiobraziliense.com.br\/cbradar\/wp-json\/wp\/v2\/posts\/208083\/revisions"}],"predecessor-version":[{"id":208097,"href":"https:\/\/www.correiobraziliense.com.br\/cbradar\/wp-json\/wp\/v2\/posts\/208083\/revisions\/208097"}],"wp:featuredmedia":[{"embeddable":true,"href":"https:\/\/www.correiobraziliense.com.br\/cbradar\/wp-json\/wp\/v2\/media\/208099"}],"wp:attachment":[{"href":"https:\/\/www.correiobraziliense.com.br\/cbradar\/wp-json\/wp\/v2\/media?parent=208083"}],"wp:term":[{"taxonomy":"category","embeddable":true,"href":"https:\/\/www.correiobraziliense.com.br\/cbradar\/wp-json\/wp\/v2\/categories?post=208083"},{"taxonomy":"post_tag","embeddable":true,"href":"https:\/\/www.correiobraziliense.com.br\/cbradar\/wp-json\/wp\/v2\/tags?post=208083"}],"curies":[{"name":"wp","href":"https:\/\/api.w.org\/{rel}","templated":true}]}}