{"id":208110,"date":"2026-03-14T06:55:00","date_gmt":"2026-03-14T09:55:00","guid":{"rendered":"https:\/\/www.correiobraziliense.com.br\/cbradar\/?p=208110"},"modified":"2026-03-13T13:38:13","modified_gmt":"2026-03-13T16:38:13","slug":"a-quantidade-de-passos-por-dia-recomendada-para-aumentar-o-condicionamento-fisico-segundo-estudos","status":"publish","type":"post","link":"https:\/\/www.correiobraziliense.com.br\/cbradar\/a-quantidade-de-passos-por-dia-recomendada-para-aumentar-o-condicionamento-fisico-segundo-estudos\/","title":{"rendered":"A quantidade de passos por dia recomendada para aumentar o condicionamento f\u00edsico, segundo estudos"},"content":{"rendered":"\n<p>Muitas pessoas acreditam que caminhar dez mil passos diariamente \u00e9 a regra de ouro para a sa\u00fade cardiovascular plena. No entanto, pesquisas recentes mostram que o n\u00famero ideal pode variar conforme o seu objetivo pessoal de condicionamento. Entender as metas cient\u00edficas ajuda a transformar uma simples caminhada em um treino verdadeiramente eficiente e poderoso.<\/p>\n\n\n\n<h2 class=\"wp-block-heading\">Qual \u00e9 a meta real para melhorar o f\u00f4lego?<\/h2>\n\n\n\n<p>Estudos conduzidos por universidades renomadas indicam que atingir a marca de sete mil passos di\u00e1rios j\u00e1 promove melhorias significativas no condicionamento f\u00edsico. Esse volume de movimento ajuda a fortalecer o m\u00fasculo card\u00edaco e melhora a circula\u00e7\u00e3o sangu\u00ednea de forma constante e segura. Manter a regularidade \u00e9 muito mais importante do que atingir n\u00fameros exaustivos e dif\u00edceis de cumprir.<\/p>\n\n\n\n<p>Ao aumentar a intensidade das passadas, voc\u00ea consegue otimizar o tempo de exerc\u00edcio e queimar mais calorias sem precisar dobrar a dist\u00e2ncia percorrida. A caminhada r\u00e1pida eleva a frequ\u00eancia card\u00edaca, o que \u00e9 essencial para quem busca ganhar resist\u00eancia f\u00edsica para as tarefas do cotidiano. O foco deve ser sempre a <strong>qualidade do movimento<\/strong> realizado durante o trajeto.<\/p>\n\n\n\n<figure class=\"wp-block-image size-full\"><img decoding=\"async\" width=\"1280\" height=\"720\" src=\"https:\/\/www.correiobraziliense.com.br\/cbradar\/wp-content\/uploads\/2026\/03\/Gemini_Generated_Image_4shhmu4shhmu4shh-1-1.png\" alt=\"A quantidade de passos por dia recomendada para aumentar o condicionamento f\u00edsico, segundo estudos\" class=\"wp-image-208126\" srcset=\"https:\/\/www.correiobraziliense.com.br\/cbradar\/wp-content\/uploads\/2026\/03\/Gemini_Generated_Image_4shhmu4shhmu4shh-1-1.png 1280w, https:\/\/www.correiobraziliense.com.br\/cbradar\/wp-content\/uploads\/2026\/03\/Gemini_Generated_Image_4shhmu4shhmu4shh-1-1-300x169.png 300w, https:\/\/www.correiobraziliense.com.br\/cbradar\/wp-content\/uploads\/2026\/03\/Gemini_Generated_Image_4shhmu4shhmu4shh-1-1-768x432.png 768w, https:\/\/www.correiobraziliense.com.br\/cbradar\/wp-content\/uploads\/2026\/03\/Gemini_Generated_Image_4shhmu4shhmu4shh-1-1-750x422.png 750w, https:\/\/www.correiobraziliense.com.br\/cbradar\/wp-content\/uploads\/2026\/03\/Gemini_Generated_Image_4shhmu4shhmu4shh-1-1-1140x641.png 1140w\" sizes=\"(max-width: 1280px) 100vw, 1280px\" \/><figcaption class=\"wp-element-caption\">Pesquisas indicam que a meta ideal de passos pode variar para melhorar sa\u00fade e resist\u00eancia<\/figcaption><\/figure>\n\n\n\n<h2 class=\"wp-block-heading\">Como a intensidade influencia os resultados finais?<\/h2>\n\n\n\n<p>Caminhar de forma vigorosa \u00e9 fundamental para desafiar o sistema respirat\u00f3rio e garantir que o corpo se torne mais eficiente no uso do oxig\u00eanio. Pesquisadores sugerem que manter um ritmo de cem passos por minuto pode ser comparado a um exerc\u00edcio de intensidade moderada. Essa pr\u00e1tica simples reduz os riscos de doen\u00e7as metab\u00f3licas graves e aumenta a sua disposi\u00e7\u00e3o.<\/p>\n\n\n\n<p>Muitas vezes, a preocupa\u00e7\u00e3o excessiva com a contagem total de movimentos pode gerar estresse desnecess\u00e1rio e desmotiva\u00e7\u00e3o no longo prazo para o praticante comum. Alternar per\u00edodos de caminhada lenta com rajadas de velocidade maior \u00e9 uma t\u00e9cnica eficaz para potencializar o seu gasto energ\u00e9tico. A <strong>variedade de est\u00edmulos<\/strong> \u00e9 o segredo para manter o progresso f\u00edsico em evolu\u00e7\u00e3o constante.<\/p>\n\n\n\n<h2 class=\"wp-block-heading\">Quais os benef\u00edcios de monitorar sua evolu\u00e7\u00e3o?<\/h2>\n\n\n\n<p>Utilizar dispositivos eletr\u00f4nicos ou aplicativos simples permite que voc\u00ea tenha uma vis\u00e3o clara do seu esfor\u00e7o di\u00e1rio e ajuste as metas conforme necess\u00e1rio. O acompanhamento visual dos dados motiva a continuidade do h\u00e1bito e ajuda a identificar padr\u00f5es de comportamento que podem ser melhorados. Para maximizar os seus ganhos de sa\u00fade e manter a motiva\u00e7\u00e3o l\u00e1 no alto, considere:<\/p>\n\n\n\n<ul class=\"wp-block-list\">\n<li>Comece com metas pequenas para evitar les\u00f5es musculares.<\/li>\n\n\n\n<li>Use cal\u00e7ados adequados para proteger as suas articula\u00e7\u00f5es.<\/li>\n\n\n\n<li>Tente caminhar em superf\u00edcies variadas para desafiar o equil\u00edbrio.<\/li>\n\n\n\n<li>Hidrate-se bem antes e depois de cada sess\u00e3o de treino.<\/li>\n<\/ul>\n\n\n\n<h2 class=\"wp-block-heading\">Dez mil passos ainda \u00e9 o padr\u00e3o ouro?<\/h2>\n\n\n\n<p>Embora o n\u00famero m\u00e1gico de dez mil tenha surgido como uma campanha de marketing no passado, ele continua sendo um excelente objetivo de movimento total. Contudo, para muitos adultos, os benef\u00edcios de sa\u00fade come\u00e7am a se estabilizar ap\u00f3s os oito mil passos di\u00e1rios em termos de longevidade. O importante \u00e9 encontrar um equil\u00edbrio que se ajuste \u00e0 sua rotina pessoal.<\/p>\n\n\n\n<p>Elevar a meta al\u00e9m dessa marca pode ser \u00fatil para atletas ou pessoas que desejam uma perda de peso mais acelerada e significativa. Cada corpo responde de maneira \u00fanica aos est\u00edmulos externos e \u00e0 carga de atividade f\u00edsica imposta diariamente. Consultar um profissional de educa\u00e7\u00e3o f\u00edsica pode ajudar a refinar essas m\u00e9tricas para alcan\u00e7ar a <strong>m\u00e1xima performance corporal<\/strong> desejada.<\/p>\n\n\n\n<p>No v\u00eddeo abaixo do TikTok <strong><em>Fatosdesconhecidos<\/em><\/strong>, que conta com mais de <strong><em>8.1 milh\u00f5es<\/em><\/strong> de seguidores, ele cita o que acontece quando voc\u00ea caminha 1 hora por dia:<\/p>\n\n\n\n<blockquote class=\"tiktok-embed\" cite=\"https:\/\/www.tiktok.com\/@fatosdesconhecidos\/video\/7270920137241382149\" data-video-id=\"7270920137241382149\" style=\"max-width: 605px;min-width: 325px;\" > <section> <a target=\"_blank\" title=\"@fatosdesconhecidos\" href=\"https:\/\/www.tiktok.com\/@fatosdesconhecidos?refer=embed\">@fatosdesconhecidos<\/a> <p>O que acontece se voc\u00ea caminhar 1 hora todo dia?<\/p> <a target=\"_blank\" title=\"\u266c som original - Fatos Desconhecidos\" href=\"https:\/\/www.tiktok.com\/music\/som-original-7270920179554814726?refer=embed\">\u266c som original &#8211; Fatos Desconhecidos<\/a> <\/section> <\/blockquote> <script async src=\"https:\/\/www.tiktok.com\/embed.js\"><\/script>\n\n\n\n<p>Leia tamb\u00e9m: <a href=\"https:\/\/www.correiobraziliense.com.br\/cbradar\/o-cha-natural-de-camomila-que-ajuda-a-reduzir-a-ansiedade-e-melhorar-a-qualidade-do-sono\/\" target=\"_blank\" rel=\"noreferrer noopener\">O ch\u00e1 natural de camomila que ajuda a reduzir a ansiedade e melhorar a qualidade do sono<\/a><\/p>\n\n\n\n<h2 class=\"wp-block-heading\">Qual portal oferece as recomenda\u00e7\u00f5es cient\u00edficas oficiais?<\/h2>\n\n\n\n<p>As diretrizes globais sobre atividade f\u00edsica s\u00e3o frequentemente atualizadas para refletir as novas descobertas sobre o impacto do movimento no corpo humano. Institui\u00e7\u00f5es de prest\u00edgio internacional analisam milhares de volunt\u00e1rios para determinar as quantidades ideais de exerc\u00edcio para cada faixa et\u00e1ria. Estar bem informado sobre essas orienta\u00e7\u00f5es \u00e9 o melhor caminho para evitar modismos passageiros e treinar com total seguran\u00e7a.<\/p>\n\n\n\n<p>A <strong>World Health Organization<\/strong> recomenda que adultos realizem ao menos cento e cinquenta minutos de atividade aer\u00f3bica moderada por semana para manter a sa\u00fade. Incorporar passos r\u00e1pidos na sua jornada di\u00e1ria \u00e9 a maneira mais simples de cumprir esses requisitos globais de bem-estar. Para acessar o guia completo e detalhado sobre atividade f\u00edsica, consulte o site oficial da <a target=\"_blank\" rel=\"noreferrer noopener\" href=\"https:\/\/www.who.int\/news-room\/fact-sheets\/detail\/physical-activity\">WHO<\/a>.<\/p>\n","protected":false},"excerpt":{"rendered":"<p>Muitas pessoas acreditam que caminhar dez mil passos diariamente \u00e9 a regra de ouro para a sa\u00fade cardiovascular plena. No entanto, pesquisas recentes mostram que o n\u00famero ideal pode variar conforme o seu objetivo pessoal de condicionamento. Entender as metas cient\u00edficas ajuda a transformar uma simples caminhada em um treino verdadeiramente eficiente e poderoso. Qual [&hellip;]<\/p>\n","protected":false},"author":21,"featured_media":208124,"comment_status":"open","ping_status":"open","sticky":false,"template":"","format":"standard","meta":{"_yoast_wpseo_focuskw":"quantos passos andar por dia","_yoast_wpseo_title":"","_yoast_wpseo_metadesc":"Um n\u00famero popular domina conversas sobre sa\u00fade, mas estudos mostram que a meta ideal de passos pode ser diferente do que muitos imaginam","jnews-multi-image_gallery":[],"jnews_single_post":{"format":"standard"},"jnews_primary_category":[],"jnews_social_meta":[],"jnews_override_counter":[],"footnotes":""},"categories":[119],"tags":[3559,444,1318],"class_list":["post-208110","post","type-post","status-publish","format-standard","has-post-thumbnail","hentry","category-bem-estar","tag-corpo-humano","tag-exercicio-fisico","tag-saude-2"],"yoast_head":"<!-- This site is optimized with the Yoast SEO plugin v24.6 - https:\/\/yoast.com\/wordpress\/plugins\/seo\/ -->\n<title>A quantidade de passos por dia recomendada para aumentar o condicionamento f\u00edsico, segundo estudos - Correio Braziliense - Radar<\/title>\n<meta name=\"description\" content=\"Um n\u00famero popular domina conversas sobre sa\u00fade, mas estudos mostram que a meta ideal de passos pode ser diferente do que muitos imaginam\" \/>\n<meta name=\"robots\" content=\"index, follow, max-snippet:-1, max-image-preview:large, max-video-preview:-1\" \/>\n<link rel=\"canonical\" href=\"https:\/\/www.correiobraziliense.com.br\/cbradar\/a-quantidade-de-passos-por-dia-recomendada-para-aumentar-o-condicionamento-fisico-segundo-estudos\/\" \/>\n<meta property=\"og:locale\" content=\"pt_BR\" \/>\n<meta property=\"og:type\" content=\"article\" \/>\n<meta property=\"og:title\" content=\"A quantidade de passos por dia recomendada para aumentar o condicionamento f\u00edsico, segundo estudos - Correio Braziliense - Radar\" \/>\n<meta property=\"og:description\" content=\"Um n\u00famero popular domina conversas sobre sa\u00fade, mas estudos mostram que a meta ideal de passos pode ser diferente do que muitos imaginam\" \/>\n<meta property=\"og:url\" content=\"https:\/\/www.correiobraziliense.com.br\/cbradar\/a-quantidade-de-passos-por-dia-recomendada-para-aumentar-o-condicionamento-fisico-segundo-estudos\/\" \/>\n<meta property=\"og:site_name\" content=\"Correio Braziliense - Radar\" \/>\n<meta property=\"article:published_time\" content=\"2026-03-14T09:55:00+00:00\" \/>\n<meta property=\"og:image\" content=\"https:\/\/www.correiobraziliense.com.br\/cbradar\/wp-content\/uploads\/2026\/03\/Gemini_Generated_Image_por9ywpor9ywpor9-1-1.png\" \/>\n\t<meta property=\"og:image:width\" content=\"1280\" \/>\n\t<meta property=\"og:image:height\" content=\"720\" \/>\n\t<meta property=\"og:image:type\" content=\"image\/png\" \/>\n<meta name=\"author\" content=\"Patrick Silva\" \/>\n<meta name=\"twitter:card\" content=\"summary_large_image\" \/>\n<meta name=\"twitter:label1\" content=\"Escrito por\" \/>\n\t<meta name=\"twitter:data1\" content=\"Patrick Silva\" \/>\n\t<meta name=\"twitter:label2\" content=\"Est. tempo de leitura\" \/>\n\t<meta name=\"twitter:data2\" content=\"5 minutos\" \/>\n<!-- \/ Yoast SEO plugin. -->","yoast_head_json":{"title":"A quantidade de passos por dia recomendada para aumentar o condicionamento f\u00edsico, segundo estudos - Correio Braziliense - Radar","description":"Um n\u00famero popular domina conversas sobre sa\u00fade, mas estudos mostram que a meta ideal de passos pode ser diferente do que muitos imaginam","robots":{"index":"index","follow":"follow","max-snippet":"max-snippet:-1","max-image-preview":"max-image-preview:large","max-video-preview":"max-video-preview:-1"},"canonical":"https:\/\/www.correiobraziliense.com.br\/cbradar\/a-quantidade-de-passos-por-dia-recomendada-para-aumentar-o-condicionamento-fisico-segundo-estudos\/","og_locale":"pt_BR","og_type":"article","og_title":"A quantidade de passos por dia recomendada para aumentar o condicionamento f\u00edsico, segundo estudos - Correio Braziliense - Radar","og_description":"Um n\u00famero popular domina conversas sobre sa\u00fade, mas estudos mostram que a meta ideal de passos pode ser diferente do que muitos imaginam","og_url":"https:\/\/www.correiobraziliense.com.br\/cbradar\/a-quantidade-de-passos-por-dia-recomendada-para-aumentar-o-condicionamento-fisico-segundo-estudos\/","og_site_name":"Correio Braziliense - Radar","article_published_time":"2026-03-14T09:55:00+00:00","og_image":[{"width":1280,"height":720,"url":"https:\/\/www.correiobraziliense.com.br\/cbradar\/wp-content\/uploads\/2026\/03\/Gemini_Generated_Image_por9ywpor9ywpor9-1-1.png","type":"image\/png"}],"author":"Patrick Silva","twitter_card":"summary_large_image","twitter_misc":{"Escrito por":"Patrick Silva","Est. tempo de leitura":"5 minutos"},"schema":{"@context":"https:\/\/schema.org","@graph":[{"@type":"WebPage","@id":"https:\/\/www.correiobraziliense.com.br\/cbradar\/a-quantidade-de-passos-por-dia-recomendada-para-aumentar-o-condicionamento-fisico-segundo-estudos\/","url":"https:\/\/www.correiobraziliense.com.br\/cbradar\/a-quantidade-de-passos-por-dia-recomendada-para-aumentar-o-condicionamento-fisico-segundo-estudos\/","name":"A quantidade de passos por dia recomendada para aumentar o condicionamento f\u00edsico, segundo estudos - Correio Braziliense - Radar","isPartOf":{"@id":"https:\/\/www.correiobraziliense.com.br\/cbradar\/#website"},"primaryImageOfPage":{"@id":"https:\/\/www.correiobraziliense.com.br\/cbradar\/a-quantidade-de-passos-por-dia-recomendada-para-aumentar-o-condicionamento-fisico-segundo-estudos\/#primaryimage"},"image":{"@id":"https:\/\/www.correiobraziliense.com.br\/cbradar\/a-quantidade-de-passos-por-dia-recomendada-para-aumentar-o-condicionamento-fisico-segundo-estudos\/#primaryimage"},"thumbnailUrl":"https:\/\/www.correiobraziliense.com.br\/cbradar\/wp-content\/uploads\/2026\/03\/Gemini_Generated_Image_por9ywpor9ywpor9-1-1.png","datePublished":"2026-03-14T09:55:00+00:00","author":{"@id":"https:\/\/www.correiobraziliense.com.br\/cbradar\/#\/schema\/person\/5440b72be9c7eb74f446c846479dc4da"},"description":"Um n\u00famero popular domina conversas sobre sa\u00fade, mas estudos mostram que a meta ideal de passos pode ser diferente do que muitos imaginam","breadcrumb":{"@id":"https:\/\/www.correiobraziliense.com.br\/cbradar\/a-quantidade-de-passos-por-dia-recomendada-para-aumentar-o-condicionamento-fisico-segundo-estudos\/#breadcrumb"},"inLanguage":"pt-BR","potentialAction":[{"@type":"ReadAction","target":["https:\/\/www.correiobraziliense.com.br\/cbradar\/a-quantidade-de-passos-por-dia-recomendada-para-aumentar-o-condicionamento-fisico-segundo-estudos\/"]}]},{"@type":"ImageObject","inLanguage":"pt-BR","@id":"https:\/\/www.correiobraziliense.com.br\/cbradar\/a-quantidade-de-passos-por-dia-recomendada-para-aumentar-o-condicionamento-fisico-segundo-estudos\/#primaryimage","url":"https:\/\/www.correiobraziliense.com.br\/cbradar\/wp-content\/uploads\/2026\/03\/Gemini_Generated_Image_por9ywpor9ywpor9-1-1.png","contentUrl":"https:\/\/www.correiobraziliense.com.br\/cbradar\/wp-content\/uploads\/2026\/03\/Gemini_Generated_Image_por9ywpor9ywpor9-1-1.png","width":1280,"height":720,"caption":"Pesquisas indicam que a meta ideal de passos pode variar para melhorar sa\u00fade e resist\u00eancia"},{"@type":"BreadcrumbList","@id":"https:\/\/www.correiobraziliense.com.br\/cbradar\/a-quantidade-de-passos-por-dia-recomendada-para-aumentar-o-condicionamento-fisico-segundo-estudos\/#breadcrumb","itemListElement":[{"@type":"ListItem","position":1,"name":"In\u00edcio","item":"https:\/\/www.correiobraziliense.com.br\/cbradar\/"},{"@type":"ListItem","position":2,"name":"A quantidade de passos por dia recomendada para aumentar o condicionamento f\u00edsico, segundo estudos"}]},{"@type":"WebSite","@id":"https:\/\/www.correiobraziliense.com.br\/cbradar\/#website","url":"https:\/\/www.correiobraziliense.com.br\/cbradar\/","name":"Correio Braziliense - Radar","description":"Acompanhe as \u00faltimas not\u00edcias e fique bem informado sobre tudo o que acontece no Brasil e no mundo.","potentialAction":[{"@type":"SearchAction","target":{"@type":"EntryPoint","urlTemplate":"https:\/\/www.correiobraziliense.com.br\/cbradar\/?s={search_term_string}"},"query-input":{"@type":"PropertyValueSpecification","valueRequired":true,"valueName":"search_term_string"}}],"inLanguage":"pt-BR"},{"@type":"Person","@id":"https:\/\/www.correiobraziliense.com.br\/cbradar\/#\/schema\/person\/5440b72be9c7eb74f446c846479dc4da","name":"Patrick Silva","image":{"@type":"ImageObject","inLanguage":"pt-BR","@id":"https:\/\/www.correiobraziliense.com.br\/cbradar\/#\/schema\/person\/image\/","url":"https:\/\/secure.gravatar.com\/avatar\/944109df296fc087785c9715fd5f80b2?s=96&d=mm&r=g","contentUrl":"https:\/\/secure.gravatar.com\/avatar\/944109df296fc087785c9715fd5f80b2?s=96&d=mm&r=g","caption":"Patrick Silva"},"sameAs":["https:\/\/www.correiobraziliense.com.br\/cbradar\/"],"url":"https:\/\/www.correiobraziliense.com.br\/cbradar\/author\/patrick-silva\/"}]}},"_links":{"self":[{"href":"https:\/\/www.correiobraziliense.com.br\/cbradar\/wp-json\/wp\/v2\/posts\/208110","targetHints":{"allow":["GET"]}}],"collection":[{"href":"https:\/\/www.correiobraziliense.com.br\/cbradar\/wp-json\/wp\/v2\/posts"}],"about":[{"href":"https:\/\/www.correiobraziliense.com.br\/cbradar\/wp-json\/wp\/v2\/types\/post"}],"author":[{"embeddable":true,"href":"https:\/\/www.correiobraziliense.com.br\/cbradar\/wp-json\/wp\/v2\/users\/21"}],"replies":[{"embeddable":true,"href":"https:\/\/www.correiobraziliense.com.br\/cbradar\/wp-json\/wp\/v2\/comments?post=208110"}],"version-history":[{"count":2,"href":"https:\/\/www.correiobraziliense.com.br\/cbradar\/wp-json\/wp\/v2\/posts\/208110\/revisions"}],"predecessor-version":[{"id":208128,"href":"https:\/\/www.correiobraziliense.com.br\/cbradar\/wp-json\/wp\/v2\/posts\/208110\/revisions\/208128"}],"wp:featuredmedia":[{"embeddable":true,"href":"https:\/\/www.correiobraziliense.com.br\/cbradar\/wp-json\/wp\/v2\/media\/208124"}],"wp:attachment":[{"href":"https:\/\/www.correiobraziliense.com.br\/cbradar\/wp-json\/wp\/v2\/media?parent=208110"}],"wp:term":[{"taxonomy":"category","embeddable":true,"href":"https:\/\/www.correiobraziliense.com.br\/cbradar\/wp-json\/wp\/v2\/categories?post=208110"},{"taxonomy":"post_tag","embeddable":true,"href":"https:\/\/www.correiobraziliense.com.br\/cbradar\/wp-json\/wp\/v2\/tags?post=208110"}],"curies":[{"name":"wp","href":"https:\/\/api.w.org\/{rel}","templated":true}]}}