{"id":208115,"date":"2026-03-15T12:15:00","date_gmt":"2026-03-15T15:15:00","guid":{"rendered":"https:\/\/www.correiobraziliense.com.br\/cbradar\/?p=208115"},"modified":"2026-03-13T11:26:58","modified_gmt":"2026-03-13T14:26:58","slug":"albert-einstein-fisico-teorico-a-mente-que-se-abre-a-uma-nova-ideia-jamais-voltara-ao-seu-tamanho-original","status":"publish","type":"post","link":"https:\/\/www.correiobraziliense.com.br\/cbradar\/albert-einstein-fisico-teorico-a-mente-que-se-abre-a-uma-nova-ideia-jamais-voltara-ao-seu-tamanho-original\/","title":{"rendered":"Albert Einstein, f\u00edsico te\u00f3rico: \u201cA mente que se abre a uma nova ideia jamais voltar\u00e1 ao seu tamanho original.\u201d"},"content":{"rendered":"\n<p>A frase de <strong>Albert Einstein<\/strong> destaca o poder transformador do conhecimento na estrutura do pensamento humano. Quando permitimos a entrada de novos conceitos, nossa percep\u00e7\u00e3o de mundo se expande de forma definitiva e irrevers\u00edvel. Esse processo de evolu\u00e7\u00e3o cont\u00ednua \u00e9 fundamental para o desenvolvimento de uma intelig\u00eancia adaptativa e resiliente em nossa sociedade atual.<\/p>\n\n\n\n<h2 class=\"wp-block-heading\">De que forma o contato com o novo altera a fisiologia cerebral?<\/h2>\n\n\n\n<p>A neuroci\u00eancia contempor\u00e2nea confirma que o aprendizado constante estimula a cria\u00e7\u00e3o de novas conex\u00f5es sin\u00e1pticas em diversas regi\u00f5es do c\u00e9rebro. Esse fen\u00f4meno, conhecido como neuroplasticidade, permite que o \u00f3rg\u00e3o se reorganize funcionalmente diante de est\u00edmulos intelectuais in\u00e9ditos e desafiadores. Assim, a mente torna-se gradualmente mais complexa e preparada para processar informa\u00e7\u00f5es de maneira muito eficiente e \u00e1gil.<\/p>\n\n\n\n<p>Quando uma ideia disruptiva \u00e9 assimilada, ela altera os mapas cognitivos que utilizamos para interpretar a realidade cotidiana e social. Essa mudan\u00e7a estrutural impede que o pensamento retorne aos padr\u00f5es limitantes anteriores, promovendo uma vis\u00e3o de mundo muito mais ampla e sofisticada. A expans\u00e3o mencionada por <strong><a href=\"https:\/\/www.correiobraziliense.com.br\/cbradar\/o-que-significa-a-frase-de-albert-einstein-a-mente-que-se-abre-a-uma-nova-ideia-jamais-volta-ao-seu-tamanho-original\/\" target=\"_blank\" rel=\"noreferrer noopener\">Albert Einstein<\/a><\/strong> possui, portanto, uma base biol\u00f3gica s\u00f3lida e comprov\u00e1vel por estudos cient\u00edficos modernos.<\/p>\n\n\n\n<p>Alguns cientistas mudaram profundamente a forma como entendemos o universo, revolucionando conceitos de tempo, espa\u00e7o e energia. Suas ideias continuam influenciando a ci\u00eancia at\u00e9 hoje. No conte\u00fado do <strong>Tinocando TV<\/strong>, com 2,68 milh\u00f5es de inscritos, voc\u00ea descobre como isso aconteceu:<\/p>\n\n\n\n<figure class=\"wp-block-embed is-type-video is-provider-youtube wp-block-embed-youtube wp-embed-aspect-16-9 wp-has-aspect-ratio\"><div class=\"wp-block-embed__wrapper\">\n<div class=\"jeg_video_container jeg_video_content\"><iframe loading=\"lazy\" title=\"como ALBERT EINSTEIN MUDOU o MUNDO?\" width=\"500\" height=\"281\" src=\"https:\/\/www.youtube.com\/embed\/PtARID6WRaU?feature=oembed\" frameborder=\"0\" allow=\"accelerometer; autoplay; clipboard-write; encrypted-media; gyroscope; picture-in-picture; web-share\" referrerpolicy=\"strict-origin-when-cross-origin\" allowfullscreen><\/iframe><\/div>\n<\/div><\/figure>\n\n\n\n<h2 class=\"wp-block-heading\">Por que a curiosidade intelectual previne o decl\u00ednio das fun\u00e7\u00f5es cognitivas?<\/h2>\n\n\n\n<p>Manter o c\u00e9rebro em constante atividade atrav\u00e9s da leitura e de novos desafios protege a reserva cognitiva contra doen\u00e7as neurodegenerativas. Indiv\u00edduos que se abrem para o aprendizado ao longo de toda a vida apresentam uma sa\u00fade mental mais robusta e duradoura. Essa pr\u00e1tica di\u00e1ria de exercitar o intelecto \u00e9 um investimento essencial para garantir longevidade com qualidade e lucidez.<\/p>\n\n\n\n<p>A busca por novos conhecimentos estimula a produ\u00e7\u00e3o de fatores neurotr\u00f3ficos que auxiliam na sobreviv\u00eancia dos neur\u00f4nios existentes e no nascimento de novos. Esse ciclo de renova\u00e7\u00e3o impede que a mente estagne em rotinas repetitivas que empobrecem a capacidade de racioc\u00ednio l\u00f3gico e cr\u00edtico. O entusiasmo pela descoberta \u00e9, sem d\u00favida, o <strong>combust\u00edvel necess\u00e1rio para uma vida intelectual vibrante<\/strong> e plena.<\/p>\n\n\n\n<h2 class=\"wp-block-heading\">Quais pr\u00e1ticas di\u00e1rias ajudam a manter a mente em constante expans\u00e3o?<\/h2>\n\n\n\n<p>Desenvolver o h\u00e1bito de questionar as pr\u00f3prias cren\u00e7as e buscar perspectivas divergentes \u00e9 um dos exerc\u00edcios mais eficazes para o crescimento pessoal. Esse desprendimento intelectual permite que novas teorias encontrem espa\u00e7o f\u00e9rtil para florescer e transformar o comportamento pr\u00e1tico do indiv\u00edduo. A abertura mental exige coragem para abandonar certezas antigas em favor de uma verdade muito mais profunda e abrangente.<\/p>\n\n\n\n<p>Existem comportamentos espec\u00edficos que voc\u00ea pode adotar agora para garantir que sua capacidade de compreens\u00e3o continue evoluindo de forma acelerada:<\/p>\n\n\n\n<ul class=\"wp-block-list\">\n<li>Leitura regular de temas fora da sua zona de conforto.<\/li>\n\n\n\n<li>Pr\u00e1tica deliberada de medita\u00e7\u00e3o para melhorar o foco atencional.<\/li>\n\n\n\n<li>Participa\u00e7\u00e3o ativa em debates saud\u00e1veis com pessoas de diversas \u00e1reas.<\/li>\n\n\n\n<li>Aprendizado de novos idiomas ou instrumentos musicais complexos.<\/li>\n\n\n\n<li>Escrita di\u00e1ria para organizar e consolidar os novos conceitos aprendidos.<\/li>\n<\/ul>\n\n\n\n<h2 class=\"wp-block-heading\">Como a flexibilidade cognitiva influencia o sucesso em ambientes complexos?<\/h2>\n\n\n\n<p>Em um mundo marcado por mudan\u00e7as r\u00e1pidas, a habilidade de integrar novos dados e ajustar estrat\u00e9gias \u00e9 um diferencial competitivo crucial. Profissionais que possuem uma mente aberta conseguem identificar oportunidades onde outros enxergam apenas dificuldades ou crises paralisantes. Essa agilidade mental decorre da capacidade de expandir o pensamento al\u00e9m das fronteiras tradicionais e r\u00edgidas impostas pelo senso comum.<\/p>\n\n\n\n<p>O sucesso pessoal est\u00e1 diretamente ligado \u00e0 disposi\u00e7\u00e3o de reaprender constantemente e de abra\u00e7ar a complexidade dos desafios modernos. Aqueles que resistem \u00e0 inova\u00e7\u00e3o acabam limitados por modelos mentais obsoletos que n\u00e3o atendem mais \u00e0s demandas da realidade atual. Por outro lado, a <strong>mentalidade de crescimento cont\u00ednuo<\/strong> abre portas para conquistas extraordin\u00e1rias e para uma lideran\u00e7a muito mais emp\u00e1tica e eficaz.<\/p>\n\n\n\n<figure class=\"wp-block-image size-full\"><img decoding=\"async\" width=\"1280\" height=\"720\" src=\"https:\/\/www.correiobraziliense.com.br\/cbradar\/wp-content\/uploads\/2026\/03\/Gemini_Generated_Image_2238x72238x72238-1-1.png\" alt=\"Albert Einstein, f\u00edsico te\u00f3rico: \u201cA mente que se abre a uma nova ideia jamais voltar\u00e1 ao seu tamanho original.\u201d\" class=\"wp-image-208120\" srcset=\"https:\/\/www.correiobraziliense.com.br\/cbradar\/wp-content\/uploads\/2026\/03\/Gemini_Generated_Image_2238x72238x72238-1-1.png 1280w, https:\/\/www.correiobraziliense.com.br\/cbradar\/wp-content\/uploads\/2026\/03\/Gemini_Generated_Image_2238x72238x72238-1-1-300x169.png 300w, https:\/\/www.correiobraziliense.com.br\/cbradar\/wp-content\/uploads\/2026\/03\/Gemini_Generated_Image_2238x72238x72238-1-1-768x432.png 768w, https:\/\/www.correiobraziliense.com.br\/cbradar\/wp-content\/uploads\/2026\/03\/Gemini_Generated_Image_2238x72238x72238-1-1-750x422.png 750w, https:\/\/www.correiobraziliense.com.br\/cbradar\/wp-content\/uploads\/2026\/03\/Gemini_Generated_Image_2238x72238x72238-1-1-1140x641.png 1140w\" sizes=\"(max-width: 1280px) 100vw, 1280px\" \/><figcaption class=\"wp-element-caption\">Albert Einstein mostrou que uma mente exposta a novas ideias nunca retorna ao tamanho original<\/figcaption><\/figure>\n\n\n\n<h2 class=\"wp-block-heading\">Existe uma rela\u00e7\u00e3o direta entre a expans\u00e3o mental e a inova\u00e7\u00e3o cient\u00edfica?<\/h2>\n\n\n\n<p>A hist\u00f3ria da ci\u00eancia demonstra que as maiores descobertas surgiram de mentes que ousaram desafiar o conhecimento estabelecido em sua \u00e9poca. Ao acolher ideias que pareciam absurdas inicialmente, pesquisadores como <strong>Albert Einstein<\/strong> revolucionaram nossa compreens\u00e3o sobre o tempo, o espa\u00e7o e a mat\u00e9ria. Essa ousadia intelectual \u00e9 o que permite que a humanidade salte para novos patamares de desenvolvimento tecnol\u00f3gico e social.<\/p>\n\n\n\n<p>Para que o progresso continue, \u00e9 fundamental que institui\u00e7\u00f5es de ensino incentivem a liberdade de pensamento e a investiga\u00e7\u00e3o rigorosa dos fatos. A transpar\u00eancia e o acesso \u00e0 informa\u00e7\u00e3o de qualidade s\u00e3o os alicerces sobre os quais constru\u00edmos o futuro da civiliza\u00e7\u00e3o global. Para entender como o c\u00e9rebro se adapta a novos aprendizados, consulte as orienta\u00e7\u00f5es da <strong><a target=\"_blank\" rel=\"noreferrer noopener\" href=\"https:\/\/www.health.harvard.edu\/mind-and-mood\/train-your-brain\">Harvard Medical School<\/a><\/strong>.<\/p>\n","protected":false},"excerpt":{"rendered":"<p>A frase de Albert Einstein destaca o poder transformador do conhecimento na estrutura do pensamento humano. Quando permitimos a entrada de novos conceitos, nossa percep\u00e7\u00e3o de mundo se expande de forma definitiva e irrevers\u00edvel. Esse processo de evolu\u00e7\u00e3o cont\u00ednua \u00e9 fundamental para o desenvolvimento de uma intelig\u00eancia adaptativa e resiliente em nossa sociedade atual. De [&hellip;]<\/p>\n","protected":false},"author":21,"featured_media":208125,"comment_status":"open","ping_status":"open","sticky":false,"template":"","format":"standard","meta":{"_yoast_wpseo_focuskw":"frase de albert einstein sobre mente aberta","_yoast_wpseo_title":"","_yoast_wpseo_metadesc":"Uma frase de Albert Einstein revela por que novas ideias transformam para sempre a forma como enxergamos o mundo.","jnews-multi-image_gallery":[],"jnews_single_post":{"format":"standard"},"jnews_primary_category":[],"jnews_social_meta":[],"jnews_override_counter":[],"footnotes":""},"categories":[112],"tags":[6125,14163,1607],"class_list":["post-208115","post","type-post","status-publish","format-standard","has-post-thumbnail","hentry","category-curiosidades","tag-albert-einstein","tag-fisico","tag-mente"],"yoast_head":"<!-- This site is optimized with the Yoast SEO plugin v24.6 - https:\/\/yoast.com\/wordpress\/plugins\/seo\/ -->\n<title>Albert Einstein, f\u00edsico te\u00f3rico: \u201cA mente que se abre a uma nova ideia jamais voltar\u00e1 ao seu tamanho original.\u201d - Correio Braziliense - Radar<\/title>\n<meta name=\"description\" content=\"Uma frase de Albert Einstein revela por que novas ideias transformam para sempre a forma como enxergamos o mundo.\" \/>\n<meta name=\"robots\" content=\"index, follow, max-snippet:-1, max-image-preview:large, max-video-preview:-1\" \/>\n<link rel=\"canonical\" href=\"https:\/\/www.correiobraziliense.com.br\/cbradar\/albert-einstein-fisico-teorico-a-mente-que-se-abre-a-uma-nova-ideia-jamais-voltara-ao-seu-tamanho-original\/\" \/>\n<meta property=\"og:locale\" content=\"pt_BR\" \/>\n<meta property=\"og:type\" content=\"article\" \/>\n<meta property=\"og:title\" content=\"Albert Einstein, f\u00edsico te\u00f3rico: \u201cA mente que se abre a uma nova ideia jamais voltar\u00e1 ao seu tamanho original.\u201d - Correio Braziliense - Radar\" \/>\n<meta property=\"og:description\" content=\"Uma frase de Albert Einstein revela por que novas ideias transformam para sempre a forma como enxergamos o mundo.\" \/>\n<meta property=\"og:url\" content=\"https:\/\/www.correiobraziliense.com.br\/cbradar\/albert-einstein-fisico-teorico-a-mente-que-se-abre-a-uma-nova-ideia-jamais-voltara-ao-seu-tamanho-original\/\" \/>\n<meta property=\"og:site_name\" content=\"Correio Braziliense - Radar\" \/>\n<meta property=\"article:published_time\" content=\"2026-03-15T15:15:00+00:00\" \/>\n<meta property=\"og:image\" content=\"https:\/\/www.correiobraziliense.com.br\/cbradar\/wp-content\/uploads\/2026\/03\/Gemini_Generated_Image_ndiv88ndiv88ndiv-1-1.png\" \/>\n\t<meta property=\"og:image:width\" content=\"1280\" \/>\n\t<meta property=\"og:image:height\" content=\"720\" \/>\n\t<meta property=\"og:image:type\" content=\"image\/png\" \/>\n<meta name=\"author\" content=\"Patrick Silva\" \/>\n<meta name=\"twitter:card\" content=\"summary_large_image\" \/>\n<meta name=\"twitter:label1\" content=\"Escrito por\" \/>\n\t<meta name=\"twitter:data1\" content=\"Patrick Silva\" \/>\n\t<meta name=\"twitter:label2\" content=\"Est. tempo de leitura\" \/>\n\t<meta name=\"twitter:data2\" content=\"5 minutos\" \/>\n<!-- \/ Yoast SEO plugin. -->","yoast_head_json":{"title":"Albert Einstein, f\u00edsico te\u00f3rico: \u201cA mente que se abre a uma nova ideia jamais voltar\u00e1 ao seu tamanho original.\u201d - Correio Braziliense - Radar","description":"Uma frase de Albert Einstein revela por que novas ideias transformam para sempre a forma como enxergamos o mundo.","robots":{"index":"index","follow":"follow","max-snippet":"max-snippet:-1","max-image-preview":"max-image-preview:large","max-video-preview":"max-video-preview:-1"},"canonical":"https:\/\/www.correiobraziliense.com.br\/cbradar\/albert-einstein-fisico-teorico-a-mente-que-se-abre-a-uma-nova-ideia-jamais-voltara-ao-seu-tamanho-original\/","og_locale":"pt_BR","og_type":"article","og_title":"Albert Einstein, f\u00edsico te\u00f3rico: \u201cA mente que se abre a uma nova ideia jamais voltar\u00e1 ao seu tamanho original.\u201d - Correio Braziliense - Radar","og_description":"Uma frase de Albert Einstein revela por que novas ideias transformam para sempre a forma como enxergamos o mundo.","og_url":"https:\/\/www.correiobraziliense.com.br\/cbradar\/albert-einstein-fisico-teorico-a-mente-que-se-abre-a-uma-nova-ideia-jamais-voltara-ao-seu-tamanho-original\/","og_site_name":"Correio Braziliense - Radar","article_published_time":"2026-03-15T15:15:00+00:00","og_image":[{"width":1280,"height":720,"url":"https:\/\/www.correiobraziliense.com.br\/cbradar\/wp-content\/uploads\/2026\/03\/Gemini_Generated_Image_ndiv88ndiv88ndiv-1-1.png","type":"image\/png"}],"author":"Patrick Silva","twitter_card":"summary_large_image","twitter_misc":{"Escrito por":"Patrick Silva","Est. tempo de leitura":"5 minutos"},"schema":{"@context":"https:\/\/schema.org","@graph":[{"@type":"WebPage","@id":"https:\/\/www.correiobraziliense.com.br\/cbradar\/albert-einstein-fisico-teorico-a-mente-que-se-abre-a-uma-nova-ideia-jamais-voltara-ao-seu-tamanho-original\/","url":"https:\/\/www.correiobraziliense.com.br\/cbradar\/albert-einstein-fisico-teorico-a-mente-que-se-abre-a-uma-nova-ideia-jamais-voltara-ao-seu-tamanho-original\/","name":"Albert Einstein, f\u00edsico te\u00f3rico: \u201cA mente que se abre a uma nova ideia jamais voltar\u00e1 ao seu tamanho original.\u201d - Correio Braziliense - Radar","isPartOf":{"@id":"https:\/\/www.correiobraziliense.com.br\/cbradar\/#website"},"primaryImageOfPage":{"@id":"https:\/\/www.correiobraziliense.com.br\/cbradar\/albert-einstein-fisico-teorico-a-mente-que-se-abre-a-uma-nova-ideia-jamais-voltara-ao-seu-tamanho-original\/#primaryimage"},"image":{"@id":"https:\/\/www.correiobraziliense.com.br\/cbradar\/albert-einstein-fisico-teorico-a-mente-que-se-abre-a-uma-nova-ideia-jamais-voltara-ao-seu-tamanho-original\/#primaryimage"},"thumbnailUrl":"https:\/\/www.correiobraziliense.com.br\/cbradar\/wp-content\/uploads\/2026\/03\/Gemini_Generated_Image_ndiv88ndiv88ndiv-1-1.png","datePublished":"2026-03-15T15:15:00+00:00","author":{"@id":"https:\/\/www.correiobraziliense.com.br\/cbradar\/#\/schema\/person\/5440b72be9c7eb74f446c846479dc4da"},"description":"Uma frase de Albert Einstein revela por que novas ideias transformam para sempre a forma como enxergamos o mundo.","breadcrumb":{"@id":"https:\/\/www.correiobraziliense.com.br\/cbradar\/albert-einstein-fisico-teorico-a-mente-que-se-abre-a-uma-nova-ideia-jamais-voltara-ao-seu-tamanho-original\/#breadcrumb"},"inLanguage":"pt-BR","potentialAction":[{"@type":"ReadAction","target":["https:\/\/www.correiobraziliense.com.br\/cbradar\/albert-einstein-fisico-teorico-a-mente-que-se-abre-a-uma-nova-ideia-jamais-voltara-ao-seu-tamanho-original\/"]}]},{"@type":"ImageObject","inLanguage":"pt-BR","@id":"https:\/\/www.correiobraziliense.com.br\/cbradar\/albert-einstein-fisico-teorico-a-mente-que-se-abre-a-uma-nova-ideia-jamais-voltara-ao-seu-tamanho-original\/#primaryimage","url":"https:\/\/www.correiobraziliense.com.br\/cbradar\/wp-content\/uploads\/2026\/03\/Gemini_Generated_Image_ndiv88ndiv88ndiv-1-1.png","contentUrl":"https:\/\/www.correiobraziliense.com.br\/cbradar\/wp-content\/uploads\/2026\/03\/Gemini_Generated_Image_ndiv88ndiv88ndiv-1-1.png","width":1280,"height":720,"caption":"Albert Einstein mostrou que uma mente exposta a novas ideias nunca retorna ao tamanho original"},{"@type":"BreadcrumbList","@id":"https:\/\/www.correiobraziliense.com.br\/cbradar\/albert-einstein-fisico-teorico-a-mente-que-se-abre-a-uma-nova-ideia-jamais-voltara-ao-seu-tamanho-original\/#breadcrumb","itemListElement":[{"@type":"ListItem","position":1,"name":"In\u00edcio","item":"https:\/\/www.correiobraziliense.com.br\/cbradar\/"},{"@type":"ListItem","position":2,"name":"Albert Einstein, f\u00edsico te\u00f3rico: \u201cA mente que se abre a uma nova ideia jamais voltar\u00e1 ao seu tamanho original.\u201d"}]},{"@type":"WebSite","@id":"https:\/\/www.correiobraziliense.com.br\/cbradar\/#website","url":"https:\/\/www.correiobraziliense.com.br\/cbradar\/","name":"Correio Braziliense - Radar","description":"Acompanhe as \u00faltimas not\u00edcias e fique bem informado sobre tudo o que acontece no Brasil e no mundo.","potentialAction":[{"@type":"SearchAction","target":{"@type":"EntryPoint","urlTemplate":"https:\/\/www.correiobraziliense.com.br\/cbradar\/?s={search_term_string}"},"query-input":{"@type":"PropertyValueSpecification","valueRequired":true,"valueName":"search_term_string"}}],"inLanguage":"pt-BR"},{"@type":"Person","@id":"https:\/\/www.correiobraziliense.com.br\/cbradar\/#\/schema\/person\/5440b72be9c7eb74f446c846479dc4da","name":"Patrick Silva","image":{"@type":"ImageObject","inLanguage":"pt-BR","@id":"https:\/\/www.correiobraziliense.com.br\/cbradar\/#\/schema\/person\/image\/","url":"https:\/\/secure.gravatar.com\/avatar\/944109df296fc087785c9715fd5f80b2?s=96&d=mm&r=g","contentUrl":"https:\/\/secure.gravatar.com\/avatar\/944109df296fc087785c9715fd5f80b2?s=96&d=mm&r=g","caption":"Patrick Silva"},"sameAs":["https:\/\/www.correiobraziliense.com.br\/cbradar\/"],"url":"https:\/\/www.correiobraziliense.com.br\/cbradar\/author\/patrick-silva\/"}]}},"_links":{"self":[{"href":"https:\/\/www.correiobraziliense.com.br\/cbradar\/wp-json\/wp\/v2\/posts\/208115","targetHints":{"allow":["GET"]}}],"collection":[{"href":"https:\/\/www.correiobraziliense.com.br\/cbradar\/wp-json\/wp\/v2\/posts"}],"about":[{"href":"https:\/\/www.correiobraziliense.com.br\/cbradar\/wp-json\/wp\/v2\/types\/post"}],"author":[{"embeddable":true,"href":"https:\/\/www.correiobraziliense.com.br\/cbradar\/wp-json\/wp\/v2\/users\/21"}],"replies":[{"embeddable":true,"href":"https:\/\/www.correiobraziliense.com.br\/cbradar\/wp-json\/wp\/v2\/comments?post=208115"}],"version-history":[{"count":4,"href":"https:\/\/www.correiobraziliense.com.br\/cbradar\/wp-json\/wp\/v2\/posts\/208115\/revisions"}],"predecessor-version":[{"id":208122,"href":"https:\/\/www.correiobraziliense.com.br\/cbradar\/wp-json\/wp\/v2\/posts\/208115\/revisions\/208122"}],"wp:featuredmedia":[{"embeddable":true,"href":"https:\/\/www.correiobraziliense.com.br\/cbradar\/wp-json\/wp\/v2\/media\/208125"}],"wp:attachment":[{"href":"https:\/\/www.correiobraziliense.com.br\/cbradar\/wp-json\/wp\/v2\/media?parent=208115"}],"wp:term":[{"taxonomy":"category","embeddable":true,"href":"https:\/\/www.correiobraziliense.com.br\/cbradar\/wp-json\/wp\/v2\/categories?post=208115"},{"taxonomy":"post_tag","embeddable":true,"href":"https:\/\/www.correiobraziliense.com.br\/cbradar\/wp-json\/wp\/v2\/tags?post=208115"}],"curies":[{"name":"wp","href":"https:\/\/api.w.org\/{rel}","templated":true}]}}