{"id":208132,"date":"2026-03-14T12:05:00","date_gmt":"2026-03-14T15:05:00","guid":{"rendered":"https:\/\/www.correiobraziliense.com.br\/cbradar\/?p=208132"},"modified":"2026-03-13T13:33:37","modified_gmt":"2026-03-13T16:33:37","slug":"o-nome-masculino-curto-que-voltou-a-ser-escolhido-por-pais-brasileiros","status":"publish","type":"post","link":"https:\/\/www.correiobraziliense.com.br\/cbradar\/o-nome-masculino-curto-que-voltou-a-ser-escolhido-por-pais-brasileiros\/","title":{"rendered":"O nome masculino curto que voltou a ser escolhido por pais brasileiros"},"content":{"rendered":"\n<p>A busca por nomes masculinos curtos reflete um desejo contempor\u00e2neo por simplicidade e eleg\u00e2ncia nas escolhas das fam\u00edlias brasileiras. Essas op\u00e7\u00f5es facilitam a alfabetiza\u00e7\u00e3o e possuem sonoridade marcante em diversos idiomas. Entender por que nomes cl\u00e1ssicos retornaram com for\u00e7a total ajuda pais a decidirem a identidade ideal para seus filhos com seguran\u00e7a.<\/p>\n\n\n\n<h2 class=\"wp-block-heading\">Qual a raz\u00e3o por tr\u00e1s do retorno de nomes antigos?<\/h2>\n\n\n\n<p>Muitos pais buscam resgatar tradi\u00e7\u00f5es familiares ao escolher nomes que eram populares em gera\u00e7\u00f5es passadas, trazendo um sentimento de nostalgia e continuidade. Esses nomes curtos oferecem uma est\u00e9tica visual limpa em documentos e redes sociais, algo muito valorizado na era digital atual. A facilidade de pron\u00fancia garante que a crian\u00e7a seja compreendida rapidamente em qualquer ambiente.<\/p>\n\n\n\n<p>Al\u00e9m do fator emocional, a escolha de nomes curtos est\u00e1 ligada \u00e0 praticidade na rotina escolar e no aprendizado da escrita pela crian\u00e7a. Nomes com poucas s\u00edlabas transmitem for\u00e7a e objetividade, caracter\u00edsticas que muitos respons\u00e1veis desejam projetar na personalidade de seus filhos desde o nascimento. Essa tend\u00eancia globalizada fortalece a conex\u00e3o entre o cl\u00e1ssico e o moderno de forma impactante.<\/p>\n\n\n\n<figure class=\"wp-block-image size-full\"><img decoding=\"async\" width=\"1280\" height=\"720\" src=\"https:\/\/www.correiobraziliense.com.br\/cbradar\/wp-content\/uploads\/2026\/03\/Gemini_Generated_Image_yo2c44yo2c44yo2c-1-1.png\" alt=\"O nome masculino curto que voltou a ser escolhido por pais brasileiros\" class=\"wp-image-208169\" srcset=\"https:\/\/www.correiobraziliense.com.br\/cbradar\/wp-content\/uploads\/2026\/03\/Gemini_Generated_Image_yo2c44yo2c44yo2c-1-1.png 1280w, https:\/\/www.correiobraziliense.com.br\/cbradar\/wp-content\/uploads\/2026\/03\/Gemini_Generated_Image_yo2c44yo2c44yo2c-1-1-300x169.png 300w, https:\/\/www.correiobraziliense.com.br\/cbradar\/wp-content\/uploads\/2026\/03\/Gemini_Generated_Image_yo2c44yo2c44yo2c-1-1-768x432.png 768w, https:\/\/www.correiobraziliense.com.br\/cbradar\/wp-content\/uploads\/2026\/03\/Gemini_Generated_Image_yo2c44yo2c44yo2c-1-1-750x422.png 750w, https:\/\/www.correiobraziliense.com.br\/cbradar\/wp-content\/uploads\/2026\/03\/Gemini_Generated_Image_yo2c44yo2c44yo2c-1-1-1140x641.png 1140w\" sizes=\"(max-width: 1280px) 100vw, 1280px\" \/><figcaption class=\"wp-element-caption\">Nomes masculinos curtos combinam tradi\u00e7\u00e3o, sonoridade forte e praticidade no dia a dia<\/figcaption><\/figure>\n\n\n\n<h2 class=\"wp-block-heading\">Como a sonoridade influencia a escolha dos pais?<\/h2>\n\n\n\n<p>A harmonia fon\u00e9tica de nomes pequenos permite combina\u00e7\u00f5es criativas com sobrenomes longos, evitando cacofonias ou dificuldades na fala cotidiana dos familiares. Pais brasileiros est\u00e3o priorizando vogais abertas e sons suaves que evocam paz e delicadeza sem perder a masculinidade necess\u00e1ria. Essa sensibilidade ac\u00fastica define o sucesso de nomes que antes eram considerados datados por especialistas em onom\u00e1stica no pa\u00eds.<\/p>\n\n\n\n<p>Nomes que soam bem internacionalmente ganham prefer\u00eancia em um mundo cada vez mais conectado por viagens e interc\u00e2mbios culturais constantes entre pa\u00edses. Ter uma identidade curta facilita a integra\u00e7\u00e3o da crian\u00e7a em ambientes diversos, reduzindo barreiras lingu\u00edsticas significativas no futuro profissional e pessoal. A sonoridade tornou-se um crit\u00e9rio t\u00e9cnico fundamental na hora de registrar um novo membro da fam\u00edlia.<\/p>\n\n\n\n<h2 class=\"wp-block-heading\">Quais op\u00e7\u00f5es est\u00e3o liderando os registros nacionais?<\/h2>\n\n\n\n<p>O nome <strong>Theo<\/strong> consolidou-se como um verdadeiro fen\u00f4meno de popularidade, liderando rankings de registros em diversos estados brasileiros nos \u00faltimos anos. Sua origem grega e o significado profundo ligado \u00e0 divindade atraem fam\u00edlias que buscam espiritualidade em uma grafia minimalista. Para analisar os nomes que est\u00e3o ganhando o cora\u00e7\u00e3o das fam\u00edlias brasileiras e compreender seus significados profundos, observe os detalhes abaixo:<\/p>\n\n\n\n<ul class=\"wp-block-list\">\n<li><strong>Theo<\/strong>: Significa &#8220;Deus&#8221; e transmite prote\u00e7\u00e3o e luz.<\/li>\n\n\n\n<li><strong>Gael<\/strong>: Origem incerta, associada \u00e0 generosidade e ao brilho.<\/li>\n\n\n\n<li><strong>Ravi<\/strong>: Nome solar que representa brilho e energia positiva.<\/li>\n\n\n\n<li><strong>Noah<\/strong>: Cl\u00e1ssico b\u00edblico que evoca descanso, paz e longevidade.<\/li>\n<\/ul>\n\n\n\n<h2 class=\"wp-block-heading\">Existe impacto psicol\u00f3gico ao usar nomes minimalistas?<\/h2>\n\n\n\n<p>Especialistas sugerem que nomes curtos e diretos podem influenciar positivamente a autoestima da crian\u00e7a ao facilitar a identifica\u00e7\u00e3o pessoal precoce. Uma identidade f\u00e1cil de escrever e falar reduz o estresse em situa\u00e7\u00f5es de apresenta\u00e7\u00e3o social, permitindo que o indiv\u00edduo foque em suas habilidades. A simplicidade nominal costuma ser associada \u00e0 clareza mental e ao foco em resultados pr\u00e1ticos no dia.<\/p>\n\n\n\n<p>Al\u00e9m disso, a brevidade do nome evita o uso excessivo de apelidos que podem descaracterizar a escolha original feita pelos pais com tanto carinho. Manter o nome pr\u00f3prio intacto refor\u00e7a a autoridade individual e a presen\u00e7a da pessoa em grupos coletivos desde a inf\u00e2ncia. Essa for\u00e7a simb\u00f3lica \u00e9 um dos pilares que sustentam a longevidade dessa tend\u00eancia minimalista no Brasil atual.<\/p>\n\n\n\n<p>No v\u00eddeo abaixo do TikTok <strong><em>Metropolesoficial<\/em><\/strong>, que conta com mais de <strong><em>14.7 milh\u00f5es <\/em><\/strong>de seguidores, cita os nomes curtos e f\u00e1ceis para voc\u00ea se inspirar:<\/p>\n\n\n\n<blockquote class=\"tiktok-embed\" cite=\"https:\/\/www.tiktok.com\/@metropolesoficial\/video\/7590468445142011143\" data-video-id=\"7590468445142011143\" style=\"max-width: 605px;min-width: 325px;\" > <section> <a target=\"_blank\" title=\"@metropolesoficial\" href=\"https:\/\/www.tiktok.com\/@metropolesoficial?refer=embed\">@metropolesoficial<\/a> Nomes curtos e f\u00e1ceis de pronunciar est\u00e3o entre os preferidos dos paulistas. Dados dos Cart\u00f3rios de Registro Civil mostram quais nomes lideraram os registros de nascimento em S\u00e3o Paulo em 2025. A lista re\u00fane escolhas cl\u00e1ssicas e modernas e acompanha uma tend\u00eancia observada em todo o pa\u00eds, refletindo movimentos culturais, sociais e influ\u00eancias do per\u00edodo. <a title=\"tiktoknot\u00edcias\" target=\"_blank\" href=\"https:\/\/www.tiktok.com\/tag\/tiktoknot%C3%ADcias?refer=embed\">#tiktoknot\u00edcias<\/a> <a target=\"_blank\" title=\"\u266c som original - Metr\u00f3poles Oficial\" href=\"https:\/\/www.tiktok.com\/music\/som-original-7590468489757592327?refer=embed\">\u266c som original &#8211; Metr\u00f3poles Oficial<\/a> <\/section> <\/blockquote> <script async src=\"https:\/\/www.tiktok.com\/embed.js\"><\/script>\n\n\n\n<p>Leia tamb\u00e9m:<a href=\"https:\/\/www.correiobraziliense.com.br\/cbradar\/os-tres-nomes-femininos-curtos-que-estao-conquistando-os-registros-de-bebes\/\" target=\"_blank\" rel=\"noreferrer noopener\"> Os tr\u00eas nomes femininos curtos que est\u00e3o conquistando os registros de beb\u00eas<\/a><\/p>\n\n\n\n<h2 class=\"wp-block-heading\">Como consultar as tend\u00eancias oficiais de nomes?<\/h2>\n\n\n\n<p>Acompanhar os dados atualizados dos cart\u00f3rios \u00e9 essencial para pais que desejam evitar nomes extremamente comuns ou buscar inspira\u00e7\u00e3o em tend\u00eancias emergentes. O acesso a estat\u00edsticas reais permite entender quais nomes est\u00e3o em ascens\u00e3o e quais est\u00e3o perdendo espa\u00e7o na cultura nacional. Informa\u00e7\u00e3o de qualidade \u00e9 a melhor ferramenta para tomar uma decis\u00e3o que durar\u00e1 por toda a vida.<\/p>\n\n\n\n<p>A <strong>Arpen-Brasil<\/strong> monitora anualmente os nomes mais registrados, oferecendo um panorama detalhado sobre as prefer\u00eancias das fam\u00edlias em cada regi\u00e3o do territ\u00f3rio brasileiro. Consultar essas m\u00e9tricas oficiais garante que sua escolha esteja baseada em fatos e n\u00e3o apenas em modismos passageiros sem fundamento. Para verificar o ranking completo de nomes masculinos, acesse o portal de transpar\u00eancia do <a href=\"https:\/\/transparencia.registrocivil.org.br\/inicio\" target=\"_blank\" rel=\"noreferrer noopener\">Registro Civil<\/a>.<\/p>\n","protected":false},"excerpt":{"rendered":"<p>A busca por nomes masculinos curtos reflete um desejo contempor\u00e2neo por simplicidade e eleg\u00e2ncia nas escolhas das fam\u00edlias brasileiras. Essas op\u00e7\u00f5es facilitam a alfabetiza\u00e7\u00e3o e possuem sonoridade marcante em diversos idiomas. Entender por que nomes cl\u00e1ssicos retornaram com for\u00e7a total ajuda pais a decidirem a identidade ideal para seus filhos com seguran\u00e7a. Qual a raz\u00e3o [&hellip;]<\/p>\n","protected":false},"author":21,"featured_media":208157,"comment_status":"open","ping_status":"open","sticky":false,"template":"","format":"standard","meta":{"_yoast_wpseo_focuskw":"nomes masculinos curtos","_yoast_wpseo_title":"","_yoast_wpseo_metadesc":"Nomes masculinos curtos ganham destaque entre fam\u00edlias por unir tradi\u00e7\u00e3o, sonoridade forte e praticidade no dia a dia","jnews-multi-image_gallery":[],"jnews_single_post":{"format":"standard"},"jnews_primary_category":[],"jnews_social_meta":[],"jnews_override_counter":[],"footnotes":""},"categories":[112],"tags":[5901,5202,11461,11783],"class_list":["post-208132","post","type-post","status-publish","format-standard","has-post-thumbnail","hentry","category-curiosidades","tag-bebes","tag-nomes","tag-nomes-curtos","tag-nomes-de-bebes"],"yoast_head":"<!-- This site is optimized with the Yoast SEO plugin v24.6 - https:\/\/yoast.com\/wordpress\/plugins\/seo\/ -->\n<title>O nome masculino curto que voltou a ser escolhido por pais brasileiros - Correio Braziliense - Radar<\/title>\n<meta name=\"description\" content=\"Nomes masculinos curtos ganham destaque entre fam\u00edlias por unir tradi\u00e7\u00e3o, sonoridade forte e praticidade no dia a dia\" \/>\n<meta name=\"robots\" content=\"index, follow, max-snippet:-1, max-image-preview:large, max-video-preview:-1\" \/>\n<link rel=\"canonical\" href=\"https:\/\/www.correiobraziliense.com.br\/cbradar\/o-nome-masculino-curto-que-voltou-a-ser-escolhido-por-pais-brasileiros\/\" \/>\n<meta property=\"og:locale\" content=\"pt_BR\" \/>\n<meta property=\"og:type\" content=\"article\" \/>\n<meta property=\"og:title\" content=\"O nome masculino curto que voltou a ser escolhido por pais brasileiros - Correio Braziliense - Radar\" \/>\n<meta property=\"og:description\" content=\"Nomes masculinos curtos ganham destaque entre fam\u00edlias por unir tradi\u00e7\u00e3o, sonoridade forte e praticidade no dia a dia\" \/>\n<meta property=\"og:url\" content=\"https:\/\/www.correiobraziliense.com.br\/cbradar\/o-nome-masculino-curto-que-voltou-a-ser-escolhido-por-pais-brasileiros\/\" \/>\n<meta property=\"og:site_name\" content=\"Correio Braziliense - Radar\" \/>\n<meta property=\"article:published_time\" content=\"2026-03-14T15:05:00+00:00\" \/>\n<meta property=\"og:image\" content=\"https:\/\/www.correiobraziliense.com.br\/cbradar\/wp-content\/uploads\/2026\/03\/Gemini_Generated_Image_2u139n2u139n2u13-1-1.png\" \/>\n\t<meta property=\"og:image:width\" content=\"1280\" \/>\n\t<meta property=\"og:image:height\" content=\"720\" \/>\n\t<meta property=\"og:image:type\" content=\"image\/png\" \/>\n<meta name=\"author\" content=\"Patrick Silva\" \/>\n<meta name=\"twitter:card\" content=\"summary_large_image\" \/>\n<meta name=\"twitter:label1\" content=\"Escrito por\" \/>\n\t<meta name=\"twitter:data1\" content=\"Patrick Silva\" \/>\n\t<meta name=\"twitter:label2\" content=\"Est. tempo de leitura\" \/>\n\t<meta name=\"twitter:data2\" content=\"5 minutos\" \/>\n<!-- \/ Yoast SEO plugin. -->","yoast_head_json":{"title":"O nome masculino curto que voltou a ser escolhido por pais brasileiros - Correio Braziliense - Radar","description":"Nomes masculinos curtos ganham destaque entre fam\u00edlias por unir tradi\u00e7\u00e3o, sonoridade forte e praticidade no dia a dia","robots":{"index":"index","follow":"follow","max-snippet":"max-snippet:-1","max-image-preview":"max-image-preview:large","max-video-preview":"max-video-preview:-1"},"canonical":"https:\/\/www.correiobraziliense.com.br\/cbradar\/o-nome-masculino-curto-que-voltou-a-ser-escolhido-por-pais-brasileiros\/","og_locale":"pt_BR","og_type":"article","og_title":"O nome masculino curto que voltou a ser escolhido por pais brasileiros - Correio Braziliense - Radar","og_description":"Nomes masculinos curtos ganham destaque entre fam\u00edlias por unir tradi\u00e7\u00e3o, sonoridade forte e praticidade no dia a dia","og_url":"https:\/\/www.correiobraziliense.com.br\/cbradar\/o-nome-masculino-curto-que-voltou-a-ser-escolhido-por-pais-brasileiros\/","og_site_name":"Correio Braziliense - Radar","article_published_time":"2026-03-14T15:05:00+00:00","og_image":[{"width":1280,"height":720,"url":"https:\/\/www.correiobraziliense.com.br\/cbradar\/wp-content\/uploads\/2026\/03\/Gemini_Generated_Image_2u139n2u139n2u13-1-1.png","type":"image\/png"}],"author":"Patrick Silva","twitter_card":"summary_large_image","twitter_misc":{"Escrito por":"Patrick Silva","Est. tempo de leitura":"5 minutos"},"schema":{"@context":"https:\/\/schema.org","@graph":[{"@type":"WebPage","@id":"https:\/\/www.correiobraziliense.com.br\/cbradar\/o-nome-masculino-curto-que-voltou-a-ser-escolhido-por-pais-brasileiros\/","url":"https:\/\/www.correiobraziliense.com.br\/cbradar\/o-nome-masculino-curto-que-voltou-a-ser-escolhido-por-pais-brasileiros\/","name":"O nome masculino curto que voltou a ser escolhido por pais brasileiros - Correio Braziliense - Radar","isPartOf":{"@id":"https:\/\/www.correiobraziliense.com.br\/cbradar\/#website"},"primaryImageOfPage":{"@id":"https:\/\/www.correiobraziliense.com.br\/cbradar\/o-nome-masculino-curto-que-voltou-a-ser-escolhido-por-pais-brasileiros\/#primaryimage"},"image":{"@id":"https:\/\/www.correiobraziliense.com.br\/cbradar\/o-nome-masculino-curto-que-voltou-a-ser-escolhido-por-pais-brasileiros\/#primaryimage"},"thumbnailUrl":"https:\/\/www.correiobraziliense.com.br\/cbradar\/wp-content\/uploads\/2026\/03\/Gemini_Generated_Image_2u139n2u139n2u13-1-1.png","datePublished":"2026-03-14T15:05:00+00:00","author":{"@id":"https:\/\/www.correiobraziliense.com.br\/cbradar\/#\/schema\/person\/5440b72be9c7eb74f446c846479dc4da"},"description":"Nomes masculinos curtos ganham destaque entre fam\u00edlias por unir tradi\u00e7\u00e3o, sonoridade forte e praticidade no dia a dia","breadcrumb":{"@id":"https:\/\/www.correiobraziliense.com.br\/cbradar\/o-nome-masculino-curto-que-voltou-a-ser-escolhido-por-pais-brasileiros\/#breadcrumb"},"inLanguage":"pt-BR","potentialAction":[{"@type":"ReadAction","target":["https:\/\/www.correiobraziliense.com.br\/cbradar\/o-nome-masculino-curto-que-voltou-a-ser-escolhido-por-pais-brasileiros\/"]}]},{"@type":"ImageObject","inLanguage":"pt-BR","@id":"https:\/\/www.correiobraziliense.com.br\/cbradar\/o-nome-masculino-curto-que-voltou-a-ser-escolhido-por-pais-brasileiros\/#primaryimage","url":"https:\/\/www.correiobraziliense.com.br\/cbradar\/wp-content\/uploads\/2026\/03\/Gemini_Generated_Image_2u139n2u139n2u13-1-1.png","contentUrl":"https:\/\/www.correiobraziliense.com.br\/cbradar\/wp-content\/uploads\/2026\/03\/Gemini_Generated_Image_2u139n2u139n2u13-1-1.png","width":1280,"height":720,"caption":"Nomes masculinos curtos combinam tradi\u00e7\u00e3o, sonoridade forte e praticidade no dia a dia"},{"@type":"BreadcrumbList","@id":"https:\/\/www.correiobraziliense.com.br\/cbradar\/o-nome-masculino-curto-que-voltou-a-ser-escolhido-por-pais-brasileiros\/#breadcrumb","itemListElement":[{"@type":"ListItem","position":1,"name":"In\u00edcio","item":"https:\/\/www.correiobraziliense.com.br\/cbradar\/"},{"@type":"ListItem","position":2,"name":"O nome masculino curto que voltou a ser escolhido por pais brasileiros"}]},{"@type":"WebSite","@id":"https:\/\/www.correiobraziliense.com.br\/cbradar\/#website","url":"https:\/\/www.correiobraziliense.com.br\/cbradar\/","name":"Correio Braziliense - Radar","description":"Acompanhe as \u00faltimas not\u00edcias e fique bem informado sobre tudo o que acontece no Brasil e no mundo.","potentialAction":[{"@type":"SearchAction","target":{"@type":"EntryPoint","urlTemplate":"https:\/\/www.correiobraziliense.com.br\/cbradar\/?s={search_term_string}"},"query-input":{"@type":"PropertyValueSpecification","valueRequired":true,"valueName":"search_term_string"}}],"inLanguage":"pt-BR"},{"@type":"Person","@id":"https:\/\/www.correiobraziliense.com.br\/cbradar\/#\/schema\/person\/5440b72be9c7eb74f446c846479dc4da","name":"Patrick Silva","image":{"@type":"ImageObject","inLanguage":"pt-BR","@id":"https:\/\/www.correiobraziliense.com.br\/cbradar\/#\/schema\/person\/image\/","url":"https:\/\/secure.gravatar.com\/avatar\/944109df296fc087785c9715fd5f80b2?s=96&d=mm&r=g","contentUrl":"https:\/\/secure.gravatar.com\/avatar\/944109df296fc087785c9715fd5f80b2?s=96&d=mm&r=g","caption":"Patrick Silva"},"sameAs":["https:\/\/www.correiobraziliense.com.br\/cbradar\/"],"url":"https:\/\/www.correiobraziliense.com.br\/cbradar\/author\/patrick-silva\/"}]}},"_links":{"self":[{"href":"https:\/\/www.correiobraziliense.com.br\/cbradar\/wp-json\/wp\/v2\/posts\/208132","targetHints":{"allow":["GET"]}}],"collection":[{"href":"https:\/\/www.correiobraziliense.com.br\/cbradar\/wp-json\/wp\/v2\/posts"}],"about":[{"href":"https:\/\/www.correiobraziliense.com.br\/cbradar\/wp-json\/wp\/v2\/types\/post"}],"author":[{"embeddable":true,"href":"https:\/\/www.correiobraziliense.com.br\/cbradar\/wp-json\/wp\/v2\/users\/21"}],"replies":[{"embeddable":true,"href":"https:\/\/www.correiobraziliense.com.br\/cbradar\/wp-json\/wp\/v2\/comments?post=208132"}],"version-history":[{"count":1,"href":"https:\/\/www.correiobraziliense.com.br\/cbradar\/wp-json\/wp\/v2\/posts\/208132\/revisions"}],"predecessor-version":[{"id":208170,"href":"https:\/\/www.correiobraziliense.com.br\/cbradar\/wp-json\/wp\/v2\/posts\/208132\/revisions\/208170"}],"wp:featuredmedia":[{"embeddable":true,"href":"https:\/\/www.correiobraziliense.com.br\/cbradar\/wp-json\/wp\/v2\/media\/208157"}],"wp:attachment":[{"href":"https:\/\/www.correiobraziliense.com.br\/cbradar\/wp-json\/wp\/v2\/media?parent=208132"}],"wp:term":[{"taxonomy":"category","embeddable":true,"href":"https:\/\/www.correiobraziliense.com.br\/cbradar\/wp-json\/wp\/v2\/categories?post=208132"},{"taxonomy":"post_tag","embeddable":true,"href":"https:\/\/www.correiobraziliense.com.br\/cbradar\/wp-json\/wp\/v2\/tags?post=208132"}],"curies":[{"name":"wp","href":"https:\/\/api.w.org\/{rel}","templated":true}]}}