{"id":208136,"date":"2026-03-14T08:15:06","date_gmt":"2026-03-14T11:15:06","guid":{"rendered":"https:\/\/www.correiobraziliense.com.br\/cbradar\/?p=208136"},"modified":"2026-03-13T23:16:26","modified_gmt":"2026-03-14T02:16:26","slug":"a-planta-perfeita-para-quem-quer-mais-vida-dentro-de-casa-e-quase-nao-tem-tempo-para-cuidar","status":"publish","type":"post","link":"https:\/\/www.correiobraziliense.com.br\/cbradar\/a-planta-perfeita-para-quem-quer-mais-vida-dentro-de-casa-e-quase-nao-tem-tempo-para-cuidar\/","title":{"rendered":"A planta perfeita para quem quer mais vida dentro de casa e quase n\u00e3o tem tempo para cuidar"},"content":{"rendered":"\n<p>Voc\u00ea j\u00e1 entrou em uma sala e sentiu que faltava \u201cvida\u201d, at\u00e9 perceber como uma \u00fanica <b>planta bonita<\/b> muda todo o ambiente? O <b>l\u00edrio-da-paz<\/b> \u00e9 justamente esse tipo de planta: simples de cuidar, elegante e perfeito para deixar apartamentos e escrit\u00f3rios mais aconchegantes, desde que receba alguns <b>cuidados b\u00e1sicos<\/b> no dia a dia.<\/p>\n\n\n\n<h2 class=\"wp-block-heading\">Como escolher o vaso e o substrato ideais para o l\u00edrio-da-paz<\/h2>\n\n\n\n<p>Antes de levar o l\u00edrio-da-paz para dentro de casa, vale come\u00e7ar pelo \u201clar\u201d dele: o <b>vaso correto<\/b>. D\u00ea prefer\u00eancia a recipientes com <b>furos de drenagem<\/b> no fundo, para que o excesso de \u00e1gua possa sair sem encharcar as ra\u00edzes. Vasos pequenos demais limitam o crescimento, enquanto modelos grandes demais podem <b>reter \u00e1gua<\/b> por muito tempo.<\/p>\n\n\n\n<p>O <b>substrato adequado<\/b> tamb\u00e9m faz muita diferen\u00e7a. O ideal \u00e9 misturar terra vegetal, mat\u00e9ria org\u00e2nica bem decomposta (como <b>h\u00famus de minhoca<\/b>) e algo que deixe o solo bem soltinho, como areia grossa ou casca de pinus triturada. Antes de colocar a terra, coloque uma camada de drenagem com <b>pedrinhas ou brita<\/b>, para evitar que a \u00e1gua fique parada no fundo.<\/p>\n\n\n<div class=\"wp-block-image\">\n<figure class=\"aligncenter size-large\"><img decoding=\"async\" width=\"1024\" height=\"576\" src=\"https:\/\/www.correiobraziliense.com.br\/cbradar\/wp-content\/uploads\/2026\/02\/lirio-da-paz-_1772116599876-1024x576.jpg\" alt=\"\" class=\"wp-image-199787\" srcset=\"https:\/\/www.correiobraziliense.com.br\/cbradar\/wp-content\/uploads\/2026\/02\/lirio-da-paz-_1772116599876-1024x576.jpg 1024w, https:\/\/www.correiobraziliense.com.br\/cbradar\/wp-content\/uploads\/2026\/02\/lirio-da-paz-_1772116599876-300x169.jpg 300w, https:\/\/www.correiobraziliense.com.br\/cbradar\/wp-content\/uploads\/2026\/02\/lirio-da-paz-_1772116599876-768x432.jpg 768w, https:\/\/www.correiobraziliense.com.br\/cbradar\/wp-content\/uploads\/2026\/02\/lirio-da-paz-_1772116599876-750x422.jpg 750w, https:\/\/www.correiobraziliense.com.br\/cbradar\/wp-content\/uploads\/2026\/02\/lirio-da-paz-_1772116599876-1140x641.jpg 1140w, https:\/\/www.correiobraziliense.com.br\/cbradar\/wp-content\/uploads\/2026\/02\/lirio-da-paz-_1772116599876.jpg 1280w\" sizes=\"(max-width: 1024px) 100vw, 1024px\" \/><figcaption class=\"wp-element-caption\">O l\u00edrio-da-paz \u00e9 uma planta ornamental de meia-sombra, muito querida para uso em interiores &#8211; Cr\u00e9ditos: depositphotos.com \/ jonny4c<\/figcaption><\/figure><\/div>\n\n\n<p>Leia tamb\u00e9m:&nbsp;<a href=\"https:\/\/www.correiobraziliense.com.br\/cbradar\/6-arvores-que-voce-deve-evitar-plantar-em-quintais-pequenos-segundo-paisagistas\/\" target=\"_blank\" rel=\"noopener\">6 \u00e1rvores que voc\u00ea deve evitar plantar em quintais pequenos segundo paisagistas<\/a><\/p>\n\n\n\n<h2 class=\"wp-block-heading\">Como cuidar do l\u00edrio-da-paz em apartamento e manter a flora\u00e7\u00e3o<\/h2>\n\n\n\n<p>Se voc\u00ea est\u00e1 se perguntando como plantar l\u00edrio-da-paz dentro de casa e v\u00ea-lo florir, comece pela <b>luz adequada<\/b>: ele gosta de claridade, mas n\u00e3o de sol direto forte. Um cantinho perto da janela, com <b>cortina leve<\/b> filtrando o sol, costuma funcionar bem. Em locais muito escuros, a planta pode at\u00e9 sobreviver, mas dificilmente vai <b>florescer bem<\/b> com frequ\u00eancia.<\/p>\n\n\n\n<p>Na rega, pense em solo sempre levemente \u00famido, nunca encharcado. Use o dedo para testar a terra: se a superf\u00edcie estiver seca, \u00e9 hora de regar; se ainda estiver \u00famida, espere mais um pouco. Em geral, duas a tr\u00eas <b>regas semanais<\/b> funcionam, aumentando a frequ\u00eancia nos dias mais quentes ou se o ar estiver muito seco dentro de casa, sempre evitando o <b>excesso de \u00e1gua<\/b> que favorece fungos nas ra\u00edzes.<\/p>\n\n\n\n<h2 class=\"wp-block-heading\">Quais cuidados di\u00e1rios mant\u00eam o l\u00edrio-da-paz sempre bonito<\/h2>\n\n\n\n<p>Depois de entender como cultivar l\u00edrio-da-paz em casa, \u00e9 a <b>rotina de cuidados<\/b> que garante uma planta bonita o ano todo. Como vive em ambientes internos, o p\u00f3 se acumula facilmente nas folhas e atrapalha a <b>respira\u00e7\u00e3o da planta<\/b>. De tempos em tempos, passe um pano \u00famido com cuidado ou d\u00ea um \u201cbanho\u201d r\u00e1pido no chuveiro, deixando o vaso <b>escorrer bem<\/b> em seguida. Se voc\u00ea gosta de cultivo, separamos esse v\u00eddeo do canal <a href=\"https:\/\/www.youtube.com\/@MinhasPlantas\" target=\"_blank\" rel=\"noreferrer noopener\">Minhas Plantas<\/a> ensinando a cuidar do l\u00edrio:<\/p>\n\n\n\n<figure class=\"wp-block-embed is-type-video is-provider-youtube wp-block-embed-youtube wp-embed-aspect-16-9 wp-has-aspect-ratio\"><div class=\"wp-block-embed__wrapper\">\n<div class=\"jeg_video_container jeg_video_content\"><iframe loading=\"lazy\" title=\"Como cuidar do L\u00cdRIO-DA-PAZ para FLORIR\" width=\"500\" height=\"281\" src=\"https:\/\/www.youtube.com\/embed\/wbMftmfC4ME?start=1&#038;feature=oembed\" frameborder=\"0\" allow=\"accelerometer; autoplay; clipboard-write; encrypted-media; gyroscope; picture-in-picture; web-share\" referrerpolicy=\"strict-origin-when-cross-origin\" allowfullscreen><\/iframe><\/div>\n<\/div><\/figure>\n\n\n\n<p>Folhas muito amareladas, queimadas ou murchas podem ser removidas com uma <b>tesoura limpa<\/b>, bem na base. Isso ajuda a planta a direcionar energia para folhas novas e <b>novas flores<\/b>. Se as pontas estiverem secas, observe: pode ser excesso de adubo, ar seco ou pouca \u00e1gua. Ajuste esses pontos aos poucos, sem <b>mudan\u00e7as bruscas<\/b>.<\/p>\n\n\n\n<h2 class=\"wp-block-heading\">Quais sinais indicam que \u00e9 hora de replantar ou dividir o l\u00edrio-da-paz<\/h2>\n\n\n\n<p>Com o tempo, \u00e9 normal a planta \u201cencher\u201d o vaso e parecer mais apertada, com muitas <b>ra\u00edzes expostas<\/b> na superf\u00edcie ou pelos furos de drenagem. Quando isso acontece, o l\u00edrio-da-paz tende a perder o vigor, produzir menos <b>flores saud\u00e1veis<\/b> e secar com mais facilidade, indicando que precisa de mais espa\u00e7o.<\/p>\n\n\n\n<p>Nessa fase, voc\u00ea pode replantar em um vaso um pouco maior ou aproveitar para <b>dividir a touceira<\/b> e formar novas plantas para outros c\u00f4modos. O ideal \u00e9 fazer esse replantio em per\u00edodos de clima ameno, como outono ou <b>primavera fresca<\/b>, para reduzir o estresse da planta e garantir uma <b>adapta\u00e7\u00e3o melhor<\/b>.<\/p>\n\n\n\n<figure class=\"wp-block-embed is-type-rich is-provider-pinterest wp-block-embed-pinterest\"><div class=\"wp-block-embed__wrapper\">\n<iframe loading=\"lazy\" title=\"\ud83c\udf3fVoc\u00ea tem Lirio da Paz a\u00ed, veja essas DICAS\ud83d\ude09\" src=\"https:\/\/assets.pinterest.com\/ext\/embed.html?id=7810999348641815&#038;src=oembed\" height=\"898\" width=\"450\" frameborder=\"0\" scrolling=\"no\" ><\/iframe>\n<\/div><\/figure>\n\n\n\n<h2 class=\"wp-block-heading\">Quais cuidados extras ajudam a ter um l\u00edrio-da-paz saud\u00e1vel<\/h2>\n\n\n\n<p>Como a planta \u00e9 t\u00f3xica se ingerida, quem tem gatos, c\u00e3es curiosos ou crian\u00e7as pequenas deve deix\u00e1-la em locais altos ou fora de alcance. Para facilitar seu cuidado no dia a dia, vale seguir alguns <b>pontos simples<\/b> de aten\u00e7\u00e3o:<\/p>\n\n\n\n<ul class=\"wp-block-list\">\n<li>Observar folhas e flores semanalmente em busca de <b>manchas suspeitas<\/b>, queimaduras ou pragas;<\/li>\n\n\n\n<li>Retirar partes secas ou doentes para estimular <b>novos brotos<\/b> e manter a planta mais limpa;<\/li>\n\n\n\n<li>Renovar o substrato quando estiver muito compacto ou com <b>drenagem ruim<\/b>;<\/li>\n\n\n\n<li>Reajustar o local se notar folhas queimadas pelo sol ou muito alongadas por <b>falta de luz<\/b>.<\/li>\n<\/ul>\n\n\n\n<p>Alguns detalhes do ambiente tamb\u00e9m influenciam muito a sa\u00fade do l\u00edrio-da-paz. Ele prefere temperaturas entre <b>18 \u00b0C e 28 \u00b0C<\/b> e n\u00e3o gosta de frio intenso, vento direto ou varia\u00e7\u00f5es bruscas, como ficar colado em <b>ar-condicionado<\/b> ou aquecedor. Em locais muito secos, um umidificador ou uma bacia com \u00e1gua por perto pode ajudar a manter a <b>umidade do ar<\/b>.<\/p>\n","protected":false},"excerpt":{"rendered":"<p>Voc\u00ea j\u00e1 entrou em uma sala e sentiu que faltava \u201cvida\u201d, at\u00e9 perceber como uma \u00fanica planta bonita muda todo o ambiente? O l\u00edrio-da-paz \u00e9 justamente esse tipo de planta: simples de cuidar, elegante e perfeito para deixar apartamentos e escrit\u00f3rios mais aconchegantes, desde que receba alguns cuidados b\u00e1sicos no dia a dia. Como escolher [&hellip;]<\/p>\n","protected":false},"author":9,"featured_media":208376,"comment_status":"open","ping_status":"open","sticky":false,"template":"","format":"standard","meta":{"_yoast_wpseo_focuskw":"plantar l\u00edrio-da-paz","_yoast_wpseo_title":"","_yoast_wpseo_metadesc":"Planta elegante e f\u00e1cil de cuidar pode deixar a casa mais verde e florescer em ambientes internos com alguns cuidados simples.","jnews-multi-image_gallery":[],"jnews_single_post":{"format":"standard"},"jnews_primary_category":[],"jnews_social_meta":[],"jnews_override_counter":[],"footnotes":""},"categories":[136],"tags":[614,10381,16110],"class_list":["post-208136","post","type-post","status-publish","format-standard","has-post-thumbnail","hentry","category-jardinagem","tag-cultivo","tag-lirio-da-paz-2","tag-plantar-liriodapaz"],"yoast_head":"<!-- This site is optimized with the Yoast SEO plugin v24.6 - https:\/\/yoast.com\/wordpress\/plugins\/seo\/ -->\n<title>A planta perfeita para quem quer mais vida dentro de casa e quase n\u00e3o tem tempo para cuidar - Correio Braziliense - Radar<\/title>\n<meta name=\"description\" content=\"Planta elegante e f\u00e1cil de cuidar pode deixar a casa mais verde e florescer em ambientes internos com alguns cuidados simples.\" \/>\n<meta name=\"robots\" content=\"index, follow, max-snippet:-1, max-image-preview:large, max-video-preview:-1\" \/>\n<link rel=\"canonical\" href=\"https:\/\/www.correiobraziliense.com.br\/cbradar\/a-planta-perfeita-para-quem-quer-mais-vida-dentro-de-casa-e-quase-nao-tem-tempo-para-cuidar\/\" \/>\n<meta property=\"og:locale\" content=\"pt_BR\" \/>\n<meta property=\"og:type\" content=\"article\" \/>\n<meta property=\"og:title\" content=\"A planta perfeita para quem quer mais vida dentro de casa e quase n\u00e3o tem tempo para cuidar - Correio Braziliense - Radar\" \/>\n<meta property=\"og:description\" content=\"Planta elegante e f\u00e1cil de cuidar pode deixar a casa mais verde e florescer em ambientes internos com alguns cuidados simples.\" \/>\n<meta property=\"og:url\" content=\"https:\/\/www.correiobraziliense.com.br\/cbradar\/a-planta-perfeita-para-quem-quer-mais-vida-dentro-de-casa-e-quase-nao-tem-tempo-para-cuidar\/\" \/>\n<meta property=\"og:site_name\" content=\"Correio Braziliense - Radar\" \/>\n<meta property=\"article:published_time\" content=\"2026-03-14T11:15:06+00:00\" \/>\n<meta property=\"og:image\" content=\"https:\/\/www.correiobraziliense.com.br\/cbradar\/wp-content\/uploads\/2026\/03\/Gemini_Generated_Image_de6so4de6so4de6s-1.png\" \/>\n\t<meta property=\"og:image:width\" content=\"1280\" \/>\n\t<meta property=\"og:image:height\" content=\"720\" \/>\n\t<meta property=\"og:image:type\" content=\"image\/png\" \/>\n<meta name=\"author\" content=\"Daniely Cardoso\" \/>\n<meta name=\"twitter:card\" content=\"summary_large_image\" \/>\n<meta name=\"twitter:label1\" content=\"Escrito por\" \/>\n\t<meta name=\"twitter:data1\" content=\"Daniely Cardoso\" \/>\n\t<meta name=\"twitter:label2\" content=\"Est. tempo de leitura\" \/>\n\t<meta name=\"twitter:data2\" content=\"5 minutos\" \/>\n<!-- \/ Yoast SEO plugin. -->","yoast_head_json":{"title":"A planta perfeita para quem quer mais vida dentro de casa e quase n\u00e3o tem tempo para cuidar - Correio Braziliense - Radar","description":"Planta elegante e f\u00e1cil de cuidar pode deixar a casa mais verde e florescer em ambientes internos com alguns cuidados simples.","robots":{"index":"index","follow":"follow","max-snippet":"max-snippet:-1","max-image-preview":"max-image-preview:large","max-video-preview":"max-video-preview:-1"},"canonical":"https:\/\/www.correiobraziliense.com.br\/cbradar\/a-planta-perfeita-para-quem-quer-mais-vida-dentro-de-casa-e-quase-nao-tem-tempo-para-cuidar\/","og_locale":"pt_BR","og_type":"article","og_title":"A planta perfeita para quem quer mais vida dentro de casa e quase n\u00e3o tem tempo para cuidar - Correio Braziliense - Radar","og_description":"Planta elegante e f\u00e1cil de cuidar pode deixar a casa mais verde e florescer em ambientes internos com alguns cuidados simples.","og_url":"https:\/\/www.correiobraziliense.com.br\/cbradar\/a-planta-perfeita-para-quem-quer-mais-vida-dentro-de-casa-e-quase-nao-tem-tempo-para-cuidar\/","og_site_name":"Correio Braziliense - Radar","article_published_time":"2026-03-14T11:15:06+00:00","og_image":[{"width":1280,"height":720,"url":"https:\/\/www.correiobraziliense.com.br\/cbradar\/wp-content\/uploads\/2026\/03\/Gemini_Generated_Image_de6so4de6so4de6s-1.png","type":"image\/png"}],"author":"Daniely Cardoso","twitter_card":"summary_large_image","twitter_misc":{"Escrito por":"Daniely Cardoso","Est. tempo de leitura":"5 minutos"},"schema":{"@context":"https:\/\/schema.org","@graph":[{"@type":"WebPage","@id":"https:\/\/www.correiobraziliense.com.br\/cbradar\/a-planta-perfeita-para-quem-quer-mais-vida-dentro-de-casa-e-quase-nao-tem-tempo-para-cuidar\/","url":"https:\/\/www.correiobraziliense.com.br\/cbradar\/a-planta-perfeita-para-quem-quer-mais-vida-dentro-de-casa-e-quase-nao-tem-tempo-para-cuidar\/","name":"A planta perfeita para quem quer mais vida dentro de casa e quase n\u00e3o tem tempo para cuidar - Correio Braziliense - Radar","isPartOf":{"@id":"https:\/\/www.correiobraziliense.com.br\/cbradar\/#website"},"primaryImageOfPage":{"@id":"https:\/\/www.correiobraziliense.com.br\/cbradar\/a-planta-perfeita-para-quem-quer-mais-vida-dentro-de-casa-e-quase-nao-tem-tempo-para-cuidar\/#primaryimage"},"image":{"@id":"https:\/\/www.correiobraziliense.com.br\/cbradar\/a-planta-perfeita-para-quem-quer-mais-vida-dentro-de-casa-e-quase-nao-tem-tempo-para-cuidar\/#primaryimage"},"thumbnailUrl":"https:\/\/www.correiobraziliense.com.br\/cbradar\/wp-content\/uploads\/2026\/03\/Gemini_Generated_Image_de6so4de6so4de6s-1.png","datePublished":"2026-03-14T11:15:06+00:00","author":{"@id":"https:\/\/www.correiobraziliense.com.br\/cbradar\/#\/schema\/person\/7356666e12ec0ee53f348ee5db227032"},"description":"Planta elegante e f\u00e1cil de cuidar pode deixar a casa mais verde e florescer em ambientes internos com alguns cuidados simples.","breadcrumb":{"@id":"https:\/\/www.correiobraziliense.com.br\/cbradar\/a-planta-perfeita-para-quem-quer-mais-vida-dentro-de-casa-e-quase-nao-tem-tempo-para-cuidar\/#breadcrumb"},"inLanguage":"pt-BR","potentialAction":[{"@type":"ReadAction","target":["https:\/\/www.correiobraziliense.com.br\/cbradar\/a-planta-perfeita-para-quem-quer-mais-vida-dentro-de-casa-e-quase-nao-tem-tempo-para-cuidar\/"]}]},{"@type":"ImageObject","inLanguage":"pt-BR","@id":"https:\/\/www.correiobraziliense.com.br\/cbradar\/a-planta-perfeita-para-quem-quer-mais-vida-dentro-de-casa-e-quase-nao-tem-tempo-para-cuidar\/#primaryimage","url":"https:\/\/www.correiobraziliense.com.br\/cbradar\/wp-content\/uploads\/2026\/03\/Gemini_Generated_Image_de6so4de6so4de6s-1.png","contentUrl":"https:\/\/www.correiobraziliense.com.br\/cbradar\/wp-content\/uploads\/2026\/03\/Gemini_Generated_Image_de6so4de6so4de6s-1.png","width":1280,"height":720,"caption":"D\u00ea prefer\u00eancia a recipientes com furos de drenagem no fundo, para que o excesso de \u00e1gua possa sair sem encharcar as ra\u00edzes"},{"@type":"BreadcrumbList","@id":"https:\/\/www.correiobraziliense.com.br\/cbradar\/a-planta-perfeita-para-quem-quer-mais-vida-dentro-de-casa-e-quase-nao-tem-tempo-para-cuidar\/#breadcrumb","itemListElement":[{"@type":"ListItem","position":1,"name":"In\u00edcio","item":"https:\/\/www.correiobraziliense.com.br\/cbradar\/"},{"@type":"ListItem","position":2,"name":"A planta perfeita para quem quer mais vida dentro de casa e quase n\u00e3o tem tempo para cuidar"}]},{"@type":"WebSite","@id":"https:\/\/www.correiobraziliense.com.br\/cbradar\/#website","url":"https:\/\/www.correiobraziliense.com.br\/cbradar\/","name":"Correio Braziliense - Radar","description":"Acompanhe as \u00faltimas not\u00edcias e fique bem informado sobre tudo o que acontece no Brasil e no mundo.","potentialAction":[{"@type":"SearchAction","target":{"@type":"EntryPoint","urlTemplate":"https:\/\/www.correiobraziliense.com.br\/cbradar\/?s={search_term_string}"},"query-input":{"@type":"PropertyValueSpecification","valueRequired":true,"valueName":"search_term_string"}}],"inLanguage":"pt-BR"},{"@type":"Person","@id":"https:\/\/www.correiobraziliense.com.br\/cbradar\/#\/schema\/person\/7356666e12ec0ee53f348ee5db227032","name":"Daniely Cardoso","image":{"@type":"ImageObject","inLanguage":"pt-BR","@id":"https:\/\/www.correiobraziliense.com.br\/cbradar\/#\/schema\/person\/image\/","url":"https:\/\/secure.gravatar.com\/avatar\/4b80ddbd124d1f071b626d52d62e5dff?s=96&d=mm&r=g","contentUrl":"https:\/\/secure.gravatar.com\/avatar\/4b80ddbd124d1f071b626d52d62e5dff?s=96&d=mm&r=g","caption":"Daniely Cardoso"},"description":"Redatora nos portais CB Radar e EM Foco, formada pela Universidade Federal de Goi\u00e1s, em Goi\u00e2nia. Apaixonada por comunica\u00e7\u00e3o, arte, decora\u00e7\u00e3o e tend\u00eancias, atuo na produ\u00e7\u00e3o de conte\u00fados envolventes sobre curiosidades, moda, beleza e paisagismo, sempre com um olhar atento \u00e0s novidades do momento.","sameAs":["https:\/\/www.correiobraziliense.com.br\/cbradar"],"url":"https:\/\/www.correiobraziliense.com.br\/cbradar\/author\/danielymyth\/"}]}},"_links":{"self":[{"href":"https:\/\/www.correiobraziliense.com.br\/cbradar\/wp-json\/wp\/v2\/posts\/208136","targetHints":{"allow":["GET"]}}],"collection":[{"href":"https:\/\/www.correiobraziliense.com.br\/cbradar\/wp-json\/wp\/v2\/posts"}],"about":[{"href":"https:\/\/www.correiobraziliense.com.br\/cbradar\/wp-json\/wp\/v2\/types\/post"}],"author":[{"embeddable":true,"href":"https:\/\/www.correiobraziliense.com.br\/cbradar\/wp-json\/wp\/v2\/users\/9"}],"replies":[{"embeddable":true,"href":"https:\/\/www.correiobraziliense.com.br\/cbradar\/wp-json\/wp\/v2\/comments?post=208136"}],"version-history":[{"count":2,"href":"https:\/\/www.correiobraziliense.com.br\/cbradar\/wp-json\/wp\/v2\/posts\/208136\/revisions"}],"predecessor-version":[{"id":208151,"href":"https:\/\/www.correiobraziliense.com.br\/cbradar\/wp-json\/wp\/v2\/posts\/208136\/revisions\/208151"}],"wp:featuredmedia":[{"embeddable":true,"href":"https:\/\/www.correiobraziliense.com.br\/cbradar\/wp-json\/wp\/v2\/media\/208376"}],"wp:attachment":[{"href":"https:\/\/www.correiobraziliense.com.br\/cbradar\/wp-json\/wp\/v2\/media?parent=208136"}],"wp:term":[{"taxonomy":"category","embeddable":true,"href":"https:\/\/www.correiobraziliense.com.br\/cbradar\/wp-json\/wp\/v2\/categories?post=208136"},{"taxonomy":"post_tag","embeddable":true,"href":"https:\/\/www.correiobraziliense.com.br\/cbradar\/wp-json\/wp\/v2\/tags?post=208136"}],"curies":[{"name":"wp","href":"https:\/\/api.w.org\/{rel}","templated":true}]}}