{"id":208139,"date":"2026-03-14T14:25:56","date_gmt":"2026-03-14T17:25:56","guid":{"rendered":"https:\/\/www.correiobraziliense.com.br\/cbradar\/?p=208139"},"modified":"2026-03-13T23:24:07","modified_gmt":"2026-03-14T02:24:07","slug":"a-planta-trepadeira-que-enche-o-jardim-de-flores-cheirosas-e-pode-crescer-linda-ate-em-vasos-pequenos","status":"publish","type":"post","link":"https:\/\/www.correiobraziliense.com.br\/cbradar\/a-planta-trepadeira-que-enche-o-jardim-de-flores-cheirosas-e-pode-crescer-linda-ate-em-vasos-pequenos\/","title":{"rendered":"A planta trepadeira que enche o jardim de flores cheirosas e pode crescer linda at\u00e9 em vasos pequenos"},"content":{"rendered":"\n<p>Imagine chegar em casa no fim do dia e ser recebido por um cheirinho suave e adocicado vindo da varanda ou do quintal. Ter um <strong>jardim perfumado<\/strong> com <strong>jasmim<\/strong> ao longo do ano \u00e9 totalmente poss\u00edvel, mesmo em espa\u00e7os pequenos. A planta \u00e9 conhecida pelo aroma marcante das flores e pela facilidade de se adaptar a vasos, canteiros e pergolados, desde que voc\u00ea entenda bem suas necessidades de <strong>luz<\/strong>, solo, rega e poda.<\/p>\n\n\n\n<h2 class=\"wp-block-heading\">Como escolher o tipo de jasmim ideal para o seu jardim<\/h2>\n\n\n\n<p>Antes de pensar em como plantar jasmim, vale parar um minuto e observar o <strong>espa\u00e7o dispon\u00edvel<\/strong> que voc\u00ea tem: \u00e9 varanda, quintal, muro ou apenas um cantinho com sol? Entre as esp\u00e9cies mais comuns est\u00e3o o <strong>jasmim-manga<\/strong>, o jasmim-estrela, o jasmim-dos-poetas e o jasmim-amarelo, cada um com porte, formato e \u00e9poca de <strong>flora\u00e7\u00e3o<\/strong> diferentes.<\/p>\n\n\n\n<p>Para \u00e1reas pequenas, vers\u00f5es <strong>arbustivas<\/strong> e de menor crescimento funcionam melhor, pois v\u00e3o bem em vasos m\u00e9dios com boa drenagem. J\u00e1 para quem quer cobrir muros, p\u00e9rgolas ou grades, os <strong>jasmins trepadores<\/strong> s\u00e3o os queridinhos, formando um \u201cmuro verde\u201d florido e cheiroso ao longo do ano.<\/p>\n\n\n<div class=\"wp-block-image\">\n<figure class=\"aligncenter size-large\"><img decoding=\"async\" width=\"1024\" height=\"576\" src=\"https:\/\/www.correiobraziliense.com.br\/cbradar\/wp-content\/uploads\/2026\/02\/Gemini_Generated_Image_hikmebhikmebhikm-1-1024x576.png\" alt=\"\" class=\"wp-image-199445\" srcset=\"https:\/\/www.correiobraziliense.com.br\/cbradar\/wp-content\/uploads\/2026\/02\/Gemini_Generated_Image_hikmebhikmebhikm-1-1024x576.png 1024w, https:\/\/www.correiobraziliense.com.br\/cbradar\/wp-content\/uploads\/2026\/02\/Gemini_Generated_Image_hikmebhikmebhikm-1-300x169.png 300w, https:\/\/www.correiobraziliense.com.br\/cbradar\/wp-content\/uploads\/2026\/02\/Gemini_Generated_Image_hikmebhikmebhikm-1-768x432.png 768w, https:\/\/www.correiobraziliense.com.br\/cbradar\/wp-content\/uploads\/2026\/02\/Gemini_Generated_Image_hikmebhikmebhikm-1-750x422.png 750w, https:\/\/www.correiobraziliense.com.br\/cbradar\/wp-content\/uploads\/2026\/02\/Gemini_Generated_Image_hikmebhikmebhikm-1-1140x641.png 1140w, https:\/\/www.correiobraziliense.com.br\/cbradar\/wp-content\/uploads\/2026\/02\/Gemini_Generated_Image_hikmebhikmebhikm-1.png 1280w\" sizes=\"(max-width: 1024px) 100vw, 1024px\" \/><figcaption class=\"wp-element-caption\">O jasmin \u00e9 uma trepadeira perene, com ramos finos e compridos que se apoiam facilmente em suportes pr\u00f3ximos<\/figcaption><\/figure><\/div>\n\n\n<p>Leia tamb\u00e9m:&nbsp;<a href=\"https:\/\/www.correiobraziliense.com.br\/cbradar\/6-arvores-que-voce-deve-evitar-plantar-em-quintais-pequenos-segundo-paisagistas\/\" target=\"_blank\" rel=\"noopener\">6 \u00e1rvores que voc\u00ea deve evitar plantar em quintais pequenos segundo paisagistas<\/a><\/p>\n\n\n\n<h2 class=\"wp-block-heading\">Quais s\u00e3o as principais diferen\u00e7as entre tipos de jasmim<\/h2>\n\n\n\n<p>Algumas caracter\u00edsticas ajudam muito na hora de escolher a esp\u00e9cie certa, como tamanho final da planta, intensidade do <strong>perfume<\/strong> e necessidade de sol. De forma geral, jasmins de <strong>flor branca<\/strong> costumam ter aroma mais forte, enquanto os de flores amarelas ou rosadas podem ser um pouco mais discretos.<\/p>\n\n\n\n<p>Para facilitar a decis\u00e3o e deixar o planejamento do <strong>jardim<\/strong> mais simples, veja alguns pontos pr\u00e1ticos que costumam guiar a escolha de quem est\u00e1 come\u00e7ando:<\/p>\n\n\n\n<ul class=\"wp-block-list\">\n<li><strong>Jasmim trepador:<\/strong> ideal para cobrir estruturas, muros e pergolados.<\/li>\n\n\n\n<li><strong>Jasmim arbustivo:<\/strong> \u00f3timo para vasos e canteiros pequenos.<\/li>\n\n\n\n<li><strong>Flores brancas:<\/strong> geralmente com perfume mais intenso e marcante.<\/li>\n\n\n\n<li><strong>Esp\u00e9cies de clima tropical:<\/strong> adaptam-se bem \u00e0 maior parte do Brasil.<\/li>\n<\/ul>\n\n\n\n<figure class=\"wp-block-embed is-type-rich is-provider-pinterest wp-block-embed-pinterest\"><div class=\"wp-block-embed__wrapper\">\n<iframe loading=\"lazy\" title=\" \" src=\"https:\/\/assets.pinterest.com\/ext\/embed.html?id=281543725810421&#038;src=oembed\" height=\"699\" width=\"450\" frameborder=\"0\" scrolling=\"no\" ><\/iframe>\n<\/div><\/figure>\n\n\n\n<h2 class=\"wp-block-heading\">Como plantar jasmim passo a passo no jardim ou em vasos<\/h2>\n\n\n\n<p>O plantio do jasmim come\u00e7a pela escolha de um lugar bem <strong>iluminado<\/strong>, com sol direto por algumas horas ou meia-sombra clara. Em regi\u00f5es muito quentes, o sol da manh\u00e3 \u00e9 o mais indicado, pois evita que a planta sofra nas horas mais quentes da tarde, principalmente em <strong>vasos<\/strong>.<\/p>\n\n\n\n<p>O solo deve ser bem drenado, f\u00e9rtil e levemente \u00famido. Em vasos, use uma mistura de <strong>terra vegetal<\/strong>, areia grossa e mat\u00e9ria org\u00e2nica, como h\u00famus de minhoca. Em canteiros, vale misturar adubo org\u00e2nico \u00e0 terra existente para deix\u00e1-la mais rica e <strong>soltinha<\/strong>.<\/p>\n\n\n\n<ol class=\"wp-block-list\">\n<li>Selecionar um <strong>vaso<\/strong> com furos de drenagem ou um canteiro que n\u00e3o acumule \u00e1gua.<\/li>\n\n\n\n<li>Colocar uma camada de pedrinhas ou <strong>cacos de telha<\/strong> no fundo do vaso, se for o caso.<\/li>\n\n\n\n<li>Preparar o <strong>substrato<\/strong> misturando terra, areia e material org\u00e2nico.<\/li>\n\n\n\n<li>Posicionar a muda de jasmim, mantendo o <strong>colo<\/strong> da planta na mesma altura original.<\/li>\n\n\n\n<li>Completar com substrato, pressionando levemente ao redor para <strong>firmar<\/strong> a muda.<\/li>\n\n\n\n<li>Regar em seguida, umedecendo bem, sem <strong>encharcar<\/strong>.<\/li>\n<\/ol>\n\n\n\n<p>Em \u00e1reas externas, mantenha um <strong>espa\u00e7o m\u00ednimo<\/strong> entre as mudas, para que o ar circule e a planta cres\u00e7a com sa\u00fade. No caso de jasmins trepadores, j\u00e1 deixe o <strong>suporte<\/strong> instalado desde o in\u00edcio, conduzindo os ramos aos poucos na dire\u00e7\u00e3o desejada. Se voc\u00ea gosta de flores, separamos esse v\u00eddeo do canal <a href=\"https:\/\/www.youtube.com\/@AnaPaulaLino\" target=\"_blank\" rel=\"noreferrer noopener\">Ana Paula Lino<\/a> ensinando a plantar em casa:<\/p>\n\n\n\n<figure class=\"wp-block-embed is-type-video is-provider-youtube wp-block-embed-youtube wp-embed-aspect-16-9 wp-has-aspect-ratio\"><div class=\"wp-block-embed__wrapper\">\n<div class=\"jeg_video_container jeg_video_content\"><iframe loading=\"lazy\" title=\"PLANTAS FLORIDAS: Conhe\u00e7a os segredos do JASMIM GARD\u00caNIA\" width=\"500\" height=\"281\" src=\"https:\/\/www.youtube.com\/embed\/QquFMABs2yg?start=1&#038;feature=oembed\" frameborder=\"0\" allow=\"accelerometer; autoplay; clipboard-write; encrypted-media; gyroscope; picture-in-picture; web-share\" referrerpolicy=\"strict-origin-when-cross-origin\" allowfullscreen><\/iframe><\/div>\n<\/div><\/figure>\n\n\n\n<h2 class=\"wp-block-heading\">Quais cuidados mant\u00eam o jasmim florido e perfumado o ano inteiro<\/h2>\n\n\n\n<p>Para ter jasmim florido com frequ\u00eancia, o segredo \u00e9 observar a <strong>planta<\/strong> no dia a dia. A rega deve ser moderada: solo sempre levemente \u00famido, mas nunca encharcado. Nos dias muito quentes, talvez seja preciso regar mais vezes, sempre sentindo a <strong>terra<\/strong> com o dedo a alguns cent\u00edmetros de profundidade.<\/p>\n\n\n\n<p>A <strong>aduba\u00e7\u00e3o<\/strong> tamb\u00e9m faz muita diferen\u00e7a na quantidade de flores. Use adubos org\u00e2nicos ou espec\u00edficos para plantas de flor a cada dois ou tr\u00eas meses, refor\u00e7ando antes dos per\u00edodos de maior <strong>flora\u00e7\u00e3o<\/strong> da esp\u00e9cie. Assim, o jasmim ganha energia para brotar e encher-se de bot\u00f5es <strong>perfumados<\/strong>.<\/p>\n\n\n\n<ul class=\"wp-block-list\">\n<li><strong>Rega:<\/strong> manter o solo \u00famido, evitando excesso de \u00e1gua.<\/li>\n\n\n\n<li><strong>Aduba\u00e7\u00e3o:<\/strong> aplicar adubo org\u00e2nico ou NPK para flores a cada 2 ou 3 meses.<\/li>\n\n\n\n<li><strong>Poda leve:<\/strong> remover ramos secos ou muito compridos ap\u00f3s a flora\u00e7\u00e3o.<\/li>\n\n\n\n<li><strong>Ilumina\u00e7\u00e3o:<\/strong> garantir ao menos algumas horas de sol por dia.<\/li>\n<\/ul>\n\n\n\n<figure class=\"wp-block-embed is-type-rich is-provider-pinterest wp-block-embed-pinterest\"><div class=\"wp-block-embed__wrapper\">\n<iframe loading=\"lazy\" title=\"Que tal cultivar uma trepadeira em casa?\" src=\"https:\/\/assets.pinterest.com\/ext\/embed.html?id=13651605114586347&#038;src=oembed\" height=\"756\" width=\"450\" frameborder=\"0\" scrolling=\"no\" ><\/iframe>\n<\/div><\/figure>\n\n\n\n<p>A poda de <strong>limpeza<\/strong> e forma\u00e7\u00e3o ajuda a deixar o jasmim mais compacto e bonito, al\u00e9m de estimular novas floradas. Sempre que notar flores secas, retire-as com cuidado para que a planta concentre <strong>energia<\/strong> nas pr\u00f3ximas brota\u00e7\u00f5es.<\/p>\n\n\n\n<h2 class=\"wp-block-heading\">Como potencializar o perfume do jasmim no jardim<\/h2>\n\n\n\n<p>Se a ideia \u00e9 criar um \u201ccorredor perfumado\u201d, vale combinar diferentes esp\u00e9cies de jasmim com outras plantas arom\u00e1ticas, como <strong>lavanda<\/strong> e manjeric\u00e3o ornamental. Colocar vasos pr\u00f3ximos a portas, janelas e \u00e1reas de descanso faz com que o <strong>aroma<\/strong> se espalhe com o vento, principalmente no fim da tarde.<\/p>\n\n\n\n<p>Outra dica \u00e9 distribuir alguns <strong>vasos arom\u00e1ticos<\/strong> em pontos estrat\u00e9gicos da casa, como a entrada ou a varanda, para que o perfume seja percebido logo na chegada. Com um pouco de planejamento, <strong>regas equilibradas<\/strong>, adubo em dia e podas suaves, o jasmim tende a retribuir com flores frequentes e um clima acolhedor no seu espa\u00e7o externo.<\/p>\n","protected":false},"excerpt":{"rendered":"<p>Imagine chegar em casa no fim do dia e ser recebido por um cheirinho suave e adocicado vindo da varanda ou do quintal. Ter um jardim perfumado com jasmim ao longo do ano \u00e9 totalmente poss\u00edvel, mesmo em espa\u00e7os pequenos. A planta \u00e9 conhecida pelo aroma marcante das flores e pela facilidade de se adaptar [&hellip;]<\/p>\n","protected":false},"author":9,"featured_media":208383,"comment_status":"open","ping_status":"open","sticky":false,"template":"","format":"standard","meta":{"_yoast_wpseo_focuskw":"plantar jasmim","_yoast_wpseo_title":"","_yoast_wpseo_metadesc":"Uma planta muito querida nos jardins pode perfumar o ambiente e florescer com frequ\u00eancia quando recebe luz, rega e cuidados certos.","jnews-multi-image_gallery":[],"jnews_single_post":{"format":"standard"},"jnews_primary_category":[],"jnews_social_meta":[],"jnews_override_counter":[],"footnotes":""},"categories":[136],"tags":[3053,16111,12168],"class_list":["post-208139","post","type-post","status-publish","format-standard","has-post-thumbnail","hentry","category-jardinagem","tag-jasmim","tag-jasmim-em-casa","tag-plantar-jasmim"],"yoast_head":"<!-- This site is optimized with the Yoast SEO plugin v24.6 - https:\/\/yoast.com\/wordpress\/plugins\/seo\/ -->\n<title>A planta trepadeira que enche o jardim de flores cheirosas e pode crescer linda at\u00e9 em vasos pequenos - Correio Braziliense - Radar<\/title>\n<meta name=\"description\" content=\"Uma planta muito querida nos jardins pode perfumar o ambiente e florescer com frequ\u00eancia quando recebe luz, rega e cuidados certos.\" \/>\n<meta name=\"robots\" content=\"index, follow, max-snippet:-1, max-image-preview:large, max-video-preview:-1\" \/>\n<link rel=\"canonical\" href=\"https:\/\/www.correiobraziliense.com.br\/cbradar\/a-planta-trepadeira-que-enche-o-jardim-de-flores-cheirosas-e-pode-crescer-linda-ate-em-vasos-pequenos\/\" \/>\n<meta property=\"og:locale\" content=\"pt_BR\" \/>\n<meta property=\"og:type\" content=\"article\" \/>\n<meta property=\"og:title\" content=\"A planta trepadeira que enche o jardim de flores cheirosas e pode crescer linda at\u00e9 em vasos pequenos - Correio Braziliense - Radar\" \/>\n<meta property=\"og:description\" content=\"Uma planta muito querida nos jardins pode perfumar o ambiente e florescer com frequ\u00eancia quando recebe luz, rega e cuidados certos.\" \/>\n<meta property=\"og:url\" content=\"https:\/\/www.correiobraziliense.com.br\/cbradar\/a-planta-trepadeira-que-enche-o-jardim-de-flores-cheirosas-e-pode-crescer-linda-ate-em-vasos-pequenos\/\" \/>\n<meta property=\"og:site_name\" content=\"Correio Braziliense - Radar\" \/>\n<meta property=\"article:published_time\" content=\"2026-03-14T17:25:56+00:00\" \/>\n<meta property=\"og:image\" content=\"https:\/\/www.correiobraziliense.com.br\/cbradar\/wp-content\/uploads\/2026\/03\/Gemini_Generated_Image_4gmn1j4gmn1j4gmn-1.png\" \/>\n\t<meta property=\"og:image:width\" content=\"1280\" \/>\n\t<meta property=\"og:image:height\" content=\"720\" \/>\n\t<meta property=\"og:image:type\" content=\"image\/png\" \/>\n<meta name=\"author\" content=\"Daniely Cardoso\" \/>\n<meta name=\"twitter:card\" content=\"summary_large_image\" \/>\n<meta name=\"twitter:label1\" content=\"Escrito por\" \/>\n\t<meta name=\"twitter:data1\" content=\"Daniely Cardoso\" \/>\n\t<meta name=\"twitter:label2\" content=\"Est. tempo de leitura\" \/>\n\t<meta name=\"twitter:data2\" content=\"6 minutos\" \/>\n<!-- \/ Yoast SEO plugin. -->","yoast_head_json":{"title":"A planta trepadeira que enche o jardim de flores cheirosas e pode crescer linda at\u00e9 em vasos pequenos - Correio Braziliense - Radar","description":"Uma planta muito querida nos jardins pode perfumar o ambiente e florescer com frequ\u00eancia quando recebe luz, rega e cuidados certos.","robots":{"index":"index","follow":"follow","max-snippet":"max-snippet:-1","max-image-preview":"max-image-preview:large","max-video-preview":"max-video-preview:-1"},"canonical":"https:\/\/www.correiobraziliense.com.br\/cbradar\/a-planta-trepadeira-que-enche-o-jardim-de-flores-cheirosas-e-pode-crescer-linda-ate-em-vasos-pequenos\/","og_locale":"pt_BR","og_type":"article","og_title":"A planta trepadeira que enche o jardim de flores cheirosas e pode crescer linda at\u00e9 em vasos pequenos - Correio Braziliense - Radar","og_description":"Uma planta muito querida nos jardins pode perfumar o ambiente e florescer com frequ\u00eancia quando recebe luz, rega e cuidados certos.","og_url":"https:\/\/www.correiobraziliense.com.br\/cbradar\/a-planta-trepadeira-que-enche-o-jardim-de-flores-cheirosas-e-pode-crescer-linda-ate-em-vasos-pequenos\/","og_site_name":"Correio Braziliense - Radar","article_published_time":"2026-03-14T17:25:56+00:00","og_image":[{"width":1280,"height":720,"url":"https:\/\/www.correiobraziliense.com.br\/cbradar\/wp-content\/uploads\/2026\/03\/Gemini_Generated_Image_4gmn1j4gmn1j4gmn-1.png","type":"image\/png"}],"author":"Daniely Cardoso","twitter_card":"summary_large_image","twitter_misc":{"Escrito por":"Daniely Cardoso","Est. tempo de leitura":"6 minutos"},"schema":{"@context":"https:\/\/schema.org","@graph":[{"@type":"WebPage","@id":"https:\/\/www.correiobraziliense.com.br\/cbradar\/a-planta-trepadeira-que-enche-o-jardim-de-flores-cheirosas-e-pode-crescer-linda-ate-em-vasos-pequenos\/","url":"https:\/\/www.correiobraziliense.com.br\/cbradar\/a-planta-trepadeira-que-enche-o-jardim-de-flores-cheirosas-e-pode-crescer-linda-ate-em-vasos-pequenos\/","name":"A planta trepadeira que enche o jardim de flores cheirosas e pode crescer linda at\u00e9 em vasos pequenos - Correio Braziliense - Radar","isPartOf":{"@id":"https:\/\/www.correiobraziliense.com.br\/cbradar\/#website"},"primaryImageOfPage":{"@id":"https:\/\/www.correiobraziliense.com.br\/cbradar\/a-planta-trepadeira-que-enche-o-jardim-de-flores-cheirosas-e-pode-crescer-linda-ate-em-vasos-pequenos\/#primaryimage"},"image":{"@id":"https:\/\/www.correiobraziliense.com.br\/cbradar\/a-planta-trepadeira-que-enche-o-jardim-de-flores-cheirosas-e-pode-crescer-linda-ate-em-vasos-pequenos\/#primaryimage"},"thumbnailUrl":"https:\/\/www.correiobraziliense.com.br\/cbradar\/wp-content\/uploads\/2026\/03\/Gemini_Generated_Image_4gmn1j4gmn1j4gmn-1.png","datePublished":"2026-03-14T17:25:56+00:00","author":{"@id":"https:\/\/www.correiobraziliense.com.br\/cbradar\/#\/schema\/person\/7356666e12ec0ee53f348ee5db227032"},"description":"Uma planta muito querida nos jardins pode perfumar o ambiente e florescer com frequ\u00eancia quando recebe luz, rega e cuidados certos.","breadcrumb":{"@id":"https:\/\/www.correiobraziliense.com.br\/cbradar\/a-planta-trepadeira-que-enche-o-jardim-de-flores-cheirosas-e-pode-crescer-linda-ate-em-vasos-pequenos\/#breadcrumb"},"inLanguage":"pt-BR","potentialAction":[{"@type":"ReadAction","target":["https:\/\/www.correiobraziliense.com.br\/cbradar\/a-planta-trepadeira-que-enche-o-jardim-de-flores-cheirosas-e-pode-crescer-linda-ate-em-vasos-pequenos\/"]}]},{"@type":"ImageObject","inLanguage":"pt-BR","@id":"https:\/\/www.correiobraziliense.com.br\/cbradar\/a-planta-trepadeira-que-enche-o-jardim-de-flores-cheirosas-e-pode-crescer-linda-ate-em-vasos-pequenos\/#primaryimage","url":"https:\/\/www.correiobraziliense.com.br\/cbradar\/wp-content\/uploads\/2026\/03\/Gemini_Generated_Image_4gmn1j4gmn1j4gmn-1.png","contentUrl":"https:\/\/www.correiobraziliense.com.br\/cbradar\/wp-content\/uploads\/2026\/03\/Gemini_Generated_Image_4gmn1j4gmn1j4gmn-1.png","width":1280,"height":720,"caption":"Antes de pensar em como plantar jasmim, vale parar um minuto e observar o espa\u00e7o dispon\u00edvel que voc\u00ea tem"},{"@type":"BreadcrumbList","@id":"https:\/\/www.correiobraziliense.com.br\/cbradar\/a-planta-trepadeira-que-enche-o-jardim-de-flores-cheirosas-e-pode-crescer-linda-ate-em-vasos-pequenos\/#breadcrumb","itemListElement":[{"@type":"ListItem","position":1,"name":"In\u00edcio","item":"https:\/\/www.correiobraziliense.com.br\/cbradar\/"},{"@type":"ListItem","position":2,"name":"A planta trepadeira que enche o jardim de flores cheirosas e pode crescer linda at\u00e9 em vasos pequenos"}]},{"@type":"WebSite","@id":"https:\/\/www.correiobraziliense.com.br\/cbradar\/#website","url":"https:\/\/www.correiobraziliense.com.br\/cbradar\/","name":"Correio Braziliense - Radar","description":"Acompanhe as \u00faltimas not\u00edcias e fique bem informado sobre tudo o que acontece no Brasil e no mundo.","potentialAction":[{"@type":"SearchAction","target":{"@type":"EntryPoint","urlTemplate":"https:\/\/www.correiobraziliense.com.br\/cbradar\/?s={search_term_string}"},"query-input":{"@type":"PropertyValueSpecification","valueRequired":true,"valueName":"search_term_string"}}],"inLanguage":"pt-BR"},{"@type":"Person","@id":"https:\/\/www.correiobraziliense.com.br\/cbradar\/#\/schema\/person\/7356666e12ec0ee53f348ee5db227032","name":"Daniely Cardoso","image":{"@type":"ImageObject","inLanguage":"pt-BR","@id":"https:\/\/www.correiobraziliense.com.br\/cbradar\/#\/schema\/person\/image\/","url":"https:\/\/secure.gravatar.com\/avatar\/4b80ddbd124d1f071b626d52d62e5dff?s=96&d=mm&r=g","contentUrl":"https:\/\/secure.gravatar.com\/avatar\/4b80ddbd124d1f071b626d52d62e5dff?s=96&d=mm&r=g","caption":"Daniely Cardoso"},"description":"Redatora nos portais CB Radar e EM Foco, formada pela Universidade Federal de Goi\u00e1s, em Goi\u00e2nia. Apaixonada por comunica\u00e7\u00e3o, arte, decora\u00e7\u00e3o e tend\u00eancias, atuo na produ\u00e7\u00e3o de conte\u00fados envolventes sobre curiosidades, moda, beleza e paisagismo, sempre com um olhar atento \u00e0s novidades do momento.","sameAs":["https:\/\/www.correiobraziliense.com.br\/cbradar"],"url":"https:\/\/www.correiobraziliense.com.br\/cbradar\/author\/danielymyth\/"}]}},"_links":{"self":[{"href":"https:\/\/www.correiobraziliense.com.br\/cbradar\/wp-json\/wp\/v2\/posts\/208139","targetHints":{"allow":["GET"]}}],"collection":[{"href":"https:\/\/www.correiobraziliense.com.br\/cbradar\/wp-json\/wp\/v2\/posts"}],"about":[{"href":"https:\/\/www.correiobraziliense.com.br\/cbradar\/wp-json\/wp\/v2\/types\/post"}],"author":[{"embeddable":true,"href":"https:\/\/www.correiobraziliense.com.br\/cbradar\/wp-json\/wp\/v2\/users\/9"}],"replies":[{"embeddable":true,"href":"https:\/\/www.correiobraziliense.com.br\/cbradar\/wp-json\/wp\/v2\/comments?post=208139"}],"version-history":[{"count":2,"href":"https:\/\/www.correiobraziliense.com.br\/cbradar\/wp-json\/wp\/v2\/posts\/208139\/revisions"}],"predecessor-version":[{"id":208153,"href":"https:\/\/www.correiobraziliense.com.br\/cbradar\/wp-json\/wp\/v2\/posts\/208139\/revisions\/208153"}],"wp:featuredmedia":[{"embeddable":true,"href":"https:\/\/www.correiobraziliense.com.br\/cbradar\/wp-json\/wp\/v2\/media\/208383"}],"wp:attachment":[{"href":"https:\/\/www.correiobraziliense.com.br\/cbradar\/wp-json\/wp\/v2\/media?parent=208139"}],"wp:term":[{"taxonomy":"category","embeddable":true,"href":"https:\/\/www.correiobraziliense.com.br\/cbradar\/wp-json\/wp\/v2\/categories?post=208139"},{"taxonomy":"post_tag","embeddable":true,"href":"https:\/\/www.correiobraziliense.com.br\/cbradar\/wp-json\/wp\/v2\/tags?post=208139"}],"curies":[{"name":"wp","href":"https:\/\/api.w.org\/{rel}","templated":true}]}}