{"id":208140,"date":"2026-03-14T17:45:03","date_gmt":"2026-03-14T20:45:03","guid":{"rendered":"https:\/\/www.correiobraziliense.com.br\/cbradar\/?p=208140"},"modified":"2026-03-13T23:31:59","modified_gmt":"2026-03-14T02:31:59","slug":"a-trepadeira-que-pode-cobrir-muros-e-fachadas-com-flores-intensas-e-mudar-completamente-a-aparencia-da-casa","status":"publish","type":"post","link":"https:\/\/www.correiobraziliense.com.br\/cbradar\/a-trepadeira-que-pode-cobrir-muros-e-fachadas-com-flores-intensas-e-mudar-completamente-a-aparencia-da-casa\/","title":{"rendered":"A trepadeira que pode cobrir muros e fachadas com flores intensas e mudar completamente a apar\u00eancia da casa"},"content":{"rendered":"\n<p>Imagine chegar em casa e, em vez de encarar um <b>muro cinza<\/b> e sem gra\u00e7a, ver uma <b>cascata de cores<\/b> vibrantes descendo pela parede. \u00c9 exatamente esse efeito que a <b>buganv\u00edlia<\/b> (tamb\u00e9m chamada de primavera ou tr\u00eas-marias) pode trazer para jardins e fachadas, desde que o plantio e os cuidados sejam bem pensados desde o come\u00e7o.<\/p>\n\n\n\n<h2 class=\"wp-block-heading\">O que \u00e9 buganv\u00edlia e por que ela deixa o muro t\u00e3o bonito?<\/h2>\n\n\n\n<p>A <b>buganv\u00edlia<\/b> \u00e9 uma planta de <b>clima quente<\/b>, que adora sol forte e aguenta bem per\u00edodos de pouca \u00e1gua. Suas \u201cflores\u201d supercoloridas s\u00e3o, na verdade, <b>br\u00e1cteas<\/b> que envolvem pequenas flores brancas no centro, criando aquele efeito de nuvem florida que transforma qualquer parede em um painel vivo.<\/p>\n\n\n\n<p>Ela \u00e9 um <b>arbusto trepador<\/b> de crescimento r\u00e1pido, com ramos lenhosos e espinhosos que podem chegar a v\u00e1rios metros de comprimento. Como n\u00e3o se agarra sozinha ao muro, precisa ser conduzida, mas se adapta bem a diferentes <b>tipos de solo<\/b>, desde que tenham <b>boa drenagem<\/b> e recebam sol direto por pelo menos quatro a seis horas por dia.<\/p>\n\n\n<div class=\"wp-block-image\">\n<figure class=\"aligncenter size-large\"><img decoding=\"async\" width=\"1024\" height=\"576\" src=\"https:\/\/www.correiobraziliense.com.br\/cbradar\/wp-content\/uploads\/2025\/02\/Buganvilias-flores_1740684014157-1024x576.jpg\" alt=\"\" class=\"wp-image-7007\" srcset=\"https:\/\/www.correiobraziliense.com.br\/cbradar\/wp-content\/uploads\/2025\/02\/Buganvilias-flores_1740684014157-1024x576.jpg 1024w, https:\/\/www.correiobraziliense.com.br\/cbradar\/wp-content\/uploads\/2025\/02\/Buganvilias-flores_1740684014157-300x169.jpg 300w, https:\/\/www.correiobraziliense.com.br\/cbradar\/wp-content\/uploads\/2025\/02\/Buganvilias-flores_1740684014157-768x432.jpg 768w, https:\/\/www.correiobraziliense.com.br\/cbradar\/wp-content\/uploads\/2025\/02\/Buganvilias-flores_1740684014157-750x422.jpg 750w, https:\/\/www.correiobraziliense.com.br\/cbradar\/wp-content\/uploads\/2025\/02\/Buganvilias-flores_1740684014157-1140x641.jpg 1140w, https:\/\/www.correiobraziliense.com.br\/cbradar\/wp-content\/uploads\/2025\/02\/Buganvilias-flores_1740684014157.jpg 1280w\" sizes=\"(max-width: 1024px) 100vw, 1024px\" \/><figcaption class=\"wp-element-caption\">Flores &#8211; Cr\u00e9ditos: depositphotos.com \/ GonzaloEsteban<\/figcaption><\/figure><\/div>\n\n\n<p>Leia tamb\u00e9m:&nbsp;<a href=\"https:\/\/www.correiobraziliense.com.br\/cbradar\/6-arvores-que-voce-deve-evitar-plantar-em-quintais-pequenos-segundo-paisagistas\/\" target=\"_blank\" rel=\"noopener\">6 \u00e1rvores que voc\u00ea deve evitar plantar em quintais pequenos segundo paisagistas<\/a><\/p>\n\n\n\n<h2 class=\"wp-block-heading\">Como plantar buganv\u00edlia no muro de forma simples e eficiente?<\/h2>\n\n\n\n<p>Para plantar <b>buganv\u00edlia<\/b> no muro, o primeiro passo \u00e9 escolher um local bem ensolarado, com espa\u00e7o para as ra\u00edzes crescerem. A cova deve ficar cerca de 30 a 40 cent\u00edmetros distante da <b>base da parede<\/b>, para facilitar a circula\u00e7\u00e3o de ar, a irriga\u00e7\u00e3o e evitar <b>problemas estruturais<\/b> com o tempo.<\/p>\n\n\n\n<ol class=\"wp-block-list\">\n<li><strong>Escolha da muda:<\/strong> prefira <b>mudas firmes<\/b>, bem enraizadas, sem folhas manchadas ou sinais de <b>pragas<\/b>. Em regi\u00f5es muito quentes, d\u00ea prefer\u00eancia a variedades j\u00e1 adaptadas ao <b>clima local<\/b>.<\/li>\n\n\n\n<li><strong>Preparo da cova:<\/strong> fa\u00e7a um buraco de cerca de 40 cm de profundidade e largura, misturando a <b>terra original<\/b> com mat\u00e9ria org\u00e2nica bem curtida. Acrescentar um pouco de <b>areia grossa<\/b> ajuda a melhorar a <b>oxigena\u00e7\u00e3o<\/b> das ra\u00edzes.<\/li>\n\n\n\n<li><strong>Drenagem:<\/strong> coloque <b>brita<\/b>, pedrisco ou cacos de telha no fundo para facilitar o escoamento da \u00e1gua. Essa camada de <b>drenagem<\/b> previne o apodrecimento das <b>ra\u00edzes<\/b> em dias muito chuvosos.<\/li>\n\n\n\n<li><strong>Plantio:<\/strong> posicione o <b>torr\u00e3o<\/b>, preencha com o substrato e compacte levemente, sem enterrar o colo da planta. Garanta que o <b>caule principal<\/b> fique firme e alinhado na dire\u00e7\u00e3o do <b>suporte<\/b> onde ser\u00e1 conduzido.<\/li>\n\n\n\n<li><strong>Primeira rega:<\/strong> molhe bem ap\u00f3s o plantio e mantenha o solo levemente \u00famido nas primeiras semanas. Evite <b>encharcar<\/b> o canteiro, pois a <b>excessiva umidade<\/b> dificulta o bom enraizamento.<\/li>\n<\/ol>\n\n\n\n<figure class=\"wp-block-embed is-type-rich is-provider-pinterest wp-block-embed-pinterest\"><div class=\"wp-block-embed__wrapper\">\n<iframe loading=\"lazy\" title=\"Dicas valiosas\u2026  \ud83d\udc49\ud83c\udffbCr\u00e9ditos ao produtor: spagnhol obrigada pelo conte\u00fado \ud83d\ude09\ud83e\udeb4  #flores #plantasdecasa #vasoplanta #dicas #folhagens\" src=\"https:\/\/assets.pinterest.com\/ext\/embed.html?id=422281212187072&#038;src=oembed\" height=\"899\" width=\"450\" frameborder=\"0\" scrolling=\"no\" ><\/iframe>\n<\/div><\/figure>\n\n\n\n<p>Depois de bem enraizada, a <b>buganv\u00edlia<\/b> precisa de menos \u00e1gua e aguenta melhor a seca. Em solos muito argilosos, vale misturar <b>areia grossa<\/b> e composto org\u00e2nico. Adubar uma ou duas vezes ao ano, com fertilizantes ricos em <b>f\u00f3sforo<\/b> e pot\u00e1ssio, ajuda a ter mais br\u00e1cteas coloridas e uma planta mais <b>resistente<\/b>.<\/p>\n\n\n\n<h2 class=\"wp-block-heading\">Como conduzir a buganv\u00edlia para formar uma parede florida?<\/h2>\n\n\n\n<p>Para que o muro fique totalmente coberto e harm\u00f4nico, \u00e9 fundamental conduzir os <b>ramos<\/b> desde cedo. Como a <b>buganv\u00edlia<\/b> n\u00e3o tem gavinhas nem ra\u00edzes que se fixam na parede, ela precisa ser amarrada em suportes como arames, <b>treli\u00e7as<\/b>, ripas de madeira ou cabos de a\u00e7o bem firmes.<\/p>\n\n\n\n<p>Uma ideia pr\u00e1tica \u00e9 criar uma \u201cgrade\u201d com linhas horizontais e verticais de <b>arame<\/b> ao longo do muro. Conforme os galhos crescem, voc\u00ea vai direcionando e <b>amarrando<\/b>, com tiras de tecido ou fitilhos de jardinagem, sem apertar demais para n\u00e3o machucar o <b>caule<\/b>. Assim, com o tempo, as folhas e br\u00e1cteas preenchem os espa\u00e7os e criam um painel verde e colorido. Se voc\u00ea gosta de flores, separamos esse v\u00eddeo do canal do <a href=\"https:\/\/www.youtube.com\/@cultivando-canal\" target=\"_blank\" rel=\"noreferrer noopener\">Cultivando<\/a> ensinando a cuidar:<\/p>\n\n\n\n<figure class=\"wp-block-embed is-type-video is-provider-youtube wp-block-embed-youtube wp-embed-aspect-16-9 wp-has-aspect-ratio\"><div class=\"wp-block-embed__wrapper\">\n<div class=\"jeg_video_container jeg_video_content\"><iframe loading=\"lazy\" title=\"10 Segredos para cuidar das PRIMAVERA (BOUGAINVILLEA)\" width=\"500\" height=\"281\" src=\"https:\/\/www.youtube.com\/embed\/2wkL6acxRos?feature=oembed\" frameborder=\"0\" allow=\"accelerometer; autoplay; clipboard-write; encrypted-media; gyroscope; picture-in-picture; web-share\" referrerpolicy=\"strict-origin-when-cross-origin\" allowfullscreen><\/iframe><\/div>\n<\/div><\/figure>\n\n\n\n<h2 class=\"wp-block-heading\">Quais cuidados de poda e rega mant\u00eam a planta saud\u00e1vel?<\/h2>\n\n\n\n<p>A <b>poda<\/b> da buganv\u00edlia ajuda a controlar o tamanho, manter o formato e estimular novas flora\u00e7\u00f5es. Normalmente ela \u00e9 feita logo ap\u00f3s o auge da <b>flora\u00e7\u00e3o<\/b>, retirando galhos secos, cruzados, muito longos ou que atrapalhem a <b>circula\u00e7\u00e3o<\/b> de ar entre os ramos.<\/p>\n\n\n\n<p>Em regi\u00f5es com chuvas regulares, muitas vezes quase n\u00e3o \u00e9 preciso <b>regar<\/b>. J\u00e1 em locais mais secos, uma rega profunda de uma a duas vezes por semana, nos meses quentes, costuma ser suficiente. O excesso de <b>\u00e1gua<\/b>, principalmente em solos encharcados, favorece fungos e enfraquece as <b>ra\u00edzes<\/b>, por isso \u00e9 importante observar sempre a drenagem.<\/p>\n\n\n\n<h2 class=\"wp-block-heading\">Quais s\u00e3o os principais cuidados de manuten\u00e7\u00e3o no dia a dia?<\/h2>\n\n\n\n<p>Al\u00e9m de podar na \u00e9poca certa, alguns cuidados simples no dia a dia fazem diferen\u00e7a para manter a <b>buganv\u00edlia<\/b> bonita por muitos anos. Vale observar o equil\u00edbrio da <b>aduba\u00e7\u00e3o<\/b>, o controle de pragas e a boa ventila\u00e7\u00e3o entre a planta e o <b>muro<\/b>.<\/p>\n\n\n\n<ul class=\"wp-block-list\">\n<li><strong>Poda de forma\u00e7\u00e3o:<\/strong> define o desenho da parede florida, organizando os <b>ramos principais<\/b> ao longo do suporte. Essa condu\u00e7\u00e3o inicial garante uma <b>estrutura<\/b> mais segura e facilita a manuten\u00e7\u00e3o ao longo dos <b>anos<\/b>.<\/li>\n\n\n\n<li><strong>Poda de limpeza:<\/strong> remove partes <b>doentes<\/b>, quebradas ou mal posicionadas. Tamb\u00e9m \u00e9 um bom momento para observar sinais de <b>fungos<\/b> e retirar folhas muito <b>sombreadas<\/b>.<\/li>\n\n\n\n<li><strong>Aduba\u00e7\u00e3o moderada:<\/strong> pouco <b>nitrog\u00eanio<\/b> e mais f\u00f3sforo e pot\u00e1ssio, para favorecer br\u00e1cteas em vez de s\u00f3 folhas. Excesso de <b>nutrientes<\/b> pode deixar a planta muito vegetativa, com menos <b>flores<\/b>.<\/li>\n\n\n\n<li><strong>Monitorar pragas:<\/strong> fique de olho em <b>pulg\u00f5es<\/b>, cochonilhas e lagartas e fa\u00e7a o controle assim que notar. \u00d3leos <b>minerais<\/b> ou solu\u00e7\u00f5es de sab\u00e3o neutro podem ajudar no manejo de forma mais <b>ecol\u00f3gica<\/b>.<\/li>\n<\/ul>\n\n\n\n<figure class=\"wp-block-embed is-type-rich is-provider-pinterest wp-block-embed-pinterest\"><div class=\"wp-block-embed__wrapper\">\n<iframe loading=\"lazy\" title=\"Voc\u00ea sabe podar suas Bougainvillea?\ud83e\udd14 Se a sua resposta foi n\u00e3o, neste Reel voc\u00ea aprender\u00e1!\ud83d\ude09  \ud83c\udf31 Gostou? Ent\u00e3o, marque aquela amiga que ama plantas!\ud83c\udf3a  #bougainvillea #jardim #jardinagem #plantas #flores #paisagismo\" src=\"https:\/\/assets.pinterest.com\/ext\/embed.html?id=4362930883783895&#038;src=oembed\" height=\"899\" width=\"450\" frameborder=\"0\" scrolling=\"no\" ><\/iframe>\n<\/div><\/figure>\n\n\n\n<h2 class=\"wp-block-heading\">O que considerar ao cultivar buganv\u00edlia em vasos, cal\u00e7adas e fachadas?<\/h2>\n\n\n\n<p>Em vasos grandes, jardineiras ou entradas de casa, a <b>buganv\u00edlia<\/b> ganha um charme especial, podendo ser conduzida como pequena \u00e1rvore, arco florido sobre port\u00f5es ou ponto de destaque em <b>varandas<\/b>. Nesses casos, \u00e9 importante escolher recipientes <b>profundos<\/b>, com boa drenagem, e controlar o tamanho com podas regulares.<\/p>\n\n\n\n<p>Em cal\u00e7adas e fachadas voltadas para a rua, os <b>espinhos<\/b> merecem aten\u00e7\u00e3o, principalmente em locais com circula\u00e7\u00e3o intensa de pedestres e <b>crian\u00e7as<\/b>. Optar por variedades menos espinhosas, manter a planta podada na altura de passagem e conduzir bem os <b>ramos<\/b> ajuda a evitar acidentes e garante uma paisagem urbana florida, bonita e <b>segura<\/b>.<\/p>\n","protected":false},"excerpt":{"rendered":"<p>Imagine chegar em casa e, em vez de encarar um muro cinza e sem gra\u00e7a, ver uma cascata de cores vibrantes descendo pela parede. \u00c9 exatamente esse efeito que a buganv\u00edlia (tamb\u00e9m chamada de primavera ou tr\u00eas-marias) pode trazer para jardins e fachadas, desde que o plantio e os cuidados sejam bem pensados desde o [&hellip;]<\/p>\n","protected":false},"author":9,"featured_media":208387,"comment_status":"open","ping_status":"open","sticky":false,"template":"","format":"standard","meta":{"_yoast_wpseo_focuskw":"plantar buganv\u00edlia","_yoast_wpseo_title":"","_yoast_wpseo_metadesc":"Uma trepadeira muito popular pode transformar muros e fachadas com cores vibrantes quando recebe sol, poda e condu\u00e7\u00e3o adequados.","jnews-multi-image_gallery":[],"jnews_single_post":{"format":"standard"},"jnews_primary_category":[],"jnews_social_meta":[],"jnews_override_counter":[],"footnotes":""},"categories":[136],"tags":[1236,16113,16112],"class_list":["post-208140","post","type-post","status-publish","format-standard","has-post-thumbnail","hentry","category-jardinagem","tag-buganvilia","tag-buganvilia-em-casa","tag-plantar-buganvilia"],"yoast_head":"<!-- This site is optimized with the Yoast SEO plugin v24.6 - https:\/\/yoast.com\/wordpress\/plugins\/seo\/ -->\n<title>A trepadeira que pode cobrir muros e fachadas com flores intensas e mudar completamente a apar\u00eancia da casa - Correio Braziliense - Radar<\/title>\n<meta name=\"description\" content=\"Uma trepadeira muito popular pode transformar muros e fachadas com cores vibrantes quando recebe sol, poda e condu\u00e7\u00e3o adequados.\" \/>\n<meta name=\"robots\" content=\"index, follow, max-snippet:-1, max-image-preview:large, max-video-preview:-1\" \/>\n<link rel=\"canonical\" href=\"https:\/\/www.correiobraziliense.com.br\/cbradar\/a-trepadeira-que-pode-cobrir-muros-e-fachadas-com-flores-intensas-e-mudar-completamente-a-aparencia-da-casa\/\" \/>\n<meta property=\"og:locale\" content=\"pt_BR\" \/>\n<meta property=\"og:type\" content=\"article\" \/>\n<meta property=\"og:title\" content=\"A trepadeira que pode cobrir muros e fachadas com flores intensas e mudar completamente a apar\u00eancia da casa - Correio Braziliense - Radar\" \/>\n<meta property=\"og:description\" content=\"Uma trepadeira muito popular pode transformar muros e fachadas com cores vibrantes quando recebe sol, poda e condu\u00e7\u00e3o adequados.\" \/>\n<meta property=\"og:url\" content=\"https:\/\/www.correiobraziliense.com.br\/cbradar\/a-trepadeira-que-pode-cobrir-muros-e-fachadas-com-flores-intensas-e-mudar-completamente-a-aparencia-da-casa\/\" \/>\n<meta property=\"og:site_name\" content=\"Correio Braziliense - Radar\" \/>\n<meta property=\"article:published_time\" content=\"2026-03-14T20:45:03+00:00\" \/>\n<meta property=\"og:image\" content=\"https:\/\/www.correiobraziliense.com.br\/cbradar\/wp-content\/uploads\/2026\/03\/Gemini_Generated_Image_3lor533lor533lor-1.png\" \/>\n\t<meta property=\"og:image:width\" content=\"1280\" \/>\n\t<meta property=\"og:image:height\" content=\"720\" \/>\n\t<meta property=\"og:image:type\" content=\"image\/png\" \/>\n<meta name=\"author\" content=\"Daniely Cardoso\" \/>\n<meta name=\"twitter:card\" content=\"summary_large_image\" \/>\n<meta name=\"twitter:label1\" content=\"Escrito por\" \/>\n\t<meta name=\"twitter:data1\" content=\"Daniely Cardoso\" \/>\n\t<meta name=\"twitter:label2\" content=\"Est. tempo de leitura\" \/>\n\t<meta name=\"twitter:data2\" content=\"6 minutos\" \/>\n<!-- \/ Yoast SEO plugin. -->","yoast_head_json":{"title":"A trepadeira que pode cobrir muros e fachadas com flores intensas e mudar completamente a apar\u00eancia da casa - Correio Braziliense - Radar","description":"Uma trepadeira muito popular pode transformar muros e fachadas com cores vibrantes quando recebe sol, poda e condu\u00e7\u00e3o adequados.","robots":{"index":"index","follow":"follow","max-snippet":"max-snippet:-1","max-image-preview":"max-image-preview:large","max-video-preview":"max-video-preview:-1"},"canonical":"https:\/\/www.correiobraziliense.com.br\/cbradar\/a-trepadeira-que-pode-cobrir-muros-e-fachadas-com-flores-intensas-e-mudar-completamente-a-aparencia-da-casa\/","og_locale":"pt_BR","og_type":"article","og_title":"A trepadeira que pode cobrir muros e fachadas com flores intensas e mudar completamente a apar\u00eancia da casa - Correio Braziliense - Radar","og_description":"Uma trepadeira muito popular pode transformar muros e fachadas com cores vibrantes quando recebe sol, poda e condu\u00e7\u00e3o adequados.","og_url":"https:\/\/www.correiobraziliense.com.br\/cbradar\/a-trepadeira-que-pode-cobrir-muros-e-fachadas-com-flores-intensas-e-mudar-completamente-a-aparencia-da-casa\/","og_site_name":"Correio Braziliense - Radar","article_published_time":"2026-03-14T20:45:03+00:00","og_image":[{"width":1280,"height":720,"url":"https:\/\/www.correiobraziliense.com.br\/cbradar\/wp-content\/uploads\/2026\/03\/Gemini_Generated_Image_3lor533lor533lor-1.png","type":"image\/png"}],"author":"Daniely Cardoso","twitter_card":"summary_large_image","twitter_misc":{"Escrito por":"Daniely Cardoso","Est. tempo de leitura":"6 minutos"},"schema":{"@context":"https:\/\/schema.org","@graph":[{"@type":"WebPage","@id":"https:\/\/www.correiobraziliense.com.br\/cbradar\/a-trepadeira-que-pode-cobrir-muros-e-fachadas-com-flores-intensas-e-mudar-completamente-a-aparencia-da-casa\/","url":"https:\/\/www.correiobraziliense.com.br\/cbradar\/a-trepadeira-que-pode-cobrir-muros-e-fachadas-com-flores-intensas-e-mudar-completamente-a-aparencia-da-casa\/","name":"A trepadeira que pode cobrir muros e fachadas com flores intensas e mudar completamente a apar\u00eancia da casa - Correio Braziliense - Radar","isPartOf":{"@id":"https:\/\/www.correiobraziliense.com.br\/cbradar\/#website"},"primaryImageOfPage":{"@id":"https:\/\/www.correiobraziliense.com.br\/cbradar\/a-trepadeira-que-pode-cobrir-muros-e-fachadas-com-flores-intensas-e-mudar-completamente-a-aparencia-da-casa\/#primaryimage"},"image":{"@id":"https:\/\/www.correiobraziliense.com.br\/cbradar\/a-trepadeira-que-pode-cobrir-muros-e-fachadas-com-flores-intensas-e-mudar-completamente-a-aparencia-da-casa\/#primaryimage"},"thumbnailUrl":"https:\/\/www.correiobraziliense.com.br\/cbradar\/wp-content\/uploads\/2026\/03\/Gemini_Generated_Image_3lor533lor533lor-1.png","datePublished":"2026-03-14T20:45:03+00:00","author":{"@id":"https:\/\/www.correiobraziliense.com.br\/cbradar\/#\/schema\/person\/7356666e12ec0ee53f348ee5db227032"},"description":"Uma trepadeira muito popular pode transformar muros e fachadas com cores vibrantes quando recebe sol, poda e condu\u00e7\u00e3o adequados.","breadcrumb":{"@id":"https:\/\/www.correiobraziliense.com.br\/cbradar\/a-trepadeira-que-pode-cobrir-muros-e-fachadas-com-flores-intensas-e-mudar-completamente-a-aparencia-da-casa\/#breadcrumb"},"inLanguage":"pt-BR","potentialAction":[{"@type":"ReadAction","target":["https:\/\/www.correiobraziliense.com.br\/cbradar\/a-trepadeira-que-pode-cobrir-muros-e-fachadas-com-flores-intensas-e-mudar-completamente-a-aparencia-da-casa\/"]}]},{"@type":"ImageObject","inLanguage":"pt-BR","@id":"https:\/\/www.correiobraziliense.com.br\/cbradar\/a-trepadeira-que-pode-cobrir-muros-e-fachadas-com-flores-intensas-e-mudar-completamente-a-aparencia-da-casa\/#primaryimage","url":"https:\/\/www.correiobraziliense.com.br\/cbradar\/wp-content\/uploads\/2026\/03\/Gemini_Generated_Image_3lor533lor533lor-1.png","contentUrl":"https:\/\/www.correiobraziliense.com.br\/cbradar\/wp-content\/uploads\/2026\/03\/Gemini_Generated_Image_3lor533lor533lor-1.png","width":1280,"height":720,"caption":"A buganv\u00edlia \u00e9 uma planta de clima quente, que adora sol forte e aguenta bem per\u00edodos de pouca \u00e1gua"},{"@type":"BreadcrumbList","@id":"https:\/\/www.correiobraziliense.com.br\/cbradar\/a-trepadeira-que-pode-cobrir-muros-e-fachadas-com-flores-intensas-e-mudar-completamente-a-aparencia-da-casa\/#breadcrumb","itemListElement":[{"@type":"ListItem","position":1,"name":"In\u00edcio","item":"https:\/\/www.correiobraziliense.com.br\/cbradar\/"},{"@type":"ListItem","position":2,"name":"A trepadeira que pode cobrir muros e fachadas com flores intensas e mudar completamente a apar\u00eancia da casa"}]},{"@type":"WebSite","@id":"https:\/\/www.correiobraziliense.com.br\/cbradar\/#website","url":"https:\/\/www.correiobraziliense.com.br\/cbradar\/","name":"Correio Braziliense - Radar","description":"Acompanhe as \u00faltimas not\u00edcias e fique bem informado sobre tudo o que acontece no Brasil e no mundo.","potentialAction":[{"@type":"SearchAction","target":{"@type":"EntryPoint","urlTemplate":"https:\/\/www.correiobraziliense.com.br\/cbradar\/?s={search_term_string}"},"query-input":{"@type":"PropertyValueSpecification","valueRequired":true,"valueName":"search_term_string"}}],"inLanguage":"pt-BR"},{"@type":"Person","@id":"https:\/\/www.correiobraziliense.com.br\/cbradar\/#\/schema\/person\/7356666e12ec0ee53f348ee5db227032","name":"Daniely Cardoso","image":{"@type":"ImageObject","inLanguage":"pt-BR","@id":"https:\/\/www.correiobraziliense.com.br\/cbradar\/#\/schema\/person\/image\/","url":"https:\/\/secure.gravatar.com\/avatar\/4b80ddbd124d1f071b626d52d62e5dff?s=96&d=mm&r=g","contentUrl":"https:\/\/secure.gravatar.com\/avatar\/4b80ddbd124d1f071b626d52d62e5dff?s=96&d=mm&r=g","caption":"Daniely Cardoso"},"description":"Redatora nos portais CB Radar e EM Foco, formada pela Universidade Federal de Goi\u00e1s, em Goi\u00e2nia. Apaixonada por comunica\u00e7\u00e3o, arte, decora\u00e7\u00e3o e tend\u00eancias, atuo na produ\u00e7\u00e3o de conte\u00fados envolventes sobre curiosidades, moda, beleza e paisagismo, sempre com um olhar atento \u00e0s novidades do momento.","sameAs":["https:\/\/www.correiobraziliense.com.br\/cbradar"],"url":"https:\/\/www.correiobraziliense.com.br\/cbradar\/author\/danielymyth\/"}]}},"_links":{"self":[{"href":"https:\/\/www.correiobraziliense.com.br\/cbradar\/wp-json\/wp\/v2\/posts\/208140","targetHints":{"allow":["GET"]}}],"collection":[{"href":"https:\/\/www.correiobraziliense.com.br\/cbradar\/wp-json\/wp\/v2\/posts"}],"about":[{"href":"https:\/\/www.correiobraziliense.com.br\/cbradar\/wp-json\/wp\/v2\/types\/post"}],"author":[{"embeddable":true,"href":"https:\/\/www.correiobraziliense.com.br\/cbradar\/wp-json\/wp\/v2\/users\/9"}],"replies":[{"embeddable":true,"href":"https:\/\/www.correiobraziliense.com.br\/cbradar\/wp-json\/wp\/v2\/comments?post=208140"}],"version-history":[{"count":2,"href":"https:\/\/www.correiobraziliense.com.br\/cbradar\/wp-json\/wp\/v2\/posts\/208140\/revisions"}],"predecessor-version":[{"id":208164,"href":"https:\/\/www.correiobraziliense.com.br\/cbradar\/wp-json\/wp\/v2\/posts\/208140\/revisions\/208164"}],"wp:featuredmedia":[{"embeddable":true,"href":"https:\/\/www.correiobraziliense.com.br\/cbradar\/wp-json\/wp\/v2\/media\/208387"}],"wp:attachment":[{"href":"https:\/\/www.correiobraziliense.com.br\/cbradar\/wp-json\/wp\/v2\/media?parent=208140"}],"wp:term":[{"taxonomy":"category","embeddable":true,"href":"https:\/\/www.correiobraziliense.com.br\/cbradar\/wp-json\/wp\/v2\/categories?post=208140"},{"taxonomy":"post_tag","embeddable":true,"href":"https:\/\/www.correiobraziliense.com.br\/cbradar\/wp-json\/wp\/v2\/tags?post=208140"}],"curies":[{"name":"wp","href":"https:\/\/api.w.org\/{rel}","templated":true}]}}