{"id":208152,"date":"2026-03-14T21:35:00","date_gmt":"2026-03-15T00:35:00","guid":{"rendered":"https:\/\/www.correiobraziliense.com.br\/cbradar\/?p=208152"},"modified":"2026-03-13T21:47:44","modified_gmt":"2026-03-14T00:47:44","slug":"nomes-de-meninas-inspirados-no-ceu-e-nas-estrelas-para-inovar-em-2026","status":"publish","type":"post","link":"https:\/\/www.correiobraziliense.com.br\/cbradar\/nomes-de-meninas-inspirados-no-ceu-e-nas-estrelas-para-inovar-em-2026\/","title":{"rendered":"Nomes de meninas inspirados no c\u00e9u e nas estrelas para inovar em 2026"},"content":{"rendered":"\n<p>Escolher nomes femininos inspirados no cosmos \u00e9 uma tend\u00eancia celestial que promete iluminar os registros civis em dois mil e vinte e seis. Essas op\u00e7\u00f5es evocam a vastid\u00e3o do universo, trazendo significados profundos sobre luz e infinitude. Selecionar uma identidade estelar permite que sua filha carregue consigo a beleza eterna e o mist\u00e9rio das constela\u00e7\u00f5es.<\/p>\n\n\n\n<h2 class=\"wp-block-heading\">Por que o brilho do cosmos encanta as novas fam\u00edlias?<\/h2>\n\n\n\n<p>A busca por conex\u00f5es espirituais e universais tem levado muitos pais brasileiros a explorarem o mapa astron\u00f4mico em busca de inspira\u00e7\u00e3o. Nomes que remetem ao brilho das estrelas e aos fen\u00f4menos celestes oferecem uma sonoridade \u00fanica e memor\u00e1vel para as crian\u00e7as. Essa escolha reflete o desejo de atribuir uma ess\u00eancia grandiosa e iluminada \u00e0 personalidade da futura filha.<\/p>\n\n\n\n<p>Al\u00e9m da est\u00e9tica sonora, essas nomenclaturas carregam uma simbologia de guia e esperan\u00e7a que atravessa diversas culturas ao redor do mundo. Em tempos de constante mudan\u00e7a, o c\u00e9u permanece como uma refer\u00eancia imut\u00e1vel de beleza e mist\u00e9rio para a humanidade. Adotar um nome estelar \u00e9 uma forma po\u00e9tica de desejar que o caminho da menina seja sempre brilhante.<\/p>\n\n\n\n<figure class=\"wp-block-image size-full\"><img decoding=\"async\" width=\"1280\" height=\"720\" src=\"https:\/\/www.correiobraziliense.com.br\/cbradar\/wp-content\/uploads\/2026\/03\/Gemini_Generated_Image_9p57dn9p57dn9p57-1-1.png\" alt=\"Nomes de meninas inspirados no c\u00e9u e nas estrelas para inovar em 2026\" class=\"wp-image-208185\" srcset=\"https:\/\/www.correiobraziliense.com.br\/cbradar\/wp-content\/uploads\/2026\/03\/Gemini_Generated_Image_9p57dn9p57dn9p57-1-1.png 1280w, https:\/\/www.correiobraziliense.com.br\/cbradar\/wp-content\/uploads\/2026\/03\/Gemini_Generated_Image_9p57dn9p57dn9p57-1-1-300x169.png 300w, https:\/\/www.correiobraziliense.com.br\/cbradar\/wp-content\/uploads\/2026\/03\/Gemini_Generated_Image_9p57dn9p57dn9p57-1-1-768x432.png 768w, https:\/\/www.correiobraziliense.com.br\/cbradar\/wp-content\/uploads\/2026\/03\/Gemini_Generated_Image_9p57dn9p57dn9p57-1-1-750x422.png 750w, https:\/\/www.correiobraziliense.com.br\/cbradar\/wp-content\/uploads\/2026\/03\/Gemini_Generated_Image_9p57dn9p57dn9p57-1-1-1140x641.png 1140w\" sizes=\"(max-width: 1280px) 100vw, 1280px\" \/><figcaption class=\"wp-element-caption\">Nomes femininos inspirados no cosmos unem brilho celestial e significados profundos<\/figcaption><\/figure>\n\n\n\n<h2 class=\"wp-block-heading\">Quais s\u00e3o as ra\u00edzes mitol\u00f3gicas desses nomes estelares?<\/h2>\n\n\n\n<p>Muitas das escolhas favoritas dos pais modernos possuem origens profundas na mitologia grega e romana, onde divindades governavam os astros. Entender a hist\u00f3ria por tr\u00e1s de cada nome ajuda a fortalecer o v\u00ednculo emocional entre a fam\u00edlia e a identidade escolhida. \u00c9 um resgate cultural que une o conhecimento ancestral com a modernidade dos dias atuais brasileiros.<\/p>\n\n\n\n<p>Ao escolher um nome com heran\u00e7a mitol\u00f3gica, os pais garantem que a crian\u00e7a possua uma hist\u00f3ria rica para contar sobre sua pr\u00f3pria origem. Essa profundidade intelectual valoriza a escolha e confere um ar de sofistica\u00e7\u00e3o que poucos nomes comuns conseguem proporcionar. A conex\u00e3o com o divino e o infinito torna a identidade da menina algo verdadeiramente especial e eterno.<\/p>\n\n\n\n<h2 class=\"wp-block-heading\">Como selecionar a constela\u00e7\u00e3o ideal para sua filha?<\/h2>\n\n\n\n<p>Analisar a facilidade de pron\u00fancia e a harmonia com o sobrenome \u00e9 essencial para garantir que a escolha seja pr\u00e1tica no cotidiano. Nomes curtos inspirados no c\u00e9u tendem a ser mais vers\u00e1teis e elegantes, adaptando-se bem a diferentes contextos sociais e profissionais futuros. Esses termos celestiais oferecem um brilho \u00fanico que destaca a beleza singular da sua filha.<\/p>\n\n\n\n<p>Para que voc\u00ea possa visualizar as melhores op\u00e7\u00f5es que capturam a ess\u00eancia do brilho celestial em cada letra apresentada:<\/p>\n\n\n\n<ul class=\"wp-block-list\">\n<li><strong>Lyra<\/strong>: Nome de uma constela\u00e7\u00e3o que remete ao instrumento musical e ao talento.<\/li>\n\n\n\n<li><strong>Ayla<\/strong>: Significa luz do luar, transmitindo uma sensa\u00e7\u00e3o de serenidade e paz noturna.<\/li>\n\n\n\n<li><strong>Stella<\/strong>: Um cl\u00e1ssico eterno que significa literalmente estrela, simbolizando brilho e guia constante.<\/li>\n\n\n\n<li><strong>Luna<\/strong>: Representa a lua, evocando mist\u00e9rio, feminilidade e as fases de renova\u00e7\u00e3o da vida.<\/li>\n<\/ul>\n\n\n\n<h2 class=\"wp-block-heading\">Existe influ\u00eancia da astronomia moderna nas escolhas atuais?<\/h2>\n\n\n\n<p>O avan\u00e7o das descobertas espaciais e a populariza\u00e7\u00e3o de imagens capturadas por telesc\u00f3pios modernos trouxeram novos termos para o vocabul\u00e1rio das fam\u00edlias. Nomes de gal\u00e1xias distantes e nebulosas coloridas come\u00e7am a surgir como alternativas inovadoras e cheias de personalidade para as meninas. Essa curiosidade cient\u00edfica motiva pais que buscam originalidade aliada a um significado t\u00e9cnico e fascinante.<\/p>\n\n\n\n<p>A integra\u00e7\u00e3o de termos astron\u00f4micos no cotidiano brasileiro facilita a aceita\u00e7\u00e3o de nomes que antes seriam considerados ex\u00f3ticos ou fora do comum. Essa abertura cultural permite que a identidade da crian\u00e7a seja um reflexo do conhecimento humano sobre o vasto espa\u00e7o sideral. Escolher um nome baseado na ci\u00eancia moderna demonstra uma mentalidade progressista e conectada com o futuro pr\u00f3ximo.<\/p>\n\n\n\n<p>No v\u00eddeo abaixo do TikTok <strong><em>Soulcarolinarosa<\/em><\/strong>, que conta com mais de <strong><em>262 mil<\/em><\/strong> seguidores, cita os nomes de meninas inspirados na astrologia:<\/p>\n\n\n\n<blockquote class=\"tiktok-embed\" cite=\"https:\/\/www.tiktok.com\/@soulcarolinarosa\/video\/7216668786714348805\" data-video-id=\"7216668786714348805\" style=\"max-width: 605px;min-width: 325px;\" > <section> <a target=\"_blank\" title=\"@soulcarolinarosa\" href=\"https:\/\/www.tiktok.com\/@soulcarolinarosa?refer=embed\">@soulcarolinarosa<\/a> Nomes femininos da astronomia. <a title=\"ameninadosnomes\" target=\"_blank\" href=\"https:\/\/www.tiktok.com\/tag\/ameninadosnomes?refer=embed\">#ameninadosnomes<\/a> <a title=\"nomesdemeninas\" target=\"_blank\" href=\"https:\/\/www.tiktok.com\/tag\/nomesdemeninas?refer=embed\">#nomesdemeninas<\/a> <a title=\"nomesdebebes\" target=\"_blank\" href=\"https:\/\/www.tiktok.com\/tag\/nomesdebebes?refer=embed\">#nomesdebebes<\/a> <a title=\"nomescurtos\" target=\"_blank\" href=\"https:\/\/www.tiktok.com\/tag\/nomescurtos?refer=embed\">#nomescurtos<\/a> <a title=\"nomesdiferentes\" target=\"_blank\" href=\"https:\/\/www.tiktok.com\/tag\/nomesdiferentes?refer=embed\">#nomesdiferentes<\/a> <a title=\"fy\" target=\"_blank\" href=\"https:\/\/www.tiktok.com\/tag\/fy?refer=embed\">#fy<\/a> <a title=\"tiktoknomes\" target=\"_blank\" href=\"https:\/\/www.tiktok.com\/tag\/tiktoknomes?refer=embed\">#tiktoknomes<\/a> <a title=\"nomesfemininos\" target=\"_blank\" href=\"https:\/\/www.tiktok.com\/tag\/nomesfemininos?refer=embed\">#nomesfemininos<\/a> <a target=\"_blank\" title=\"\u266c som original - Carolina Rosa Moraes\" href=\"https:\/\/www.tiktok.com\/music\/som-original-7216668812391779077?refer=embed\">\u266c som original &#8211; Carolina Rosa Moraes<\/a> <\/section> <\/blockquote> <script async src=\"https:\/\/www.tiktok.com\/embed.js\"><\/script>\n\n\n\n<p>Leia tamb\u00e9m:<a href=\"https:\/\/www.correiobraziliense.com.br\/cbradar\/os-tres-nomes-femininos-curtos-que-estao-conquistando-os-registros-de-bebes\/\" target=\"_blank\" rel=\"noreferrer noopener\"> Os tr\u00eas nomes femininos curtos que est\u00e3o conquistando os registros de beb\u00eas<\/a><\/p>\n\n\n\n<h2 class=\"wp-block-heading\">Qual a melhor fonte para verificar significados astron\u00f4micos?<\/h2>\n\n\n\n<p>Para garantir que o nome escolhido possua um embasamento real, \u00e9 fundamental consultar cat\u00e1logos de astronomia e dicion\u00e1rios especializados em etimologia celeste. Entender a posi\u00e7\u00e3o de uma estrela ou a fun\u00e7\u00e3o de um astro no sistema solar traz mais seguran\u00e7a para os pais. A precis\u00e3o na escolha reflete o cuidado e a dedica\u00e7\u00e3o da fam\u00edlia com esse momento.<\/p>\n\n\n\n<p>Institui\u00e7\u00f5es como a <strong>NASA<\/strong> oferecem gloss\u00e1rios detalhados sobre corpos celestes que podem servir de inspira\u00e7\u00e3o direta para nomes inovadores e marcantes. Consultar fontes de autoridade mundial garante que voc\u00ea compreenda a magnitude do fen\u00f4meno que dar\u00e1 nome \u00e0 sua filha. Para explorar o vasto cat\u00e1logo de estrelas e constela\u00e7\u00f5es oficiais, visite a galeria do <a target=\"_blank\" rel=\"noreferrer noopener\" href=\"https:\/\/hubblesite.org\/resource-gallery\/images\">Hubble<\/a>.<\/p>\n","protected":false},"excerpt":{"rendered":"<p>Escolher nomes femininos inspirados no cosmos \u00e9 uma tend\u00eancia celestial que promete iluminar os registros civis em dois mil e vinte e seis. Essas op\u00e7\u00f5es evocam a vastid\u00e3o do universo, trazendo significados profundos sobre luz e infinitude. Selecionar uma identidade estelar permite que sua filha carregue consigo a beleza eterna e o mist\u00e9rio das constela\u00e7\u00f5es. [&hellip;]<\/p>\n","protected":false},"author":21,"featured_media":208184,"comment_status":"open","ping_status":"open","sticky":false,"template":"","format":"standard","meta":{"_yoast_wpseo_focuskw":"nomes femininos inspirados no cosmos","_yoast_wpseo_title":"","_yoast_wpseo_metadesc":"Nomes femininos inspirados no cosmos ganham destaque por unir beleza celestial, mist\u00e9rio e sonoridade marcante","jnews-multi-image_gallery":[],"jnews_single_post":{"format":"standard"},"jnews_primary_category":[],"jnews_social_meta":[],"jnews_override_counter":[],"footnotes":""},"categories":[112],"tags":[4698,1665,11783,11480],"class_list":["post-208152","post","type-post","status-publish","format-standard","has-post-thumbnail","hentry","category-curiosidades","tag-ceu","tag-estrelas","tag-nomes-de-bebes","tag-nomes-de-meninas"],"yoast_head":"<!-- This site is optimized with the Yoast SEO plugin v24.6 - https:\/\/yoast.com\/wordpress\/plugins\/seo\/ -->\n<title>Nomes de meninas inspirados no c\u00e9u e nas estrelas para inovar em 2026 - Correio Braziliense - Radar<\/title>\n<meta name=\"description\" content=\"Nomes femininos inspirados no cosmos ganham destaque por unir beleza celestial, mist\u00e9rio e sonoridade marcante\" \/>\n<meta name=\"robots\" content=\"index, follow, max-snippet:-1, max-image-preview:large, max-video-preview:-1\" \/>\n<link rel=\"canonical\" href=\"https:\/\/www.correiobraziliense.com.br\/cbradar\/nomes-de-meninas-inspirados-no-ceu-e-nas-estrelas-para-inovar-em-2026\/\" \/>\n<meta property=\"og:locale\" content=\"pt_BR\" \/>\n<meta property=\"og:type\" content=\"article\" \/>\n<meta property=\"og:title\" content=\"Nomes de meninas inspirados no c\u00e9u e nas estrelas para inovar em 2026 - Correio Braziliense - Radar\" \/>\n<meta property=\"og:description\" content=\"Nomes femininos inspirados no cosmos ganham destaque por unir beleza celestial, mist\u00e9rio e sonoridade marcante\" \/>\n<meta property=\"og:url\" content=\"https:\/\/www.correiobraziliense.com.br\/cbradar\/nomes-de-meninas-inspirados-no-ceu-e-nas-estrelas-para-inovar-em-2026\/\" \/>\n<meta property=\"og:site_name\" content=\"Correio Braziliense - Radar\" \/>\n<meta property=\"article:published_time\" content=\"2026-03-15T00:35:00+00:00\" \/>\n<meta property=\"og:image\" content=\"https:\/\/www.correiobraziliense.com.br\/cbradar\/wp-content\/uploads\/2026\/03\/Gemini_Generated_Image_x7nuv5x7nuv5x7nu-1-1.png\" \/>\n\t<meta property=\"og:image:width\" content=\"1280\" \/>\n\t<meta property=\"og:image:height\" content=\"720\" \/>\n\t<meta property=\"og:image:type\" content=\"image\/png\" \/>\n<meta name=\"author\" content=\"Patrick Silva\" \/>\n<meta name=\"twitter:card\" content=\"summary_large_image\" \/>\n<meta name=\"twitter:label1\" content=\"Escrito por\" \/>\n\t<meta name=\"twitter:data1\" content=\"Patrick Silva\" \/>\n\t<meta name=\"twitter:label2\" content=\"Est. tempo de leitura\" \/>\n\t<meta name=\"twitter:data2\" content=\"5 minutos\" \/>\n<!-- \/ Yoast SEO plugin. -->","yoast_head_json":{"title":"Nomes de meninas inspirados no c\u00e9u e nas estrelas para inovar em 2026 - Correio Braziliense - Radar","description":"Nomes femininos inspirados no cosmos ganham destaque por unir beleza celestial, mist\u00e9rio e sonoridade marcante","robots":{"index":"index","follow":"follow","max-snippet":"max-snippet:-1","max-image-preview":"max-image-preview:large","max-video-preview":"max-video-preview:-1"},"canonical":"https:\/\/www.correiobraziliense.com.br\/cbradar\/nomes-de-meninas-inspirados-no-ceu-e-nas-estrelas-para-inovar-em-2026\/","og_locale":"pt_BR","og_type":"article","og_title":"Nomes de meninas inspirados no c\u00e9u e nas estrelas para inovar em 2026 - Correio Braziliense - Radar","og_description":"Nomes femininos inspirados no cosmos ganham destaque por unir beleza celestial, mist\u00e9rio e sonoridade marcante","og_url":"https:\/\/www.correiobraziliense.com.br\/cbradar\/nomes-de-meninas-inspirados-no-ceu-e-nas-estrelas-para-inovar-em-2026\/","og_site_name":"Correio Braziliense - Radar","article_published_time":"2026-03-15T00:35:00+00:00","og_image":[{"width":1280,"height":720,"url":"https:\/\/www.correiobraziliense.com.br\/cbradar\/wp-content\/uploads\/2026\/03\/Gemini_Generated_Image_x7nuv5x7nuv5x7nu-1-1.png","type":"image\/png"}],"author":"Patrick Silva","twitter_card":"summary_large_image","twitter_misc":{"Escrito por":"Patrick Silva","Est. tempo de leitura":"5 minutos"},"schema":{"@context":"https:\/\/schema.org","@graph":[{"@type":"WebPage","@id":"https:\/\/www.correiobraziliense.com.br\/cbradar\/nomes-de-meninas-inspirados-no-ceu-e-nas-estrelas-para-inovar-em-2026\/","url":"https:\/\/www.correiobraziliense.com.br\/cbradar\/nomes-de-meninas-inspirados-no-ceu-e-nas-estrelas-para-inovar-em-2026\/","name":"Nomes de meninas inspirados no c\u00e9u e nas estrelas para inovar em 2026 - Correio Braziliense - Radar","isPartOf":{"@id":"https:\/\/www.correiobraziliense.com.br\/cbradar\/#website"},"primaryImageOfPage":{"@id":"https:\/\/www.correiobraziliense.com.br\/cbradar\/nomes-de-meninas-inspirados-no-ceu-e-nas-estrelas-para-inovar-em-2026\/#primaryimage"},"image":{"@id":"https:\/\/www.correiobraziliense.com.br\/cbradar\/nomes-de-meninas-inspirados-no-ceu-e-nas-estrelas-para-inovar-em-2026\/#primaryimage"},"thumbnailUrl":"https:\/\/www.correiobraziliense.com.br\/cbradar\/wp-content\/uploads\/2026\/03\/Gemini_Generated_Image_x7nuv5x7nuv5x7nu-1-1.png","datePublished":"2026-03-15T00:35:00+00:00","author":{"@id":"https:\/\/www.correiobraziliense.com.br\/cbradar\/#\/schema\/person\/5440b72be9c7eb74f446c846479dc4da"},"description":"Nomes femininos inspirados no cosmos ganham destaque por unir beleza celestial, mist\u00e9rio e sonoridade marcante","breadcrumb":{"@id":"https:\/\/www.correiobraziliense.com.br\/cbradar\/nomes-de-meninas-inspirados-no-ceu-e-nas-estrelas-para-inovar-em-2026\/#breadcrumb"},"inLanguage":"pt-BR","potentialAction":[{"@type":"ReadAction","target":["https:\/\/www.correiobraziliense.com.br\/cbradar\/nomes-de-meninas-inspirados-no-ceu-e-nas-estrelas-para-inovar-em-2026\/"]}]},{"@type":"ImageObject","inLanguage":"pt-BR","@id":"https:\/\/www.correiobraziliense.com.br\/cbradar\/nomes-de-meninas-inspirados-no-ceu-e-nas-estrelas-para-inovar-em-2026\/#primaryimage","url":"https:\/\/www.correiobraziliense.com.br\/cbradar\/wp-content\/uploads\/2026\/03\/Gemini_Generated_Image_x7nuv5x7nuv5x7nu-1-1.png","contentUrl":"https:\/\/www.correiobraziliense.com.br\/cbradar\/wp-content\/uploads\/2026\/03\/Gemini_Generated_Image_x7nuv5x7nuv5x7nu-1-1.png","width":1280,"height":720,"caption":"Nomes femininos inspirados no cosmos unem brilho celestial e significados profundos"},{"@type":"BreadcrumbList","@id":"https:\/\/www.correiobraziliense.com.br\/cbradar\/nomes-de-meninas-inspirados-no-ceu-e-nas-estrelas-para-inovar-em-2026\/#breadcrumb","itemListElement":[{"@type":"ListItem","position":1,"name":"In\u00edcio","item":"https:\/\/www.correiobraziliense.com.br\/cbradar\/"},{"@type":"ListItem","position":2,"name":"Nomes de meninas inspirados no c\u00e9u e nas estrelas para inovar em 2026"}]},{"@type":"WebSite","@id":"https:\/\/www.correiobraziliense.com.br\/cbradar\/#website","url":"https:\/\/www.correiobraziliense.com.br\/cbradar\/","name":"Correio Braziliense - Radar","description":"Acompanhe as \u00faltimas not\u00edcias e fique bem informado sobre tudo o que acontece no Brasil e no mundo.","potentialAction":[{"@type":"SearchAction","target":{"@type":"EntryPoint","urlTemplate":"https:\/\/www.correiobraziliense.com.br\/cbradar\/?s={search_term_string}"},"query-input":{"@type":"PropertyValueSpecification","valueRequired":true,"valueName":"search_term_string"}}],"inLanguage":"pt-BR"},{"@type":"Person","@id":"https:\/\/www.correiobraziliense.com.br\/cbradar\/#\/schema\/person\/5440b72be9c7eb74f446c846479dc4da","name":"Patrick Silva","image":{"@type":"ImageObject","inLanguage":"pt-BR","@id":"https:\/\/www.correiobraziliense.com.br\/cbradar\/#\/schema\/person\/image\/","url":"https:\/\/secure.gravatar.com\/avatar\/944109df296fc087785c9715fd5f80b2?s=96&d=mm&r=g","contentUrl":"https:\/\/secure.gravatar.com\/avatar\/944109df296fc087785c9715fd5f80b2?s=96&d=mm&r=g","caption":"Patrick Silva"},"sameAs":["https:\/\/www.correiobraziliense.com.br\/cbradar\/"],"url":"https:\/\/www.correiobraziliense.com.br\/cbradar\/author\/patrick-silva\/"}]}},"_links":{"self":[{"href":"https:\/\/www.correiobraziliense.com.br\/cbradar\/wp-json\/wp\/v2\/posts\/208152","targetHints":{"allow":["GET"]}}],"collection":[{"href":"https:\/\/www.correiobraziliense.com.br\/cbradar\/wp-json\/wp\/v2\/posts"}],"about":[{"href":"https:\/\/www.correiobraziliense.com.br\/cbradar\/wp-json\/wp\/v2\/types\/post"}],"author":[{"embeddable":true,"href":"https:\/\/www.correiobraziliense.com.br\/cbradar\/wp-json\/wp\/v2\/users\/21"}],"replies":[{"embeddable":true,"href":"https:\/\/www.correiobraziliense.com.br\/cbradar\/wp-json\/wp\/v2\/comments?post=208152"}],"version-history":[{"count":2,"href":"https:\/\/www.correiobraziliense.com.br\/cbradar\/wp-json\/wp\/v2\/posts\/208152\/revisions"}],"predecessor-version":[{"id":208186,"href":"https:\/\/www.correiobraziliense.com.br\/cbradar\/wp-json\/wp\/v2\/posts\/208152\/revisions\/208186"}],"wp:featuredmedia":[{"embeddable":true,"href":"https:\/\/www.correiobraziliense.com.br\/cbradar\/wp-json\/wp\/v2\/media\/208184"}],"wp:attachment":[{"href":"https:\/\/www.correiobraziliense.com.br\/cbradar\/wp-json\/wp\/v2\/media?parent=208152"}],"wp:term":[{"taxonomy":"category","embeddable":true,"href":"https:\/\/www.correiobraziliense.com.br\/cbradar\/wp-json\/wp\/v2\/categories?post=208152"},{"taxonomy":"post_tag","embeddable":true,"href":"https:\/\/www.correiobraziliense.com.br\/cbradar\/wp-json\/wp\/v2\/tags?post=208152"}],"curies":[{"name":"wp","href":"https:\/\/api.w.org\/{rel}","templated":true}]}}